                                        
                                        
                                        
                                        
                                        
                                        
                                        
                                        
                                        
                                        
                                        
                                        
                                        
                                        
                                        
                                        
                                        
                                        
{"id":9437,"date":"2026-01-02T20:28:55","date_gmt":"2026-01-02T19:28:55","guid":{"rendered":"https:\/\/oriamendi.eus\/?p=9437"},"modified":"2026-01-07T09:55:00","modified_gmt":"2026-01-07T08:55:00","slug":"los-goikoetxea-se-llevan-la-txapela-de-segunda","status":"publish","type":"post","link":"https:\/\/oriamendi.eus\/es\/2026\/01\/02\/los-goikoetxea-se-llevan-la-txapela-de-segunda\/","title":{"rendered":"Los Goikoetxea se llevan la txapela de Segunda"},"content":{"rendered":"<div><b>Se imponen con un contunden 15-10 y 15-7 ante Deskarga y Martirena<\/b><\/div>\n<div><\/div>\n<div>La final de Segunda no se fue al tercer set como el de Primera, ya que Ander Goikoetxea y Joseba Goikoetxea fueron superiores a Julen Deskarga e Ibai Martirena a los que superaron 2-0 (15-10 y 15-7). Se llevaron la txapela con todo merecimiento ante un Deskarga que lo intent\u00f3 y un Martirena algo desdibujado en la final.<\/div>\n<div><img fetchpriority=\"high\" fetchpriority=\"high\" decoding=\"async\" class=\"alignnone size-medium wp-image-9444\" src=\"https:\/\/oriamendi.eus\/wp-content\/uploads\/2026\/01\/IMG_20260102_201859_2000_x_1333_pixel-300x200.jpg\" alt=\"\" width=\"300\" height=\"200\" \/><\/div>\n<div><\/div>\n<div>Hay que destacar el partido que hizo el zaguero Joseba Goikoetxea. Se esperaba que fuera el delantero Ander Goikoetxea quien llevara la voz cantante, pero fue el zaguero. Hizo hasta nueve tantos con el saque para sumar hasta 15 tantos en total, 6 en el primero y 9 en el segundo, una barbaridad para un zaguero. Sacaba largo y bombeado e hizo mucho da\u00f1o a Martirena. Deskarga luch\u00f3, lo intent\u00f3, pero no pudo ante la superioridad rival. La igualdad se mantuvo hasta el nueve iguales del primer set, a partir de ah\u00ed la superioridad de los azules fue total y los colorados no pudieron hacer nada. El marcador de 15-10 y 15-7 dej\u00f3 claro la diferencia que hubo entre unos y otros.<\/div>\n","protected":false},"excerpt":{"rendered":"<p>Se imponen con un contunden 15-10 y 15-7 ante Deskarga y Martirena La final de Segunda no se fue al tercer set como el de Primera, ya que Ander Goikoetxea y Joseba Goikoetxea fueron superiores a Julen Deskarga e Ibai Martirena a los que superaron 2-0 (15-10 y 15-7). Se llevaron la txapela con todo [&hellip;]<\/p>\n","protected":false},"author":5,"featured_media":9438,"comment_status":"closed","ping_status":"open","sticky":false,"template":"","format":"standard","meta":{"_et_pb_use_builder":"","_et_pb_old_content":"","_et_gb_content_width":"","footnotes":""},"categories":[1],"tags":[],"yoast_head":"<!-- This site is optimized with the Yoast SEO plugin v21.8 - https:\/\/yoast.com\/wordpress\/plugins\/seo\/ -->\n<title>Los Goikoetxea se llevan la txapela de Segunda | Oriamendi 2010<\/title>\n<meta name=\"robots\" content=\"index, follow, max-snippet:-1, max-image-preview:large, max-video-preview:-1\" \/>\n<link rel=\"canonical\" href=\"https:\/\/oriamendi.eus\/es\/2026\/01\/02\/los-goikoetxea-se-llevan-la-txapela-de-segunda\/\" \/>\n<meta property=\"og:locale\" content=\"es_ES\" \/>\n<meta property=\"og:type\" content=\"article\" \/>\n<meta property=\"og:title\" content=\"Los Goikoetxea se llevan la txapela de Segunda | Oriamendi 2010\" \/>\n<meta property=\"og:description\" content=\"Se imponen con un contunden 15-10 y 15-7 ante Deskarga y Martirena La final de Segunda no se fue al tercer set como el de Primera, ya que Ander Goikoetxea y Joseba Goikoetxea fueron superiores a Julen Deskarga e Ibai Martirena a los que superaron 2-0 (15-10 y 15-7). Se llevaron la txapela con todo [&hellip;]\" \/>\n<meta property=\"og:url\" content=\"https:\/\/oriamendi.eus\/es\/2026\/01\/02\/los-goikoetxea-se-llevan-la-txapela-de-segunda\/\" \/>\n<meta property=\"og:site_name\" content=\"Oriamendi 2010\" \/>\n<meta property=\"article:publisher\" content=\"https:\/\/www.facebook.com\/oriamendi2010remonte\/\" \/>\n<meta property=\"article:published_time\" content=\"2026-01-02T19:28:55+00:00\" \/>\n<meta property=\"article:modified_time\" content=\"2026-01-07T08:55:00+00:00\" \/>\n<meta property=\"og:image\" content=\"https:\/\/oriamendi.eus\/wp-content\/uploads\/2026\/01\/IMG_20260102_194556_2000_x_1333_pixel.jpg\" \/>\n\t<meta property=\"og:image:width\" content=\"1200\" \/>\n\t<meta property=\"og:image:height\" content=\"800\" \/>\n\t<meta property=\"og:image:type\" content=\"image\/jpeg\" \/>\n<meta name=\"author\" content=\"I\u00f1igo Go\u00f1i\" \/>\n<meta name=\"twitter:card\" content=\"summary_large_image\" \/>\n<meta name=\"twitter:creator\" content=\"@oriamendi2010\" \/>\n<meta name=\"twitter:site\" content=\"@oriamendi2010\" \/>\n<meta name=\"twitter:label1\" content=\"Escrito por\" \/>\n\t<meta name=\"twitter:data1\" content=\"I\u00f1igo Go\u00f1i\" \/>\n\t<meta name=\"twitter:label2\" content=\"Tiempo de lectura\" \/>\n\t<meta name=\"twitter:data2\" content=\"2 minutos\" \/>\n<script type=\"application\/ld+json\" class=\"yoast-schema-graph\">{\"@context\":\"https:\/\/schema.org\",\"@graph\":[{\"@type\":\"Article\",\"@id\":\"https:\/\/oriamendi.eus\/es\/2026\/01\/02\/los-goikoetxea-se-llevan-la-txapela-de-segunda\/#article\",\"isPartOf\":{\"@id\":\"https:\/\/oriamendi.eus\/es\/2026\/01\/02\/los-goikoetxea-se-llevan-la-txapela-de-segunda\/\"},\"author\":{\"name\":\"I\u00f1igo Go\u00f1i\",\"@id\":\"https:\/\/oriamendi.eus\/es\/#\/schema\/person\/c0bd06c6c747674306a5c82563e2339a\"},\"headline\":\"Los Goikoetxea se llevan la txapela de Segunda\",\"datePublished\":\"2026-01-02T19:28:55+00:00\",\"dateModified\":\"2026-01-07T08:55:00+00:00\",\"mainEntityOfPage\":{\"@id\":\"https:\/\/oriamendi.eus\/es\/2026\/01\/02\/los-goikoetxea-se-llevan-la-txapela-de-segunda\/\"},\"wordCount\":198,\"publisher\":{\"@id\":\"https:\/\/oriamendi.eus\/es\/#organization\"},\"articleSection\":[\"Sin categorizar\"],\"inLanguage\":\"es\"},{\"@type\":\"WebPage\",\"@id\":\"https:\/\/oriamendi.eus\/es\/2026\/01\/02\/los-goikoetxea-se-llevan-la-txapela-de-segunda\/\",\"url\":\"https:\/\/oriamendi.eus\/es\/2026\/01\/02\/los-goikoetxea-se-llevan-la-txapela-de-segunda\/\",\"name\":\"Los Goikoetxea se llevan la txapela de Segunda | Oriamendi 2010\",\"isPartOf\":{\"@id\":\"https:\/\/oriamendi.eus\/es\/#website\"},\"datePublished\":\"2026-01-02T19:28:55+00:00\",\"dateModified\":\"2026-01-07T08:55:00+00:00\",\"breadcrumb\":{\"@id\":\"https:\/\/oriamendi.eus\/es\/2026\/01\/02\/los-goikoetxea-se-llevan-la-txapela-de-segunda\/#breadcrumb\"},\"inLanguage\":\"es\",\"potentialAction\":[{\"@type\":\"ReadAction\",\"target\":[\"https:\/\/oriamendi.eus\/es\/2026\/01\/02\/los-goikoetxea-se-llevan-la-txapela-de-segunda\/\"]}]},{\"@type\":\"BreadcrumbList\",\"@id\":\"https:\/\/oriamendi.eus\/es\/2026\/01\/02\/los-goikoetxea-se-llevan-la-txapela-de-segunda\/#breadcrumb\",\"itemListElement\":[{\"@type\":\"ListItem\",\"position\":1,\"name\":\"Portada\",\"item\":\"https:\/\/oriamendi.eus\/es\/\"},{\"@type\":\"ListItem\",\"position\":2,\"name\":\"Los Goikoetxea se llevan la txapela de Segunda\"}]},{\"@type\":\"WebSite\",\"@id\":\"https:\/\/oriamendi.eus\/es\/#website\",\"url\":\"https:\/\/oriamendi.eus\/es\/\",\"name\":\"Oriamendi\",\"description\":\"Remonte en Galarreta. Hernani. Gipuzkoa\",\"publisher\":{\"@id\":\"https:\/\/oriamendi.eus\/es\/#organization\"},\"potentialAction\":[{\"@type\":\"SearchAction\",\"target\":{\"@type\":\"EntryPoint\",\"urlTemplate\":\"https:\/\/oriamendi.eus\/es\/?s={search_term_string}\"},\"query-input\":\"required name=search_term_string\"}],\"inLanguage\":\"es\"},{\"@type\":\"Organization\",\"@id\":\"https:\/\/oriamendi.eus\/es\/#organization\",\"name\":\"Oriamendi\",\"url\":\"https:\/\/oriamendi.eus\/es\/\",\"logo\":{\"@type\":\"ImageObject\",\"inLanguage\":\"es\",\"@id\":\"https:\/\/oriamendi.eus\/es\/#\/schema\/logo\/image\/\",\"url\":\"https:\/\/oriamendi.eus\/wp-content\/uploads\/2020\/06\/logo-oriamendi.png\",\"contentUrl\":\"https:\/\/oriamendi.eus\/wp-content\/uploads\/2020\/06\/logo-oriamendi.png\",\"width\":300,\"height\":90,\"caption\":\"Oriamendi\"},\"image\":{\"@id\":\"https:\/\/oriamendi.eus\/es\/#\/schema\/logo\/image\/\"},\"sameAs\":[\"https:\/\/www.facebook.com\/oriamendi2010remonte\/\",\"https:\/\/twitter.com\/oriamendi2010\",\"https:\/\/www.instagram.com\/galarretajaialai\/\",\"https:\/\/www.youtube.com\/channel\/UC8gVNzQqB1iwnC-_rI-ihmA\/featured\"]},{\"@type\":\"Person\",\"@id\":\"https:\/\/oriamendi.eus\/es\/#\/schema\/person\/c0bd06c6c747674306a5c82563e2339a\",\"name\":\"I\u00f1igo Go\u00f1i\",\"image\":{\"@type\":\"ImageObject\",\"inLanguage\":\"es\",\"@id\":\"https:\/\/oriamendi.eus\/es\/#\/schema\/person\/image\/\",\"url\":\"https:\/\/secure.gravatar.com\/avatar\/fbb07ffc7b803bbfcc2b6419c06abd3a?s=96&d=mm&r=g\",\"contentUrl\":\"https:\/\/secure.gravatar.com\/avatar\/fbb07ffc7b803bbfcc2b6419c06abd3a?s=96&d=mm&r=g\",\"caption\":\"I\u00f1igo Go\u00f1i\"},\"url\":\"https:\/\/oriamendi.eus\/es\/author\/om-berriak\/\"}]}<\/script>\n<!-- \/ Yoast SEO plugin. -->","yoast_head_json":{"title":"Los Goikoetxea se llevan la txapela de Segunda | Oriamendi 2010","robots":{"index":"index","follow":"follow","max-snippet":"max-snippet:-1","max-image-preview":"max-image-preview:large","max-video-preview":"max-video-preview:-1"},"canonical":"https:\/\/oriamendi.eus\/es\/2026\/01\/02\/los-goikoetxea-se-llevan-la-txapela-de-segunda\/","og_locale":"es_ES","og_type":"article","og_title":"Los Goikoetxea se llevan la txapela de Segunda | Oriamendi 2010","og_description":"Se imponen con un contunden 15-10 y 15-7 ante Deskarga y Martirena La final de Segunda no se fue al tercer set como el de Primera, ya que Ander Goikoetxea y Joseba Goikoetxea fueron superiores a Julen Deskarga e Ibai Martirena a los que superaron 2-0 (15-10 y 15-7). Se llevaron la txapela con todo [&hellip;]","og_url":"https:\/\/oriamendi.eus\/es\/2026\/01\/02\/los-goikoetxea-se-llevan-la-txapela-de-segunda\/","og_site_name":"Oriamendi 2010","article_publisher":"https:\/\/www.facebook.com\/oriamendi2010remonte\/","article_published_time":"2026-01-02T19:28:55+00:00","article_modified_time":"2026-01-07T08:55:00+00:00","og_image":[{"width":1200,"height":800,"url":"https:\/\/oriamendi.eus\/wp-content\/uploads\/2026\/01\/IMG_20260102_194556_2000_x_1333_pixel.jpg","type":"image\/jpeg"}],"author":"I\u00f1igo Go\u00f1i","twitter_card":"summary_large_image","twitter_creator":"@oriamendi2010","twitter_site":"@oriamendi2010","twitter_misc":{"Escrito por":"I\u00f1igo Go\u00f1i","Tiempo de lectura":"2 minutos"},"schema":{"@context":"https:\/\/schema.org","@graph":[{"@type":"Article","@id":"https:\/\/oriamendi.eus\/es\/2026\/01\/02\/los-goikoetxea-se-llevan-la-txapela-de-segunda\/#article","isPartOf":{"@id":"https:\/\/oriamendi.eus\/es\/2026\/01\/02\/los-goikoetxea-se-llevan-la-txapela-de-segunda\/"},"author":{"name":"I\u00f1igo Go\u00f1i","@id":"https:\/\/oriamendi.eus\/es\/#\/schema\/person\/c0bd06c6c747674306a5c82563e2339a"},"headline":"Los Goikoetxea se llevan la txapela de Segunda","datePublished":"2026-01-02T19:28:55+00:00","dateModified":"2026-01-07T08:55:00+00:00","mainEntityOfPage":{"@id":"https:\/\/oriamendi.eus\/es\/2026\/01\/02\/los-goikoetxea-se-llevan-la-txapela-de-segunda\/"},"wordCount":198,"publisher":{"@id":"https:\/\/oriamendi.eus\/es\/#organization"},"articleSection":["Sin categorizar"],"inLanguage":"es"},{"@type":"WebPage","@id":"https:\/\/oriamendi.eus\/es\/2026\/01\/02\/los-goikoetxea-se-llevan-la-txapela-de-segunda\/","url":"https:\/\/oriamendi.eus\/es\/2026\/01\/02\/los-goikoetxea-se-llevan-la-txapela-de-segunda\/","name":"Los Goikoetxea se llevan la txapela de Segunda | Oriamendi 2010","isPartOf":{"@id":"https:\/\/oriamendi.eus\/es\/#website"},"datePublished":"2026-01-02T19:28:55+00:00","dateModified":"2026-01-07T08:55:00+00:00","breadcrumb":{"@id":"https:\/\/oriamendi.eus\/es\/2026\/01\/02\/los-goikoetxea-se-llevan-la-txapela-de-segunda\/#breadcrumb"},"inLanguage":"es","potentialAction":[{"@type":"ReadAction","target":["https:\/\/oriamendi.eus\/es\/2026\/01\/02\/los-goikoetxea-se-llevan-la-txapela-de-segunda\/"]}]},{"@type":"BreadcrumbList","@id":"https:\/\/oriamendi.eus\/es\/2026\/01\/02\/los-goikoetxea-se-llevan-la-txapela-de-segunda\/#breadcrumb","itemListElement":[{"@type":"ListItem","position":1,"name":"Portada","item":"https:\/\/oriamendi.eus\/es\/"},{"@type":"ListItem","position":2,"name":"Los Goikoetxea se llevan la txapela de Segunda"}]},{"@type":"WebSite","@id":"https:\/\/oriamendi.eus\/es\/#website","url":"https:\/\/oriamendi.eus\/es\/","name":"Oriamendi","description":"Remonte en Galarreta. Hernani. Gipuzkoa","publisher":{"@id":"https:\/\/oriamendi.eus\/es\/#organization"},"potentialAction":[{"@type":"SearchAction","target":{"@type":"EntryPoint","urlTemplate":"https:\/\/oriamendi.eus\/es\/?s={search_term_string}"},"query-input":"required name=search_term_string"}],"inLanguage":"es"},{"@type":"Organization","@id":"https:\/\/oriamendi.eus\/es\/#organization","name":"Oriamendi","url":"https:\/\/oriamendi.eus\/es\/","logo":{"@type":"ImageObject","inLanguage":"es","@id":"https:\/\/oriamendi.eus\/es\/#\/schema\/logo\/image\/","url":"https:\/\/oriamendi.eus\/wp-content\/uploads\/2020\/06\/logo-oriamendi.png","contentUrl":"https:\/\/oriamendi.eus\/wp-content\/uploads\/2020\/06\/logo-oriamendi.png","width":300,"height":90,"caption":"Oriamendi"},"image":{"@id":"https:\/\/oriamendi.eus\/es\/#\/schema\/logo\/image\/"},"sameAs":["https:\/\/www.facebook.com\/oriamendi2010remonte\/","https:\/\/twitter.com\/oriamendi2010","https:\/\/www.instagram.com\/galarretajaialai\/","https:\/\/www.youtube.com\/channel\/UC8gVNzQqB1iwnC-_rI-ihmA\/featured"]},{"@type":"Person","@id":"https:\/\/oriamendi.eus\/es\/#\/schema\/person\/c0bd06c6c747674306a5c82563e2339a","name":"I\u00f1igo Go\u00f1i","image":{"@type":"ImageObject","inLanguage":"es","@id":"https:\/\/oriamendi.eus\/es\/#\/schema\/person\/image\/","url":"https:\/\/secure.gravatar.com\/avatar\/fbb07ffc7b803bbfcc2b6419c06abd3a?s=96&d=mm&r=g","contentUrl":"https:\/\/secure.gravatar.com\/avatar\/fbb07ffc7b803bbfcc2b6419c06abd3a?s=96&d=mm&r=g","caption":"I\u00f1igo Go\u00f1i"},"url":"https:\/\/oriamendi.eus\/es\/author\/om-berriak\/"}]}},"_links":{"self":[{"href":"https:\/\/oriamendi.eus\/es\/wp-json\/wp\/v2\/posts\/9437"}],"collection":[{"href":"https:\/\/oriamendi.eus\/es\/wp-json\/wp\/v2\/posts"}],"about":[{"href":"https:\/\/oriamendi.eus\/es\/wp-json\/wp\/v2\/types\/post"}],"author":[{"embeddable":true,"href":"https:\/\/oriamendi.eus\/es\/wp-json\/wp\/v2\/users\/5"}],"replies":[{"embeddable":true,"href":"https:\/\/oriamendi.eus\/es\/wp-json\/wp\/v2\/comments?post=9437"}],"version-history":[{"count":1,"href":"https:\/\/oriamendi.eus\/es\/wp-json\/wp\/v2\/posts\/9437\/revisions"}],"predecessor-version":[{"id":9447,"href":"https:\/\/oriamendi.eus\/es\/wp-json\/wp\/v2\/posts\/9437\/revisions\/9447"}],"wp:featuredmedia":[{"embeddable":true,"href":"https:\/\/oriamendi.eus\/es\/wp-json\/wp\/v2\/media\/9438"}],"wp:attachment":[{"href":"https:\/\/oriamendi.eus\/es\/wp-json\/wp\/v2\/media?parent=9437"}],"wp:term":[{"taxonomy":"category","embeddable":true,"href":"https:\/\/oriamendi.eus\/es\/wp-json\/wp\/v2\/categories?post=9437"},{"taxonomy":"post_tag","embeddable":true,"href":"https:\/\/oriamendi.eus\/es\/wp-json\/wp\/v2\/tags?post=9437"}],"curies":[{"name":"wp","href":"https:\/\/api.w.org\/{rel}","templated":true}]}}