                                        
                                        
                                        
                                        
                                        
                                        
                                        
                                        
                                        
                                        
                                        
                                        
                                        
                                        
                                        
                                        
                                        
                                        
{"id":9313,"date":"2025-10-23T19:25:05","date_gmt":"2025-10-23T17:25:05","guid":{"rendered":"https:\/\/oriamendi.eus\/?p=9313"},"modified":"2025-10-23T19:25:29","modified_gmt":"2025-10-23T17:25:29","slug":"el-fronton-galarreta-acoge-la-presentacion-de-un-historico-festival-solidario-a-favor-del-pueblo-palestino","status":"publish","type":"post","link":"https:\/\/oriamendi.eus\/es\/2025\/10\/23\/el-fronton-galarreta-acoge-la-presentacion-de-un-historico-festival-solidario-a-favor-del-pueblo-palestino\/","title":{"rendered":"El front\u00f3n Galarreta acoge la presentaci\u00f3n de un hist\u00f3rico festival solidario a favor del pueblo palestino"},"content":{"rendered":"<div data-ogsc=\"rgb(0, 0, 0)\">Esta tarde, <b>jueves 23 de octubre a las 18:00 horas<\/b>, el emblem\u00e1tico front\u00f3n <b>Galarreta Jai-Alai de Hernani<\/b>\u00a0ha acogido la presentaci\u00f3n de un evento sin precedentes en las \u00faltimas d\u00e9cadas: un <b>festival solidario que une deporte, cultura y compromiso social<\/b>\u00a0en apoyo al pueblo palestino.<\/div>\n<div data-ogsc=\"rgb(0, 0, 0)\"><\/div>\n<div data-ogsc=\"rgb(0, 0, 0)\">El festival, que se celebrar\u00e1 el <b>domingo 23 de noviembre a las 17:00<\/b>, reunir\u00e1 por primera vez en un mismo escenario a <b>tres modalidades de pelota vasca<\/b>\u00a0\u2014<b>pelota mano, cesta punta y remonte<\/b>\u2014, ofreciendo una jornada deportiva \u00fanica e hist\u00f3rica.<\/div>\n<div data-ogsc=\"rgb(0, 0, 0)\"><\/div>\n<div data-ogsc=\"rgb(0, 0, 0)\">El objetivo del evento ser\u00e1 <b>recaudar fondos destinados \u00edntegramente a proyectos humanitarios en Palestina<\/b>, bajo la gesti\u00f3n de la organizaci\u00f3n <b>Gernika Palestina herri ekimena<\/b>. La iniciativa cuenta con la colaboraci\u00f3n de <b>Oriamendi2010<\/b>, diversos <b>clubes de pelota<\/b>, y reconocidos representantes del \u00e1mbito deportivo y cultural vasco.<\/div>\n<div data-ogsc=\"rgb(0, 0, 0)\">Durante la presentaci\u00f3n, los organizadores destacaron que este festival representa un <b>gesto de unidad del pueblo vasco<\/b>en defensa de la justicia y la solidaridad internacional. Asimismo, hicieron un <b>llamamiento a asociaciones, colectivos sociales, grupos culturales, vecinales, musicales y deportivos<\/b>, as\u00ed como a cualquier persona interesada, a <b>sumarse al evento y contribuir a fortalecer esta causa com\u00fan<\/b>.<\/div>\n<div data-ogsc=\"rgb(0, 0, 0)\">El programa del festival incluir\u00e1 tres partidos:<\/div>\n<ul data-start=\"4436\" data-end=\"4671\">\n<li data-ogsc=\"rgb(0, 0, 0)\">\n<div role=\"presentation\"><b>Pelota mano:<\/b>\u00a0<i>Apaolaza e Ibai Zabala<\/i>\u00a0vs <i>Mikel Go\u00f1i y Elizegi<\/i><\/div>\n<\/li>\n<li data-ogsc=\"rgb(0, 0, 0)\">\n<div role=\"presentation\"><b>Cesta punta:<\/b>\u00a0<i>Erika Mugartegi y Arai Lejardi<\/i>\u00a0vs <i>Elaia Gojenola y Maia Goikoetxea<\/i><\/div>\n<\/li>\n<li data-ogsc=\"rgb(0, 0, 0)\">\n<div role=\"presentation\"><b>Remonte:<\/b>\u00a0<i>Ansa II y Aiestaran VI<\/i>\u00a0vs <i>Goikoetxea V y Larra\u00f1aga<\/i><\/div>\n<\/li>\n<\/ul>\n<div data-ogsc=\"rgb(0, 0, 0)\">El acto contar\u00e1 tambi\u00e9n con la participaci\u00f3n de los bertsolaris <b>Andoni Redondo y Eli Pagola<\/b>, que aportar\u00e1n su arte y sensibilidad al mensaje de solidaridad.<\/div>\n<div data-ogsc=\"rgb(0, 0, 0)\"><\/div>\n<div data-ogsc=\"rgb(0, 0, 0)\">Las <b>entradas ya est\u00e1n disponibles<\/b>\u00a0en <a class=\"decorated-link\" title=\"https:\/\/www.oriamendi.eus\/\" href=\"https:\/\/www.oriamendi.eus\/\" target=\"_new\" rel=\"noopener\" data-start=\"4878\" data-end=\"4924\" data-outlook-id=\"578f59fe-90d2-404e-9284-2dbc79599fd4\" data-ogsc=\"\">www.oriamendi.eus<\/a>\u00a0y en la p\u00e1gina de <b>Galarreta Jai-Alai<\/b>, a un precio simb\u00f3lico de <b>10 euros por persona<\/b>\u00a0(gratis para menores de 10 a\u00f1os). Adem\u00e1s, durante el evento se habilitar\u00e1n <b>puntos de donaci\u00f3n<\/b>\u00a0para quienes deseen realizar aportaciones adicionales.<\/div>\n<div data-ogsc=\"rgb(0, 0, 0)\"><\/div>\n<div data-ogsc=\"rgb(0, 0, 0)\">El festival aspira a convertirse en una <b>gran expresi\u00f3n de cultura y solidaridad vasca<\/b>, y en un ejemplo de c\u00f3mo el deporte tambi\u00e9n puede ser un veh\u00edculo de uni\u00f3n, justicia y esperanza para los pueblos que m\u00e1s lo necesitan.<\/div>\n","protected":false},"excerpt":{"rendered":"<p>Esta tarde, jueves 23 de octubre a las 18:00 horas, el emblem\u00e1tico front\u00f3n Galarreta Jai-Alai de Hernani\u00a0ha acogido la presentaci\u00f3n de un evento sin precedentes en las \u00faltimas d\u00e9cadas: un festival solidario que une deporte, cultura y compromiso social\u00a0en apoyo al pueblo palestino. El festival, que se celebrar\u00e1 el domingo 23 de noviembre a las [&hellip;]<\/p>\n","protected":false},"author":3,"featured_media":9311,"comment_status":"closed","ping_status":"open","sticky":false,"template":"","format":"standard","meta":{"_et_pb_use_builder":"","_et_pb_old_content":"","_et_gb_content_width":"","footnotes":""},"categories":[1],"tags":[],"yoast_head":"<!-- This site is optimized with the Yoast SEO plugin v21.8 - https:\/\/yoast.com\/wordpress\/plugins\/seo\/ -->\n<title>El front\u00f3n Galarreta acoge la presentaci\u00f3n de un hist\u00f3rico festival solidario a favor del pueblo palestino | Oriamendi 2010<\/title>\n<meta name=\"robots\" content=\"index, follow, max-snippet:-1, max-image-preview:large, max-video-preview:-1\" \/>\n<link rel=\"canonical\" href=\"https:\/\/oriamendi.eus\/es\/2025\/10\/23\/el-fronton-galarreta-acoge-la-presentacion-de-un-historico-festival-solidario-a-favor-del-pueblo-palestino\/\" \/>\n<meta property=\"og:locale\" content=\"es_ES\" \/>\n<meta property=\"og:type\" content=\"article\" \/>\n<meta property=\"og:title\" content=\"El front\u00f3n Galarreta acoge la presentaci\u00f3n de un hist\u00f3rico festival solidario a favor del pueblo palestino | Oriamendi 2010\" \/>\n<meta property=\"og:description\" content=\"Esta tarde, jueves 23 de octubre a las 18:00 horas, el emblem\u00e1tico front\u00f3n Galarreta Jai-Alai de Hernani\u00a0ha acogido la presentaci\u00f3n de un evento sin precedentes en las \u00faltimas d\u00e9cadas: un festival solidario que une deporte, cultura y compromiso social\u00a0en apoyo al pueblo palestino. El festival, que se celebrar\u00e1 el domingo 23 de noviembre a las [&hellip;]\" \/>\n<meta property=\"og:url\" content=\"https:\/\/oriamendi.eus\/es\/2025\/10\/23\/el-fronton-galarreta-acoge-la-presentacion-de-un-historico-festival-solidario-a-favor-del-pueblo-palestino\/\" \/>\n<meta property=\"og:site_name\" content=\"Oriamendi 2010\" \/>\n<meta property=\"article:publisher\" content=\"https:\/\/www.facebook.com\/oriamendi2010remonte\/\" \/>\n<meta property=\"article:published_time\" content=\"2025-10-23T17:25:05+00:00\" \/>\n<meta property=\"article:modified_time\" content=\"2025-10-23T17:25:29+00:00\" \/>\n<meta property=\"og:image\" content=\"https:\/\/oriamendi.eus\/wp-content\/uploads\/2025\/10\/A6A1372.jpg\" \/>\n\t<meta property=\"og:image:width\" content=\"1200\" \/>\n\t<meta property=\"og:image:height\" content=\"800\" \/>\n\t<meta property=\"og:image:type\" content=\"image\/jpeg\" \/>\n<meta name=\"author\" content=\"Endika Barrenetxea\" \/>\n<meta name=\"twitter:card\" content=\"summary_large_image\" \/>\n<meta name=\"twitter:creator\" content=\"@oriamendi2010\" \/>\n<meta name=\"twitter:site\" content=\"@oriamendi2010\" \/>\n<meta name=\"twitter:label1\" content=\"Escrito por\" \/>\n\t<meta name=\"twitter:data1\" content=\"Endika Barrenetxea\" \/>\n\t<meta name=\"twitter:label2\" content=\"Tiempo de lectura\" \/>\n\t<meta name=\"twitter:data2\" content=\"2 minutos\" \/>\n<script type=\"application\/ld+json\" class=\"yoast-schema-graph\">{\"@context\":\"https:\/\/schema.org\",\"@graph\":[{\"@type\":\"Article\",\"@id\":\"https:\/\/oriamendi.eus\/es\/2025\/10\/23\/el-fronton-galarreta-acoge-la-presentacion-de-un-historico-festival-solidario-a-favor-del-pueblo-palestino\/#article\",\"isPartOf\":{\"@id\":\"https:\/\/oriamendi.eus\/es\/2025\/10\/23\/el-fronton-galarreta-acoge-la-presentacion-de-un-historico-festival-solidario-a-favor-del-pueblo-palestino\/\"},\"author\":{\"name\":\"Endika Barrenetxea\",\"@id\":\"https:\/\/oriamendi.eus\/es\/#\/schema\/person\/d50c13df7440d84706fe7d03941cc92f\"},\"headline\":\"El front\u00f3n Galarreta acoge la presentaci\u00f3n de un hist\u00f3rico festival solidario a favor del pueblo palestino\",\"datePublished\":\"2025-10-23T17:25:05+00:00\",\"dateModified\":\"2025-10-23T17:25:29+00:00\",\"mainEntityOfPage\":{\"@id\":\"https:\/\/oriamendi.eus\/es\/2025\/10\/23\/el-fronton-galarreta-acoge-la-presentacion-de-un-historico-festival-solidario-a-favor-del-pueblo-palestino\/\"},\"wordCount\":379,\"publisher\":{\"@id\":\"https:\/\/oriamendi.eus\/es\/#organization\"},\"articleSection\":[\"Sin categorizar\"],\"inLanguage\":\"es\"},{\"@type\":\"WebPage\",\"@id\":\"https:\/\/oriamendi.eus\/es\/2025\/10\/23\/el-fronton-galarreta-acoge-la-presentacion-de-un-historico-festival-solidario-a-favor-del-pueblo-palestino\/\",\"url\":\"https:\/\/oriamendi.eus\/es\/2025\/10\/23\/el-fronton-galarreta-acoge-la-presentacion-de-un-historico-festival-solidario-a-favor-del-pueblo-palestino\/\",\"name\":\"El front\u00f3n Galarreta acoge la presentaci\u00f3n de un hist\u00f3rico festival solidario a favor del pueblo palestino | Oriamendi 2010\",\"isPartOf\":{\"@id\":\"https:\/\/oriamendi.eus\/es\/#website\"},\"datePublished\":\"2025-10-23T17:25:05+00:00\",\"dateModified\":\"2025-10-23T17:25:29+00:00\",\"breadcrumb\":{\"@id\":\"https:\/\/oriamendi.eus\/es\/2025\/10\/23\/el-fronton-galarreta-acoge-la-presentacion-de-un-historico-festival-solidario-a-favor-del-pueblo-palestino\/#breadcrumb\"},\"inLanguage\":\"es\",\"potentialAction\":[{\"@type\":\"ReadAction\",\"target\":[\"https:\/\/oriamendi.eus\/es\/2025\/10\/23\/el-fronton-galarreta-acoge-la-presentacion-de-un-historico-festival-solidario-a-favor-del-pueblo-palestino\/\"]}]},{\"@type\":\"BreadcrumbList\",\"@id\":\"https:\/\/oriamendi.eus\/es\/2025\/10\/23\/el-fronton-galarreta-acoge-la-presentacion-de-un-historico-festival-solidario-a-favor-del-pueblo-palestino\/#breadcrumb\",\"itemListElement\":[{\"@type\":\"ListItem\",\"position\":1,\"name\":\"Portada\",\"item\":\"https:\/\/oriamendi.eus\/es\/\"},{\"@type\":\"ListItem\",\"position\":2,\"name\":\"El front\u00f3n Galarreta acoge la presentaci\u00f3n de un hist\u00f3rico festival solidario a favor del pueblo palestino\"}]},{\"@type\":\"WebSite\",\"@id\":\"https:\/\/oriamendi.eus\/es\/#website\",\"url\":\"https:\/\/oriamendi.eus\/es\/\",\"name\":\"Oriamendi\",\"description\":\"Remonte en Galarreta. Hernani. Gipuzkoa\",\"publisher\":{\"@id\":\"https:\/\/oriamendi.eus\/es\/#organization\"},\"potentialAction\":[{\"@type\":\"SearchAction\",\"target\":{\"@type\":\"EntryPoint\",\"urlTemplate\":\"https:\/\/oriamendi.eus\/es\/?s={search_term_string}\"},\"query-input\":\"required name=search_term_string\"}],\"inLanguage\":\"es\"},{\"@type\":\"Organization\",\"@id\":\"https:\/\/oriamendi.eus\/es\/#organization\",\"name\":\"Oriamendi\",\"url\":\"https:\/\/oriamendi.eus\/es\/\",\"logo\":{\"@type\":\"ImageObject\",\"inLanguage\":\"es\",\"@id\":\"https:\/\/oriamendi.eus\/es\/#\/schema\/logo\/image\/\",\"url\":\"https:\/\/oriamendi.eus\/wp-content\/uploads\/2020\/06\/logo-oriamendi.png\",\"contentUrl\":\"https:\/\/oriamendi.eus\/wp-content\/uploads\/2020\/06\/logo-oriamendi.png\",\"width\":300,\"height\":90,\"caption\":\"Oriamendi\"},\"image\":{\"@id\":\"https:\/\/oriamendi.eus\/es\/#\/schema\/logo\/image\/\"},\"sameAs\":[\"https:\/\/www.facebook.com\/oriamendi2010remonte\/\",\"https:\/\/twitter.com\/oriamendi2010\",\"https:\/\/www.instagram.com\/galarretajaialai\/\",\"https:\/\/www.youtube.com\/channel\/UC8gVNzQqB1iwnC-_rI-ihmA\/featured\"]},{\"@type\":\"Person\",\"@id\":\"https:\/\/oriamendi.eus\/es\/#\/schema\/person\/d50c13df7440d84706fe7d03941cc92f\",\"name\":\"Endika Barrenetxea\",\"image\":{\"@type\":\"ImageObject\",\"inLanguage\":\"es\",\"@id\":\"https:\/\/oriamendi.eus\/es\/#\/schema\/person\/image\/\",\"url\":\"https:\/\/secure.gravatar.com\/avatar\/26a16205d858e579d56d8adc8addd712?s=96&d=mm&r=g\",\"contentUrl\":\"https:\/\/secure.gravatar.com\/avatar\/26a16205d858e579d56d8adc8addd712?s=96&d=mm&r=g\",\"caption\":\"Endika Barrenetxea\"},\"url\":\"https:\/\/oriamendi.eus\/es\/author\/om-kudeaketa\/\"}]}<\/script>\n<!-- \/ Yoast SEO plugin. -->","yoast_head_json":{"title":"El front\u00f3n Galarreta acoge la presentaci\u00f3n de un hist\u00f3rico festival solidario a favor del pueblo palestino | Oriamendi 2010","robots":{"index":"index","follow":"follow","max-snippet":"max-snippet:-1","max-image-preview":"max-image-preview:large","max-video-preview":"max-video-preview:-1"},"canonical":"https:\/\/oriamendi.eus\/es\/2025\/10\/23\/el-fronton-galarreta-acoge-la-presentacion-de-un-historico-festival-solidario-a-favor-del-pueblo-palestino\/","og_locale":"es_ES","og_type":"article","og_title":"El front\u00f3n Galarreta acoge la presentaci\u00f3n de un hist\u00f3rico festival solidario a favor del pueblo palestino | Oriamendi 2010","og_description":"Esta tarde, jueves 23 de octubre a las 18:00 horas, el emblem\u00e1tico front\u00f3n Galarreta Jai-Alai de Hernani\u00a0ha acogido la presentaci\u00f3n de un evento sin precedentes en las \u00faltimas d\u00e9cadas: un festival solidario que une deporte, cultura y compromiso social\u00a0en apoyo al pueblo palestino. El festival, que se celebrar\u00e1 el domingo 23 de noviembre a las [&hellip;]","og_url":"https:\/\/oriamendi.eus\/es\/2025\/10\/23\/el-fronton-galarreta-acoge-la-presentacion-de-un-historico-festival-solidario-a-favor-del-pueblo-palestino\/","og_site_name":"Oriamendi 2010","article_publisher":"https:\/\/www.facebook.com\/oriamendi2010remonte\/","article_published_time":"2025-10-23T17:25:05+00:00","article_modified_time":"2025-10-23T17:25:29+00:00","og_image":[{"width":1200,"height":800,"url":"https:\/\/oriamendi.eus\/wp-content\/uploads\/2025\/10\/A6A1372.jpg","type":"image\/jpeg"}],"author":"Endika Barrenetxea","twitter_card":"summary_large_image","twitter_creator":"@oriamendi2010","twitter_site":"@oriamendi2010","twitter_misc":{"Escrito por":"Endika Barrenetxea","Tiempo de lectura":"2 minutos"},"schema":{"@context":"https:\/\/schema.org","@graph":[{"@type":"Article","@id":"https:\/\/oriamendi.eus\/es\/2025\/10\/23\/el-fronton-galarreta-acoge-la-presentacion-de-un-historico-festival-solidario-a-favor-del-pueblo-palestino\/#article","isPartOf":{"@id":"https:\/\/oriamendi.eus\/es\/2025\/10\/23\/el-fronton-galarreta-acoge-la-presentacion-de-un-historico-festival-solidario-a-favor-del-pueblo-palestino\/"},"author":{"name":"Endika Barrenetxea","@id":"https:\/\/oriamendi.eus\/es\/#\/schema\/person\/d50c13df7440d84706fe7d03941cc92f"},"headline":"El front\u00f3n Galarreta acoge la presentaci\u00f3n de un hist\u00f3rico festival solidario a favor del pueblo palestino","datePublished":"2025-10-23T17:25:05+00:00","dateModified":"2025-10-23T17:25:29+00:00","mainEntityOfPage":{"@id":"https:\/\/oriamendi.eus\/es\/2025\/10\/23\/el-fronton-galarreta-acoge-la-presentacion-de-un-historico-festival-solidario-a-favor-del-pueblo-palestino\/"},"wordCount":379,"publisher":{"@id":"https:\/\/oriamendi.eus\/es\/#organization"},"articleSection":["Sin categorizar"],"inLanguage":"es"},{"@type":"WebPage","@id":"https:\/\/oriamendi.eus\/es\/2025\/10\/23\/el-fronton-galarreta-acoge-la-presentacion-de-un-historico-festival-solidario-a-favor-del-pueblo-palestino\/","url":"https:\/\/oriamendi.eus\/es\/2025\/10\/23\/el-fronton-galarreta-acoge-la-presentacion-de-un-historico-festival-solidario-a-favor-del-pueblo-palestino\/","name":"El front\u00f3n Galarreta acoge la presentaci\u00f3n de un hist\u00f3rico festival solidario a favor del pueblo palestino | Oriamendi 2010","isPartOf":{"@id":"https:\/\/oriamendi.eus\/es\/#website"},"datePublished":"2025-10-23T17:25:05+00:00","dateModified":"2025-10-23T17:25:29+00:00","breadcrumb":{"@id":"https:\/\/oriamendi.eus\/es\/2025\/10\/23\/el-fronton-galarreta-acoge-la-presentacion-de-un-historico-festival-solidario-a-favor-del-pueblo-palestino\/#breadcrumb"},"inLanguage":"es","potentialAction":[{"@type":"ReadAction","target":["https:\/\/oriamendi.eus\/es\/2025\/10\/23\/el-fronton-galarreta-acoge-la-presentacion-de-un-historico-festival-solidario-a-favor-del-pueblo-palestino\/"]}]},{"@type":"BreadcrumbList","@id":"https:\/\/oriamendi.eus\/es\/2025\/10\/23\/el-fronton-galarreta-acoge-la-presentacion-de-un-historico-festival-solidario-a-favor-del-pueblo-palestino\/#breadcrumb","itemListElement":[{"@type":"ListItem","position":1,"name":"Portada","item":"https:\/\/oriamendi.eus\/es\/"},{"@type":"ListItem","position":2,"name":"El front\u00f3n Galarreta acoge la presentaci\u00f3n de un hist\u00f3rico festival solidario a favor del pueblo palestino"}]},{"@type":"WebSite","@id":"https:\/\/oriamendi.eus\/es\/#website","url":"https:\/\/oriamendi.eus\/es\/","name":"Oriamendi","description":"Remonte en Galarreta. Hernani. Gipuzkoa","publisher":{"@id":"https:\/\/oriamendi.eus\/es\/#organization"},"potentialAction":[{"@type":"SearchAction","target":{"@type":"EntryPoint","urlTemplate":"https:\/\/oriamendi.eus\/es\/?s={search_term_string}"},"query-input":"required name=search_term_string"}],"inLanguage":"es"},{"@type":"Organization","@id":"https:\/\/oriamendi.eus\/es\/#organization","name":"Oriamendi","url":"https:\/\/oriamendi.eus\/es\/","logo":{"@type":"ImageObject","inLanguage":"es","@id":"https:\/\/oriamendi.eus\/es\/#\/schema\/logo\/image\/","url":"https:\/\/oriamendi.eus\/wp-content\/uploads\/2020\/06\/logo-oriamendi.png","contentUrl":"https:\/\/oriamendi.eus\/wp-content\/uploads\/2020\/06\/logo-oriamendi.png","width":300,"height":90,"caption":"Oriamendi"},"image":{"@id":"https:\/\/oriamendi.eus\/es\/#\/schema\/logo\/image\/"},"sameAs":["https:\/\/www.facebook.com\/oriamendi2010remonte\/","https:\/\/twitter.com\/oriamendi2010","https:\/\/www.instagram.com\/galarretajaialai\/","https:\/\/www.youtube.com\/channel\/UC8gVNzQqB1iwnC-_rI-ihmA\/featured"]},{"@type":"Person","@id":"https:\/\/oriamendi.eus\/es\/#\/schema\/person\/d50c13df7440d84706fe7d03941cc92f","name":"Endika Barrenetxea","image":{"@type":"ImageObject","inLanguage":"es","@id":"https:\/\/oriamendi.eus\/es\/#\/schema\/person\/image\/","url":"https:\/\/secure.gravatar.com\/avatar\/26a16205d858e579d56d8adc8addd712?s=96&d=mm&r=g","contentUrl":"https:\/\/secure.gravatar.com\/avatar\/26a16205d858e579d56d8adc8addd712?s=96&d=mm&r=g","caption":"Endika Barrenetxea"},"url":"https:\/\/oriamendi.eus\/es\/author\/om-kudeaketa\/"}]}},"_links":{"self":[{"href":"https:\/\/oriamendi.eus\/es\/wp-json\/wp\/v2\/posts\/9313"}],"collection":[{"href":"https:\/\/oriamendi.eus\/es\/wp-json\/wp\/v2\/posts"}],"about":[{"href":"https:\/\/oriamendi.eus\/es\/wp-json\/wp\/v2\/types\/post"}],"author":[{"embeddable":true,"href":"https:\/\/oriamendi.eus\/es\/wp-json\/wp\/v2\/users\/3"}],"replies":[{"embeddable":true,"href":"https:\/\/oriamendi.eus\/es\/wp-json\/wp\/v2\/comments?post=9313"}],"version-history":[{"count":1,"href":"https:\/\/oriamendi.eus\/es\/wp-json\/wp\/v2\/posts\/9313\/revisions"}],"predecessor-version":[{"id":9314,"href":"https:\/\/oriamendi.eus\/es\/wp-json\/wp\/v2\/posts\/9313\/revisions\/9314"}],"wp:featuredmedia":[{"embeddable":true,"href":"https:\/\/oriamendi.eus\/es\/wp-json\/wp\/v2\/media\/9311"}],"wp:attachment":[{"href":"https:\/\/oriamendi.eus\/es\/wp-json\/wp\/v2\/media?parent=9313"}],"wp:term":[{"taxonomy":"category","embeddable":true,"href":"https:\/\/oriamendi.eus\/es\/wp-json\/wp\/v2\/categories?post=9313"},{"taxonomy":"post_tag","embeddable":true,"href":"https:\/\/oriamendi.eus\/es\/wp-json\/wp\/v2\/tags?post=9313"}],"curies":[{"name":"wp","href":"https:\/\/api.w.org\/{rel}","templated":true}]}}