                                        
                                        
                                        
                                        
                                        
                                        
                                        
                                        
                                        
                                        
                                        
                                        
                                        
                                        
                                        
                                        
                                        
                                        
{"id":9298,"date":"2025-10-21T20:23:15","date_gmt":"2025-10-21T18:23:15","guid":{"rendered":"https:\/\/oriamendi.eus\/?p=9298"},"modified":"2025-10-21T20:33:40","modified_gmt":"2025-10-21T18:33:40","slug":"cuatro-parejas-disputaran-un-nuevo-campeonato-de-remonte-parejas-fundacion-orona","status":"publish","type":"post","link":"https:\/\/oriamendi.eus\/es\/2025\/10\/21\/cuatro-parejas-disputaran-un-nuevo-campeonato-de-remonte-parejas-fundacion-orona\/","title":{"rendered":"Cuatro parejas disputar\u00e1n un nuevo Campeonato de Remonte Parejas-Fundaci\u00f3n Orona"},"content":{"rendered":"<p><b>Hoy se ha presentado en la Fundaci\u00f3n Orona la 55\u00aa edici\u00f3n del Campeonato de Parejas<\/b><\/p>\n<p>El Campeonato de Parejas de remonte 2025 se ha presentado hoy en el auditorio principal de la Fundaci\u00f3n Orona. Ser\u00e1 la 55\u00aa edici\u00f3n. En este acto se han dado a conocer las parejas participantes en el campeonato de primera y segunda, donde se han conocido todos los detalles del mismo.<br \/>\nUn a\u00f1o m\u00e1s se organizar\u00e1n dos campeonatos y en el de Primera participar\u00e1n cuatro parejas: Ansa II-Zubiri, Ezkurra II-Larra\u00f1aga, Segurola-Juanenea, y Aldabe-Azpiroz. Se repite el formato del a\u00f1o pasado.<\/p>\n<div><\/div>\n<div>Como se puede ver en la n\u00f3mina de las parejas Endika Barrenetxea no disputar\u00e1 el campeonato, ya que es baja por paternidad. Respecto a a\u00f1os anteriores tampoco es de la partida Javier Urriza, retirado el pasado verano del remonte profesional.<\/div>\n<div>El hecho de que haya cuatro parejas asegura que sea el torneo igualado y de nivel. No hay un favorito claro.<\/div>\n<div>Se disputar\u00e1 una primera fase de cuatro parejas, en la que todos tendr\u00e1n que enfrentarse a todos en doble vuelta.<\/div>\n<div>Tendr\u00e1n nueve jornadas: 25 de octubre, 1, 7, 15, 22, 29 de noviembre y 6, 13 y 20 de diciembre.<\/div>\n<div>Los partidos se jugar\u00e1n en formato set. El partido estar\u00e1 compuesto por dos sets de 15 tantos en un principio, pero si cada pareja gana un set, se disputar\u00e1 un tercer set a 8 tantos para determinar la pareja ganadora del partido.<\/div>\n<div><img fetchpriority=\"high\" fetchpriority=\"high\" decoding=\"async\" class=\"alignnone size-medium wp-image-9301\" src=\"https:\/\/oriamendi.eus\/wp-content\/uploads\/2025\/10\/IMG_20251021_184127_2000_x_1333_pixel-300x200.jpg\" alt=\"\" width=\"300\" height=\"200\" \/><\/div>\n<div>El sistema de puntuaci\u00f3n de la liguilla ser\u00e1 el siguiente: Ganando los dos primeros sets (2-0) 4 puntos; Ganando uno de los primeros sets y el tercero (2-1) 3 puntos; Ganando uno de los dos primeros sets (1-2) 1 punto; Sin ganar un solo set (0-2) 0 puntos; y No alcanzando los 15 tantos al final del partido -1 puntos.El que termine primero en la primera fase obtendr\u00e1 directamente la clasificaci\u00f3n a la final. El segundo y tercer clasificados jugar\u00e1n una semifinal y el cuarto clasificado ser\u00e1 eliminado. El partido de semifinal se disputar\u00e1 en una \u00fanica jornada y se disputar\u00e1 en el festival del 27 de diciembre.<\/p>\n<p><strong>FINAL:<\/strong><br \/>\nLa final se disputar\u00e1 el 3 de enero de 2026. La pareja que ha quedado primera en la liguilla se enfrentar\u00e1 a la ganadora de la semifinal.<\/p>\n<\/div>\n<div><\/div>\n<div>Ezkurra II-Azpiroz fue la pareja ganadora el a\u00f1o pasado.<\/div>\n<div><\/div>\n<div>\n<div>ETB estar\u00e1 presente para retransmitir los festivales del viernes 7 de noviembre, en la semifinal del 27 de diciembre y en la final del 3 de enero. precisamente el campeonato se ha atrasado una semana respecto a la \u00faltima edici\u00f3n por petici\u00f3n del ente televisivo.<\/div>\n<div><\/div>\n<div>Todos los festivales comenzar\u00e1n a las 16:30 horas, salvo el festival de la semifinal del 27 de diciembre que comenzar\u00e1 a las 15:15.<\/div>\n<\/div>\n<div><img decoding=\"async\" class=\"alignnone size-medium wp-image-9299\" src=\"https:\/\/oriamendi.eus\/wp-content\/uploads\/2025\/10\/IMG_20251021_184207_2000_x_1333_pixel-300x200.jpg\" alt=\"\" width=\"300\" height=\"200\" \/><\/div>\n<div>\n<p>&nbsp;<\/p>\n<p><b>En el de Segunda otras cuatro parejas con debut de Julen Deskarga<br \/>\n<\/b><br \/>\nTambi\u00e9n se present\u00f3 el campeonato de segunda y la de este a\u00f1o ser\u00e1 la tercera edici\u00f3n. Tendr\u00e1 un formato similar al de primera, pero con cuatro parejas: Deskarga-Martirena, Aiestaran VII-Aiestaran VI, Gurrutxaga-Eskudero y Goikoetxea V-Goikoetxea VI.<\/p>\n<p>Se jugar\u00e1 a una sola vuelta, y el primero se clasificar\u00e1 directamente para la final y el segundo y tercer clasificados jugar\u00e1n la semifinal. Quedar\u00e1 fuera el \u00faltimo clasificado de la liguilla.<\/p>\n<\/div>\n<div><\/div>\n<div>El calendario ser\u00e1 el mismo que el de primera. Tambi\u00e9n las normas del campeonato.<\/div>\n<div><\/div>\n<div>\n<p>Una de las grandes novedades del campeonato es el debut como profesional del hernaniarra Julen Deskarga que procede de la mano. Debutar\u00e1 el pr\u00f3ximo 7 de noviembre y forma pareja con Ibai Martirena.<\/p>\n<p><b>LOS BONOS EST\u00c1N A LA VENTA<\/b><\/p>\n<p>Quien quiera disfrutar del campeonato de parejas tiene una gran oportunidad comprando bonos. Esta misma semana se pondr\u00e1n a la venta en las webs\u00a0<a href=\"http:\/\/www.galarretajaialai.com\/\" target=\"_blank\" rel=\"noopener\" data-saferedirecturl=\"https:\/\/www.google.com\/url?q=http:\/\/www.galarretajaialai.com&amp;source=gmail&amp;ust=1761150455532000&amp;usg=AOvVaw3zfdBiQO-48QOrTWjsPxM3\">www.galarretajaialai.com<\/a>\u00a0y en www.oriamendi.eus, adem\u00e1s vienen con un 40% de descuentos.<br \/>\nTambi\u00e9n est\u00e1n ya disponibles las entradas para los festivales. No dejes pasar la oportunidad y no te quedes sin entradas.<\/p>\n<\/div>\n","protected":false},"excerpt":{"rendered":"<p>Hoy se ha presentado en la Fundaci\u00f3n Orona la 55\u00aa edici\u00f3n del Campeonato de Parejas El Campeonato de Parejas de remonte 2025 se ha presentado hoy en el auditorio principal de la Fundaci\u00f3n Orona. Ser\u00e1 la 55\u00aa edici\u00f3n. En este acto se han dado a conocer las parejas participantes en el campeonato de primera y [&hellip;]<\/p>\n","protected":false},"author":5,"featured_media":9303,"comment_status":"closed","ping_status":"open","sticky":false,"template":"","format":"standard","meta":{"_et_pb_use_builder":"","_et_pb_old_content":"","_et_gb_content_width":"","footnotes":""},"categories":[1],"tags":[],"yoast_head":"<!-- This site is optimized with the Yoast SEO plugin v21.8 - https:\/\/yoast.com\/wordpress\/plugins\/seo\/ -->\n<title>Cuatro parejas disputar\u00e1n un nuevo Campeonato de Remonte Parejas-Fundaci\u00f3n Orona | Oriamendi 2010<\/title>\n<meta name=\"robots\" content=\"index, follow, max-snippet:-1, max-image-preview:large, max-video-preview:-1\" \/>\n<link rel=\"canonical\" href=\"https:\/\/oriamendi.eus\/es\/2025\/10\/21\/cuatro-parejas-disputaran-un-nuevo-campeonato-de-remonte-parejas-fundacion-orona\/\" \/>\n<meta property=\"og:locale\" content=\"es_ES\" \/>\n<meta property=\"og:type\" content=\"article\" \/>\n<meta property=\"og:title\" content=\"Cuatro parejas disputar\u00e1n un nuevo Campeonato de Remonte Parejas-Fundaci\u00f3n Orona | Oriamendi 2010\" \/>\n<meta property=\"og:description\" content=\"Hoy se ha presentado en la Fundaci\u00f3n Orona la 55\u00aa edici\u00f3n del Campeonato de Parejas El Campeonato de Parejas de remonte 2025 se ha presentado hoy en el auditorio principal de la Fundaci\u00f3n Orona. Ser\u00e1 la 55\u00aa edici\u00f3n. En este acto se han dado a conocer las parejas participantes en el campeonato de primera y [&hellip;]\" \/>\n<meta property=\"og:url\" content=\"https:\/\/oriamendi.eus\/es\/2025\/10\/21\/cuatro-parejas-disputaran-un-nuevo-campeonato-de-remonte-parejas-fundacion-orona\/\" \/>\n<meta property=\"og:site_name\" content=\"Oriamendi 2010\" \/>\n<meta property=\"article:publisher\" content=\"https:\/\/www.facebook.com\/oriamendi2010remonte\/\" \/>\n<meta property=\"article:published_time\" content=\"2025-10-21T18:23:15+00:00\" \/>\n<meta property=\"article:modified_time\" content=\"2025-10-21T18:33:40+00:00\" \/>\n<meta property=\"og:image\" content=\"https:\/\/oriamendi.eus\/wp-content\/uploads\/2025\/10\/IMG_20251021_184146_2000_x_1333_pixel.jpg\" \/>\n\t<meta property=\"og:image:width\" content=\"1200\" \/>\n\t<meta property=\"og:image:height\" content=\"800\" \/>\n\t<meta property=\"og:image:type\" content=\"image\/jpeg\" \/>\n<meta name=\"author\" content=\"I\u00f1igo Go\u00f1i\" \/>\n<meta name=\"twitter:card\" content=\"summary_large_image\" \/>\n<meta name=\"twitter:creator\" content=\"@oriamendi2010\" \/>\n<meta name=\"twitter:site\" content=\"@oriamendi2010\" \/>\n<meta name=\"twitter:label1\" content=\"Escrito por\" \/>\n\t<meta name=\"twitter:data1\" content=\"I\u00f1igo Go\u00f1i\" \/>\n\t<meta name=\"twitter:label2\" content=\"Tiempo de lectura\" \/>\n\t<meta name=\"twitter:data2\" content=\"4 minutos\" \/>\n<script type=\"application\/ld+json\" class=\"yoast-schema-graph\">{\"@context\":\"https:\/\/schema.org\",\"@graph\":[{\"@type\":\"Article\",\"@id\":\"https:\/\/oriamendi.eus\/es\/2025\/10\/21\/cuatro-parejas-disputaran-un-nuevo-campeonato-de-remonte-parejas-fundacion-orona\/#article\",\"isPartOf\":{\"@id\":\"https:\/\/oriamendi.eus\/es\/2025\/10\/21\/cuatro-parejas-disputaran-un-nuevo-campeonato-de-remonte-parejas-fundacion-orona\/\"},\"author\":{\"name\":\"I\u00f1igo Go\u00f1i\",\"@id\":\"https:\/\/oriamendi.eus\/es\/#\/schema\/person\/c0bd06c6c747674306a5c82563e2339a\"},\"headline\":\"Cuatro parejas disputar\u00e1n un nuevo Campeonato de Remonte Parejas-Fundaci\u00f3n Orona\",\"datePublished\":\"2025-10-21T18:23:15+00:00\",\"dateModified\":\"2025-10-21T18:33:40+00:00\",\"mainEntityOfPage\":{\"@id\":\"https:\/\/oriamendi.eus\/es\/2025\/10\/21\/cuatro-parejas-disputaran-un-nuevo-campeonato-de-remonte-parejas-fundacion-orona\/\"},\"wordCount\":659,\"publisher\":{\"@id\":\"https:\/\/oriamendi.eus\/es\/#organization\"},\"articleSection\":[\"Sin categorizar\"],\"inLanguage\":\"es\"},{\"@type\":\"WebPage\",\"@id\":\"https:\/\/oriamendi.eus\/es\/2025\/10\/21\/cuatro-parejas-disputaran-un-nuevo-campeonato-de-remonte-parejas-fundacion-orona\/\",\"url\":\"https:\/\/oriamendi.eus\/es\/2025\/10\/21\/cuatro-parejas-disputaran-un-nuevo-campeonato-de-remonte-parejas-fundacion-orona\/\",\"name\":\"Cuatro parejas disputar\u00e1n un nuevo Campeonato de Remonte Parejas-Fundaci\u00f3n Orona | Oriamendi 2010\",\"isPartOf\":{\"@id\":\"https:\/\/oriamendi.eus\/es\/#website\"},\"datePublished\":\"2025-10-21T18:23:15+00:00\",\"dateModified\":\"2025-10-21T18:33:40+00:00\",\"breadcrumb\":{\"@id\":\"https:\/\/oriamendi.eus\/es\/2025\/10\/21\/cuatro-parejas-disputaran-un-nuevo-campeonato-de-remonte-parejas-fundacion-orona\/#breadcrumb\"},\"inLanguage\":\"es\",\"potentialAction\":[{\"@type\":\"ReadAction\",\"target\":[\"https:\/\/oriamendi.eus\/es\/2025\/10\/21\/cuatro-parejas-disputaran-un-nuevo-campeonato-de-remonte-parejas-fundacion-orona\/\"]}]},{\"@type\":\"BreadcrumbList\",\"@id\":\"https:\/\/oriamendi.eus\/es\/2025\/10\/21\/cuatro-parejas-disputaran-un-nuevo-campeonato-de-remonte-parejas-fundacion-orona\/#breadcrumb\",\"itemListElement\":[{\"@type\":\"ListItem\",\"position\":1,\"name\":\"Portada\",\"item\":\"https:\/\/oriamendi.eus\/es\/\"},{\"@type\":\"ListItem\",\"position\":2,\"name\":\"Cuatro parejas disputar\u00e1n un nuevo Campeonato de Remonte Parejas-Fundaci\u00f3n Orona\"}]},{\"@type\":\"WebSite\",\"@id\":\"https:\/\/oriamendi.eus\/es\/#website\",\"url\":\"https:\/\/oriamendi.eus\/es\/\",\"name\":\"Oriamendi\",\"description\":\"Remonte en Galarreta. Hernani. Gipuzkoa\",\"publisher\":{\"@id\":\"https:\/\/oriamendi.eus\/es\/#organization\"},\"potentialAction\":[{\"@type\":\"SearchAction\",\"target\":{\"@type\":\"EntryPoint\",\"urlTemplate\":\"https:\/\/oriamendi.eus\/es\/?s={search_term_string}\"},\"query-input\":\"required name=search_term_string\"}],\"inLanguage\":\"es\"},{\"@type\":\"Organization\",\"@id\":\"https:\/\/oriamendi.eus\/es\/#organization\",\"name\":\"Oriamendi\",\"url\":\"https:\/\/oriamendi.eus\/es\/\",\"logo\":{\"@type\":\"ImageObject\",\"inLanguage\":\"es\",\"@id\":\"https:\/\/oriamendi.eus\/es\/#\/schema\/logo\/image\/\",\"url\":\"https:\/\/oriamendi.eus\/wp-content\/uploads\/2020\/06\/logo-oriamendi.png\",\"contentUrl\":\"https:\/\/oriamendi.eus\/wp-content\/uploads\/2020\/06\/logo-oriamendi.png\",\"width\":300,\"height\":90,\"caption\":\"Oriamendi\"},\"image\":{\"@id\":\"https:\/\/oriamendi.eus\/es\/#\/schema\/logo\/image\/\"},\"sameAs\":[\"https:\/\/www.facebook.com\/oriamendi2010remonte\/\",\"https:\/\/twitter.com\/oriamendi2010\",\"https:\/\/www.instagram.com\/galarretajaialai\/\",\"https:\/\/www.youtube.com\/channel\/UC8gVNzQqB1iwnC-_rI-ihmA\/featured\"]},{\"@type\":\"Person\",\"@id\":\"https:\/\/oriamendi.eus\/es\/#\/schema\/person\/c0bd06c6c747674306a5c82563e2339a\",\"name\":\"I\u00f1igo Go\u00f1i\",\"image\":{\"@type\":\"ImageObject\",\"inLanguage\":\"es\",\"@id\":\"https:\/\/oriamendi.eus\/es\/#\/schema\/person\/image\/\",\"url\":\"https:\/\/secure.gravatar.com\/avatar\/fbb07ffc7b803bbfcc2b6419c06abd3a?s=96&d=mm&r=g\",\"contentUrl\":\"https:\/\/secure.gravatar.com\/avatar\/fbb07ffc7b803bbfcc2b6419c06abd3a?s=96&d=mm&r=g\",\"caption\":\"I\u00f1igo Go\u00f1i\"},\"url\":\"https:\/\/oriamendi.eus\/es\/author\/om-berriak\/\"}]}<\/script>\n<!-- \/ Yoast SEO plugin. -->","yoast_head_json":{"title":"Cuatro parejas disputar\u00e1n un nuevo Campeonato de Remonte Parejas-Fundaci\u00f3n Orona | Oriamendi 2010","robots":{"index":"index","follow":"follow","max-snippet":"max-snippet:-1","max-image-preview":"max-image-preview:large","max-video-preview":"max-video-preview:-1"},"canonical":"https:\/\/oriamendi.eus\/es\/2025\/10\/21\/cuatro-parejas-disputaran-un-nuevo-campeonato-de-remonte-parejas-fundacion-orona\/","og_locale":"es_ES","og_type":"article","og_title":"Cuatro parejas disputar\u00e1n un nuevo Campeonato de Remonte Parejas-Fundaci\u00f3n Orona | Oriamendi 2010","og_description":"Hoy se ha presentado en la Fundaci\u00f3n Orona la 55\u00aa edici\u00f3n del Campeonato de Parejas El Campeonato de Parejas de remonte 2025 se ha presentado hoy en el auditorio principal de la Fundaci\u00f3n Orona. Ser\u00e1 la 55\u00aa edici\u00f3n. En este acto se han dado a conocer las parejas participantes en el campeonato de primera y [&hellip;]","og_url":"https:\/\/oriamendi.eus\/es\/2025\/10\/21\/cuatro-parejas-disputaran-un-nuevo-campeonato-de-remonte-parejas-fundacion-orona\/","og_site_name":"Oriamendi 2010","article_publisher":"https:\/\/www.facebook.com\/oriamendi2010remonte\/","article_published_time":"2025-10-21T18:23:15+00:00","article_modified_time":"2025-10-21T18:33:40+00:00","og_image":[{"width":1200,"height":800,"url":"https:\/\/oriamendi.eus\/wp-content\/uploads\/2025\/10\/IMG_20251021_184146_2000_x_1333_pixel.jpg","type":"image\/jpeg"}],"author":"I\u00f1igo Go\u00f1i","twitter_card":"summary_large_image","twitter_creator":"@oriamendi2010","twitter_site":"@oriamendi2010","twitter_misc":{"Escrito por":"I\u00f1igo Go\u00f1i","Tiempo de lectura":"4 minutos"},"schema":{"@context":"https:\/\/schema.org","@graph":[{"@type":"Article","@id":"https:\/\/oriamendi.eus\/es\/2025\/10\/21\/cuatro-parejas-disputaran-un-nuevo-campeonato-de-remonte-parejas-fundacion-orona\/#article","isPartOf":{"@id":"https:\/\/oriamendi.eus\/es\/2025\/10\/21\/cuatro-parejas-disputaran-un-nuevo-campeonato-de-remonte-parejas-fundacion-orona\/"},"author":{"name":"I\u00f1igo Go\u00f1i","@id":"https:\/\/oriamendi.eus\/es\/#\/schema\/person\/c0bd06c6c747674306a5c82563e2339a"},"headline":"Cuatro parejas disputar\u00e1n un nuevo Campeonato de Remonte Parejas-Fundaci\u00f3n Orona","datePublished":"2025-10-21T18:23:15+00:00","dateModified":"2025-10-21T18:33:40+00:00","mainEntityOfPage":{"@id":"https:\/\/oriamendi.eus\/es\/2025\/10\/21\/cuatro-parejas-disputaran-un-nuevo-campeonato-de-remonte-parejas-fundacion-orona\/"},"wordCount":659,"publisher":{"@id":"https:\/\/oriamendi.eus\/es\/#organization"},"articleSection":["Sin categorizar"],"inLanguage":"es"},{"@type":"WebPage","@id":"https:\/\/oriamendi.eus\/es\/2025\/10\/21\/cuatro-parejas-disputaran-un-nuevo-campeonato-de-remonte-parejas-fundacion-orona\/","url":"https:\/\/oriamendi.eus\/es\/2025\/10\/21\/cuatro-parejas-disputaran-un-nuevo-campeonato-de-remonte-parejas-fundacion-orona\/","name":"Cuatro parejas disputar\u00e1n un nuevo Campeonato de Remonte Parejas-Fundaci\u00f3n Orona | Oriamendi 2010","isPartOf":{"@id":"https:\/\/oriamendi.eus\/es\/#website"},"datePublished":"2025-10-21T18:23:15+00:00","dateModified":"2025-10-21T18:33:40+00:00","breadcrumb":{"@id":"https:\/\/oriamendi.eus\/es\/2025\/10\/21\/cuatro-parejas-disputaran-un-nuevo-campeonato-de-remonte-parejas-fundacion-orona\/#breadcrumb"},"inLanguage":"es","potentialAction":[{"@type":"ReadAction","target":["https:\/\/oriamendi.eus\/es\/2025\/10\/21\/cuatro-parejas-disputaran-un-nuevo-campeonato-de-remonte-parejas-fundacion-orona\/"]}]},{"@type":"BreadcrumbList","@id":"https:\/\/oriamendi.eus\/es\/2025\/10\/21\/cuatro-parejas-disputaran-un-nuevo-campeonato-de-remonte-parejas-fundacion-orona\/#breadcrumb","itemListElement":[{"@type":"ListItem","position":1,"name":"Portada","item":"https:\/\/oriamendi.eus\/es\/"},{"@type":"ListItem","position":2,"name":"Cuatro parejas disputar\u00e1n un nuevo Campeonato de Remonte Parejas-Fundaci\u00f3n Orona"}]},{"@type":"WebSite","@id":"https:\/\/oriamendi.eus\/es\/#website","url":"https:\/\/oriamendi.eus\/es\/","name":"Oriamendi","description":"Remonte en Galarreta. Hernani. Gipuzkoa","publisher":{"@id":"https:\/\/oriamendi.eus\/es\/#organization"},"potentialAction":[{"@type":"SearchAction","target":{"@type":"EntryPoint","urlTemplate":"https:\/\/oriamendi.eus\/es\/?s={search_term_string}"},"query-input":"required name=search_term_string"}],"inLanguage":"es"},{"@type":"Organization","@id":"https:\/\/oriamendi.eus\/es\/#organization","name":"Oriamendi","url":"https:\/\/oriamendi.eus\/es\/","logo":{"@type":"ImageObject","inLanguage":"es","@id":"https:\/\/oriamendi.eus\/es\/#\/schema\/logo\/image\/","url":"https:\/\/oriamendi.eus\/wp-content\/uploads\/2020\/06\/logo-oriamendi.png","contentUrl":"https:\/\/oriamendi.eus\/wp-content\/uploads\/2020\/06\/logo-oriamendi.png","width":300,"height":90,"caption":"Oriamendi"},"image":{"@id":"https:\/\/oriamendi.eus\/es\/#\/schema\/logo\/image\/"},"sameAs":["https:\/\/www.facebook.com\/oriamendi2010remonte\/","https:\/\/twitter.com\/oriamendi2010","https:\/\/www.instagram.com\/galarretajaialai\/","https:\/\/www.youtube.com\/channel\/UC8gVNzQqB1iwnC-_rI-ihmA\/featured"]},{"@type":"Person","@id":"https:\/\/oriamendi.eus\/es\/#\/schema\/person\/c0bd06c6c747674306a5c82563e2339a","name":"I\u00f1igo Go\u00f1i","image":{"@type":"ImageObject","inLanguage":"es","@id":"https:\/\/oriamendi.eus\/es\/#\/schema\/person\/image\/","url":"https:\/\/secure.gravatar.com\/avatar\/fbb07ffc7b803bbfcc2b6419c06abd3a?s=96&d=mm&r=g","contentUrl":"https:\/\/secure.gravatar.com\/avatar\/fbb07ffc7b803bbfcc2b6419c06abd3a?s=96&d=mm&r=g","caption":"I\u00f1igo Go\u00f1i"},"url":"https:\/\/oriamendi.eus\/es\/author\/om-berriak\/"}]}},"_links":{"self":[{"href":"https:\/\/oriamendi.eus\/es\/wp-json\/wp\/v2\/posts\/9298"}],"collection":[{"href":"https:\/\/oriamendi.eus\/es\/wp-json\/wp\/v2\/posts"}],"about":[{"href":"https:\/\/oriamendi.eus\/es\/wp-json\/wp\/v2\/types\/post"}],"author":[{"embeddable":true,"href":"https:\/\/oriamendi.eus\/es\/wp-json\/wp\/v2\/users\/5"}],"replies":[{"embeddable":true,"href":"https:\/\/oriamendi.eus\/es\/wp-json\/wp\/v2\/comments?post=9298"}],"version-history":[{"count":2,"href":"https:\/\/oriamendi.eus\/es\/wp-json\/wp\/v2\/posts\/9298\/revisions"}],"predecessor-version":[{"id":9308,"href":"https:\/\/oriamendi.eus\/es\/wp-json\/wp\/v2\/posts\/9298\/revisions\/9308"}],"wp:featuredmedia":[{"embeddable":true,"href":"https:\/\/oriamendi.eus\/es\/wp-json\/wp\/v2\/media\/9303"}],"wp:attachment":[{"href":"https:\/\/oriamendi.eus\/es\/wp-json\/wp\/v2\/media?parent=9298"}],"wp:term":[{"taxonomy":"category","embeddable":true,"href":"https:\/\/oriamendi.eus\/es\/wp-json\/wp\/v2\/categories?post=9298"},{"taxonomy":"post_tag","embeddable":true,"href":"https:\/\/oriamendi.eus\/es\/wp-json\/wp\/v2\/tags?post=9298"}],"curies":[{"name":"wp","href":"https:\/\/api.w.org\/{rel}","templated":true}]}}