                                        
                                        
                                        
                                        
                                        
                                        
                                        
                                        
                                        
                                        
                                        
                                        
                                        
                                        
                                        
                                        
                                        
                                        
{"id":9296,"date":"2025-10-07T19:52:30","date_gmt":"2025-10-07T17:52:30","guid":{"rendered":"https:\/\/oriamendi.eus\/?p=9296"},"modified":"2025-10-07T19:52:30","modified_gmt":"2025-10-07T17:52:30","slug":"el-gross-erremonte-jaialdia-llenara-galarreta-de-emocion-musica-y-sabor-este-sabado","status":"publish","type":"post","link":"https:\/\/oriamendi.eus\/es\/2025\/10\/07\/el-gross-erremonte-jaialdia-llenara-galarreta-de-emocion-musica-y-sabor-este-sabado\/","title":{"rendered":"El GROSS ERREMONTE JAIALDIA llenar\u00e1 Galarreta de emoci\u00f3n, m\u00fasica y sabor este s\u00e1bado"},"content":{"rendered":"<p style=\"font-weight: 400\">Esta tarde, a las 18:00 horas, se ha presentado en el front\u00f3n\u00a0<strong>Galarreta Jai Alai<\/strong>\u00a0una nueva edici\u00f3n del\u00a0<strong>Gross Erremonte Jaialdia<\/strong>, en la que se han dado a conocer todas las novedades del\u00a0<strong>campeonato express<\/strong>\u00a0que se celebrar\u00e1 este s\u00e1bado en el mismo recinto.<\/p>\n<p style=\"font-weight: 400\">En la mesa de presentaci\u00f3n han participado\u00a0<strong>Andoni Gald\u00f3s<\/strong>, representante de la cervecera GROSS y patrocinador principal del evento;\u00a0<strong>Xabier Gonz\u00e1lez<\/strong>, gerente de la empresa Oriamendi; y\u00a0<strong>Aritz Juanenea<\/strong>, actual campe\u00f3n del Campeonato Individual de Remonte.<\/p>\n<p style=\"font-weight: 400\">De pie, acompa\u00f1ando a los ponentes, se encontraban los pelotaris\u00a0<strong>Endika Barrenetxea<\/strong>, <strong>Aimar Jabalera, Iv\u00e1n Larra\u00f1aga, Ander Goikoetxea<\/strong>y\u00a0<strong>Kemen Aldabe<\/strong>, protagonistas del torneo de este fin de semana.<\/p>\n<p style=\"font-weight: 400\"><strong>Un campeonato express para disfrutar en un solo d\u00eda:<\/strong><\/p>\n<p style=\"font-weight: 400\">El gerente de Oriamendi,\u00a0<strong>Xabier Gonz\u00e1lez<\/strong>, explic\u00f3 los detalles del formato express, destacando que se disputar\u00e1\u00a0<strong>en una sola jornada<\/strong>, con\u00a0<strong>dos semifinales y una final<\/strong>. Las puertas del front\u00f3n se abrir\u00e1n a las\u00a0<strong>16:00 horas<\/strong>, y los partidos comenzar\u00e1n a partir de las\u00a0<strong>17:00 horas<\/strong>.<\/p>\n<p style=\"font-weight: 400\">La primera semifinal enfrentar\u00e1 a\u00a0<strong>Jabalera y Barrenetxea IV<\/strong>\u00a0contra\u00a0<strong>Goikoetxea V y Larra\u00f1aga<\/strong>. Los vencedores obtendr\u00e1n el primer billete a la gran final.<br \/>\nLa segunda semifinal, por su parte, medir\u00e1 a\u00a0<strong>Aldabe y Juanenea<\/strong>\u00a0frente a los campeones de la pasada edici\u00f3n de Gross,\u00a0<strong>Ezkurra II y Azpiroz<\/strong>. Los ganadores ser\u00e1n los segundos finalistas del d\u00eda.<\/p>\n<p style=\"font-weight: 400\">Los partidos se jugar\u00e1n en\u00a0<strong>formato de sets<\/strong>, con dos primeros sets a\u00a0<strong>10 tantos<\/strong>\u00a0y, en caso de empate, un\u00a0<strong>tercer set de desempate<\/strong>\u00a0a\u00a0<strong>5 tantos<\/strong>.<\/p>\n<p style=\"font-weight: 400\"><strong>Cerveza, m\u00fasica y un ambiente festivo:<\/strong><\/p>\n<p style=\"font-weight: 400\">A continuaci\u00f3n,\u00a0<strong>Andoni Gald\u00f3s<\/strong>, fundador de GROSS, ha tomado la palabra para detallar el programa festivo paralelo al campeonato. Seg\u00fan explic\u00f3, \u201cel Gross Erremonte Jaialdia va mucho m\u00e1s all\u00e1 del remonte: es una fiesta cultural, gastron\u00f3mica y musical que queremos que todos disfruten\u201d.<\/p>\n<p style=\"font-weight: 400\">Durante la tarde se celebrar\u00e1n\u00a0<strong>sorteos y sorpresas<\/strong>, y junto a GROSS participar\u00e1n otras cerveceras invitadas como\u00a0<strong>Baga Biga, Meta Edabeak<\/strong>\u00a0y\u00a0<strong>Pagoa<\/strong>.<br \/>\nTras los partidos \u2014que finalizar\u00e1n sobre las 20:00 horas\u2014 se instalar\u00e1n\u00a0<strong>food trucks<\/strong>\u00a0para ofrecer cena a quienes deseen quedarse, y a partir de las\u00a0<strong>21:00 horas<\/strong>\u00a0comenzar\u00e1 la\u00a0<strong>sesi\u00f3n de DJs<\/strong>, que animar\u00e1 el ambiente hasta la medianoche.<br \/>\nGald\u00f3s adelant\u00f3 adem\u00e1s que \u201cdurante la velada habr\u00e1 una peque\u00f1a sorpresa espectacular\u201d.<\/p>\n<p style=\"font-weight: 400\"><strong>Juanenea: \u201cEste torneo llega en el mejor momento\u201d<\/strong><\/p>\n<p style=\"font-weight: 400\">El actual campe\u00f3n individual,\u00a0<strong>Aritz Juanenea<\/strong>, destac\u00f3 que este formato llega en un momento perfecto para los pelotaris:<\/p>\n<p style=\"font-weight: 400\">\u201cEste torneo express se juega en el mejor momento del a\u00f1o. Venimos con mucho ritmo del campeonato individual y el de parejas est\u00e1 a punto de comenzar. Todos llegamos en plena forma y con muchas ganas. El nivel ser\u00e1 alt\u00edsimo y ser\u00e1 muy dif\u00edcil ganar.\u201d<\/p>\n<p style=\"font-weight: 400\"><strong>Entradas y detalles del evento<\/strong><\/p>\n<p style=\"font-weight: 400\">Por \u00faltimo,\u00a0<strong>Xabier Gonz\u00e1lez<\/strong>\u00a0record\u00f3 que las entradas ya est\u00e1n a la venta en la web oficial\u00a0<strong><a href=\"http:\/\/www.oriamendi.eus\/\" data-ogsc=\"\">www.oriamendi.eus<\/a>\u00a0y tambi\u00e9n podr\u00e1n adquirirse en taquilla el mismo s\u00e1bado.<\/strong><\/p>\n<p style=\"font-weight: 400\">\u201cEl Gross Erremonte Jaialdia no es solo deporte, es una experiencia completa que combina remonte, m\u00fasica y gastronom\u00eda. En Oriamendi nos encanta organizar este tipo de eventos, diferentes, actuales y muy atractivos para el p\u00fablico que todav\u00eda no conoce el remonte.\u201d<\/p>\n<p style=\"font-weight: 400\">\ud83c\udf9f\ufe0f\u00a0<strong>Entradas e informaci\u00f3n completa:<\/strong>\u00a0<a href=\"http:\/\/www.oriamendi.eus\/\" data-ogsc=\"\">www.oriamendi.eus<\/a><\/p>\n","protected":false},"excerpt":{"rendered":"<p>Esta tarde, a las 18:00 horas, se ha presentado en el front\u00f3n\u00a0Galarreta Jai Alai\u00a0una nueva edici\u00f3n del\u00a0Gross Erremonte Jaialdia, en la que se han dado a conocer todas las novedades del\u00a0campeonato express\u00a0que se celebrar\u00e1 este s\u00e1bado en el mismo recinto. En la mesa de presentaci\u00f3n han participado\u00a0Andoni Gald\u00f3s, representante de la cervecera GROSS y patrocinador [&hellip;]<\/p>\n","protected":false},"author":3,"featured_media":9294,"comment_status":"closed","ping_status":"open","sticky":false,"template":"","format":"standard","meta":{"_et_pb_use_builder":"","_et_pb_old_content":"","_et_gb_content_width":"","footnotes":""},"categories":[1],"tags":[],"yoast_head":"<!-- This site is optimized with the Yoast SEO plugin v21.8 - https:\/\/yoast.com\/wordpress\/plugins\/seo\/ -->\n<title>El GROSS ERREMONTE JAIALDIA llenar\u00e1 Galarreta de emoci\u00f3n, m\u00fasica y sabor este s\u00e1bado | Oriamendi 2010<\/title>\n<meta name=\"robots\" content=\"index, follow, max-snippet:-1, max-image-preview:large, max-video-preview:-1\" \/>\n<link rel=\"canonical\" href=\"https:\/\/oriamendi.eus\/es\/2025\/10\/07\/el-gross-erremonte-jaialdia-llenara-galarreta-de-emocion-musica-y-sabor-este-sabado\/\" \/>\n<meta property=\"og:locale\" content=\"es_ES\" \/>\n<meta property=\"og:type\" content=\"article\" \/>\n<meta property=\"og:title\" content=\"El GROSS ERREMONTE JAIALDIA llenar\u00e1 Galarreta de emoci\u00f3n, m\u00fasica y sabor este s\u00e1bado | Oriamendi 2010\" \/>\n<meta property=\"og:description\" content=\"Esta tarde, a las 18:00 horas, se ha presentado en el front\u00f3n\u00a0Galarreta Jai Alai\u00a0una nueva edici\u00f3n del\u00a0Gross Erremonte Jaialdia, en la que se han dado a conocer todas las novedades del\u00a0campeonato express\u00a0que se celebrar\u00e1 este s\u00e1bado en el mismo recinto. En la mesa de presentaci\u00f3n han participado\u00a0Andoni Gald\u00f3s, representante de la cervecera GROSS y patrocinador [&hellip;]\" \/>\n<meta property=\"og:url\" content=\"https:\/\/oriamendi.eus\/es\/2025\/10\/07\/el-gross-erremonte-jaialdia-llenara-galarreta-de-emocion-musica-y-sabor-este-sabado\/\" \/>\n<meta property=\"og:site_name\" content=\"Oriamendi 2010\" \/>\n<meta property=\"article:publisher\" content=\"https:\/\/www.facebook.com\/oriamendi2010remonte\/\" \/>\n<meta property=\"article:published_time\" content=\"2025-10-07T17:52:30+00:00\" \/>\n<meta property=\"og:image\" content=\"https:\/\/oriamendi.eus\/wp-content\/uploads\/2025\/10\/52A0143.jpg\" \/>\n\t<meta property=\"og:image:width\" content=\"1200\" \/>\n\t<meta property=\"og:image:height\" content=\"800\" \/>\n\t<meta property=\"og:image:type\" content=\"image\/jpeg\" \/>\n<meta name=\"author\" content=\"Endika Barrenetxea\" \/>\n<meta name=\"twitter:card\" content=\"summary_large_image\" \/>\n<meta name=\"twitter:creator\" content=\"@oriamendi2010\" \/>\n<meta name=\"twitter:site\" content=\"@oriamendi2010\" \/>\n<meta name=\"twitter:label1\" content=\"Escrito por\" \/>\n\t<meta name=\"twitter:data1\" content=\"Endika Barrenetxea\" \/>\n\t<meta name=\"twitter:label2\" content=\"Tiempo de lectura\" \/>\n\t<meta name=\"twitter:data2\" content=\"3 minutos\" \/>\n<script type=\"application\/ld+json\" class=\"yoast-schema-graph\">{\"@context\":\"https:\/\/schema.org\",\"@graph\":[{\"@type\":\"Article\",\"@id\":\"https:\/\/oriamendi.eus\/es\/2025\/10\/07\/el-gross-erremonte-jaialdia-llenara-galarreta-de-emocion-musica-y-sabor-este-sabado\/#article\",\"isPartOf\":{\"@id\":\"https:\/\/oriamendi.eus\/es\/2025\/10\/07\/el-gross-erremonte-jaialdia-llenara-galarreta-de-emocion-musica-y-sabor-este-sabado\/\"},\"author\":{\"name\":\"Endika Barrenetxea\",\"@id\":\"https:\/\/oriamendi.eus\/es\/#\/schema\/person\/d50c13df7440d84706fe7d03941cc92f\"},\"headline\":\"El GROSS ERREMONTE JAIALDIA llenar\u00e1 Galarreta de emoci\u00f3n, m\u00fasica y sabor este s\u00e1bado\",\"datePublished\":\"2025-10-07T17:52:30+00:00\",\"dateModified\":\"2025-10-07T17:52:30+00:00\",\"mainEntityOfPage\":{\"@id\":\"https:\/\/oriamendi.eus\/es\/2025\/10\/07\/el-gross-erremonte-jaialdia-llenara-galarreta-de-emocion-musica-y-sabor-este-sabado\/\"},\"wordCount\":583,\"publisher\":{\"@id\":\"https:\/\/oriamendi.eus\/es\/#organization\"},\"articleSection\":[\"Sin categorizar\"],\"inLanguage\":\"es\"},{\"@type\":\"WebPage\",\"@id\":\"https:\/\/oriamendi.eus\/es\/2025\/10\/07\/el-gross-erremonte-jaialdia-llenara-galarreta-de-emocion-musica-y-sabor-este-sabado\/\",\"url\":\"https:\/\/oriamendi.eus\/es\/2025\/10\/07\/el-gross-erremonte-jaialdia-llenara-galarreta-de-emocion-musica-y-sabor-este-sabado\/\",\"name\":\"El GROSS ERREMONTE JAIALDIA llenar\u00e1 Galarreta de emoci\u00f3n, m\u00fasica y sabor este s\u00e1bado | Oriamendi 2010\",\"isPartOf\":{\"@id\":\"https:\/\/oriamendi.eus\/es\/#website\"},\"datePublished\":\"2025-10-07T17:52:30+00:00\",\"dateModified\":\"2025-10-07T17:52:30+00:00\",\"breadcrumb\":{\"@id\":\"https:\/\/oriamendi.eus\/es\/2025\/10\/07\/el-gross-erremonte-jaialdia-llenara-galarreta-de-emocion-musica-y-sabor-este-sabado\/#breadcrumb\"},\"inLanguage\":\"es\",\"potentialAction\":[{\"@type\":\"ReadAction\",\"target\":[\"https:\/\/oriamendi.eus\/es\/2025\/10\/07\/el-gross-erremonte-jaialdia-llenara-galarreta-de-emocion-musica-y-sabor-este-sabado\/\"]}]},{\"@type\":\"BreadcrumbList\",\"@id\":\"https:\/\/oriamendi.eus\/es\/2025\/10\/07\/el-gross-erremonte-jaialdia-llenara-galarreta-de-emocion-musica-y-sabor-este-sabado\/#breadcrumb\",\"itemListElement\":[{\"@type\":\"ListItem\",\"position\":1,\"name\":\"Portada\",\"item\":\"https:\/\/oriamendi.eus\/es\/\"},{\"@type\":\"ListItem\",\"position\":2,\"name\":\"El GROSS ERREMONTE JAIALDIA llenar\u00e1 Galarreta de emoci\u00f3n, m\u00fasica y sabor este s\u00e1bado\"}]},{\"@type\":\"WebSite\",\"@id\":\"https:\/\/oriamendi.eus\/es\/#website\",\"url\":\"https:\/\/oriamendi.eus\/es\/\",\"name\":\"Oriamendi\",\"description\":\"Remonte en Galarreta. Hernani. Gipuzkoa\",\"publisher\":{\"@id\":\"https:\/\/oriamendi.eus\/es\/#organization\"},\"potentialAction\":[{\"@type\":\"SearchAction\",\"target\":{\"@type\":\"EntryPoint\",\"urlTemplate\":\"https:\/\/oriamendi.eus\/es\/?s={search_term_string}\"},\"query-input\":\"required name=search_term_string\"}],\"inLanguage\":\"es\"},{\"@type\":\"Organization\",\"@id\":\"https:\/\/oriamendi.eus\/es\/#organization\",\"name\":\"Oriamendi\",\"url\":\"https:\/\/oriamendi.eus\/es\/\",\"logo\":{\"@type\":\"ImageObject\",\"inLanguage\":\"es\",\"@id\":\"https:\/\/oriamendi.eus\/es\/#\/schema\/logo\/image\/\",\"url\":\"https:\/\/oriamendi.eus\/wp-content\/uploads\/2020\/06\/logo-oriamendi.png\",\"contentUrl\":\"https:\/\/oriamendi.eus\/wp-content\/uploads\/2020\/06\/logo-oriamendi.png\",\"width\":300,\"height\":90,\"caption\":\"Oriamendi\"},\"image\":{\"@id\":\"https:\/\/oriamendi.eus\/es\/#\/schema\/logo\/image\/\"},\"sameAs\":[\"https:\/\/www.facebook.com\/oriamendi2010remonte\/\",\"https:\/\/twitter.com\/oriamendi2010\",\"https:\/\/www.instagram.com\/galarretajaialai\/\",\"https:\/\/www.youtube.com\/channel\/UC8gVNzQqB1iwnC-_rI-ihmA\/featured\"]},{\"@type\":\"Person\",\"@id\":\"https:\/\/oriamendi.eus\/es\/#\/schema\/person\/d50c13df7440d84706fe7d03941cc92f\",\"name\":\"Endika Barrenetxea\",\"image\":{\"@type\":\"ImageObject\",\"inLanguage\":\"es\",\"@id\":\"https:\/\/oriamendi.eus\/es\/#\/schema\/person\/image\/\",\"url\":\"https:\/\/secure.gravatar.com\/avatar\/26a16205d858e579d56d8adc8addd712?s=96&d=mm&r=g\",\"contentUrl\":\"https:\/\/secure.gravatar.com\/avatar\/26a16205d858e579d56d8adc8addd712?s=96&d=mm&r=g\",\"caption\":\"Endika Barrenetxea\"},\"url\":\"https:\/\/oriamendi.eus\/es\/author\/om-kudeaketa\/\"}]}<\/script>\n<!-- \/ Yoast SEO plugin. -->","yoast_head_json":{"title":"El GROSS ERREMONTE JAIALDIA llenar\u00e1 Galarreta de emoci\u00f3n, m\u00fasica y sabor este s\u00e1bado | Oriamendi 2010","robots":{"index":"index","follow":"follow","max-snippet":"max-snippet:-1","max-image-preview":"max-image-preview:large","max-video-preview":"max-video-preview:-1"},"canonical":"https:\/\/oriamendi.eus\/es\/2025\/10\/07\/el-gross-erremonte-jaialdia-llenara-galarreta-de-emocion-musica-y-sabor-este-sabado\/","og_locale":"es_ES","og_type":"article","og_title":"El GROSS ERREMONTE JAIALDIA llenar\u00e1 Galarreta de emoci\u00f3n, m\u00fasica y sabor este s\u00e1bado | Oriamendi 2010","og_description":"Esta tarde, a las 18:00 horas, se ha presentado en el front\u00f3n\u00a0Galarreta Jai Alai\u00a0una nueva edici\u00f3n del\u00a0Gross Erremonte Jaialdia, en la que se han dado a conocer todas las novedades del\u00a0campeonato express\u00a0que se celebrar\u00e1 este s\u00e1bado en el mismo recinto. En la mesa de presentaci\u00f3n han participado\u00a0Andoni Gald\u00f3s, representante de la cervecera GROSS y patrocinador [&hellip;]","og_url":"https:\/\/oriamendi.eus\/es\/2025\/10\/07\/el-gross-erremonte-jaialdia-llenara-galarreta-de-emocion-musica-y-sabor-este-sabado\/","og_site_name":"Oriamendi 2010","article_publisher":"https:\/\/www.facebook.com\/oriamendi2010remonte\/","article_published_time":"2025-10-07T17:52:30+00:00","og_image":[{"width":1200,"height":800,"url":"https:\/\/oriamendi.eus\/wp-content\/uploads\/2025\/10\/52A0143.jpg","type":"image\/jpeg"}],"author":"Endika Barrenetxea","twitter_card":"summary_large_image","twitter_creator":"@oriamendi2010","twitter_site":"@oriamendi2010","twitter_misc":{"Escrito por":"Endika Barrenetxea","Tiempo de lectura":"3 minutos"},"schema":{"@context":"https:\/\/schema.org","@graph":[{"@type":"Article","@id":"https:\/\/oriamendi.eus\/es\/2025\/10\/07\/el-gross-erremonte-jaialdia-llenara-galarreta-de-emocion-musica-y-sabor-este-sabado\/#article","isPartOf":{"@id":"https:\/\/oriamendi.eus\/es\/2025\/10\/07\/el-gross-erremonte-jaialdia-llenara-galarreta-de-emocion-musica-y-sabor-este-sabado\/"},"author":{"name":"Endika Barrenetxea","@id":"https:\/\/oriamendi.eus\/es\/#\/schema\/person\/d50c13df7440d84706fe7d03941cc92f"},"headline":"El GROSS ERREMONTE JAIALDIA llenar\u00e1 Galarreta de emoci\u00f3n, m\u00fasica y sabor este s\u00e1bado","datePublished":"2025-10-07T17:52:30+00:00","dateModified":"2025-10-07T17:52:30+00:00","mainEntityOfPage":{"@id":"https:\/\/oriamendi.eus\/es\/2025\/10\/07\/el-gross-erremonte-jaialdia-llenara-galarreta-de-emocion-musica-y-sabor-este-sabado\/"},"wordCount":583,"publisher":{"@id":"https:\/\/oriamendi.eus\/es\/#organization"},"articleSection":["Sin categorizar"],"inLanguage":"es"},{"@type":"WebPage","@id":"https:\/\/oriamendi.eus\/es\/2025\/10\/07\/el-gross-erremonte-jaialdia-llenara-galarreta-de-emocion-musica-y-sabor-este-sabado\/","url":"https:\/\/oriamendi.eus\/es\/2025\/10\/07\/el-gross-erremonte-jaialdia-llenara-galarreta-de-emocion-musica-y-sabor-este-sabado\/","name":"El GROSS ERREMONTE JAIALDIA llenar\u00e1 Galarreta de emoci\u00f3n, m\u00fasica y sabor este s\u00e1bado | Oriamendi 2010","isPartOf":{"@id":"https:\/\/oriamendi.eus\/es\/#website"},"datePublished":"2025-10-07T17:52:30+00:00","dateModified":"2025-10-07T17:52:30+00:00","breadcrumb":{"@id":"https:\/\/oriamendi.eus\/es\/2025\/10\/07\/el-gross-erremonte-jaialdia-llenara-galarreta-de-emocion-musica-y-sabor-este-sabado\/#breadcrumb"},"inLanguage":"es","potentialAction":[{"@type":"ReadAction","target":["https:\/\/oriamendi.eus\/es\/2025\/10\/07\/el-gross-erremonte-jaialdia-llenara-galarreta-de-emocion-musica-y-sabor-este-sabado\/"]}]},{"@type":"BreadcrumbList","@id":"https:\/\/oriamendi.eus\/es\/2025\/10\/07\/el-gross-erremonte-jaialdia-llenara-galarreta-de-emocion-musica-y-sabor-este-sabado\/#breadcrumb","itemListElement":[{"@type":"ListItem","position":1,"name":"Portada","item":"https:\/\/oriamendi.eus\/es\/"},{"@type":"ListItem","position":2,"name":"El GROSS ERREMONTE JAIALDIA llenar\u00e1 Galarreta de emoci\u00f3n, m\u00fasica y sabor este s\u00e1bado"}]},{"@type":"WebSite","@id":"https:\/\/oriamendi.eus\/es\/#website","url":"https:\/\/oriamendi.eus\/es\/","name":"Oriamendi","description":"Remonte en Galarreta. Hernani. Gipuzkoa","publisher":{"@id":"https:\/\/oriamendi.eus\/es\/#organization"},"potentialAction":[{"@type":"SearchAction","target":{"@type":"EntryPoint","urlTemplate":"https:\/\/oriamendi.eus\/es\/?s={search_term_string}"},"query-input":"required name=search_term_string"}],"inLanguage":"es"},{"@type":"Organization","@id":"https:\/\/oriamendi.eus\/es\/#organization","name":"Oriamendi","url":"https:\/\/oriamendi.eus\/es\/","logo":{"@type":"ImageObject","inLanguage":"es","@id":"https:\/\/oriamendi.eus\/es\/#\/schema\/logo\/image\/","url":"https:\/\/oriamendi.eus\/wp-content\/uploads\/2020\/06\/logo-oriamendi.png","contentUrl":"https:\/\/oriamendi.eus\/wp-content\/uploads\/2020\/06\/logo-oriamendi.png","width":300,"height":90,"caption":"Oriamendi"},"image":{"@id":"https:\/\/oriamendi.eus\/es\/#\/schema\/logo\/image\/"},"sameAs":["https:\/\/www.facebook.com\/oriamendi2010remonte\/","https:\/\/twitter.com\/oriamendi2010","https:\/\/www.instagram.com\/galarretajaialai\/","https:\/\/www.youtube.com\/channel\/UC8gVNzQqB1iwnC-_rI-ihmA\/featured"]},{"@type":"Person","@id":"https:\/\/oriamendi.eus\/es\/#\/schema\/person\/d50c13df7440d84706fe7d03941cc92f","name":"Endika Barrenetxea","image":{"@type":"ImageObject","inLanguage":"es","@id":"https:\/\/oriamendi.eus\/es\/#\/schema\/person\/image\/","url":"https:\/\/secure.gravatar.com\/avatar\/26a16205d858e579d56d8adc8addd712?s=96&d=mm&r=g","contentUrl":"https:\/\/secure.gravatar.com\/avatar\/26a16205d858e579d56d8adc8addd712?s=96&d=mm&r=g","caption":"Endika Barrenetxea"},"url":"https:\/\/oriamendi.eus\/es\/author\/om-kudeaketa\/"}]}},"_links":{"self":[{"href":"https:\/\/oriamendi.eus\/es\/wp-json\/wp\/v2\/posts\/9296"}],"collection":[{"href":"https:\/\/oriamendi.eus\/es\/wp-json\/wp\/v2\/posts"}],"about":[{"href":"https:\/\/oriamendi.eus\/es\/wp-json\/wp\/v2\/types\/post"}],"author":[{"embeddable":true,"href":"https:\/\/oriamendi.eus\/es\/wp-json\/wp\/v2\/users\/3"}],"replies":[{"embeddable":true,"href":"https:\/\/oriamendi.eus\/es\/wp-json\/wp\/v2\/comments?post=9296"}],"version-history":[{"count":1,"href":"https:\/\/oriamendi.eus\/es\/wp-json\/wp\/v2\/posts\/9296\/revisions"}],"predecessor-version":[{"id":9297,"href":"https:\/\/oriamendi.eus\/es\/wp-json\/wp\/v2\/posts\/9296\/revisions\/9297"}],"wp:featuredmedia":[{"embeddable":true,"href":"https:\/\/oriamendi.eus\/es\/wp-json\/wp\/v2\/media\/9294"}],"wp:attachment":[{"href":"https:\/\/oriamendi.eus\/es\/wp-json\/wp\/v2\/media?parent=9296"}],"wp:term":[{"taxonomy":"category","embeddable":true,"href":"https:\/\/oriamendi.eus\/es\/wp-json\/wp\/v2\/categories?post=9296"},{"taxonomy":"post_tag","embeddable":true,"href":"https:\/\/oriamendi.eus\/es\/wp-json\/wp\/v2\/tags?post=9296"}],"curies":[{"name":"wp","href":"https:\/\/api.w.org\/{rel}","templated":true}]}}