                                        
                                        
                                        
                                        
                                        
                                        
                                        
                                        
                                        
                                        
                                        
                                        
                                        
                                        
                                        
                                        
                                        
                                        
{"id":9290,"date":"2025-09-28T11:38:10","date_gmt":"2025-09-28T09:38:10","guid":{"rendered":"https:\/\/oriamendi.eus\/?p=9290"},"modified":"2025-09-28T11:38:10","modified_gmt":"2025-09-28T09:38:10","slug":"juanenea-se-convierte-en-el-17o-campeon-del-torneo-individual-eusko-label","status":"publish","type":"post","link":"https:\/\/oriamendi.eus\/es\/2025\/09\/28\/juanenea-se-convierte-en-el-17o-campeon-del-torneo-individual-eusko-label\/","title":{"rendered":"Juanenea se convierte en el 17\u00ba campe\u00f3n del Torneo Individual Eusko Label"},"content":{"rendered":"<p><strong>Vence 27-30 en la final a Endika Barrenetxea en un partido muy disputado<\/strong><\/p>\n<p><strong>El de Saldias ha sufrido un tir\u00f3n en el 9-15, pero a\u00fan as\u00ed ha dado la vuelta al dolor<\/strong><\/p>\n<p>Aritz Juanenea se ha convertido en el 17\u00ba gran campe\u00f3n del Torneo individual Eusko Label tras derrotar con todo merecimiento a Barrenetxea IV por 30-27. Es su primera txapela y Endika Barrenetxea no ha podido ganar la tercera. Con todo merecimiento consigui\u00f3 la txapela el zaguero de Saldias. Jug\u00f3 mejor que el zaguero hernaniarra y se cal\u00f3 su su primera txapela de campe\u00f3n individual. Adem\u00e1s, cuando se adelant\u00f3 9-15 Juanenea sufri\u00f3 un tir\u00f3n y a la vuelta a pesar de que Barrenetxea se adelant\u00f3 19-17, el zaguero navarro no se resinti\u00f3 y pudo remontar el percance.<\/p>\n<p>Comenz\u00f3 mejor el partido Juanenea. Se adelant\u00f3 0-3 y a pesar de que Barrenetxea empat\u00f3 a seis, tras un parcial de 0-6 Juanenea se adelant\u00f3 por 6-12. Para entonces el hernaniarra ya hab\u00eda cometido seis errores y el rival jugaba muy serio, mejor en el resto y en el saque. En el peloteo hab\u00eda m\u00e1s igualdad, pero los errores perjudicaron a Barrenetxea.<\/p>\n<p>La mayor ventaja del partido fue de 7-14 a favor del navarro. El de Saldias estaba en su mejor momento, pero en el 9-14 sufri\u00f3 un tir\u00f3n en la pierna derecha y se fue al vestuario. Se le notaba que estaba con molestias de vuelta, aunque sigui\u00f3 metido en el partido.<\/p>\n<p>Endika Barrenetxea comenz\u00f3 a apretar con el saque y gracias a ello fue reduciendo la desventaja. Adem\u00e1s, Juanenea todav\u00eda estaba fr\u00edo y pas\u00f3 del 9-15 al 19-17 para el hernaniarra. Parec\u00eda que el partido iba a caer de su lado. Sin embargo, Juanenea no quer\u00eda rendirse. Sac\u00f3 fuerzas y cuando se calent\u00f3 el m\u00fasculo, la lesi\u00f3n no le molestaba tanto y sac\u00f3 lo mejor de s\u00ed mismo. Empat\u00f3 a 20 y se puso 22-24 por delante. Para entonces estaba claro que la final se iba a decidir en los \u00faltimos tantos. Empataron a 25, a 26 y a 27 y los \u00faltimos cuatro tantos fueron a favor de Juanenea. Rebote\u00f3 de maravilla y Barrenetxea no pudo con Juanenea. El 27-30 reflej\u00f3 lo que se vio en la cancha.<\/p>\n<p><img fetchpriority=\"high\" fetchpriority=\"high\" decoding=\"async\" class=\"alignnone size-medium wp-image-9278\" src=\"https:\/\/oriamendi.eus\/wp-content\/uploads\/2025\/09\/IMG_20250927_191909_2000_x_1333_pixel-300x200.jpg\" alt=\"\" width=\"300\" height=\"200\" \/><\/p>\n<p>Juanenea hizo 19 tantos en el peloteo y cinco de saque. Cometi\u00f3 muy pocos errores, s\u00f3lo uno en el saque y dos en el peloteo. Endika Barrenetxea hizo 18 tantos en el peloteo. Logr\u00f3 seis de saque, pero cometi\u00f3 dos faltas y cometi\u00f3 cuatro errores en el peloteo. Adem\u00e1s hubo tres errores de resto al saque de Juanenea.<\/p>\n<p>Se vio un partido muy disputado, muy igualado todo el tiempo y a pesar de no tener muchos peloteos los dos pelotaris lo dieron todo en la cancha. Ofrecieron un gran espect\u00e1culo.<\/p>\n<p>El partido dur\u00f3 una hora y diez minutos.<\/p>\n<p><strong>MARCADOR:<\/strong> 0-3, 2-3, 2-4, 3-4, 3-5, 5-5, 5-6, 6-6, 6-12, 7-12, 7-14, 9-14, 9-15, 13-15, 13-16, 14-17, 19-17, 19-18, 20-18, 20-20, 22-20, 22-24, 23-24, 23-25, 26-25, 26-26, 27-26, 27-30<\/p>\n<p><img decoding=\"async\" class=\"alignnone size-medium wp-image-9280\" src=\"https:\/\/oriamendi.eus\/wp-content\/uploads\/2025\/09\/IMG_20250927_191851_2000_x_1333_pixel-300x200.jpg\" alt=\"\" width=\"300\" height=\"200\" \/><\/p>\n<p><strong>Aritz Juanenea<\/strong><\/p>\n<p><strong>\u00abUn amigo me ha dicho que estamos orgullosos de ti y eso ha sido gasolina para m\u00ed\u00bb<\/strong><\/p>\n<p>Aritz Juanenea se mostr\u00f3 sinceramente satisfecho ante los medios de comunicaci\u00f3n tras finalizar el partido. \u00abPara m\u00ed ha sido impresionante. He afrontado de forma diferente la final en comparaci\u00f3n a hace dos a\u00f1os y el cuerpo se sent\u00eda muy bien. En el 15-9 tambi\u00e9n me he lesionado y he sufrido much\u00edsimo para seguir adelante. Ha sido un d\u00eda redondo y he salido a la cancha con toda la confianza. En el juego he conseguido hacer da\u00f1o en el rebote y esa ha sido una de las claves. Cuando Barrenetxea me ha adelantado ve\u00eda perdida la final, pero desde la grada un amigo ha dicho \u00abestamos orgullosos de ti\u00bb y eso ha sido gasolina para m\u00ed. Psicol\u00f3gicamente me he venido arriba. Estoy muy orgulloso del partido que he hecho. El trabajo que ha realizado Aimar Jabalera tambi\u00e9n es digno de menci\u00f3n como botillero, de agradecer. Una vez ganado me he quitado peso de encima, notaba la presi\u00f3n, pero ahora me siento m\u00e1s ligero. Quiero dedicar la txapela sobre todo a mi difunto padre, que despu\u00e9s de ver el debut no vio m\u00e1s partidos. Dedico la txapela a mi familia, a mi mujer, a mi hija, a Naroa, a Ainara, a Unai&#8230; a todos. Me gustar\u00eda mencionar tambi\u00e9n la elegancia de Endika, que si estamos aqu\u00ed es tambi\u00e9n gracias a \u00e9l, siempre act\u00faa como un gran hombre\u00bb<\/p>\n<p><img decoding=\"async\" class=\"alignnone size-medium wp-image-9282\" src=\"https:\/\/oriamendi.eus\/wp-content\/uploads\/2025\/09\/IMG_20250927_191629_2000_x_1333_pixel-300x200.jpg\" alt=\"\" width=\"300\" height=\"200\" \/><\/p>\n<p>&nbsp;<\/p>\n<p><strong>Endika Barrenetxea<\/strong><\/p>\n<p><strong>\u00abAritz ha jugado mejor\u00bb<\/strong><\/p>\n<p>Endika Barrenetxea ten\u00eda claro que no hab\u00eda tenido su mejor d\u00eda. \u00abAritz ha jugado mejor. He estado enganchado y a medida que ha ido avanzando el partido me he sentido peor. Ha acertado m\u00e1s \u00e9l y yo no he hecho mi trabajo. Aunque me he puesto por delante y \u00e9l no estaba bien en ese momento no me he visto con la txapela en mi cabeza. Me acerqu\u00e9 no por mi juego. Ha venido fr\u00edo del par\u00f3n, pero cuando se ha calentado ha vuelto a estar mejor. Ha reboteado muy bien \u00ab.<\/p>\n<p>&nbsp;<\/p>\n<p>&nbsp;<\/p>\n<div><b>PALMAR\u00c9S<\/p>\n<p>A\u00d1O CAMPE\u00d3N-SUBCAMPE\u00d3N<br \/>\n<\/b><br \/>\n1944 \u00c1BREGO-SALSAMENDI<br \/>\n1952 ARESO<br \/>\n1981 INTXAUSPE-ZESTAU<br \/>\n1986 AGERRE-INTXAUSPE<br \/>\n1987 INTXAUSPE-MUJIKA I<br \/>\n1988 MUJICA I-AIZPURU<br \/>\n1989 MATXIN II-INTXAUSPE<br \/>\n1990 MATXIN II-MUJIKA I<br \/>\n1991 MUJICA I-ELIZALDE<br \/>\n1992 MATXIN II-MUJIKA I<br \/>\n1993 AIZPURU-AGERRE<br \/>\n1994 MATXIN II-AIZPURU<br \/>\n1995 EZKURRA-AIZPURU<br \/>\n1996 EZKURRA-EIZAGIRRE<br \/>\n1997 EZKURRA-EIZAGIRRE<br \/>\n1998 EZKURRA-LIZASO<br \/>\n1999 EZKURRA-EIZAGIRRE<br \/>\n2000 LIZASO-EZKURRA<br \/>\n2001 EZKURRA-LIZASO<br \/>\n2002 EZKURRA-ZEBERIO II<br \/>\n2003 EIZAGIRRE-EZKURRA<br \/>\n2004 EZKURRA-LIZASO<br \/>\n2005 EZKURRA-LIZASO<br \/>\n2006 ZEBERIO II-URRUTIA I<br \/>\n2007 ZEBERIO II-EZKURRA<br \/>\n2008 URRUTIA I-ZEBERIO II<br \/>\n2009 URRUTIA I-ZEBERIO II<br \/>\n2010 EZKURRA-SAN MIGUEL<br \/>\n2011 EZKURRA-URRUTIA I<br \/>\n2012 URRIZA-ZEBERIO II<br \/>\n2013 URRIZA-SAN MIGUEL<br \/>\n2014 SAN MIGUEL-URRIZA<br \/>\n2015 URRIZA-UTERGA<br \/>\n2016 URRIZA-BARRENETXEA IV<br \/>\n2017 URRIZA-UTERGA<br \/>\n2018 URRIZA-UTERGA<br \/>\n2019 BARRENETXEA IV-URRIZA<br \/>\n2020 URRIZA-ENDIKA<br \/>\n2021 BARRENETXEA IV-URRIZA<br \/>\n2022 URRIZA-BARRENETXEA IV<br \/>\n2023 ANSA II-JUANENEA<br \/>\n2024 ANSA II-BARRENETXEA IV<\/div>\n<div>2025 JUANENEA-BARRENETXEA IV<\/div>\n","protected":false},"excerpt":{"rendered":"<p>Vence 27-30 en la final a Endika Barrenetxea en un partido muy disputado El de Saldias ha sufrido un tir\u00f3n en el 9-15, pero a\u00fan as\u00ed ha dado la vuelta al dolor Aritz Juanenea se ha convertido en el 17\u00ba gran campe\u00f3n del Torneo individual Eusko Label tras derrotar con todo merecimiento a Barrenetxea IV [&hellip;]<\/p>\n","protected":false},"author":5,"featured_media":9276,"comment_status":"closed","ping_status":"open","sticky":false,"template":"","format":"standard","meta":{"_et_pb_use_builder":"","_et_pb_old_content":"","_et_gb_content_width":"","footnotes":""},"categories":[1],"tags":[],"yoast_head":"<!-- This site is optimized with the Yoast SEO plugin v21.8 - https:\/\/yoast.com\/wordpress\/plugins\/seo\/ -->\n<title>Juanenea se convierte en el 17\u00ba campe\u00f3n del Torneo Individual Eusko Label | Oriamendi 2010<\/title>\n<meta name=\"robots\" content=\"index, follow, max-snippet:-1, max-image-preview:large, max-video-preview:-1\" \/>\n<link rel=\"canonical\" href=\"https:\/\/oriamendi.eus\/es\/2025\/09\/28\/juanenea-se-convierte-en-el-17o-campeon-del-torneo-individual-eusko-label\/\" \/>\n<meta property=\"og:locale\" content=\"es_ES\" \/>\n<meta property=\"og:type\" content=\"article\" \/>\n<meta property=\"og:title\" content=\"Juanenea se convierte en el 17\u00ba campe\u00f3n del Torneo Individual Eusko Label | Oriamendi 2010\" \/>\n<meta property=\"og:description\" content=\"Vence 27-30 en la final a Endika Barrenetxea en un partido muy disputado El de Saldias ha sufrido un tir\u00f3n en el 9-15, pero a\u00fan as\u00ed ha dado la vuelta al dolor Aritz Juanenea se ha convertido en el 17\u00ba gran campe\u00f3n del Torneo individual Eusko Label tras derrotar con todo merecimiento a Barrenetxea IV [&hellip;]\" \/>\n<meta property=\"og:url\" content=\"https:\/\/oriamendi.eus\/es\/2025\/09\/28\/juanenea-se-convierte-en-el-17o-campeon-del-torneo-individual-eusko-label\/\" \/>\n<meta property=\"og:site_name\" content=\"Oriamendi 2010\" \/>\n<meta property=\"article:publisher\" content=\"https:\/\/www.facebook.com\/oriamendi2010remonte\/\" \/>\n<meta property=\"article:published_time\" content=\"2025-09-28T09:38:10+00:00\" \/>\n<meta property=\"og:image\" content=\"https:\/\/oriamendi.eus\/wp-content\/uploads\/2025\/09\/IMG_20250927_191644_2000_x_1333_pixel-1.jpg\" \/>\n\t<meta property=\"og:image:width\" content=\"1200\" \/>\n\t<meta property=\"og:image:height\" content=\"800\" \/>\n\t<meta property=\"og:image:type\" content=\"image\/jpeg\" \/>\n<meta name=\"author\" content=\"I\u00f1igo Go\u00f1i\" \/>\n<meta name=\"twitter:card\" content=\"summary_large_image\" \/>\n<meta name=\"twitter:creator\" content=\"@oriamendi2010\" \/>\n<meta name=\"twitter:site\" content=\"@oriamendi2010\" \/>\n<meta name=\"twitter:label1\" content=\"Escrito por\" \/>\n\t<meta name=\"twitter:data1\" content=\"I\u00f1igo Go\u00f1i\" \/>\n\t<meta name=\"twitter:label2\" content=\"Tiempo de lectura\" \/>\n\t<meta name=\"twitter:data2\" content=\"6 minutos\" \/>\n<script type=\"application\/ld+json\" class=\"yoast-schema-graph\">{\"@context\":\"https:\/\/schema.org\",\"@graph\":[{\"@type\":\"Article\",\"@id\":\"https:\/\/oriamendi.eus\/es\/2025\/09\/28\/juanenea-se-convierte-en-el-17o-campeon-del-torneo-individual-eusko-label\/#article\",\"isPartOf\":{\"@id\":\"https:\/\/oriamendi.eus\/es\/2025\/09\/28\/juanenea-se-convierte-en-el-17o-campeon-del-torneo-individual-eusko-label\/\"},\"author\":{\"name\":\"I\u00f1igo Go\u00f1i\",\"@id\":\"https:\/\/oriamendi.eus\/es\/#\/schema\/person\/c0bd06c6c747674306a5c82563e2339a\"},\"headline\":\"Juanenea se convierte en el 17\u00ba campe\u00f3n del Torneo Individual Eusko Label\",\"datePublished\":\"2025-09-28T09:38:10+00:00\",\"dateModified\":\"2025-09-28T09:38:10+00:00\",\"mainEntityOfPage\":{\"@id\":\"https:\/\/oriamendi.eus\/es\/2025\/09\/28\/juanenea-se-convierte-en-el-17o-campeon-del-torneo-individual-eusko-label\/\"},\"wordCount\":971,\"publisher\":{\"@id\":\"https:\/\/oriamendi.eus\/es\/#organization\"},\"articleSection\":[\"Sin categorizar\"],\"inLanguage\":\"es\"},{\"@type\":\"WebPage\",\"@id\":\"https:\/\/oriamendi.eus\/es\/2025\/09\/28\/juanenea-se-convierte-en-el-17o-campeon-del-torneo-individual-eusko-label\/\",\"url\":\"https:\/\/oriamendi.eus\/es\/2025\/09\/28\/juanenea-se-convierte-en-el-17o-campeon-del-torneo-individual-eusko-label\/\",\"name\":\"Juanenea se convierte en el 17\u00ba campe\u00f3n del Torneo Individual Eusko Label | Oriamendi 2010\",\"isPartOf\":{\"@id\":\"https:\/\/oriamendi.eus\/es\/#website\"},\"datePublished\":\"2025-09-28T09:38:10+00:00\",\"dateModified\":\"2025-09-28T09:38:10+00:00\",\"breadcrumb\":{\"@id\":\"https:\/\/oriamendi.eus\/es\/2025\/09\/28\/juanenea-se-convierte-en-el-17o-campeon-del-torneo-individual-eusko-label\/#breadcrumb\"},\"inLanguage\":\"es\",\"potentialAction\":[{\"@type\":\"ReadAction\",\"target\":[\"https:\/\/oriamendi.eus\/es\/2025\/09\/28\/juanenea-se-convierte-en-el-17o-campeon-del-torneo-individual-eusko-label\/\"]}]},{\"@type\":\"BreadcrumbList\",\"@id\":\"https:\/\/oriamendi.eus\/es\/2025\/09\/28\/juanenea-se-convierte-en-el-17o-campeon-del-torneo-individual-eusko-label\/#breadcrumb\",\"itemListElement\":[{\"@type\":\"ListItem\",\"position\":1,\"name\":\"Portada\",\"item\":\"https:\/\/oriamendi.eus\/es\/\"},{\"@type\":\"ListItem\",\"position\":2,\"name\":\"Juanenea se convierte en el 17\u00ba campe\u00f3n del Torneo Individual Eusko Label\"}]},{\"@type\":\"WebSite\",\"@id\":\"https:\/\/oriamendi.eus\/es\/#website\",\"url\":\"https:\/\/oriamendi.eus\/es\/\",\"name\":\"Oriamendi\",\"description\":\"Remonte en Galarreta. Hernani. Gipuzkoa\",\"publisher\":{\"@id\":\"https:\/\/oriamendi.eus\/es\/#organization\"},\"potentialAction\":[{\"@type\":\"SearchAction\",\"target\":{\"@type\":\"EntryPoint\",\"urlTemplate\":\"https:\/\/oriamendi.eus\/es\/?s={search_term_string}\"},\"query-input\":\"required name=search_term_string\"}],\"inLanguage\":\"es\"},{\"@type\":\"Organization\",\"@id\":\"https:\/\/oriamendi.eus\/es\/#organization\",\"name\":\"Oriamendi\",\"url\":\"https:\/\/oriamendi.eus\/es\/\",\"logo\":{\"@type\":\"ImageObject\",\"inLanguage\":\"es\",\"@id\":\"https:\/\/oriamendi.eus\/es\/#\/schema\/logo\/image\/\",\"url\":\"https:\/\/oriamendi.eus\/wp-content\/uploads\/2020\/06\/logo-oriamendi.png\",\"contentUrl\":\"https:\/\/oriamendi.eus\/wp-content\/uploads\/2020\/06\/logo-oriamendi.png\",\"width\":300,\"height\":90,\"caption\":\"Oriamendi\"},\"image\":{\"@id\":\"https:\/\/oriamendi.eus\/es\/#\/schema\/logo\/image\/\"},\"sameAs\":[\"https:\/\/www.facebook.com\/oriamendi2010remonte\/\",\"https:\/\/twitter.com\/oriamendi2010\",\"https:\/\/www.instagram.com\/galarretajaialai\/\",\"https:\/\/www.youtube.com\/channel\/UC8gVNzQqB1iwnC-_rI-ihmA\/featured\"]},{\"@type\":\"Person\",\"@id\":\"https:\/\/oriamendi.eus\/es\/#\/schema\/person\/c0bd06c6c747674306a5c82563e2339a\",\"name\":\"I\u00f1igo Go\u00f1i\",\"image\":{\"@type\":\"ImageObject\",\"inLanguage\":\"es\",\"@id\":\"https:\/\/oriamendi.eus\/es\/#\/schema\/person\/image\/\",\"url\":\"https:\/\/secure.gravatar.com\/avatar\/fbb07ffc7b803bbfcc2b6419c06abd3a?s=96&d=mm&r=g\",\"contentUrl\":\"https:\/\/secure.gravatar.com\/avatar\/fbb07ffc7b803bbfcc2b6419c06abd3a?s=96&d=mm&r=g\",\"caption\":\"I\u00f1igo Go\u00f1i\"},\"url\":\"https:\/\/oriamendi.eus\/es\/author\/om-berriak\/\"}]}<\/script>\n<!-- \/ Yoast SEO plugin. -->","yoast_head_json":{"title":"Juanenea se convierte en el 17\u00ba campe\u00f3n del Torneo Individual Eusko Label | Oriamendi 2010","robots":{"index":"index","follow":"follow","max-snippet":"max-snippet:-1","max-image-preview":"max-image-preview:large","max-video-preview":"max-video-preview:-1"},"canonical":"https:\/\/oriamendi.eus\/es\/2025\/09\/28\/juanenea-se-convierte-en-el-17o-campeon-del-torneo-individual-eusko-label\/","og_locale":"es_ES","og_type":"article","og_title":"Juanenea se convierte en el 17\u00ba campe\u00f3n del Torneo Individual Eusko Label | Oriamendi 2010","og_description":"Vence 27-30 en la final a Endika Barrenetxea en un partido muy disputado El de Saldias ha sufrido un tir\u00f3n en el 9-15, pero a\u00fan as\u00ed ha dado la vuelta al dolor Aritz Juanenea se ha convertido en el 17\u00ba gran campe\u00f3n del Torneo individual Eusko Label tras derrotar con todo merecimiento a Barrenetxea IV [&hellip;]","og_url":"https:\/\/oriamendi.eus\/es\/2025\/09\/28\/juanenea-se-convierte-en-el-17o-campeon-del-torneo-individual-eusko-label\/","og_site_name":"Oriamendi 2010","article_publisher":"https:\/\/www.facebook.com\/oriamendi2010remonte\/","article_published_time":"2025-09-28T09:38:10+00:00","og_image":[{"width":1200,"height":800,"url":"https:\/\/oriamendi.eus\/wp-content\/uploads\/2025\/09\/IMG_20250927_191644_2000_x_1333_pixel-1.jpg","type":"image\/jpeg"}],"author":"I\u00f1igo Go\u00f1i","twitter_card":"summary_large_image","twitter_creator":"@oriamendi2010","twitter_site":"@oriamendi2010","twitter_misc":{"Escrito por":"I\u00f1igo Go\u00f1i","Tiempo de lectura":"6 minutos"},"schema":{"@context":"https:\/\/schema.org","@graph":[{"@type":"Article","@id":"https:\/\/oriamendi.eus\/es\/2025\/09\/28\/juanenea-se-convierte-en-el-17o-campeon-del-torneo-individual-eusko-label\/#article","isPartOf":{"@id":"https:\/\/oriamendi.eus\/es\/2025\/09\/28\/juanenea-se-convierte-en-el-17o-campeon-del-torneo-individual-eusko-label\/"},"author":{"name":"I\u00f1igo Go\u00f1i","@id":"https:\/\/oriamendi.eus\/es\/#\/schema\/person\/c0bd06c6c747674306a5c82563e2339a"},"headline":"Juanenea se convierte en el 17\u00ba campe\u00f3n del Torneo Individual Eusko Label","datePublished":"2025-09-28T09:38:10+00:00","dateModified":"2025-09-28T09:38:10+00:00","mainEntityOfPage":{"@id":"https:\/\/oriamendi.eus\/es\/2025\/09\/28\/juanenea-se-convierte-en-el-17o-campeon-del-torneo-individual-eusko-label\/"},"wordCount":971,"publisher":{"@id":"https:\/\/oriamendi.eus\/es\/#organization"},"articleSection":["Sin categorizar"],"inLanguage":"es"},{"@type":"WebPage","@id":"https:\/\/oriamendi.eus\/es\/2025\/09\/28\/juanenea-se-convierte-en-el-17o-campeon-del-torneo-individual-eusko-label\/","url":"https:\/\/oriamendi.eus\/es\/2025\/09\/28\/juanenea-se-convierte-en-el-17o-campeon-del-torneo-individual-eusko-label\/","name":"Juanenea se convierte en el 17\u00ba campe\u00f3n del Torneo Individual Eusko Label | Oriamendi 2010","isPartOf":{"@id":"https:\/\/oriamendi.eus\/es\/#website"},"datePublished":"2025-09-28T09:38:10+00:00","dateModified":"2025-09-28T09:38:10+00:00","breadcrumb":{"@id":"https:\/\/oriamendi.eus\/es\/2025\/09\/28\/juanenea-se-convierte-en-el-17o-campeon-del-torneo-individual-eusko-label\/#breadcrumb"},"inLanguage":"es","potentialAction":[{"@type":"ReadAction","target":["https:\/\/oriamendi.eus\/es\/2025\/09\/28\/juanenea-se-convierte-en-el-17o-campeon-del-torneo-individual-eusko-label\/"]}]},{"@type":"BreadcrumbList","@id":"https:\/\/oriamendi.eus\/es\/2025\/09\/28\/juanenea-se-convierte-en-el-17o-campeon-del-torneo-individual-eusko-label\/#breadcrumb","itemListElement":[{"@type":"ListItem","position":1,"name":"Portada","item":"https:\/\/oriamendi.eus\/es\/"},{"@type":"ListItem","position":2,"name":"Juanenea se convierte en el 17\u00ba campe\u00f3n del Torneo Individual Eusko Label"}]},{"@type":"WebSite","@id":"https:\/\/oriamendi.eus\/es\/#website","url":"https:\/\/oriamendi.eus\/es\/","name":"Oriamendi","description":"Remonte en Galarreta. Hernani. Gipuzkoa","publisher":{"@id":"https:\/\/oriamendi.eus\/es\/#organization"},"potentialAction":[{"@type":"SearchAction","target":{"@type":"EntryPoint","urlTemplate":"https:\/\/oriamendi.eus\/es\/?s={search_term_string}"},"query-input":"required name=search_term_string"}],"inLanguage":"es"},{"@type":"Organization","@id":"https:\/\/oriamendi.eus\/es\/#organization","name":"Oriamendi","url":"https:\/\/oriamendi.eus\/es\/","logo":{"@type":"ImageObject","inLanguage":"es","@id":"https:\/\/oriamendi.eus\/es\/#\/schema\/logo\/image\/","url":"https:\/\/oriamendi.eus\/wp-content\/uploads\/2020\/06\/logo-oriamendi.png","contentUrl":"https:\/\/oriamendi.eus\/wp-content\/uploads\/2020\/06\/logo-oriamendi.png","width":300,"height":90,"caption":"Oriamendi"},"image":{"@id":"https:\/\/oriamendi.eus\/es\/#\/schema\/logo\/image\/"},"sameAs":["https:\/\/www.facebook.com\/oriamendi2010remonte\/","https:\/\/twitter.com\/oriamendi2010","https:\/\/www.instagram.com\/galarretajaialai\/","https:\/\/www.youtube.com\/channel\/UC8gVNzQqB1iwnC-_rI-ihmA\/featured"]},{"@type":"Person","@id":"https:\/\/oriamendi.eus\/es\/#\/schema\/person\/c0bd06c6c747674306a5c82563e2339a","name":"I\u00f1igo Go\u00f1i","image":{"@type":"ImageObject","inLanguage":"es","@id":"https:\/\/oriamendi.eus\/es\/#\/schema\/person\/image\/","url":"https:\/\/secure.gravatar.com\/avatar\/fbb07ffc7b803bbfcc2b6419c06abd3a?s=96&d=mm&r=g","contentUrl":"https:\/\/secure.gravatar.com\/avatar\/fbb07ffc7b803bbfcc2b6419c06abd3a?s=96&d=mm&r=g","caption":"I\u00f1igo Go\u00f1i"},"url":"https:\/\/oriamendi.eus\/es\/author\/om-berriak\/"}]}},"_links":{"self":[{"href":"https:\/\/oriamendi.eus\/es\/wp-json\/wp\/v2\/posts\/9290"}],"collection":[{"href":"https:\/\/oriamendi.eus\/es\/wp-json\/wp\/v2\/posts"}],"about":[{"href":"https:\/\/oriamendi.eus\/es\/wp-json\/wp\/v2\/types\/post"}],"author":[{"embeddable":true,"href":"https:\/\/oriamendi.eus\/es\/wp-json\/wp\/v2\/users\/5"}],"replies":[{"embeddable":true,"href":"https:\/\/oriamendi.eus\/es\/wp-json\/wp\/v2\/comments?post=9290"}],"version-history":[{"count":1,"href":"https:\/\/oriamendi.eus\/es\/wp-json\/wp\/v2\/posts\/9290\/revisions"}],"predecessor-version":[{"id":9291,"href":"https:\/\/oriamendi.eus\/es\/wp-json\/wp\/v2\/posts\/9290\/revisions\/9291"}],"wp:featuredmedia":[{"embeddable":true,"href":"https:\/\/oriamendi.eus\/es\/wp-json\/wp\/v2\/media\/9276"}],"wp:attachment":[{"href":"https:\/\/oriamendi.eus\/es\/wp-json\/wp\/v2\/media?parent=9290"}],"wp:term":[{"taxonomy":"category","embeddable":true,"href":"https:\/\/oriamendi.eus\/es\/wp-json\/wp\/v2\/categories?post=9290"},{"taxonomy":"post_tag","embeddable":true,"href":"https:\/\/oriamendi.eus\/es\/wp-json\/wp\/v2\/tags?post=9290"}],"curies":[{"name":"wp","href":"https:\/\/api.w.org\/{rel}","templated":true}]}}