                                        
                                        
                                        
                                        
                                        
                                        
                                        
                                        
                                        
                                        
                                        
                                        
                                        
                                        
                                        
                                        
                                        
                                        
{"id":9272,"date":"2025-09-23T20:41:30","date_gmt":"2025-09-23T18:41:30","guid":{"rendered":"https:\/\/oriamendi.eus\/?p=9272"},"modified":"2025-09-23T20:41:30","modified_gmt":"2025-09-23T18:41:30","slug":"barrenetxea-iv-y-juanenea-separan-un-material-opuesto-para-la-gran-final","status":"publish","type":"post","link":"https:\/\/oriamendi.eus\/es\/2025\/09\/23\/barrenetxea-iv-y-juanenea-separan-un-material-opuesto-para-la-gran-final\/","title":{"rendered":"Barrenetxea IV y Juanenea separan un material opuesto para la gran final"},"content":{"rendered":"<div><b>El hernaniarra apuesta por un material m\u00e1s vivo y el saldistarra por unas pelotas m\u00e1s secas<\/b><\/div>\n<div><\/div>\n<div>Endika Barrenetxea y Aritz Juanenea han separado hoy en Galarreta el material con el que disputar\u00e1n la gran final del Torneo Eusko Label individual el pr\u00f3ximo s\u00e1bado 27 de septiembre.<\/div>\n<div>El primero en saltar a la cancha ha sido Barrenetxea IV, que jugar\u00e1 de colorado, y no tard\u00f3 ni diez minutos en separar las tres pelotas con las que jugar\u00e1 la final. Tres pelotas de un mismo lote que han pesado 125, 125 y 127 gramos.<\/div>\n<div>Despu\u00e9s ha sido el turno de Juanenea que ha tardado un poco m\u00e1s, unos diez minutos, pero tambi\u00e9n ten\u00eda claras las ideas. Son tres pelotas de un lote diferente y han pesado 125, 16 y 126 gramos.<\/div>\n<div>A pesar de que las seis pelotas tienen un peso parecido, el comportamiento sobre la cancha es diferente y as\u00ed lo explicaban al finalizar la elecci\u00f3n.<\/div>\n<div><\/div>\n<div><strong>Endika Barrenetxea<\/strong><\/p>\n<p>\u00abDurante todo el campeonato ha habido varios lotes para jugar y las pelotas de los partidos las hemos tenido la semana siguiente para los entrenamientos. He estado entrenando con Zubiri semana a semana y ha habido una pelota muy hermosa. Lote 5t. Es la pelota que m\u00e1s nos gusta y eso es lo que hemos elegido. No es una pelota excesiva, pero s\u00ed intensa. Es una pelota muy noble y es la m\u00e1s recta, he ido a por ese tipo de pelota. Es una pelota que no gace extra\u00f1os\u00bb.<\/p>\n<p>Barrenetxea mira m\u00e1s su forma de jugar en vez de elegir la pelota que perjudique al rival. \u00abSus pelotas son diferentes, que yo no elegir\u00eda, del lote 3D, pesadas y lentas. Pelotas sin brillo. A piernas paradas tiene un pelotazo dominador y esa pelota est\u00e1 bien escogida por su parte. A\u00fan as\u00ed creo que jugaremos la final con mis pelotas\u00bb.<\/p>\n<p><strong>Aritz Juanenea<\/strong><\/p>\n<p>En el partido contra Ansa disput\u00f3 la semifinal con pelotas del urnietarra, pero en esta ocasi\u00f3n no cree que juegue con pelotas de Barrenetxea. \u00abEsta semana tendr\u00e9 que jugar con mis pelotas en la final. Dos pelotas suyas son muy vivas, como es normal para hacer da\u00f1o con el saque. Otro me ha parecido m\u00e1s normal, as\u00ed que sacar\u00e9 a jugar mis pelotas o su tercera. Tengo que intentar parar el juego de Endika. Tendr\u00e9 que parar su saque. Tengo que acertar en el resto s\u00ed o s\u00ed. Me tiene que hacer menos de diez tantos de saque para tener opciones. Luego la verdad es que mi juego ser\u00e1 pelear todas las pelotas y correr riesgos. En el peloteo \u00e9l suele ser superior, as\u00ed que tengo que arriesgar pero sin perder la cabeza \u00ab.<\/p><\/div>\n","protected":false},"excerpt":{"rendered":"<p>El hernaniarra apuesta por un material m\u00e1s vivo y el saldistarra por unas pelotas m\u00e1s secas Endika Barrenetxea y Aritz Juanenea han separado hoy en Galarreta el material con el que disputar\u00e1n la gran final del Torneo Eusko Label individual el pr\u00f3ximo s\u00e1bado 27 de septiembre. El primero en saltar a la cancha ha sido [&hellip;]<\/p>\n","protected":false},"author":5,"featured_media":9270,"comment_status":"closed","ping_status":"open","sticky":false,"template":"","format":"standard","meta":{"_et_pb_use_builder":"","_et_pb_old_content":"","_et_gb_content_width":"","footnotes":""},"categories":[1],"tags":[],"yoast_head":"<!-- This site is optimized with the Yoast SEO plugin v21.8 - https:\/\/yoast.com\/wordpress\/plugins\/seo\/ -->\n<title>Barrenetxea IV y Juanenea separan un material opuesto para la gran final | Oriamendi 2010<\/title>\n<meta name=\"robots\" content=\"index, follow, max-snippet:-1, max-image-preview:large, max-video-preview:-1\" \/>\n<link rel=\"canonical\" href=\"https:\/\/oriamendi.eus\/es\/2025\/09\/23\/barrenetxea-iv-y-juanenea-separan-un-material-opuesto-para-la-gran-final\/\" \/>\n<meta property=\"og:locale\" content=\"es_ES\" \/>\n<meta property=\"og:type\" content=\"article\" \/>\n<meta property=\"og:title\" content=\"Barrenetxea IV y Juanenea separan un material opuesto para la gran final | Oriamendi 2010\" \/>\n<meta property=\"og:description\" content=\"El hernaniarra apuesta por un material m\u00e1s vivo y el saldistarra por unas pelotas m\u00e1s secas Endika Barrenetxea y Aritz Juanenea han separado hoy en Galarreta el material con el que disputar\u00e1n la gran final del Torneo Eusko Label individual el pr\u00f3ximo s\u00e1bado 27 de septiembre. El primero en saltar a la cancha ha sido [&hellip;]\" \/>\n<meta property=\"og:url\" content=\"https:\/\/oriamendi.eus\/es\/2025\/09\/23\/barrenetxea-iv-y-juanenea-separan-un-material-opuesto-para-la-gran-final\/\" \/>\n<meta property=\"og:site_name\" content=\"Oriamendi 2010\" \/>\n<meta property=\"article:publisher\" content=\"https:\/\/www.facebook.com\/oriamendi2010remonte\/\" \/>\n<meta property=\"article:published_time\" content=\"2025-09-23T18:41:30+00:00\" \/>\n<meta property=\"og:image\" content=\"https:\/\/oriamendi.eus\/wp-content\/uploads\/2025\/09\/IMG_20250923_190339_2000_x_1333_pixel.jpg\" \/>\n\t<meta property=\"og:image:width\" content=\"1200\" \/>\n\t<meta property=\"og:image:height\" content=\"800\" \/>\n\t<meta property=\"og:image:type\" content=\"image\/jpeg\" \/>\n<meta name=\"author\" content=\"I\u00f1igo Go\u00f1i\" \/>\n<meta name=\"twitter:card\" content=\"summary_large_image\" \/>\n<meta name=\"twitter:creator\" content=\"@oriamendi2010\" \/>\n<meta name=\"twitter:site\" content=\"@oriamendi2010\" \/>\n<meta name=\"twitter:label1\" content=\"Escrito por\" \/>\n\t<meta name=\"twitter:data1\" content=\"I\u00f1igo Go\u00f1i\" \/>\n\t<meta name=\"twitter:label2\" content=\"Tiempo de lectura\" \/>\n\t<meta name=\"twitter:data2\" content=\"3 minutos\" \/>\n<script type=\"application\/ld+json\" class=\"yoast-schema-graph\">{\"@context\":\"https:\/\/schema.org\",\"@graph\":[{\"@type\":\"Article\",\"@id\":\"https:\/\/oriamendi.eus\/es\/2025\/09\/23\/barrenetxea-iv-y-juanenea-separan-un-material-opuesto-para-la-gran-final\/#article\",\"isPartOf\":{\"@id\":\"https:\/\/oriamendi.eus\/es\/2025\/09\/23\/barrenetxea-iv-y-juanenea-separan-un-material-opuesto-para-la-gran-final\/\"},\"author\":{\"name\":\"I\u00f1igo Go\u00f1i\",\"@id\":\"https:\/\/oriamendi.eus\/es\/#\/schema\/person\/c0bd06c6c747674306a5c82563e2339a\"},\"headline\":\"Barrenetxea IV y Juanenea separan un material opuesto para la gran final\",\"datePublished\":\"2025-09-23T18:41:30+00:00\",\"dateModified\":\"2025-09-23T18:41:30+00:00\",\"mainEntityOfPage\":{\"@id\":\"https:\/\/oriamendi.eus\/es\/2025\/09\/23\/barrenetxea-iv-y-juanenea-separan-un-material-opuesto-para-la-gran-final\/\"},\"wordCount\":465,\"publisher\":{\"@id\":\"https:\/\/oriamendi.eus\/es\/#organization\"},\"articleSection\":[\"Sin categorizar\"],\"inLanguage\":\"es\"},{\"@type\":\"WebPage\",\"@id\":\"https:\/\/oriamendi.eus\/es\/2025\/09\/23\/barrenetxea-iv-y-juanenea-separan-un-material-opuesto-para-la-gran-final\/\",\"url\":\"https:\/\/oriamendi.eus\/es\/2025\/09\/23\/barrenetxea-iv-y-juanenea-separan-un-material-opuesto-para-la-gran-final\/\",\"name\":\"Barrenetxea IV y Juanenea separan un material opuesto para la gran final | Oriamendi 2010\",\"isPartOf\":{\"@id\":\"https:\/\/oriamendi.eus\/es\/#website\"},\"datePublished\":\"2025-09-23T18:41:30+00:00\",\"dateModified\":\"2025-09-23T18:41:30+00:00\",\"breadcrumb\":{\"@id\":\"https:\/\/oriamendi.eus\/es\/2025\/09\/23\/barrenetxea-iv-y-juanenea-separan-un-material-opuesto-para-la-gran-final\/#breadcrumb\"},\"inLanguage\":\"es\",\"potentialAction\":[{\"@type\":\"ReadAction\",\"target\":[\"https:\/\/oriamendi.eus\/es\/2025\/09\/23\/barrenetxea-iv-y-juanenea-separan-un-material-opuesto-para-la-gran-final\/\"]}]},{\"@type\":\"BreadcrumbList\",\"@id\":\"https:\/\/oriamendi.eus\/es\/2025\/09\/23\/barrenetxea-iv-y-juanenea-separan-un-material-opuesto-para-la-gran-final\/#breadcrumb\",\"itemListElement\":[{\"@type\":\"ListItem\",\"position\":1,\"name\":\"Portada\",\"item\":\"https:\/\/oriamendi.eus\/es\/\"},{\"@type\":\"ListItem\",\"position\":2,\"name\":\"Barrenetxea IV y Juanenea separan un material opuesto para la gran final\"}]},{\"@type\":\"WebSite\",\"@id\":\"https:\/\/oriamendi.eus\/es\/#website\",\"url\":\"https:\/\/oriamendi.eus\/es\/\",\"name\":\"Oriamendi\",\"description\":\"Remonte en Galarreta. Hernani. Gipuzkoa\",\"publisher\":{\"@id\":\"https:\/\/oriamendi.eus\/es\/#organization\"},\"potentialAction\":[{\"@type\":\"SearchAction\",\"target\":{\"@type\":\"EntryPoint\",\"urlTemplate\":\"https:\/\/oriamendi.eus\/es\/?s={search_term_string}\"},\"query-input\":\"required name=search_term_string\"}],\"inLanguage\":\"es\"},{\"@type\":\"Organization\",\"@id\":\"https:\/\/oriamendi.eus\/es\/#organization\",\"name\":\"Oriamendi\",\"url\":\"https:\/\/oriamendi.eus\/es\/\",\"logo\":{\"@type\":\"ImageObject\",\"inLanguage\":\"es\",\"@id\":\"https:\/\/oriamendi.eus\/es\/#\/schema\/logo\/image\/\",\"url\":\"https:\/\/oriamendi.eus\/wp-content\/uploads\/2020\/06\/logo-oriamendi.png\",\"contentUrl\":\"https:\/\/oriamendi.eus\/wp-content\/uploads\/2020\/06\/logo-oriamendi.png\",\"width\":300,\"height\":90,\"caption\":\"Oriamendi\"},\"image\":{\"@id\":\"https:\/\/oriamendi.eus\/es\/#\/schema\/logo\/image\/\"},\"sameAs\":[\"https:\/\/www.facebook.com\/oriamendi2010remonte\/\",\"https:\/\/twitter.com\/oriamendi2010\",\"https:\/\/www.instagram.com\/galarretajaialai\/\",\"https:\/\/www.youtube.com\/channel\/UC8gVNzQqB1iwnC-_rI-ihmA\/featured\"]},{\"@type\":\"Person\",\"@id\":\"https:\/\/oriamendi.eus\/es\/#\/schema\/person\/c0bd06c6c747674306a5c82563e2339a\",\"name\":\"I\u00f1igo Go\u00f1i\",\"image\":{\"@type\":\"ImageObject\",\"inLanguage\":\"es\",\"@id\":\"https:\/\/oriamendi.eus\/es\/#\/schema\/person\/image\/\",\"url\":\"https:\/\/secure.gravatar.com\/avatar\/fbb07ffc7b803bbfcc2b6419c06abd3a?s=96&d=mm&r=g\",\"contentUrl\":\"https:\/\/secure.gravatar.com\/avatar\/fbb07ffc7b803bbfcc2b6419c06abd3a?s=96&d=mm&r=g\",\"caption\":\"I\u00f1igo Go\u00f1i\"},\"url\":\"https:\/\/oriamendi.eus\/es\/author\/om-berriak\/\"}]}<\/script>\n<!-- \/ Yoast SEO plugin. -->","yoast_head_json":{"title":"Barrenetxea IV y Juanenea separan un material opuesto para la gran final | Oriamendi 2010","robots":{"index":"index","follow":"follow","max-snippet":"max-snippet:-1","max-image-preview":"max-image-preview:large","max-video-preview":"max-video-preview:-1"},"canonical":"https:\/\/oriamendi.eus\/es\/2025\/09\/23\/barrenetxea-iv-y-juanenea-separan-un-material-opuesto-para-la-gran-final\/","og_locale":"es_ES","og_type":"article","og_title":"Barrenetxea IV y Juanenea separan un material opuesto para la gran final | Oriamendi 2010","og_description":"El hernaniarra apuesta por un material m\u00e1s vivo y el saldistarra por unas pelotas m\u00e1s secas Endika Barrenetxea y Aritz Juanenea han separado hoy en Galarreta el material con el que disputar\u00e1n la gran final del Torneo Eusko Label individual el pr\u00f3ximo s\u00e1bado 27 de septiembre. El primero en saltar a la cancha ha sido [&hellip;]","og_url":"https:\/\/oriamendi.eus\/es\/2025\/09\/23\/barrenetxea-iv-y-juanenea-separan-un-material-opuesto-para-la-gran-final\/","og_site_name":"Oriamendi 2010","article_publisher":"https:\/\/www.facebook.com\/oriamendi2010remonte\/","article_published_time":"2025-09-23T18:41:30+00:00","og_image":[{"width":1200,"height":800,"url":"https:\/\/oriamendi.eus\/wp-content\/uploads\/2025\/09\/IMG_20250923_190339_2000_x_1333_pixel.jpg","type":"image\/jpeg"}],"author":"I\u00f1igo Go\u00f1i","twitter_card":"summary_large_image","twitter_creator":"@oriamendi2010","twitter_site":"@oriamendi2010","twitter_misc":{"Escrito por":"I\u00f1igo Go\u00f1i","Tiempo de lectura":"3 minutos"},"schema":{"@context":"https:\/\/schema.org","@graph":[{"@type":"Article","@id":"https:\/\/oriamendi.eus\/es\/2025\/09\/23\/barrenetxea-iv-y-juanenea-separan-un-material-opuesto-para-la-gran-final\/#article","isPartOf":{"@id":"https:\/\/oriamendi.eus\/es\/2025\/09\/23\/barrenetxea-iv-y-juanenea-separan-un-material-opuesto-para-la-gran-final\/"},"author":{"name":"I\u00f1igo Go\u00f1i","@id":"https:\/\/oriamendi.eus\/es\/#\/schema\/person\/c0bd06c6c747674306a5c82563e2339a"},"headline":"Barrenetxea IV y Juanenea separan un material opuesto para la gran final","datePublished":"2025-09-23T18:41:30+00:00","dateModified":"2025-09-23T18:41:30+00:00","mainEntityOfPage":{"@id":"https:\/\/oriamendi.eus\/es\/2025\/09\/23\/barrenetxea-iv-y-juanenea-separan-un-material-opuesto-para-la-gran-final\/"},"wordCount":465,"publisher":{"@id":"https:\/\/oriamendi.eus\/es\/#organization"},"articleSection":["Sin categorizar"],"inLanguage":"es"},{"@type":"WebPage","@id":"https:\/\/oriamendi.eus\/es\/2025\/09\/23\/barrenetxea-iv-y-juanenea-separan-un-material-opuesto-para-la-gran-final\/","url":"https:\/\/oriamendi.eus\/es\/2025\/09\/23\/barrenetxea-iv-y-juanenea-separan-un-material-opuesto-para-la-gran-final\/","name":"Barrenetxea IV y Juanenea separan un material opuesto para la gran final | Oriamendi 2010","isPartOf":{"@id":"https:\/\/oriamendi.eus\/es\/#website"},"datePublished":"2025-09-23T18:41:30+00:00","dateModified":"2025-09-23T18:41:30+00:00","breadcrumb":{"@id":"https:\/\/oriamendi.eus\/es\/2025\/09\/23\/barrenetxea-iv-y-juanenea-separan-un-material-opuesto-para-la-gran-final\/#breadcrumb"},"inLanguage":"es","potentialAction":[{"@type":"ReadAction","target":["https:\/\/oriamendi.eus\/es\/2025\/09\/23\/barrenetxea-iv-y-juanenea-separan-un-material-opuesto-para-la-gran-final\/"]}]},{"@type":"BreadcrumbList","@id":"https:\/\/oriamendi.eus\/es\/2025\/09\/23\/barrenetxea-iv-y-juanenea-separan-un-material-opuesto-para-la-gran-final\/#breadcrumb","itemListElement":[{"@type":"ListItem","position":1,"name":"Portada","item":"https:\/\/oriamendi.eus\/es\/"},{"@type":"ListItem","position":2,"name":"Barrenetxea IV y Juanenea separan un material opuesto para la gran final"}]},{"@type":"WebSite","@id":"https:\/\/oriamendi.eus\/es\/#website","url":"https:\/\/oriamendi.eus\/es\/","name":"Oriamendi","description":"Remonte en Galarreta. Hernani. Gipuzkoa","publisher":{"@id":"https:\/\/oriamendi.eus\/es\/#organization"},"potentialAction":[{"@type":"SearchAction","target":{"@type":"EntryPoint","urlTemplate":"https:\/\/oriamendi.eus\/es\/?s={search_term_string}"},"query-input":"required name=search_term_string"}],"inLanguage":"es"},{"@type":"Organization","@id":"https:\/\/oriamendi.eus\/es\/#organization","name":"Oriamendi","url":"https:\/\/oriamendi.eus\/es\/","logo":{"@type":"ImageObject","inLanguage":"es","@id":"https:\/\/oriamendi.eus\/es\/#\/schema\/logo\/image\/","url":"https:\/\/oriamendi.eus\/wp-content\/uploads\/2020\/06\/logo-oriamendi.png","contentUrl":"https:\/\/oriamendi.eus\/wp-content\/uploads\/2020\/06\/logo-oriamendi.png","width":300,"height":90,"caption":"Oriamendi"},"image":{"@id":"https:\/\/oriamendi.eus\/es\/#\/schema\/logo\/image\/"},"sameAs":["https:\/\/www.facebook.com\/oriamendi2010remonte\/","https:\/\/twitter.com\/oriamendi2010","https:\/\/www.instagram.com\/galarretajaialai\/","https:\/\/www.youtube.com\/channel\/UC8gVNzQqB1iwnC-_rI-ihmA\/featured"]},{"@type":"Person","@id":"https:\/\/oriamendi.eus\/es\/#\/schema\/person\/c0bd06c6c747674306a5c82563e2339a","name":"I\u00f1igo Go\u00f1i","image":{"@type":"ImageObject","inLanguage":"es","@id":"https:\/\/oriamendi.eus\/es\/#\/schema\/person\/image\/","url":"https:\/\/secure.gravatar.com\/avatar\/fbb07ffc7b803bbfcc2b6419c06abd3a?s=96&d=mm&r=g","contentUrl":"https:\/\/secure.gravatar.com\/avatar\/fbb07ffc7b803bbfcc2b6419c06abd3a?s=96&d=mm&r=g","caption":"I\u00f1igo Go\u00f1i"},"url":"https:\/\/oriamendi.eus\/es\/author\/om-berriak\/"}]}},"_links":{"self":[{"href":"https:\/\/oriamendi.eus\/es\/wp-json\/wp\/v2\/posts\/9272"}],"collection":[{"href":"https:\/\/oriamendi.eus\/es\/wp-json\/wp\/v2\/posts"}],"about":[{"href":"https:\/\/oriamendi.eus\/es\/wp-json\/wp\/v2\/types\/post"}],"author":[{"embeddable":true,"href":"https:\/\/oriamendi.eus\/es\/wp-json\/wp\/v2\/users\/5"}],"replies":[{"embeddable":true,"href":"https:\/\/oriamendi.eus\/es\/wp-json\/wp\/v2\/comments?post=9272"}],"version-history":[{"count":1,"href":"https:\/\/oriamendi.eus\/es\/wp-json\/wp\/v2\/posts\/9272\/revisions"}],"predecessor-version":[{"id":9273,"href":"https:\/\/oriamendi.eus\/es\/wp-json\/wp\/v2\/posts\/9272\/revisions\/9273"}],"wp:featuredmedia":[{"embeddable":true,"href":"https:\/\/oriamendi.eus\/es\/wp-json\/wp\/v2\/media\/9270"}],"wp:attachment":[{"href":"https:\/\/oriamendi.eus\/es\/wp-json\/wp\/v2\/media?parent=9272"}],"wp:term":[{"taxonomy":"category","embeddable":true,"href":"https:\/\/oriamendi.eus\/es\/wp-json\/wp\/v2\/categories?post=9272"},{"taxonomy":"post_tag","embeddable":true,"href":"https:\/\/oriamendi.eus\/es\/wp-json\/wp\/v2\/tags?post=9272"}],"curies":[{"name":"wp","href":"https:\/\/api.w.org\/{rel}","templated":true}]}}