                                        
                                        
                                        
                                        
                                        
                                        
                                        
                                        
                                        
                                        
                                        
                                        
                                        
                                        
                                        
                                        
                                        
                                        
{"id":9254,"date":"2025-09-20T17:36:41","date_gmt":"2025-09-20T15:36:41","guid":{"rendered":"https:\/\/oriamendi.eus\/?p=9254"},"modified":"2025-09-20T17:36:41","modified_gmt":"2025-09-20T15:36:41","slug":"juanenea-disputara-la-final-del-torneo-eusko-label-individual-ante-barrenetxea-iv","status":"publish","type":"post","link":"https:\/\/oriamendi.eus\/es\/2025\/09\/20\/juanenea-disputara-la-final-del-torneo-eusko-label-individual-ante-barrenetxea-iv\/","title":{"rendered":"Juanenea disputar\u00e1 la final del Torneo Eusko Label Individual ante Barrenetxea IV"},"content":{"rendered":"<div><b>Se impone con todo merecimiento por 30-24 a Imanol Ansa en la semifinal<\/b><\/div>\n<div><\/div>\n<div>Aritz Juanenea ser\u00e1 el rival de Endika Barrenetxea el pr\u00f3ximo 27 de setiembre en la gran final del Torneo Eusko Label Individual. El de Saldias se impuso en la semifinal con todo merecimiento por 30-24 ante el defensor del t\u00edtulo Imanol Ansa. El de Urnieta era el campe\u00f3n de las dos \u00faltimas ediciones, pero no podr\u00e1 defender y sumar la tercera txapela consecutiva despu\u00e9s de caer ante Juanenea.<\/div>\n<div>Un Juanenea que jug\u00f3 un partido muy completo desde el inicio hasta el final. Fue superior en el peloteo y sali\u00f3 a la cancha con la t\u00e1ctica muy clara. No quer\u00eda que Ansa llevara la iniciativa y desde el primer pelotazo llev\u00f3 el mando del partido con una gran frescura y con pelotazos muy brillantes. Su pelotazo era m\u00e1s vivo y solo la habilidad de Ansa hizo que el choque no se decidiera antes.<\/div>\n<div>De salida logr\u00f3 un parcial de 2-7 que fue clave. Nunca dej\u00f3 de llevar el mando y sus ventajas siempre se movieron entre cuatro tantos y ocho de ventaja. Ansa no se ve\u00eda c\u00f3modo, lo intentaba, pero se ve\u00eda superado sin poder encadenar tacadas en el marcador. Por el contrario Juanenea administr\u00f3 muy bien la ventaja. Las m\u00e1ximas de ocho tantos llegaron en el 3-11 y en el 13-21. En la mitad hubo alg\u00fan acercamiento de Ansa, que se puso a cuatro tantos en el 10-14.<\/div>\n<div><\/div>\n<div><img fetchpriority=\"high\" fetchpriority=\"high\" decoding=\"async\" class=\"alignnone size-medium wp-image-9255\" src=\"https:\/\/oriamendi.eus\/wp-content\/uploads\/2025\/09\/IMG_20250920_172151_2000_x_1333_pixel-300x200.jpg\" alt=\"\" width=\"300\" height=\"200\" \/><\/div>\n<div><\/div>\n<div>El peor momento del zaguero navarro lleg\u00f3 tras ese 13-21. Ansa segu\u00eda fresco y parec\u00eda que Juanenea estaba empezando a acusar el ritmo de juego y de pelotazo. Se acerc\u00f3 a dos tantos en el 21-23 y parec\u00eda que el partido pod\u00eda tercer vuelta. Ansa arriesg\u00f3 m\u00e1s y le salieron jugadas preciosas de dos paredes. Juanenea no estaba para regalar nada y se recuper\u00f3 de ese peque\u00f1o bache y volvieron los grandes pelotazos. Volvi\u00f3 a recuperar el mando en el peloteo e hizo el 21-24, 21-25 y se paus\u00f3 a cuatro tantos de terminar el partido en el 22-26. Ansa hizo el 23 tras su s\u00e9ptimo dos paredes y un buen pelotazo y un fallo al resto de Ansa puso el 23-28 en el marcador. Juanenea tocaba con los dedos de la mano la final. El 23-29 lo dejaba a un tanto, una fallo pon\u00eda el 24-29 y cerraba el partido 24-30 con todo merecimiento.<\/div>\n<div>El partido no tuvo muchos pelotazos, pero si mucho ritmo y mucha calidad. Juanenea hizo hasta 22 tantos en el peloteo por solo tres fallos. El saque no fue decisivo en la semifinal. Juanenea hizo cuatro tantos, tres de ellos m\u00e1s por fallos al resto que por buenos saques, y una falta. Ansa hizo 19 tantos en el peloteo, fall\u00f3 solo dos pelotas y con el saque hizo solo un tanto por dos faltas.<\/div>\n<div><\/div>\n<div><strong>Aritz Juanenea<\/strong><\/p>\n<p>Estamos para vivir d\u00edas as\u00ed. Todo me sali\u00f3 bien. Estaba eliminado, pero la lesi\u00f3n de Ansa me abri\u00f3 las puertas. Al \u00faltimo campe\u00f3n manomanista le he ganado los dos partidos. He jugado con sus pelotas todo el partido. Atr\u00e1s sab\u00eda que iba a tener dificultades. Ha salido redondo. Segunda final en tres a\u00f1os. La primera vez no disfrut\u00e9. Este a\u00f1o lo he preparado a conciencia. Ha dado sus frutos tres semanas tarde.<\/p><\/div>\n<div><\/div>\n<div><strong>Imanol Ansa<\/strong><\/p>\n<p>Admito que sido m\u00e1s. Hoy ha sido el de Aritz. Ve\u00eda que en el peloteo se me hac\u00eda largo el tanto. Ten\u00eda cansancio y la lucha ha sido una constante. Este a\u00f1o di el nivel m\u00e1s alto de mi historia contra Azpiroz, hoy no he podido sacar ese juego. A ver si subo el nivel para el a\u00f1o que viene.<\/p><\/div>\n<div><\/div>\n<div><\/div>\n","protected":false},"excerpt":{"rendered":"<p>Se impone con todo merecimiento por 30-24 a Imanol Ansa en la semifinal Aritz Juanenea ser\u00e1 el rival de Endika Barrenetxea el pr\u00f3ximo 27 de setiembre en la gran final del Torneo Eusko Label Individual. El de Saldias se impuso en la semifinal con todo merecimiento por 30-24 ante el defensor del t\u00edtulo Imanol Ansa. [&hellip;]<\/p>\n","protected":false},"author":5,"featured_media":9257,"comment_status":"closed","ping_status":"open","sticky":false,"template":"","format":"standard","meta":{"_et_pb_use_builder":"","_et_pb_old_content":"","_et_gb_content_width":"","footnotes":""},"categories":[1],"tags":[],"yoast_head":"<!-- This site is optimized with the Yoast SEO plugin v21.8 - https:\/\/yoast.com\/wordpress\/plugins\/seo\/ -->\n<title>Juanenea disputar\u00e1 la final del Torneo Eusko Label Individual ante Barrenetxea IV | Oriamendi 2010<\/title>\n<meta name=\"robots\" content=\"index, follow, max-snippet:-1, max-image-preview:large, max-video-preview:-1\" \/>\n<link rel=\"canonical\" href=\"https:\/\/oriamendi.eus\/es\/2025\/09\/20\/juanenea-disputara-la-final-del-torneo-eusko-label-individual-ante-barrenetxea-iv\/\" \/>\n<meta property=\"og:locale\" content=\"es_ES\" \/>\n<meta property=\"og:type\" content=\"article\" \/>\n<meta property=\"og:title\" content=\"Juanenea disputar\u00e1 la final del Torneo Eusko Label Individual ante Barrenetxea IV | Oriamendi 2010\" \/>\n<meta property=\"og:description\" content=\"Se impone con todo merecimiento por 30-24 a Imanol Ansa en la semifinal Aritz Juanenea ser\u00e1 el rival de Endika Barrenetxea el pr\u00f3ximo 27 de setiembre en la gran final del Torneo Eusko Label Individual. El de Saldias se impuso en la semifinal con todo merecimiento por 30-24 ante el defensor del t\u00edtulo Imanol Ansa. [&hellip;]\" \/>\n<meta property=\"og:url\" content=\"https:\/\/oriamendi.eus\/es\/2025\/09\/20\/juanenea-disputara-la-final-del-torneo-eusko-label-individual-ante-barrenetxea-iv\/\" \/>\n<meta property=\"og:site_name\" content=\"Oriamendi 2010\" \/>\n<meta property=\"article:publisher\" content=\"https:\/\/www.facebook.com\/oriamendi2010remonte\/\" \/>\n<meta property=\"article:published_time\" content=\"2025-09-20T15:36:41+00:00\" \/>\n<meta property=\"og:image\" content=\"https:\/\/oriamendi.eus\/wp-content\/uploads\/2025\/09\/IMG_20250920_172131_2000_x_1333_pixel.jpg\" \/>\n\t<meta property=\"og:image:width\" content=\"1200\" \/>\n\t<meta property=\"og:image:height\" content=\"800\" \/>\n\t<meta property=\"og:image:type\" content=\"image\/jpeg\" \/>\n<meta name=\"author\" content=\"I\u00f1igo Go\u00f1i\" \/>\n<meta name=\"twitter:card\" content=\"summary_large_image\" \/>\n<meta name=\"twitter:creator\" content=\"@oriamendi2010\" \/>\n<meta name=\"twitter:site\" content=\"@oriamendi2010\" \/>\n<meta name=\"twitter:label1\" content=\"Escrito por\" \/>\n\t<meta name=\"twitter:data1\" content=\"I\u00f1igo Go\u00f1i\" \/>\n\t<meta name=\"twitter:label2\" content=\"Tiempo de lectura\" \/>\n\t<meta name=\"twitter:data2\" content=\"4 minutos\" \/>\n<script type=\"application\/ld+json\" class=\"yoast-schema-graph\">{\"@context\":\"https:\/\/schema.org\",\"@graph\":[{\"@type\":\"Article\",\"@id\":\"https:\/\/oriamendi.eus\/es\/2025\/09\/20\/juanenea-disputara-la-final-del-torneo-eusko-label-individual-ante-barrenetxea-iv\/#article\",\"isPartOf\":{\"@id\":\"https:\/\/oriamendi.eus\/es\/2025\/09\/20\/juanenea-disputara-la-final-del-torneo-eusko-label-individual-ante-barrenetxea-iv\/\"},\"author\":{\"name\":\"I\u00f1igo Go\u00f1i\",\"@id\":\"https:\/\/oriamendi.eus\/es\/#\/schema\/person\/c0bd06c6c747674306a5c82563e2339a\"},\"headline\":\"Juanenea disputar\u00e1 la final del Torneo Eusko Label Individual ante Barrenetxea IV\",\"datePublished\":\"2025-09-20T15:36:41+00:00\",\"dateModified\":\"2025-09-20T15:36:41+00:00\",\"mainEntityOfPage\":{\"@id\":\"https:\/\/oriamendi.eus\/es\/2025\/09\/20\/juanenea-disputara-la-final-del-torneo-eusko-label-individual-ante-barrenetxea-iv\/\"},\"wordCount\":649,\"publisher\":{\"@id\":\"https:\/\/oriamendi.eus\/es\/#organization\"},\"articleSection\":[\"Sin categorizar\"],\"inLanguage\":\"es\"},{\"@type\":\"WebPage\",\"@id\":\"https:\/\/oriamendi.eus\/es\/2025\/09\/20\/juanenea-disputara-la-final-del-torneo-eusko-label-individual-ante-barrenetxea-iv\/\",\"url\":\"https:\/\/oriamendi.eus\/es\/2025\/09\/20\/juanenea-disputara-la-final-del-torneo-eusko-label-individual-ante-barrenetxea-iv\/\",\"name\":\"Juanenea disputar\u00e1 la final del Torneo Eusko Label Individual ante Barrenetxea IV | Oriamendi 2010\",\"isPartOf\":{\"@id\":\"https:\/\/oriamendi.eus\/es\/#website\"},\"datePublished\":\"2025-09-20T15:36:41+00:00\",\"dateModified\":\"2025-09-20T15:36:41+00:00\",\"breadcrumb\":{\"@id\":\"https:\/\/oriamendi.eus\/es\/2025\/09\/20\/juanenea-disputara-la-final-del-torneo-eusko-label-individual-ante-barrenetxea-iv\/#breadcrumb\"},\"inLanguage\":\"es\",\"potentialAction\":[{\"@type\":\"ReadAction\",\"target\":[\"https:\/\/oriamendi.eus\/es\/2025\/09\/20\/juanenea-disputara-la-final-del-torneo-eusko-label-individual-ante-barrenetxea-iv\/\"]}]},{\"@type\":\"BreadcrumbList\",\"@id\":\"https:\/\/oriamendi.eus\/es\/2025\/09\/20\/juanenea-disputara-la-final-del-torneo-eusko-label-individual-ante-barrenetxea-iv\/#breadcrumb\",\"itemListElement\":[{\"@type\":\"ListItem\",\"position\":1,\"name\":\"Portada\",\"item\":\"https:\/\/oriamendi.eus\/es\/\"},{\"@type\":\"ListItem\",\"position\":2,\"name\":\"Juanenea disputar\u00e1 la final del Torneo Eusko Label Individual ante Barrenetxea IV\"}]},{\"@type\":\"WebSite\",\"@id\":\"https:\/\/oriamendi.eus\/es\/#website\",\"url\":\"https:\/\/oriamendi.eus\/es\/\",\"name\":\"Oriamendi\",\"description\":\"Remonte en Galarreta. Hernani. Gipuzkoa\",\"publisher\":{\"@id\":\"https:\/\/oriamendi.eus\/es\/#organization\"},\"potentialAction\":[{\"@type\":\"SearchAction\",\"target\":{\"@type\":\"EntryPoint\",\"urlTemplate\":\"https:\/\/oriamendi.eus\/es\/?s={search_term_string}\"},\"query-input\":\"required name=search_term_string\"}],\"inLanguage\":\"es\"},{\"@type\":\"Organization\",\"@id\":\"https:\/\/oriamendi.eus\/es\/#organization\",\"name\":\"Oriamendi\",\"url\":\"https:\/\/oriamendi.eus\/es\/\",\"logo\":{\"@type\":\"ImageObject\",\"inLanguage\":\"es\",\"@id\":\"https:\/\/oriamendi.eus\/es\/#\/schema\/logo\/image\/\",\"url\":\"https:\/\/oriamendi.eus\/wp-content\/uploads\/2020\/06\/logo-oriamendi.png\",\"contentUrl\":\"https:\/\/oriamendi.eus\/wp-content\/uploads\/2020\/06\/logo-oriamendi.png\",\"width\":300,\"height\":90,\"caption\":\"Oriamendi\"},\"image\":{\"@id\":\"https:\/\/oriamendi.eus\/es\/#\/schema\/logo\/image\/\"},\"sameAs\":[\"https:\/\/www.facebook.com\/oriamendi2010remonte\/\",\"https:\/\/twitter.com\/oriamendi2010\",\"https:\/\/www.instagram.com\/galarretajaialai\/\",\"https:\/\/www.youtube.com\/channel\/UC8gVNzQqB1iwnC-_rI-ihmA\/featured\"]},{\"@type\":\"Person\",\"@id\":\"https:\/\/oriamendi.eus\/es\/#\/schema\/person\/c0bd06c6c747674306a5c82563e2339a\",\"name\":\"I\u00f1igo Go\u00f1i\",\"image\":{\"@type\":\"ImageObject\",\"inLanguage\":\"es\",\"@id\":\"https:\/\/oriamendi.eus\/es\/#\/schema\/person\/image\/\",\"url\":\"https:\/\/secure.gravatar.com\/avatar\/fbb07ffc7b803bbfcc2b6419c06abd3a?s=96&d=mm&r=g\",\"contentUrl\":\"https:\/\/secure.gravatar.com\/avatar\/fbb07ffc7b803bbfcc2b6419c06abd3a?s=96&d=mm&r=g\",\"caption\":\"I\u00f1igo Go\u00f1i\"},\"url\":\"https:\/\/oriamendi.eus\/es\/author\/om-berriak\/\"}]}<\/script>\n<!-- \/ Yoast SEO plugin. -->","yoast_head_json":{"title":"Juanenea disputar\u00e1 la final del Torneo Eusko Label Individual ante Barrenetxea IV | Oriamendi 2010","robots":{"index":"index","follow":"follow","max-snippet":"max-snippet:-1","max-image-preview":"max-image-preview:large","max-video-preview":"max-video-preview:-1"},"canonical":"https:\/\/oriamendi.eus\/es\/2025\/09\/20\/juanenea-disputara-la-final-del-torneo-eusko-label-individual-ante-barrenetxea-iv\/","og_locale":"es_ES","og_type":"article","og_title":"Juanenea disputar\u00e1 la final del Torneo Eusko Label Individual ante Barrenetxea IV | Oriamendi 2010","og_description":"Se impone con todo merecimiento por 30-24 a Imanol Ansa en la semifinal Aritz Juanenea ser\u00e1 el rival de Endika Barrenetxea el pr\u00f3ximo 27 de setiembre en la gran final del Torneo Eusko Label Individual. El de Saldias se impuso en la semifinal con todo merecimiento por 30-24 ante el defensor del t\u00edtulo Imanol Ansa. [&hellip;]","og_url":"https:\/\/oriamendi.eus\/es\/2025\/09\/20\/juanenea-disputara-la-final-del-torneo-eusko-label-individual-ante-barrenetxea-iv\/","og_site_name":"Oriamendi 2010","article_publisher":"https:\/\/www.facebook.com\/oriamendi2010remonte\/","article_published_time":"2025-09-20T15:36:41+00:00","og_image":[{"width":1200,"height":800,"url":"https:\/\/oriamendi.eus\/wp-content\/uploads\/2025\/09\/IMG_20250920_172131_2000_x_1333_pixel.jpg","type":"image\/jpeg"}],"author":"I\u00f1igo Go\u00f1i","twitter_card":"summary_large_image","twitter_creator":"@oriamendi2010","twitter_site":"@oriamendi2010","twitter_misc":{"Escrito por":"I\u00f1igo Go\u00f1i","Tiempo de lectura":"4 minutos"},"schema":{"@context":"https:\/\/schema.org","@graph":[{"@type":"Article","@id":"https:\/\/oriamendi.eus\/es\/2025\/09\/20\/juanenea-disputara-la-final-del-torneo-eusko-label-individual-ante-barrenetxea-iv\/#article","isPartOf":{"@id":"https:\/\/oriamendi.eus\/es\/2025\/09\/20\/juanenea-disputara-la-final-del-torneo-eusko-label-individual-ante-barrenetxea-iv\/"},"author":{"name":"I\u00f1igo Go\u00f1i","@id":"https:\/\/oriamendi.eus\/es\/#\/schema\/person\/c0bd06c6c747674306a5c82563e2339a"},"headline":"Juanenea disputar\u00e1 la final del Torneo Eusko Label Individual ante Barrenetxea IV","datePublished":"2025-09-20T15:36:41+00:00","dateModified":"2025-09-20T15:36:41+00:00","mainEntityOfPage":{"@id":"https:\/\/oriamendi.eus\/es\/2025\/09\/20\/juanenea-disputara-la-final-del-torneo-eusko-label-individual-ante-barrenetxea-iv\/"},"wordCount":649,"publisher":{"@id":"https:\/\/oriamendi.eus\/es\/#organization"},"articleSection":["Sin categorizar"],"inLanguage":"es"},{"@type":"WebPage","@id":"https:\/\/oriamendi.eus\/es\/2025\/09\/20\/juanenea-disputara-la-final-del-torneo-eusko-label-individual-ante-barrenetxea-iv\/","url":"https:\/\/oriamendi.eus\/es\/2025\/09\/20\/juanenea-disputara-la-final-del-torneo-eusko-label-individual-ante-barrenetxea-iv\/","name":"Juanenea disputar\u00e1 la final del Torneo Eusko Label Individual ante Barrenetxea IV | Oriamendi 2010","isPartOf":{"@id":"https:\/\/oriamendi.eus\/es\/#website"},"datePublished":"2025-09-20T15:36:41+00:00","dateModified":"2025-09-20T15:36:41+00:00","breadcrumb":{"@id":"https:\/\/oriamendi.eus\/es\/2025\/09\/20\/juanenea-disputara-la-final-del-torneo-eusko-label-individual-ante-barrenetxea-iv\/#breadcrumb"},"inLanguage":"es","potentialAction":[{"@type":"ReadAction","target":["https:\/\/oriamendi.eus\/es\/2025\/09\/20\/juanenea-disputara-la-final-del-torneo-eusko-label-individual-ante-barrenetxea-iv\/"]}]},{"@type":"BreadcrumbList","@id":"https:\/\/oriamendi.eus\/es\/2025\/09\/20\/juanenea-disputara-la-final-del-torneo-eusko-label-individual-ante-barrenetxea-iv\/#breadcrumb","itemListElement":[{"@type":"ListItem","position":1,"name":"Portada","item":"https:\/\/oriamendi.eus\/es\/"},{"@type":"ListItem","position":2,"name":"Juanenea disputar\u00e1 la final del Torneo Eusko Label Individual ante Barrenetxea IV"}]},{"@type":"WebSite","@id":"https:\/\/oriamendi.eus\/es\/#website","url":"https:\/\/oriamendi.eus\/es\/","name":"Oriamendi","description":"Remonte en Galarreta. Hernani. Gipuzkoa","publisher":{"@id":"https:\/\/oriamendi.eus\/es\/#organization"},"potentialAction":[{"@type":"SearchAction","target":{"@type":"EntryPoint","urlTemplate":"https:\/\/oriamendi.eus\/es\/?s={search_term_string}"},"query-input":"required name=search_term_string"}],"inLanguage":"es"},{"@type":"Organization","@id":"https:\/\/oriamendi.eus\/es\/#organization","name":"Oriamendi","url":"https:\/\/oriamendi.eus\/es\/","logo":{"@type":"ImageObject","inLanguage":"es","@id":"https:\/\/oriamendi.eus\/es\/#\/schema\/logo\/image\/","url":"https:\/\/oriamendi.eus\/wp-content\/uploads\/2020\/06\/logo-oriamendi.png","contentUrl":"https:\/\/oriamendi.eus\/wp-content\/uploads\/2020\/06\/logo-oriamendi.png","width":300,"height":90,"caption":"Oriamendi"},"image":{"@id":"https:\/\/oriamendi.eus\/es\/#\/schema\/logo\/image\/"},"sameAs":["https:\/\/www.facebook.com\/oriamendi2010remonte\/","https:\/\/twitter.com\/oriamendi2010","https:\/\/www.instagram.com\/galarretajaialai\/","https:\/\/www.youtube.com\/channel\/UC8gVNzQqB1iwnC-_rI-ihmA\/featured"]},{"@type":"Person","@id":"https:\/\/oriamendi.eus\/es\/#\/schema\/person\/c0bd06c6c747674306a5c82563e2339a","name":"I\u00f1igo Go\u00f1i","image":{"@type":"ImageObject","inLanguage":"es","@id":"https:\/\/oriamendi.eus\/es\/#\/schema\/person\/image\/","url":"https:\/\/secure.gravatar.com\/avatar\/fbb07ffc7b803bbfcc2b6419c06abd3a?s=96&d=mm&r=g","contentUrl":"https:\/\/secure.gravatar.com\/avatar\/fbb07ffc7b803bbfcc2b6419c06abd3a?s=96&d=mm&r=g","caption":"I\u00f1igo Go\u00f1i"},"url":"https:\/\/oriamendi.eus\/es\/author\/om-berriak\/"}]}},"_links":{"self":[{"href":"https:\/\/oriamendi.eus\/es\/wp-json\/wp\/v2\/posts\/9254"}],"collection":[{"href":"https:\/\/oriamendi.eus\/es\/wp-json\/wp\/v2\/posts"}],"about":[{"href":"https:\/\/oriamendi.eus\/es\/wp-json\/wp\/v2\/types\/post"}],"author":[{"embeddable":true,"href":"https:\/\/oriamendi.eus\/es\/wp-json\/wp\/v2\/users\/5"}],"replies":[{"embeddable":true,"href":"https:\/\/oriamendi.eus\/es\/wp-json\/wp\/v2\/comments?post=9254"}],"version-history":[{"count":1,"href":"https:\/\/oriamendi.eus\/es\/wp-json\/wp\/v2\/posts\/9254\/revisions"}],"predecessor-version":[{"id":9259,"href":"https:\/\/oriamendi.eus\/es\/wp-json\/wp\/v2\/posts\/9254\/revisions\/9259"}],"wp:featuredmedia":[{"embeddable":true,"href":"https:\/\/oriamendi.eus\/es\/wp-json\/wp\/v2\/media\/9257"}],"wp:attachment":[{"href":"https:\/\/oriamendi.eus\/es\/wp-json\/wp\/v2\/media?parent=9254"}],"wp:term":[{"taxonomy":"category","embeddable":true,"href":"https:\/\/oriamendi.eus\/es\/wp-json\/wp\/v2\/categories?post=9254"},{"taxonomy":"post_tag","embeddable":true,"href":"https:\/\/oriamendi.eus\/es\/wp-json\/wp\/v2\/tags?post=9254"}],"curies":[{"name":"wp","href":"https:\/\/api.w.org\/{rel}","templated":true}]}}