                                        
                                        
                                        
                                        
                                        
                                        
                                        
                                        
                                        
                                        
                                        
                                        
                                        
                                        
                                        
                                        
                                        
                                        
{"id":9246,"date":"2025-09-14T18:43:04","date_gmt":"2025-09-14T16:43:04","guid":{"rendered":"https:\/\/oriamendi.eus\/?p=9246"},"modified":"2025-09-14T18:43:04","modified_gmt":"2025-09-14T16:43:04","slug":"juanenea-y-ansa-ii-se-citan-en-la-semifinal-tras-la-victoria-del-de-saldias-por-30-28","status":"publish","type":"post","link":"https:\/\/oriamendi.eus\/es\/2025\/09\/14\/juanenea-y-ansa-ii-se-citan-en-la-semifinal-tras-la-victoria-del-de-saldias-por-30-28\/","title":{"rendered":"Juanenea y Ansa II se citan en la semifinal tras la victoria del de Saldias por 30-28"},"content":{"rendered":"<div><b>Se han clasificado ambos a la semifinal del Torneo Individual Eusko Label\u00a0<\/b><\/div>\n<div><b>\u00a0<\/b><\/div>\n<div>La liguilla del Torneo Individual Eusko Label termin\u00f3 con victoria de Juanenea sobre Ansa II por 30-28 y de esa forma ambos se han clasificado a la semifinal del campeonato y se volver\u00e1n a ver las caras la semana que viene en Galarreta. Barrenetxea se ha clasificado de forma directa a la final por liderar la liguilla con doce puntos. Juanenea y Ansa II han empatado a cinco puntos en la liguilla en segunda y tercera posici\u00f3n respectivamente, mientras Azpiroz ha quedado eliminado con cuatro puntos. Ansa II necesitaba 24 tantos para clasificarse, Juanenea estaba obligado a ganar y se cumplieron ambas premisas.<\/div>\n<div><\/div>\n<div><img fetchpriority=\"high\" fetchpriority=\"high\" decoding=\"async\" class=\"alignnone size-medium wp-image-9247\" src=\"https:\/\/oriamendi.eus\/wp-content\/uploads\/2025\/09\/IMG-20250913-WA0032-169x300.jpg\" alt=\"\" width=\"169\" height=\"300\" \/><\/div>\n<div>Hubo buenas noticias en Galarreta. La primera que Ansa no se resinti\u00f3 de la lesi\u00f3n del brazo y se le vio bien, quiz\u00e1s no lanz\u00f3 pelotazos con la misma velocidad, pero si que jug\u00f3 cerca de su m\u00e1ximo nivel y estado f\u00edsico. Juanenea tambi\u00e9n jug\u00f3 un partidazo y otra de las grandes noticias fue que se vio un partidazo. Se vieron tantos espectaculares y hubo much\u00edsima emoci\u00f3n de principio a fin. La cara amarga del d\u00eda fue que Azpiroz se qued\u00f3 cerca de la semifinal a dos tantos m\u00e1s de Ansa II.<\/div>\n<div>Ambos pelotaris lo dieron todo y hubo mucho ritmo. Defendieron muy bien y cometieron pocos errores. Ansa destac\u00f3 m\u00e1s por las jugadas y Juanenea estuvo m\u00e1s fresco en el pelotazo. Tambi\u00e9n sac\u00f3 mejor que Ansa II, aunque ah\u00ed tambi\u00e9n hubo mucha igualdad. Juanenea hizo seis tantos de saque por cinco de Ansa. Hubo pocos fallos y se concentraron m\u00e1s al inicio del partido y en el \u00faltimo pelotazo. En el 28-29 Ansa solt\u00f3 el brazo, pero la pelota se le fue a la contracancha y se termin\u00f3 el choque 28-30 para gozo de Juanenea.<\/div>\n<div>El zaguero de Saldias llev\u00f3 la iniciativa en el partido y se llev\u00f3 la victoria con todo merecimiento. Ansa tambi\u00e9n estuvo por delante en el marcador, pero Juanenea le marc\u00f3 de cerca y comand\u00f3 el marcador salvo en el 5-4, 8-7 y 9-8.<\/div>\n<div>Hubo hasta once empates durante el partido. Y la m\u00e1xima diferencia lleg\u00f3 en el 15-21 a favor de Juanenea.<\/div>\n<div>El partido empez\u00f3 con una peque\u00f1a renta de 0-3 para el de Saldias, pero Ansa reaccion\u00f3 r\u00e1pido y el choque transcurri\u00f3 con rentas de solo un tanto o dos como mucho hasta el 11-14. Tras el 15-17 lleg\u00f3 la primera escapada del azul con un parcial de 0-4 que subi\u00f3 el 15-21 al marcador. Ansa ten\u00eda que sumar 24 tantos y era su principal misi\u00f3n. Se puso manos a la obra y en su mejor momento de juego logr\u00f3 empatar a 23 tantos. Estaba cerca de la semifinal. Tras el 23-24 Ansa conect\u00f3 un preciso dos paredes e hizo el tan deseado 24. No pod\u00eda ser de otra forma. El dos paredes fue la mejor arma del delantero de Urnieta que hizo hasta seis tantos con esa jugada.<\/div>\n<div>El final del partido fue lo mejor de la tarde. Ambos pelotaris estaban desbocados y no les pudo la presi\u00f3n. Sacaron a relucir su mejor juego y hasta el final se vieron grandes densas, buenas recuperaciones y tantos de todos los colores. Tras el 27 iguales Juanenea conect\u00f3 dos grandes pelotazos que le dieron una ventaja muy valiosa (27-29), pero otro gran dos paredes de Ansa puso el partido en un pa\u00f1uelo en el 28-29. El \u00faltimo tanto no fue brillante y lleg\u00f3 tras un pelotazo fallido de Ansa, pero Juanenea cerr\u00f3 un gran partido y la clasificaci\u00f3n a la semifinal.<\/div>\n<div><\/div>\n<div>\n<div><b>Gurrutxaga y Apezetxea pasan por encima de Susperregi y Zubiri<\/b><\/div>\n<div><\/div>\n<\/div>\n<div><img decoding=\"async\" class=\"alignnone size-medium wp-image-9249\" src=\"https:\/\/oriamendi.eus\/wp-content\/uploads\/2025\/09\/IMG-20250913-WA0030-169x300.jpg\" alt=\"\" width=\"169\" height=\"300\" \/><\/div>\n<div>\n<div><b>\u00a0<\/b><\/div>\n<div><b>Disputar\u00e1n la semifinal ante Jabalera y Eskudero<\/b><\/div>\n<div><b>\u00a0<\/b><\/div>\n<div>El primer partido del festival fue un tr\u00e1mite para Gurrutxaga y Apezetxea que ganaron 15-5 y 15-4 a Susperregi y Zubiri en el playoff del Oriamendi Txapelketa. El marcador habla por s\u00ed solo. No hubo emoci\u00f3n y desde el inicio hasta el final solo hubo una pareja sobre la cancha. Fueron muy superiores atr\u00e1s y adelante ante una pareja que estuvo lejos de su nivel.\u00a0 Jugar\u00e1n la semifinal ante Jabalera y Eskudero. En la final esperan Goikoetxea V y Aiestaran VII.<\/div>\n<\/div>\n<div><\/div>\n","protected":false},"excerpt":{"rendered":"<p>Se han clasificado ambos a la semifinal del Torneo Individual Eusko Label\u00a0 \u00a0 La liguilla del Torneo Individual Eusko Label termin\u00f3 con victoria de Juanenea sobre Ansa II por 30-28 y de esa forma ambos se han clasificado a la semifinal del campeonato y se volver\u00e1n a ver las caras la semana que viene en [&hellip;]<\/p>\n","protected":false},"author":5,"featured_media":9228,"comment_status":"closed","ping_status":"open","sticky":false,"template":"","format":"standard","meta":{"_et_pb_use_builder":"","_et_pb_old_content":"","_et_gb_content_width":"","footnotes":""},"categories":[1],"tags":[],"yoast_head":"<!-- This site is optimized with the Yoast SEO plugin v21.8 - https:\/\/yoast.com\/wordpress\/plugins\/seo\/ -->\n<title>Juanenea y Ansa II se citan en la semifinal tras la victoria del de Saldias por 30-28 | Oriamendi 2010<\/title>\n<meta name=\"robots\" content=\"index, follow, max-snippet:-1, max-image-preview:large, max-video-preview:-1\" \/>\n<link rel=\"canonical\" href=\"https:\/\/oriamendi.eus\/es\/2025\/09\/14\/juanenea-y-ansa-ii-se-citan-en-la-semifinal-tras-la-victoria-del-de-saldias-por-30-28\/\" \/>\n<meta property=\"og:locale\" content=\"es_ES\" \/>\n<meta property=\"og:type\" content=\"article\" \/>\n<meta property=\"og:title\" content=\"Juanenea y Ansa II se citan en la semifinal tras la victoria del de Saldias por 30-28 | Oriamendi 2010\" \/>\n<meta property=\"og:description\" content=\"Se han clasificado ambos a la semifinal del Torneo Individual Eusko Label\u00a0 \u00a0 La liguilla del Torneo Individual Eusko Label termin\u00f3 con victoria de Juanenea sobre Ansa II por 30-28 y de esa forma ambos se han clasificado a la semifinal del campeonato y se volver\u00e1n a ver las caras la semana que viene en [&hellip;]\" \/>\n<meta property=\"og:url\" content=\"https:\/\/oriamendi.eus\/es\/2025\/09\/14\/juanenea-y-ansa-ii-se-citan-en-la-semifinal-tras-la-victoria-del-de-saldias-por-30-28\/\" \/>\n<meta property=\"og:site_name\" content=\"Oriamendi 2010\" \/>\n<meta property=\"article:publisher\" content=\"https:\/\/www.facebook.com\/oriamendi2010remonte\/\" \/>\n<meta property=\"article:published_time\" content=\"2025-09-14T16:43:04+00:00\" \/>\n<meta property=\"og:image\" content=\"https:\/\/oriamendi.eus\/wp-content\/uploads\/2025\/09\/DSC02650.jpg\" \/>\n\t<meta property=\"og:image:width\" content=\"1200\" \/>\n\t<meta property=\"og:image:height\" content=\"800\" \/>\n\t<meta property=\"og:image:type\" content=\"image\/jpeg\" \/>\n<meta name=\"author\" content=\"I\u00f1igo Go\u00f1i\" \/>\n<meta name=\"twitter:card\" content=\"summary_large_image\" \/>\n<meta name=\"twitter:creator\" content=\"@oriamendi2010\" \/>\n<meta name=\"twitter:site\" content=\"@oriamendi2010\" \/>\n<meta name=\"twitter:label1\" content=\"Escrito por\" \/>\n\t<meta name=\"twitter:data1\" content=\"I\u00f1igo Go\u00f1i\" \/>\n\t<meta name=\"twitter:label2\" content=\"Tiempo de lectura\" \/>\n\t<meta name=\"twitter:data2\" content=\"4 minutos\" \/>\n<script type=\"application\/ld+json\" class=\"yoast-schema-graph\">{\"@context\":\"https:\/\/schema.org\",\"@graph\":[{\"@type\":\"Article\",\"@id\":\"https:\/\/oriamendi.eus\/es\/2025\/09\/14\/juanenea-y-ansa-ii-se-citan-en-la-semifinal-tras-la-victoria-del-de-saldias-por-30-28\/#article\",\"isPartOf\":{\"@id\":\"https:\/\/oriamendi.eus\/es\/2025\/09\/14\/juanenea-y-ansa-ii-se-citan-en-la-semifinal-tras-la-victoria-del-de-saldias-por-30-28\/\"},\"author\":{\"name\":\"I\u00f1igo Go\u00f1i\",\"@id\":\"https:\/\/oriamendi.eus\/es\/#\/schema\/person\/c0bd06c6c747674306a5c82563e2339a\"},\"headline\":\"Juanenea y Ansa II se citan en la semifinal tras la victoria del de Saldias por 30-28\",\"datePublished\":\"2025-09-14T16:43:04+00:00\",\"dateModified\":\"2025-09-14T16:43:04+00:00\",\"mainEntityOfPage\":{\"@id\":\"https:\/\/oriamendi.eus\/es\/2025\/09\/14\/juanenea-y-ansa-ii-se-citan-en-la-semifinal-tras-la-victoria-del-de-saldias-por-30-28\/\"},\"wordCount\":733,\"publisher\":{\"@id\":\"https:\/\/oriamendi.eus\/es\/#organization\"},\"articleSection\":[\"Sin categorizar\"],\"inLanguage\":\"es\"},{\"@type\":\"WebPage\",\"@id\":\"https:\/\/oriamendi.eus\/es\/2025\/09\/14\/juanenea-y-ansa-ii-se-citan-en-la-semifinal-tras-la-victoria-del-de-saldias-por-30-28\/\",\"url\":\"https:\/\/oriamendi.eus\/es\/2025\/09\/14\/juanenea-y-ansa-ii-se-citan-en-la-semifinal-tras-la-victoria-del-de-saldias-por-30-28\/\",\"name\":\"Juanenea y Ansa II se citan en la semifinal tras la victoria del de Saldias por 30-28 | Oriamendi 2010\",\"isPartOf\":{\"@id\":\"https:\/\/oriamendi.eus\/es\/#website\"},\"datePublished\":\"2025-09-14T16:43:04+00:00\",\"dateModified\":\"2025-09-14T16:43:04+00:00\",\"breadcrumb\":{\"@id\":\"https:\/\/oriamendi.eus\/es\/2025\/09\/14\/juanenea-y-ansa-ii-se-citan-en-la-semifinal-tras-la-victoria-del-de-saldias-por-30-28\/#breadcrumb\"},\"inLanguage\":\"es\",\"potentialAction\":[{\"@type\":\"ReadAction\",\"target\":[\"https:\/\/oriamendi.eus\/es\/2025\/09\/14\/juanenea-y-ansa-ii-se-citan-en-la-semifinal-tras-la-victoria-del-de-saldias-por-30-28\/\"]}]},{\"@type\":\"BreadcrumbList\",\"@id\":\"https:\/\/oriamendi.eus\/es\/2025\/09\/14\/juanenea-y-ansa-ii-se-citan-en-la-semifinal-tras-la-victoria-del-de-saldias-por-30-28\/#breadcrumb\",\"itemListElement\":[{\"@type\":\"ListItem\",\"position\":1,\"name\":\"Portada\",\"item\":\"https:\/\/oriamendi.eus\/es\/\"},{\"@type\":\"ListItem\",\"position\":2,\"name\":\"Juanenea y Ansa II se citan en la semifinal tras la victoria del de Saldias por 30-28\"}]},{\"@type\":\"WebSite\",\"@id\":\"https:\/\/oriamendi.eus\/es\/#website\",\"url\":\"https:\/\/oriamendi.eus\/es\/\",\"name\":\"Oriamendi\",\"description\":\"Remonte en Galarreta. Hernani. Gipuzkoa\",\"publisher\":{\"@id\":\"https:\/\/oriamendi.eus\/es\/#organization\"},\"potentialAction\":[{\"@type\":\"SearchAction\",\"target\":{\"@type\":\"EntryPoint\",\"urlTemplate\":\"https:\/\/oriamendi.eus\/es\/?s={search_term_string}\"},\"query-input\":\"required name=search_term_string\"}],\"inLanguage\":\"es\"},{\"@type\":\"Organization\",\"@id\":\"https:\/\/oriamendi.eus\/es\/#organization\",\"name\":\"Oriamendi\",\"url\":\"https:\/\/oriamendi.eus\/es\/\",\"logo\":{\"@type\":\"ImageObject\",\"inLanguage\":\"es\",\"@id\":\"https:\/\/oriamendi.eus\/es\/#\/schema\/logo\/image\/\",\"url\":\"https:\/\/oriamendi.eus\/wp-content\/uploads\/2020\/06\/logo-oriamendi.png\",\"contentUrl\":\"https:\/\/oriamendi.eus\/wp-content\/uploads\/2020\/06\/logo-oriamendi.png\",\"width\":300,\"height\":90,\"caption\":\"Oriamendi\"},\"image\":{\"@id\":\"https:\/\/oriamendi.eus\/es\/#\/schema\/logo\/image\/\"},\"sameAs\":[\"https:\/\/www.facebook.com\/oriamendi2010remonte\/\",\"https:\/\/twitter.com\/oriamendi2010\",\"https:\/\/www.instagram.com\/galarretajaialai\/\",\"https:\/\/www.youtube.com\/channel\/UC8gVNzQqB1iwnC-_rI-ihmA\/featured\"]},{\"@type\":\"Person\",\"@id\":\"https:\/\/oriamendi.eus\/es\/#\/schema\/person\/c0bd06c6c747674306a5c82563e2339a\",\"name\":\"I\u00f1igo Go\u00f1i\",\"image\":{\"@type\":\"ImageObject\",\"inLanguage\":\"es\",\"@id\":\"https:\/\/oriamendi.eus\/es\/#\/schema\/person\/image\/\",\"url\":\"https:\/\/secure.gravatar.com\/avatar\/fbb07ffc7b803bbfcc2b6419c06abd3a?s=96&d=mm&r=g\",\"contentUrl\":\"https:\/\/secure.gravatar.com\/avatar\/fbb07ffc7b803bbfcc2b6419c06abd3a?s=96&d=mm&r=g\",\"caption\":\"I\u00f1igo Go\u00f1i\"},\"url\":\"https:\/\/oriamendi.eus\/es\/author\/om-berriak\/\"}]}<\/script>\n<!-- \/ Yoast SEO plugin. -->","yoast_head_json":{"title":"Juanenea y Ansa II se citan en la semifinal tras la victoria del de Saldias por 30-28 | Oriamendi 2010","robots":{"index":"index","follow":"follow","max-snippet":"max-snippet:-1","max-image-preview":"max-image-preview:large","max-video-preview":"max-video-preview:-1"},"canonical":"https:\/\/oriamendi.eus\/es\/2025\/09\/14\/juanenea-y-ansa-ii-se-citan-en-la-semifinal-tras-la-victoria-del-de-saldias-por-30-28\/","og_locale":"es_ES","og_type":"article","og_title":"Juanenea y Ansa II se citan en la semifinal tras la victoria del de Saldias por 30-28 | Oriamendi 2010","og_description":"Se han clasificado ambos a la semifinal del Torneo Individual Eusko Label\u00a0 \u00a0 La liguilla del Torneo Individual Eusko Label termin\u00f3 con victoria de Juanenea sobre Ansa II por 30-28 y de esa forma ambos se han clasificado a la semifinal del campeonato y se volver\u00e1n a ver las caras la semana que viene en [&hellip;]","og_url":"https:\/\/oriamendi.eus\/es\/2025\/09\/14\/juanenea-y-ansa-ii-se-citan-en-la-semifinal-tras-la-victoria-del-de-saldias-por-30-28\/","og_site_name":"Oriamendi 2010","article_publisher":"https:\/\/www.facebook.com\/oriamendi2010remonte\/","article_published_time":"2025-09-14T16:43:04+00:00","og_image":[{"width":1200,"height":800,"url":"https:\/\/oriamendi.eus\/wp-content\/uploads\/2025\/09\/DSC02650.jpg","type":"image\/jpeg"}],"author":"I\u00f1igo Go\u00f1i","twitter_card":"summary_large_image","twitter_creator":"@oriamendi2010","twitter_site":"@oriamendi2010","twitter_misc":{"Escrito por":"I\u00f1igo Go\u00f1i","Tiempo de lectura":"4 minutos"},"schema":{"@context":"https:\/\/schema.org","@graph":[{"@type":"Article","@id":"https:\/\/oriamendi.eus\/es\/2025\/09\/14\/juanenea-y-ansa-ii-se-citan-en-la-semifinal-tras-la-victoria-del-de-saldias-por-30-28\/#article","isPartOf":{"@id":"https:\/\/oriamendi.eus\/es\/2025\/09\/14\/juanenea-y-ansa-ii-se-citan-en-la-semifinal-tras-la-victoria-del-de-saldias-por-30-28\/"},"author":{"name":"I\u00f1igo Go\u00f1i","@id":"https:\/\/oriamendi.eus\/es\/#\/schema\/person\/c0bd06c6c747674306a5c82563e2339a"},"headline":"Juanenea y Ansa II se citan en la semifinal tras la victoria del de Saldias por 30-28","datePublished":"2025-09-14T16:43:04+00:00","dateModified":"2025-09-14T16:43:04+00:00","mainEntityOfPage":{"@id":"https:\/\/oriamendi.eus\/es\/2025\/09\/14\/juanenea-y-ansa-ii-se-citan-en-la-semifinal-tras-la-victoria-del-de-saldias-por-30-28\/"},"wordCount":733,"publisher":{"@id":"https:\/\/oriamendi.eus\/es\/#organization"},"articleSection":["Sin categorizar"],"inLanguage":"es"},{"@type":"WebPage","@id":"https:\/\/oriamendi.eus\/es\/2025\/09\/14\/juanenea-y-ansa-ii-se-citan-en-la-semifinal-tras-la-victoria-del-de-saldias-por-30-28\/","url":"https:\/\/oriamendi.eus\/es\/2025\/09\/14\/juanenea-y-ansa-ii-se-citan-en-la-semifinal-tras-la-victoria-del-de-saldias-por-30-28\/","name":"Juanenea y Ansa II se citan en la semifinal tras la victoria del de Saldias por 30-28 | Oriamendi 2010","isPartOf":{"@id":"https:\/\/oriamendi.eus\/es\/#website"},"datePublished":"2025-09-14T16:43:04+00:00","dateModified":"2025-09-14T16:43:04+00:00","breadcrumb":{"@id":"https:\/\/oriamendi.eus\/es\/2025\/09\/14\/juanenea-y-ansa-ii-se-citan-en-la-semifinal-tras-la-victoria-del-de-saldias-por-30-28\/#breadcrumb"},"inLanguage":"es","potentialAction":[{"@type":"ReadAction","target":["https:\/\/oriamendi.eus\/es\/2025\/09\/14\/juanenea-y-ansa-ii-se-citan-en-la-semifinal-tras-la-victoria-del-de-saldias-por-30-28\/"]}]},{"@type":"BreadcrumbList","@id":"https:\/\/oriamendi.eus\/es\/2025\/09\/14\/juanenea-y-ansa-ii-se-citan-en-la-semifinal-tras-la-victoria-del-de-saldias-por-30-28\/#breadcrumb","itemListElement":[{"@type":"ListItem","position":1,"name":"Portada","item":"https:\/\/oriamendi.eus\/es\/"},{"@type":"ListItem","position":2,"name":"Juanenea y Ansa II se citan en la semifinal tras la victoria del de Saldias por 30-28"}]},{"@type":"WebSite","@id":"https:\/\/oriamendi.eus\/es\/#website","url":"https:\/\/oriamendi.eus\/es\/","name":"Oriamendi","description":"Remonte en Galarreta. Hernani. Gipuzkoa","publisher":{"@id":"https:\/\/oriamendi.eus\/es\/#organization"},"potentialAction":[{"@type":"SearchAction","target":{"@type":"EntryPoint","urlTemplate":"https:\/\/oriamendi.eus\/es\/?s={search_term_string}"},"query-input":"required name=search_term_string"}],"inLanguage":"es"},{"@type":"Organization","@id":"https:\/\/oriamendi.eus\/es\/#organization","name":"Oriamendi","url":"https:\/\/oriamendi.eus\/es\/","logo":{"@type":"ImageObject","inLanguage":"es","@id":"https:\/\/oriamendi.eus\/es\/#\/schema\/logo\/image\/","url":"https:\/\/oriamendi.eus\/wp-content\/uploads\/2020\/06\/logo-oriamendi.png","contentUrl":"https:\/\/oriamendi.eus\/wp-content\/uploads\/2020\/06\/logo-oriamendi.png","width":300,"height":90,"caption":"Oriamendi"},"image":{"@id":"https:\/\/oriamendi.eus\/es\/#\/schema\/logo\/image\/"},"sameAs":["https:\/\/www.facebook.com\/oriamendi2010remonte\/","https:\/\/twitter.com\/oriamendi2010","https:\/\/www.instagram.com\/galarretajaialai\/","https:\/\/www.youtube.com\/channel\/UC8gVNzQqB1iwnC-_rI-ihmA\/featured"]},{"@type":"Person","@id":"https:\/\/oriamendi.eus\/es\/#\/schema\/person\/c0bd06c6c747674306a5c82563e2339a","name":"I\u00f1igo Go\u00f1i","image":{"@type":"ImageObject","inLanguage":"es","@id":"https:\/\/oriamendi.eus\/es\/#\/schema\/person\/image\/","url":"https:\/\/secure.gravatar.com\/avatar\/fbb07ffc7b803bbfcc2b6419c06abd3a?s=96&d=mm&r=g","contentUrl":"https:\/\/secure.gravatar.com\/avatar\/fbb07ffc7b803bbfcc2b6419c06abd3a?s=96&d=mm&r=g","caption":"I\u00f1igo Go\u00f1i"},"url":"https:\/\/oriamendi.eus\/es\/author\/om-berriak\/"}]}},"_links":{"self":[{"href":"https:\/\/oriamendi.eus\/es\/wp-json\/wp\/v2\/posts\/9246"}],"collection":[{"href":"https:\/\/oriamendi.eus\/es\/wp-json\/wp\/v2\/posts"}],"about":[{"href":"https:\/\/oriamendi.eus\/es\/wp-json\/wp\/v2\/types\/post"}],"author":[{"embeddable":true,"href":"https:\/\/oriamendi.eus\/es\/wp-json\/wp\/v2\/users\/5"}],"replies":[{"embeddable":true,"href":"https:\/\/oriamendi.eus\/es\/wp-json\/wp\/v2\/comments?post=9246"}],"version-history":[{"count":1,"href":"https:\/\/oriamendi.eus\/es\/wp-json\/wp\/v2\/posts\/9246\/revisions"}],"predecessor-version":[{"id":9251,"href":"https:\/\/oriamendi.eus\/es\/wp-json\/wp\/v2\/posts\/9246\/revisions\/9251"}],"wp:featuredmedia":[{"embeddable":true,"href":"https:\/\/oriamendi.eus\/es\/wp-json\/wp\/v2\/media\/9228"}],"wp:attachment":[{"href":"https:\/\/oriamendi.eus\/es\/wp-json\/wp\/v2\/media?parent=9246"}],"wp:term":[{"taxonomy":"category","embeddable":true,"href":"https:\/\/oriamendi.eus\/es\/wp-json\/wp\/v2\/categories?post=9246"},{"taxonomy":"post_tag","embeddable":true,"href":"https:\/\/oriamendi.eus\/es\/wp-json\/wp\/v2\/tags?post=9246"}],"curies":[{"name":"wp","href":"https:\/\/api.w.org\/{rel}","templated":true}]}}