                                        
                                        
                                        
                                        
                                        
                                        
                                        
                                        
                                        
                                        
                                        
                                        
                                        
                                        
                                        
                                        
                                        
                                        
{"id":9234,"date":"2025-09-07T18:18:13","date_gmt":"2025-09-07T16:18:13","guid":{"rendered":"https:\/\/oriamendi.eus\/?p=9234"},"modified":"2025-09-07T18:18:13","modified_gmt":"2025-09-07T16:18:13","slug":"barrenetxea-impone-su-jerarquia-y-alcanza-la-final-del-torneo-individual-de-remonte-eusko-label","status":"publish","type":"post","link":"https:\/\/oriamendi.eus\/es\/2025\/09\/07\/barrenetxea-impone-su-jerarquia-y-alcanza-la-final-del-torneo-individual-de-remonte-eusko-label\/","title":{"rendered":"Barrenetxea impone su jerarqu\u00eda y alcanza la final del Torneo Individual de Remonte Eusko Label"},"content":{"rendered":"<p>Endika Barrenetxea dio este s\u00e1bado un golpe de autoridad en el Torneo Individual de Remonte Eusko Label al imponerse por 30-24 a Xabier Azpiroz en un encuentro intenso, peloteado, y muy disputado. Con este triunfo, el zaguero se clasific\u00f3 de forma directa para la final, mientras que su rival, pese a la derrota, logr\u00f3 sumar un punto que puede ser valioso en la lucha por entrar en semifinales. Barrenetxea ha terminado con doce puntos la liguilla. Azpiroz ha acabado con cuatro, mientras Ansa tiene tres y Juanenea cuenta con uno. Los tres tienen opciones de ser semifinalista. Ansa har\u00e1 una prueba el jueves para saber si puede jugar o no.<\/p>\n<p><img fetchpriority=\"high\" fetchpriority=\"high\" decoding=\"async\" class=\"alignnone size-medium wp-image-9235\" src=\"https:\/\/oriamendi.eus\/wp-content\/uploads\/2025\/09\/IMG-20250906-WA0028-169x300.jpg\" alt=\"\" width=\"169\" height=\"300\" \/><\/p>\n<p>El choque arranc\u00f3 con m\u00e1xima igualdad y mucho peloteo. Azpiroz plant\u00f3 cara desde el primer pelotazo, firme en defensa y aprovechando cada ocasi\u00f3n para sumar tantos. Durante la primera mitad, el marcador avanz\u00f3 parejo, reflejando la ambici\u00f3n de ambos remontistas hasta el 11-10.<\/p>\n<p>Sin embargo, a medida que avanzaba el partido, Barrenetxea fue marcando diferencias. Con mayor claridad en sus golpes y una notable seguridad en los momentos decisivos, logr\u00f3 despegarse en el marcador. Su saque fue decisivo con nueve tantos. Su experiencia y capacidad para manejar los tramos calientes del encuentro acabaron resultando determinantes. Cogi\u00f3 tres tantos de ventaja el hernaniarra en el15-12 y lo aument\u00f3 hasta el 26-20 y 30-24 final. Hubo una peque\u00f1a reacci\u00f3n de Azpiroz que se puso a dos tantos, 21-19, pero volvi\u00f3 a escaparse Barrenetxea.<\/p>\n<p>Azpiroz no baj\u00f3 los brazos en ning\u00fan momento, pero el empuje de Barrenetxea fue demasiado. El 30-24 final reflej\u00f3 la superioridad del ganador en la segunda parte del duelo y confirm\u00f3 su billete directo a la gran final, donde buscar\u00e1 coronar su excelente trayectoria en el torneo con la tercera txapela.<\/p>\n<p>Barrenetxea termin\u00f3 con 16 tantos en el peloteo y nueve con el saque. Azpiroz lo igual\u00f3 en el peloteo pero hizo cuatro tantos de saque.<\/p>\n","protected":false},"excerpt":{"rendered":"<p>Endika Barrenetxea dio este s\u00e1bado un golpe de autoridad en el Torneo Individual de Remonte Eusko Label al imponerse por 30-24 a Xabier Azpiroz en un encuentro intenso, peloteado, y muy disputado. Con este triunfo, el zaguero se clasific\u00f3 de forma directa para la final, mientras que su rival, pese a la derrota, logr\u00f3 sumar [&hellip;]<\/p>\n","protected":false},"author":5,"featured_media":9221,"comment_status":"closed","ping_status":"open","sticky":false,"template":"","format":"standard","meta":{"_et_pb_use_builder":"","_et_pb_old_content":"","_et_gb_content_width":"","footnotes":""},"categories":[1],"tags":[],"yoast_head":"<!-- This site is optimized with the Yoast SEO plugin v21.8 - https:\/\/yoast.com\/wordpress\/plugins\/seo\/ -->\n<title>Barrenetxea impone su jerarqu\u00eda y alcanza la final del Torneo Individual de Remonte Eusko Label | Oriamendi 2010<\/title>\n<meta name=\"robots\" content=\"index, follow, max-snippet:-1, max-image-preview:large, max-video-preview:-1\" \/>\n<link rel=\"canonical\" href=\"https:\/\/oriamendi.eus\/es\/2025\/09\/07\/barrenetxea-impone-su-jerarquia-y-alcanza-la-final-del-torneo-individual-de-remonte-eusko-label\/\" \/>\n<meta property=\"og:locale\" content=\"es_ES\" \/>\n<meta property=\"og:type\" content=\"article\" \/>\n<meta property=\"og:title\" content=\"Barrenetxea impone su jerarqu\u00eda y alcanza la final del Torneo Individual de Remonte Eusko Label | Oriamendi 2010\" \/>\n<meta property=\"og:description\" content=\"Endika Barrenetxea dio este s\u00e1bado un golpe de autoridad en el Torneo Individual de Remonte Eusko Label al imponerse por 30-24 a Xabier Azpiroz en un encuentro intenso, peloteado, y muy disputado. Con este triunfo, el zaguero se clasific\u00f3 de forma directa para la final, mientras que su rival, pese a la derrota, logr\u00f3 sumar [&hellip;]\" \/>\n<meta property=\"og:url\" content=\"https:\/\/oriamendi.eus\/es\/2025\/09\/07\/barrenetxea-impone-su-jerarquia-y-alcanza-la-final-del-torneo-individual-de-remonte-eusko-label\/\" \/>\n<meta property=\"og:site_name\" content=\"Oriamendi 2010\" \/>\n<meta property=\"article:publisher\" content=\"https:\/\/www.facebook.com\/oriamendi2010remonte\/\" \/>\n<meta property=\"article:published_time\" content=\"2025-09-07T16:18:13+00:00\" \/>\n<meta property=\"og:image\" content=\"https:\/\/oriamendi.eus\/wp-content\/uploads\/2025\/08\/DSC02609.jpg\" \/>\n\t<meta property=\"og:image:width\" content=\"1200\" \/>\n\t<meta property=\"og:image:height\" content=\"800\" \/>\n\t<meta property=\"og:image:type\" content=\"image\/jpeg\" \/>\n<meta name=\"author\" content=\"I\u00f1igo Go\u00f1i\" \/>\n<meta name=\"twitter:card\" content=\"summary_large_image\" \/>\n<meta name=\"twitter:creator\" content=\"@oriamendi2010\" \/>\n<meta name=\"twitter:site\" content=\"@oriamendi2010\" \/>\n<meta name=\"twitter:label1\" content=\"Escrito por\" \/>\n\t<meta name=\"twitter:data1\" content=\"I\u00f1igo Go\u00f1i\" \/>\n\t<meta name=\"twitter:label2\" content=\"Tiempo de lectura\" \/>\n\t<meta name=\"twitter:data2\" content=\"2 minutos\" \/>\n<script type=\"application\/ld+json\" class=\"yoast-schema-graph\">{\"@context\":\"https:\/\/schema.org\",\"@graph\":[{\"@type\":\"Article\",\"@id\":\"https:\/\/oriamendi.eus\/es\/2025\/09\/07\/barrenetxea-impone-su-jerarquia-y-alcanza-la-final-del-torneo-individual-de-remonte-eusko-label\/#article\",\"isPartOf\":{\"@id\":\"https:\/\/oriamendi.eus\/es\/2025\/09\/07\/barrenetxea-impone-su-jerarquia-y-alcanza-la-final-del-torneo-individual-de-remonte-eusko-label\/\"},\"author\":{\"name\":\"I\u00f1igo Go\u00f1i\",\"@id\":\"https:\/\/oriamendi.eus\/es\/#\/schema\/person\/c0bd06c6c747674306a5c82563e2339a\"},\"headline\":\"Barrenetxea impone su jerarqu\u00eda y alcanza la final del Torneo Individual de Remonte Eusko Label\",\"datePublished\":\"2025-09-07T16:18:13+00:00\",\"dateModified\":\"2025-09-07T16:18:13+00:00\",\"mainEntityOfPage\":{\"@id\":\"https:\/\/oriamendi.eus\/es\/2025\/09\/07\/barrenetxea-impone-su-jerarquia-y-alcanza-la-final-del-torneo-individual-de-remonte-eusko-label\/\"},\"wordCount\":340,\"publisher\":{\"@id\":\"https:\/\/oriamendi.eus\/es\/#organization\"},\"articleSection\":[\"Sin categorizar\"],\"inLanguage\":\"es\"},{\"@type\":\"WebPage\",\"@id\":\"https:\/\/oriamendi.eus\/es\/2025\/09\/07\/barrenetxea-impone-su-jerarquia-y-alcanza-la-final-del-torneo-individual-de-remonte-eusko-label\/\",\"url\":\"https:\/\/oriamendi.eus\/es\/2025\/09\/07\/barrenetxea-impone-su-jerarquia-y-alcanza-la-final-del-torneo-individual-de-remonte-eusko-label\/\",\"name\":\"Barrenetxea impone su jerarqu\u00eda y alcanza la final del Torneo Individual de Remonte Eusko Label | Oriamendi 2010\",\"isPartOf\":{\"@id\":\"https:\/\/oriamendi.eus\/es\/#website\"},\"datePublished\":\"2025-09-07T16:18:13+00:00\",\"dateModified\":\"2025-09-07T16:18:13+00:00\",\"breadcrumb\":{\"@id\":\"https:\/\/oriamendi.eus\/es\/2025\/09\/07\/barrenetxea-impone-su-jerarquia-y-alcanza-la-final-del-torneo-individual-de-remonte-eusko-label\/#breadcrumb\"},\"inLanguage\":\"es\",\"potentialAction\":[{\"@type\":\"ReadAction\",\"target\":[\"https:\/\/oriamendi.eus\/es\/2025\/09\/07\/barrenetxea-impone-su-jerarquia-y-alcanza-la-final-del-torneo-individual-de-remonte-eusko-label\/\"]}]},{\"@type\":\"BreadcrumbList\",\"@id\":\"https:\/\/oriamendi.eus\/es\/2025\/09\/07\/barrenetxea-impone-su-jerarquia-y-alcanza-la-final-del-torneo-individual-de-remonte-eusko-label\/#breadcrumb\",\"itemListElement\":[{\"@type\":\"ListItem\",\"position\":1,\"name\":\"Portada\",\"item\":\"https:\/\/oriamendi.eus\/es\/\"},{\"@type\":\"ListItem\",\"position\":2,\"name\":\"Barrenetxea impone su jerarqu\u00eda y alcanza la final del Torneo Individual de Remonte Eusko Label\"}]},{\"@type\":\"WebSite\",\"@id\":\"https:\/\/oriamendi.eus\/es\/#website\",\"url\":\"https:\/\/oriamendi.eus\/es\/\",\"name\":\"Oriamendi\",\"description\":\"Remonte en Galarreta. Hernani. Gipuzkoa\",\"publisher\":{\"@id\":\"https:\/\/oriamendi.eus\/es\/#organization\"},\"potentialAction\":[{\"@type\":\"SearchAction\",\"target\":{\"@type\":\"EntryPoint\",\"urlTemplate\":\"https:\/\/oriamendi.eus\/es\/?s={search_term_string}\"},\"query-input\":\"required name=search_term_string\"}],\"inLanguage\":\"es\"},{\"@type\":\"Organization\",\"@id\":\"https:\/\/oriamendi.eus\/es\/#organization\",\"name\":\"Oriamendi\",\"url\":\"https:\/\/oriamendi.eus\/es\/\",\"logo\":{\"@type\":\"ImageObject\",\"inLanguage\":\"es\",\"@id\":\"https:\/\/oriamendi.eus\/es\/#\/schema\/logo\/image\/\",\"url\":\"https:\/\/oriamendi.eus\/wp-content\/uploads\/2020\/06\/logo-oriamendi.png\",\"contentUrl\":\"https:\/\/oriamendi.eus\/wp-content\/uploads\/2020\/06\/logo-oriamendi.png\",\"width\":300,\"height\":90,\"caption\":\"Oriamendi\"},\"image\":{\"@id\":\"https:\/\/oriamendi.eus\/es\/#\/schema\/logo\/image\/\"},\"sameAs\":[\"https:\/\/www.facebook.com\/oriamendi2010remonte\/\",\"https:\/\/twitter.com\/oriamendi2010\",\"https:\/\/www.instagram.com\/galarretajaialai\/\",\"https:\/\/www.youtube.com\/channel\/UC8gVNzQqB1iwnC-_rI-ihmA\/featured\"]},{\"@type\":\"Person\",\"@id\":\"https:\/\/oriamendi.eus\/es\/#\/schema\/person\/c0bd06c6c747674306a5c82563e2339a\",\"name\":\"I\u00f1igo Go\u00f1i\",\"image\":{\"@type\":\"ImageObject\",\"inLanguage\":\"es\",\"@id\":\"https:\/\/oriamendi.eus\/es\/#\/schema\/person\/image\/\",\"url\":\"https:\/\/secure.gravatar.com\/avatar\/fbb07ffc7b803bbfcc2b6419c06abd3a?s=96&d=mm&r=g\",\"contentUrl\":\"https:\/\/secure.gravatar.com\/avatar\/fbb07ffc7b803bbfcc2b6419c06abd3a?s=96&d=mm&r=g\",\"caption\":\"I\u00f1igo Go\u00f1i\"},\"url\":\"https:\/\/oriamendi.eus\/es\/author\/om-berriak\/\"}]}<\/script>\n<!-- \/ Yoast SEO plugin. -->","yoast_head_json":{"title":"Barrenetxea impone su jerarqu\u00eda y alcanza la final del Torneo Individual de Remonte Eusko Label | Oriamendi 2010","robots":{"index":"index","follow":"follow","max-snippet":"max-snippet:-1","max-image-preview":"max-image-preview:large","max-video-preview":"max-video-preview:-1"},"canonical":"https:\/\/oriamendi.eus\/es\/2025\/09\/07\/barrenetxea-impone-su-jerarquia-y-alcanza-la-final-del-torneo-individual-de-remonte-eusko-label\/","og_locale":"es_ES","og_type":"article","og_title":"Barrenetxea impone su jerarqu\u00eda y alcanza la final del Torneo Individual de Remonte Eusko Label | Oriamendi 2010","og_description":"Endika Barrenetxea dio este s\u00e1bado un golpe de autoridad en el Torneo Individual de Remonte Eusko Label al imponerse por 30-24 a Xabier Azpiroz en un encuentro intenso, peloteado, y muy disputado. Con este triunfo, el zaguero se clasific\u00f3 de forma directa para la final, mientras que su rival, pese a la derrota, logr\u00f3 sumar [&hellip;]","og_url":"https:\/\/oriamendi.eus\/es\/2025\/09\/07\/barrenetxea-impone-su-jerarquia-y-alcanza-la-final-del-torneo-individual-de-remonte-eusko-label\/","og_site_name":"Oriamendi 2010","article_publisher":"https:\/\/www.facebook.com\/oriamendi2010remonte\/","article_published_time":"2025-09-07T16:18:13+00:00","og_image":[{"width":1200,"height":800,"url":"https:\/\/oriamendi.eus\/wp-content\/uploads\/2025\/08\/DSC02609.jpg","type":"image\/jpeg"}],"author":"I\u00f1igo Go\u00f1i","twitter_card":"summary_large_image","twitter_creator":"@oriamendi2010","twitter_site":"@oriamendi2010","twitter_misc":{"Escrito por":"I\u00f1igo Go\u00f1i","Tiempo de lectura":"2 minutos"},"schema":{"@context":"https:\/\/schema.org","@graph":[{"@type":"Article","@id":"https:\/\/oriamendi.eus\/es\/2025\/09\/07\/barrenetxea-impone-su-jerarquia-y-alcanza-la-final-del-torneo-individual-de-remonte-eusko-label\/#article","isPartOf":{"@id":"https:\/\/oriamendi.eus\/es\/2025\/09\/07\/barrenetxea-impone-su-jerarquia-y-alcanza-la-final-del-torneo-individual-de-remonte-eusko-label\/"},"author":{"name":"I\u00f1igo Go\u00f1i","@id":"https:\/\/oriamendi.eus\/es\/#\/schema\/person\/c0bd06c6c747674306a5c82563e2339a"},"headline":"Barrenetxea impone su jerarqu\u00eda y alcanza la final del Torneo Individual de Remonte Eusko Label","datePublished":"2025-09-07T16:18:13+00:00","dateModified":"2025-09-07T16:18:13+00:00","mainEntityOfPage":{"@id":"https:\/\/oriamendi.eus\/es\/2025\/09\/07\/barrenetxea-impone-su-jerarquia-y-alcanza-la-final-del-torneo-individual-de-remonte-eusko-label\/"},"wordCount":340,"publisher":{"@id":"https:\/\/oriamendi.eus\/es\/#organization"},"articleSection":["Sin categorizar"],"inLanguage":"es"},{"@type":"WebPage","@id":"https:\/\/oriamendi.eus\/es\/2025\/09\/07\/barrenetxea-impone-su-jerarquia-y-alcanza-la-final-del-torneo-individual-de-remonte-eusko-label\/","url":"https:\/\/oriamendi.eus\/es\/2025\/09\/07\/barrenetxea-impone-su-jerarquia-y-alcanza-la-final-del-torneo-individual-de-remonte-eusko-label\/","name":"Barrenetxea impone su jerarqu\u00eda y alcanza la final del Torneo Individual de Remonte Eusko Label | Oriamendi 2010","isPartOf":{"@id":"https:\/\/oriamendi.eus\/es\/#website"},"datePublished":"2025-09-07T16:18:13+00:00","dateModified":"2025-09-07T16:18:13+00:00","breadcrumb":{"@id":"https:\/\/oriamendi.eus\/es\/2025\/09\/07\/barrenetxea-impone-su-jerarquia-y-alcanza-la-final-del-torneo-individual-de-remonte-eusko-label\/#breadcrumb"},"inLanguage":"es","potentialAction":[{"@type":"ReadAction","target":["https:\/\/oriamendi.eus\/es\/2025\/09\/07\/barrenetxea-impone-su-jerarquia-y-alcanza-la-final-del-torneo-individual-de-remonte-eusko-label\/"]}]},{"@type":"BreadcrumbList","@id":"https:\/\/oriamendi.eus\/es\/2025\/09\/07\/barrenetxea-impone-su-jerarquia-y-alcanza-la-final-del-torneo-individual-de-remonte-eusko-label\/#breadcrumb","itemListElement":[{"@type":"ListItem","position":1,"name":"Portada","item":"https:\/\/oriamendi.eus\/es\/"},{"@type":"ListItem","position":2,"name":"Barrenetxea impone su jerarqu\u00eda y alcanza la final del Torneo Individual de Remonte Eusko Label"}]},{"@type":"WebSite","@id":"https:\/\/oriamendi.eus\/es\/#website","url":"https:\/\/oriamendi.eus\/es\/","name":"Oriamendi","description":"Remonte en Galarreta. Hernani. Gipuzkoa","publisher":{"@id":"https:\/\/oriamendi.eus\/es\/#organization"},"potentialAction":[{"@type":"SearchAction","target":{"@type":"EntryPoint","urlTemplate":"https:\/\/oriamendi.eus\/es\/?s={search_term_string}"},"query-input":"required name=search_term_string"}],"inLanguage":"es"},{"@type":"Organization","@id":"https:\/\/oriamendi.eus\/es\/#organization","name":"Oriamendi","url":"https:\/\/oriamendi.eus\/es\/","logo":{"@type":"ImageObject","inLanguage":"es","@id":"https:\/\/oriamendi.eus\/es\/#\/schema\/logo\/image\/","url":"https:\/\/oriamendi.eus\/wp-content\/uploads\/2020\/06\/logo-oriamendi.png","contentUrl":"https:\/\/oriamendi.eus\/wp-content\/uploads\/2020\/06\/logo-oriamendi.png","width":300,"height":90,"caption":"Oriamendi"},"image":{"@id":"https:\/\/oriamendi.eus\/es\/#\/schema\/logo\/image\/"},"sameAs":["https:\/\/www.facebook.com\/oriamendi2010remonte\/","https:\/\/twitter.com\/oriamendi2010","https:\/\/www.instagram.com\/galarretajaialai\/","https:\/\/www.youtube.com\/channel\/UC8gVNzQqB1iwnC-_rI-ihmA\/featured"]},{"@type":"Person","@id":"https:\/\/oriamendi.eus\/es\/#\/schema\/person\/c0bd06c6c747674306a5c82563e2339a","name":"I\u00f1igo Go\u00f1i","image":{"@type":"ImageObject","inLanguage":"es","@id":"https:\/\/oriamendi.eus\/es\/#\/schema\/person\/image\/","url":"https:\/\/secure.gravatar.com\/avatar\/fbb07ffc7b803bbfcc2b6419c06abd3a?s=96&d=mm&r=g","contentUrl":"https:\/\/secure.gravatar.com\/avatar\/fbb07ffc7b803bbfcc2b6419c06abd3a?s=96&d=mm&r=g","caption":"I\u00f1igo Go\u00f1i"},"url":"https:\/\/oriamendi.eus\/es\/author\/om-berriak\/"}]}},"_links":{"self":[{"href":"https:\/\/oriamendi.eus\/es\/wp-json\/wp\/v2\/posts\/9234"}],"collection":[{"href":"https:\/\/oriamendi.eus\/es\/wp-json\/wp\/v2\/posts"}],"about":[{"href":"https:\/\/oriamendi.eus\/es\/wp-json\/wp\/v2\/types\/post"}],"author":[{"embeddable":true,"href":"https:\/\/oriamendi.eus\/es\/wp-json\/wp\/v2\/users\/5"}],"replies":[{"embeddable":true,"href":"https:\/\/oriamendi.eus\/es\/wp-json\/wp\/v2\/comments?post=9234"}],"version-history":[{"count":1,"href":"https:\/\/oriamendi.eus\/es\/wp-json\/wp\/v2\/posts\/9234\/revisions"}],"predecessor-version":[{"id":9237,"href":"https:\/\/oriamendi.eus\/es\/wp-json\/wp\/v2\/posts\/9234\/revisions\/9237"}],"wp:featuredmedia":[{"embeddable":true,"href":"https:\/\/oriamendi.eus\/es\/wp-json\/wp\/v2\/media\/9221"}],"wp:attachment":[{"href":"https:\/\/oriamendi.eus\/es\/wp-json\/wp\/v2\/media?parent=9234"}],"wp:term":[{"taxonomy":"category","embeddable":true,"href":"https:\/\/oriamendi.eus\/es\/wp-json\/wp\/v2\/categories?post=9234"},{"taxonomy":"post_tag","embeddable":true,"href":"https:\/\/oriamendi.eus\/es\/wp-json\/wp\/v2\/tags?post=9234"}],"curies":[{"name":"wp","href":"https:\/\/api.w.org\/{rel}","templated":true}]}}