                                        
                                        
                                        
                                        
                                        
                                        
                                        
                                        
                                        
                                        
                                        
                                        
                                        
                                        
                                        
                                        
                                        
                                        
{"id":9230,"date":"2025-09-03T11:51:50","date_gmt":"2025-09-03T09:51:50","guid":{"rendered":"https:\/\/oriamendi.eus\/?p=9230"},"modified":"2025-09-03T11:52:58","modified_gmt":"2025-09-03T09:52:58","slug":"ansa-ii-dispondra-hasta-el-13-de-septiembre-para-intentar-recuperarse-y-mantener-vivas-sus-opciones-en-el-individual-de-remonte","status":"publish","type":"post","link":"https:\/\/oriamendi.eus\/es\/2025\/09\/03\/ansa-ii-dispondra-hasta-el-13-de-septiembre-para-intentar-recuperarse-y-mantener-vivas-sus-opciones-en-el-individual-de-remonte\/","title":{"rendered":"Ansa II dispondr\u00e1 hasta el 13 de septiembre para intentar recuperarse y mantener vivas sus opciones en el Individual de Remonte"},"content":{"rendered":"<p style=\"font-weight: 400\">Oriamendi2010 comunica que el remontista <strong>Imanol Ansa, \u201cAnsa II\u201d<\/strong>, actual campe\u00f3n del\u00a0<strong>Individual Eusko Label<\/strong>, dispondr\u00e1 de un plazo adicional hasta el\u00a0<strong>13 de septiembre<\/strong>\u00a0para completar su recuperaci\u00f3n tras la lesi\u00f3n sufrida el pasado s\u00e1bado durante su enfrentamiento con\u00a0<strong>Endika Barrenetxea, \u201cBarrenetxea IV\u201d<\/strong>, en el\u00a0<strong>Front\u00f3n Galarreta<\/strong>.<\/p>\n<p style=\"font-weight: 400\">La medida tiene como objetivo facilitar su rehabilitaci\u00f3n, con la vista puesta en que el pelotari pueda disputar, si la evoluci\u00f3n es favorable, el pr\u00f3ximo encuentro de la liguilla previsto para el\u00a0<strong>s\u00e1bado 13 de septiembre<\/strong>, frente a\u00a0<strong>Aritz Juanenea<\/strong>.<strong>\u00a0<\/strong><\/p>\n<p style=\"font-weight: 400\"><strong>Parte m\u00e9dico y evoluci\u00f3n<\/strong><strong>\u00a0<\/strong><\/p>\n<p style=\"font-weight: 400\">Ansa II, que se vio obligado a retirarse del partido del s\u00e1bado cuando el marcador se\u00f1alaba un\u00a0<strong>13-15 en su contra<\/strong>, se someti\u00f3 inicialmente a una\u00a0<strong>ecograf\u00eda<\/strong>\u00a0que evidenci\u00f3 una\u00a0<strong>rotura de fibras<\/strong>. Posteriormente, para descartar da\u00f1os m\u00e1s graves, se le practic\u00f3 una\u00a0<strong>resonancia magn\u00e9tica<\/strong>, la cual confirm\u00f3 una dolencia en el\u00a0<strong>tend\u00f3n supraespinoso del deltoides<\/strong>, con una probable\u00a0<strong>rotura longitudinal<\/strong>\u00a0en dicha zona.<\/p>\n<p style=\"font-weight: 400\">El pelotari ha comenzado un plan intensivo de recuperaci\u00f3n y ha manifestado su compromiso de \u00ab<strong>hacer todo lo posible para volver a la cancha el d\u00eda 13<\/strong>\u00ab.<strong>\u00a0<\/strong><\/p>\n<p style=\"font-weight: 400\"><strong>Pr\u00f3ximos pasos<\/strong><strong>\u00a0<\/strong><\/p>\n<p style=\"font-weight: 400\">Desde\u00a0<strong>Oriamendi2010<\/strong>, la direcci\u00f3n t\u00e9cnica ha establecido un protocolo espec\u00edfico:<\/p>\n<ul style=\"font-weight: 400\">\n<li>Ansa II deber\u00e1 realizar un\u00a0<strong>entrenamiento de control<\/strong>\u00a0antes del encuentro, con fecha l\u00edmite el\u00a0<strong>jueves 11 o viernes 12 de septiembre<\/strong>.<\/li>\n<li>Esta sesi\u00f3n ser\u00e1\u00a0<strong>supervisada por el director deportivo Kike Elizalde<\/strong>.<strong style=\"font-size: 14px\">\u00a0<\/strong><\/li>\n<\/ul>\n<p style=\"font-weight: 400\"><strong>Calendario inmediato<\/strong><\/p>\n<p style=\"font-weight: 400\">Mientras tanto, la liguilla del\u00a0<strong>Individual Eusko Label<\/strong>\u00a0continuar\u00e1 este s\u00e1bado con un\u00a0<strong>choque decisivo<\/strong>:<\/p>\n<ul style=\"font-weight: 400\">\n<li><strong>Barrenetxea IV<\/strong>, l\u00edder invicto con\u00a0<strong>8 puntos<\/strong>, se medir\u00e1 a\u00a0<strong>Azpiroz<\/strong>, que suma\u00a0<strong>3 puntos<\/strong> y est\u00e1 empatado con Ansa II en la clasificaci\u00f3n.<\/li>\n<\/ul>\n<p style=\"font-weight: 400\">El resultado de este enfrentamiento ser\u00e1 determinante para definir las posiciones de cara a las \u00faltimas jornadas de la liguilla y, por extensi\u00f3n, para el acceso a las fases finales del campeonato.<\/p>\n","protected":false},"excerpt":{"rendered":"<p>Oriamendi2010 comunica que el remontista Imanol Ansa, \u201cAnsa II\u201d, actual campe\u00f3n del\u00a0Individual Eusko Label, dispondr\u00e1 de un plazo adicional hasta el\u00a013 de septiembre\u00a0para completar su recuperaci\u00f3n tras la lesi\u00f3n sufrida el pasado s\u00e1bado durante su enfrentamiento con\u00a0Endika Barrenetxea, \u201cBarrenetxea IV\u201d, en el\u00a0Front\u00f3n Galarreta. La medida tiene como objetivo facilitar su rehabilitaci\u00f3n, con la vista puesta [&hellip;]<\/p>\n","protected":false},"author":3,"featured_media":9228,"comment_status":"closed","ping_status":"open","sticky":false,"template":"","format":"standard","meta":{"_et_pb_use_builder":"","_et_pb_old_content":"","_et_gb_content_width":"","footnotes":""},"categories":[1],"tags":[],"yoast_head":"<!-- This site is optimized with the Yoast SEO plugin v21.8 - https:\/\/yoast.com\/wordpress\/plugins\/seo\/ -->\n<title>Ansa II dispondr\u00e1 hasta el 13 de septiembre para intentar recuperarse y mantener vivas sus opciones en el Individual de Remonte | Oriamendi 2010<\/title>\n<meta name=\"robots\" content=\"index, follow, max-snippet:-1, max-image-preview:large, max-video-preview:-1\" \/>\n<link rel=\"canonical\" href=\"https:\/\/oriamendi.eus\/es\/2025\/09\/03\/ansa-ii-dispondra-hasta-el-13-de-septiembre-para-intentar-recuperarse-y-mantener-vivas-sus-opciones-en-el-individual-de-remonte\/\" \/>\n<meta property=\"og:locale\" content=\"es_ES\" \/>\n<meta property=\"og:type\" content=\"article\" \/>\n<meta property=\"og:title\" content=\"Ansa II dispondr\u00e1 hasta el 13 de septiembre para intentar recuperarse y mantener vivas sus opciones en el Individual de Remonte | Oriamendi 2010\" \/>\n<meta property=\"og:description\" content=\"Oriamendi2010 comunica que el remontista Imanol Ansa, \u201cAnsa II\u201d, actual campe\u00f3n del\u00a0Individual Eusko Label, dispondr\u00e1 de un plazo adicional hasta el\u00a013 de septiembre\u00a0para completar su recuperaci\u00f3n tras la lesi\u00f3n sufrida el pasado s\u00e1bado durante su enfrentamiento con\u00a0Endika Barrenetxea, \u201cBarrenetxea IV\u201d, en el\u00a0Front\u00f3n Galarreta. La medida tiene como objetivo facilitar su rehabilitaci\u00f3n, con la vista puesta [&hellip;]\" \/>\n<meta property=\"og:url\" content=\"https:\/\/oriamendi.eus\/es\/2025\/09\/03\/ansa-ii-dispondra-hasta-el-13-de-septiembre-para-intentar-recuperarse-y-mantener-vivas-sus-opciones-en-el-individual-de-remonte\/\" \/>\n<meta property=\"og:site_name\" content=\"Oriamendi 2010\" \/>\n<meta property=\"article:publisher\" content=\"https:\/\/www.facebook.com\/oriamendi2010remonte\/\" \/>\n<meta property=\"article:published_time\" content=\"2025-09-03T09:51:50+00:00\" \/>\n<meta property=\"article:modified_time\" content=\"2025-09-03T09:52:58+00:00\" \/>\n<meta property=\"og:image\" content=\"https:\/\/oriamendi.eus\/wp-content\/uploads\/2025\/09\/DSC02650.jpg\" \/>\n\t<meta property=\"og:image:width\" content=\"1200\" \/>\n\t<meta property=\"og:image:height\" content=\"800\" \/>\n\t<meta property=\"og:image:type\" content=\"image\/jpeg\" \/>\n<meta name=\"author\" content=\"Endika Barrenetxea\" \/>\n<meta name=\"twitter:card\" content=\"summary_large_image\" \/>\n<meta name=\"twitter:creator\" content=\"@oriamendi2010\" \/>\n<meta name=\"twitter:site\" content=\"@oriamendi2010\" \/>\n<meta name=\"twitter:label1\" content=\"Escrito por\" \/>\n\t<meta name=\"twitter:data1\" content=\"Endika Barrenetxea\" \/>\n\t<meta name=\"twitter:label2\" content=\"Tiempo de lectura\" \/>\n\t<meta name=\"twitter:data2\" content=\"2 minutos\" \/>\n<script type=\"application\/ld+json\" class=\"yoast-schema-graph\">{\"@context\":\"https:\/\/schema.org\",\"@graph\":[{\"@type\":\"Article\",\"@id\":\"https:\/\/oriamendi.eus\/es\/2025\/09\/03\/ansa-ii-dispondra-hasta-el-13-de-septiembre-para-intentar-recuperarse-y-mantener-vivas-sus-opciones-en-el-individual-de-remonte\/#article\",\"isPartOf\":{\"@id\":\"https:\/\/oriamendi.eus\/es\/2025\/09\/03\/ansa-ii-dispondra-hasta-el-13-de-septiembre-para-intentar-recuperarse-y-mantener-vivas-sus-opciones-en-el-individual-de-remonte\/\"},\"author\":{\"name\":\"Endika Barrenetxea\",\"@id\":\"https:\/\/oriamendi.eus\/es\/#\/schema\/person\/d50c13df7440d84706fe7d03941cc92f\"},\"headline\":\"Ansa II dispondr\u00e1 hasta el 13 de septiembre para intentar recuperarse y mantener vivas sus opciones en el Individual de Remonte\",\"datePublished\":\"2025-09-03T09:51:50+00:00\",\"dateModified\":\"2025-09-03T09:52:58+00:00\",\"mainEntityOfPage\":{\"@id\":\"https:\/\/oriamendi.eus\/es\/2025\/09\/03\/ansa-ii-dispondra-hasta-el-13-de-septiembre-para-intentar-recuperarse-y-mantener-vivas-sus-opciones-en-el-individual-de-remonte\/\"},\"wordCount\":343,\"publisher\":{\"@id\":\"https:\/\/oriamendi.eus\/es\/#organization\"},\"articleSection\":[\"Sin categorizar\"],\"inLanguage\":\"es\"},{\"@type\":\"WebPage\",\"@id\":\"https:\/\/oriamendi.eus\/es\/2025\/09\/03\/ansa-ii-dispondra-hasta-el-13-de-septiembre-para-intentar-recuperarse-y-mantener-vivas-sus-opciones-en-el-individual-de-remonte\/\",\"url\":\"https:\/\/oriamendi.eus\/es\/2025\/09\/03\/ansa-ii-dispondra-hasta-el-13-de-septiembre-para-intentar-recuperarse-y-mantener-vivas-sus-opciones-en-el-individual-de-remonte\/\",\"name\":\"Ansa II dispondr\u00e1 hasta el 13 de septiembre para intentar recuperarse y mantener vivas sus opciones en el Individual de Remonte | Oriamendi 2010\",\"isPartOf\":{\"@id\":\"https:\/\/oriamendi.eus\/es\/#website\"},\"datePublished\":\"2025-09-03T09:51:50+00:00\",\"dateModified\":\"2025-09-03T09:52:58+00:00\",\"breadcrumb\":{\"@id\":\"https:\/\/oriamendi.eus\/es\/2025\/09\/03\/ansa-ii-dispondra-hasta-el-13-de-septiembre-para-intentar-recuperarse-y-mantener-vivas-sus-opciones-en-el-individual-de-remonte\/#breadcrumb\"},\"inLanguage\":\"es\",\"potentialAction\":[{\"@type\":\"ReadAction\",\"target\":[\"https:\/\/oriamendi.eus\/es\/2025\/09\/03\/ansa-ii-dispondra-hasta-el-13-de-septiembre-para-intentar-recuperarse-y-mantener-vivas-sus-opciones-en-el-individual-de-remonte\/\"]}]},{\"@type\":\"BreadcrumbList\",\"@id\":\"https:\/\/oriamendi.eus\/es\/2025\/09\/03\/ansa-ii-dispondra-hasta-el-13-de-septiembre-para-intentar-recuperarse-y-mantener-vivas-sus-opciones-en-el-individual-de-remonte\/#breadcrumb\",\"itemListElement\":[{\"@type\":\"ListItem\",\"position\":1,\"name\":\"Portada\",\"item\":\"https:\/\/oriamendi.eus\/es\/\"},{\"@type\":\"ListItem\",\"position\":2,\"name\":\"Ansa II dispondr\u00e1 hasta el 13 de septiembre para intentar recuperarse y mantener vivas sus opciones en el Individual de Remonte\"}]},{\"@type\":\"WebSite\",\"@id\":\"https:\/\/oriamendi.eus\/es\/#website\",\"url\":\"https:\/\/oriamendi.eus\/es\/\",\"name\":\"Oriamendi\",\"description\":\"Remonte en Galarreta. Hernani. Gipuzkoa\",\"publisher\":{\"@id\":\"https:\/\/oriamendi.eus\/es\/#organization\"},\"potentialAction\":[{\"@type\":\"SearchAction\",\"target\":{\"@type\":\"EntryPoint\",\"urlTemplate\":\"https:\/\/oriamendi.eus\/es\/?s={search_term_string}\"},\"query-input\":\"required name=search_term_string\"}],\"inLanguage\":\"es\"},{\"@type\":\"Organization\",\"@id\":\"https:\/\/oriamendi.eus\/es\/#organization\",\"name\":\"Oriamendi\",\"url\":\"https:\/\/oriamendi.eus\/es\/\",\"logo\":{\"@type\":\"ImageObject\",\"inLanguage\":\"es\",\"@id\":\"https:\/\/oriamendi.eus\/es\/#\/schema\/logo\/image\/\",\"url\":\"https:\/\/oriamendi.eus\/wp-content\/uploads\/2020\/06\/logo-oriamendi.png\",\"contentUrl\":\"https:\/\/oriamendi.eus\/wp-content\/uploads\/2020\/06\/logo-oriamendi.png\",\"width\":300,\"height\":90,\"caption\":\"Oriamendi\"},\"image\":{\"@id\":\"https:\/\/oriamendi.eus\/es\/#\/schema\/logo\/image\/\"},\"sameAs\":[\"https:\/\/www.facebook.com\/oriamendi2010remonte\/\",\"https:\/\/twitter.com\/oriamendi2010\",\"https:\/\/www.instagram.com\/galarretajaialai\/\",\"https:\/\/www.youtube.com\/channel\/UC8gVNzQqB1iwnC-_rI-ihmA\/featured\"]},{\"@type\":\"Person\",\"@id\":\"https:\/\/oriamendi.eus\/es\/#\/schema\/person\/d50c13df7440d84706fe7d03941cc92f\",\"name\":\"Endika Barrenetxea\",\"image\":{\"@type\":\"ImageObject\",\"inLanguage\":\"es\",\"@id\":\"https:\/\/oriamendi.eus\/es\/#\/schema\/person\/image\/\",\"url\":\"https:\/\/secure.gravatar.com\/avatar\/26a16205d858e579d56d8adc8addd712?s=96&d=mm&r=g\",\"contentUrl\":\"https:\/\/secure.gravatar.com\/avatar\/26a16205d858e579d56d8adc8addd712?s=96&d=mm&r=g\",\"caption\":\"Endika Barrenetxea\"},\"url\":\"https:\/\/oriamendi.eus\/es\/author\/om-kudeaketa\/\"}]}<\/script>\n<!-- \/ Yoast SEO plugin. -->","yoast_head_json":{"title":"Ansa II dispondr\u00e1 hasta el 13 de septiembre para intentar recuperarse y mantener vivas sus opciones en el Individual de Remonte | Oriamendi 2010","robots":{"index":"index","follow":"follow","max-snippet":"max-snippet:-1","max-image-preview":"max-image-preview:large","max-video-preview":"max-video-preview:-1"},"canonical":"https:\/\/oriamendi.eus\/es\/2025\/09\/03\/ansa-ii-dispondra-hasta-el-13-de-septiembre-para-intentar-recuperarse-y-mantener-vivas-sus-opciones-en-el-individual-de-remonte\/","og_locale":"es_ES","og_type":"article","og_title":"Ansa II dispondr\u00e1 hasta el 13 de septiembre para intentar recuperarse y mantener vivas sus opciones en el Individual de Remonte | Oriamendi 2010","og_description":"Oriamendi2010 comunica que el remontista Imanol Ansa, \u201cAnsa II\u201d, actual campe\u00f3n del\u00a0Individual Eusko Label, dispondr\u00e1 de un plazo adicional hasta el\u00a013 de septiembre\u00a0para completar su recuperaci\u00f3n tras la lesi\u00f3n sufrida el pasado s\u00e1bado durante su enfrentamiento con\u00a0Endika Barrenetxea, \u201cBarrenetxea IV\u201d, en el\u00a0Front\u00f3n Galarreta. La medida tiene como objetivo facilitar su rehabilitaci\u00f3n, con la vista puesta [&hellip;]","og_url":"https:\/\/oriamendi.eus\/es\/2025\/09\/03\/ansa-ii-dispondra-hasta-el-13-de-septiembre-para-intentar-recuperarse-y-mantener-vivas-sus-opciones-en-el-individual-de-remonte\/","og_site_name":"Oriamendi 2010","article_publisher":"https:\/\/www.facebook.com\/oriamendi2010remonte\/","article_published_time":"2025-09-03T09:51:50+00:00","article_modified_time":"2025-09-03T09:52:58+00:00","og_image":[{"width":1200,"height":800,"url":"https:\/\/oriamendi.eus\/wp-content\/uploads\/2025\/09\/DSC02650.jpg","type":"image\/jpeg"}],"author":"Endika Barrenetxea","twitter_card":"summary_large_image","twitter_creator":"@oriamendi2010","twitter_site":"@oriamendi2010","twitter_misc":{"Escrito por":"Endika Barrenetxea","Tiempo de lectura":"2 minutos"},"schema":{"@context":"https:\/\/schema.org","@graph":[{"@type":"Article","@id":"https:\/\/oriamendi.eus\/es\/2025\/09\/03\/ansa-ii-dispondra-hasta-el-13-de-septiembre-para-intentar-recuperarse-y-mantener-vivas-sus-opciones-en-el-individual-de-remonte\/#article","isPartOf":{"@id":"https:\/\/oriamendi.eus\/es\/2025\/09\/03\/ansa-ii-dispondra-hasta-el-13-de-septiembre-para-intentar-recuperarse-y-mantener-vivas-sus-opciones-en-el-individual-de-remonte\/"},"author":{"name":"Endika Barrenetxea","@id":"https:\/\/oriamendi.eus\/es\/#\/schema\/person\/d50c13df7440d84706fe7d03941cc92f"},"headline":"Ansa II dispondr\u00e1 hasta el 13 de septiembre para intentar recuperarse y mantener vivas sus opciones en el Individual de Remonte","datePublished":"2025-09-03T09:51:50+00:00","dateModified":"2025-09-03T09:52:58+00:00","mainEntityOfPage":{"@id":"https:\/\/oriamendi.eus\/es\/2025\/09\/03\/ansa-ii-dispondra-hasta-el-13-de-septiembre-para-intentar-recuperarse-y-mantener-vivas-sus-opciones-en-el-individual-de-remonte\/"},"wordCount":343,"publisher":{"@id":"https:\/\/oriamendi.eus\/es\/#organization"},"articleSection":["Sin categorizar"],"inLanguage":"es"},{"@type":"WebPage","@id":"https:\/\/oriamendi.eus\/es\/2025\/09\/03\/ansa-ii-dispondra-hasta-el-13-de-septiembre-para-intentar-recuperarse-y-mantener-vivas-sus-opciones-en-el-individual-de-remonte\/","url":"https:\/\/oriamendi.eus\/es\/2025\/09\/03\/ansa-ii-dispondra-hasta-el-13-de-septiembre-para-intentar-recuperarse-y-mantener-vivas-sus-opciones-en-el-individual-de-remonte\/","name":"Ansa II dispondr\u00e1 hasta el 13 de septiembre para intentar recuperarse y mantener vivas sus opciones en el Individual de Remonte | Oriamendi 2010","isPartOf":{"@id":"https:\/\/oriamendi.eus\/es\/#website"},"datePublished":"2025-09-03T09:51:50+00:00","dateModified":"2025-09-03T09:52:58+00:00","breadcrumb":{"@id":"https:\/\/oriamendi.eus\/es\/2025\/09\/03\/ansa-ii-dispondra-hasta-el-13-de-septiembre-para-intentar-recuperarse-y-mantener-vivas-sus-opciones-en-el-individual-de-remonte\/#breadcrumb"},"inLanguage":"es","potentialAction":[{"@type":"ReadAction","target":["https:\/\/oriamendi.eus\/es\/2025\/09\/03\/ansa-ii-dispondra-hasta-el-13-de-septiembre-para-intentar-recuperarse-y-mantener-vivas-sus-opciones-en-el-individual-de-remonte\/"]}]},{"@type":"BreadcrumbList","@id":"https:\/\/oriamendi.eus\/es\/2025\/09\/03\/ansa-ii-dispondra-hasta-el-13-de-septiembre-para-intentar-recuperarse-y-mantener-vivas-sus-opciones-en-el-individual-de-remonte\/#breadcrumb","itemListElement":[{"@type":"ListItem","position":1,"name":"Portada","item":"https:\/\/oriamendi.eus\/es\/"},{"@type":"ListItem","position":2,"name":"Ansa II dispondr\u00e1 hasta el 13 de septiembre para intentar recuperarse y mantener vivas sus opciones en el Individual de Remonte"}]},{"@type":"WebSite","@id":"https:\/\/oriamendi.eus\/es\/#website","url":"https:\/\/oriamendi.eus\/es\/","name":"Oriamendi","description":"Remonte en Galarreta. Hernani. Gipuzkoa","publisher":{"@id":"https:\/\/oriamendi.eus\/es\/#organization"},"potentialAction":[{"@type":"SearchAction","target":{"@type":"EntryPoint","urlTemplate":"https:\/\/oriamendi.eus\/es\/?s={search_term_string}"},"query-input":"required name=search_term_string"}],"inLanguage":"es"},{"@type":"Organization","@id":"https:\/\/oriamendi.eus\/es\/#organization","name":"Oriamendi","url":"https:\/\/oriamendi.eus\/es\/","logo":{"@type":"ImageObject","inLanguage":"es","@id":"https:\/\/oriamendi.eus\/es\/#\/schema\/logo\/image\/","url":"https:\/\/oriamendi.eus\/wp-content\/uploads\/2020\/06\/logo-oriamendi.png","contentUrl":"https:\/\/oriamendi.eus\/wp-content\/uploads\/2020\/06\/logo-oriamendi.png","width":300,"height":90,"caption":"Oriamendi"},"image":{"@id":"https:\/\/oriamendi.eus\/es\/#\/schema\/logo\/image\/"},"sameAs":["https:\/\/www.facebook.com\/oriamendi2010remonte\/","https:\/\/twitter.com\/oriamendi2010","https:\/\/www.instagram.com\/galarretajaialai\/","https:\/\/www.youtube.com\/channel\/UC8gVNzQqB1iwnC-_rI-ihmA\/featured"]},{"@type":"Person","@id":"https:\/\/oriamendi.eus\/es\/#\/schema\/person\/d50c13df7440d84706fe7d03941cc92f","name":"Endika Barrenetxea","image":{"@type":"ImageObject","inLanguage":"es","@id":"https:\/\/oriamendi.eus\/es\/#\/schema\/person\/image\/","url":"https:\/\/secure.gravatar.com\/avatar\/26a16205d858e579d56d8adc8addd712?s=96&d=mm&r=g","contentUrl":"https:\/\/secure.gravatar.com\/avatar\/26a16205d858e579d56d8adc8addd712?s=96&d=mm&r=g","caption":"Endika Barrenetxea"},"url":"https:\/\/oriamendi.eus\/es\/author\/om-kudeaketa\/"}]}},"_links":{"self":[{"href":"https:\/\/oriamendi.eus\/es\/wp-json\/wp\/v2\/posts\/9230"}],"collection":[{"href":"https:\/\/oriamendi.eus\/es\/wp-json\/wp\/v2\/posts"}],"about":[{"href":"https:\/\/oriamendi.eus\/es\/wp-json\/wp\/v2\/types\/post"}],"author":[{"embeddable":true,"href":"https:\/\/oriamendi.eus\/es\/wp-json\/wp\/v2\/users\/3"}],"replies":[{"embeddable":true,"href":"https:\/\/oriamendi.eus\/es\/wp-json\/wp\/v2\/comments?post=9230"}],"version-history":[{"count":2,"href":"https:\/\/oriamendi.eus\/es\/wp-json\/wp\/v2\/posts\/9230\/revisions"}],"predecessor-version":[{"id":9232,"href":"https:\/\/oriamendi.eus\/es\/wp-json\/wp\/v2\/posts\/9230\/revisions\/9232"}],"wp:featuredmedia":[{"embeddable":true,"href":"https:\/\/oriamendi.eus\/es\/wp-json\/wp\/v2\/media\/9228"}],"wp:attachment":[{"href":"https:\/\/oriamendi.eus\/es\/wp-json\/wp\/v2\/media?parent=9230"}],"wp:term":[{"taxonomy":"category","embeddable":true,"href":"https:\/\/oriamendi.eus\/es\/wp-json\/wp\/v2\/categories?post=9230"},{"taxonomy":"post_tag","embeddable":true,"href":"https:\/\/oriamendi.eus\/es\/wp-json\/wp\/v2\/tags?post=9230"}],"curies":[{"name":"wp","href":"https:\/\/api.w.org\/{rel}","templated":true}]}}