                                        
                                        
                                        
                                        
                                        
                                        
                                        
                                        
                                        
                                        
                                        
                                        
                                        
                                        
                                        
                                        
                                        
                                        
{"id":9220,"date":"2025-08-30T19:42:50","date_gmt":"2025-08-30T17:42:50","guid":{"rendered":"https:\/\/oriamendi.eus\/?p=9220"},"modified":"2025-08-30T19:42:50","modified_gmt":"2025-08-30T17:42:50","slug":"barrenetxea-iv-logra-la-clasificacion-para-la-final-del-torneo-individual","status":"publish","type":"post","link":"https:\/\/oriamendi.eus\/es\/2025\/08\/30\/barrenetxea-iv-logra-la-clasificacion-para-la-final-del-torneo-individual\/","title":{"rendered":"Barrenetxea IV logra la clasificaci\u00f3n para la final del Torneo Individual"},"content":{"rendered":"<div><b>Ansa II sufri\u00f3 una lesi\u00f3n en el brazo derecho cuando perd\u00eda 15-13 y se tuvo que retirar\u00a0<\/b><\/div>\n<div><b>\u00a0<\/b><\/div>\n<div><b>La victoria es de 30-13 para el hernaniarra que cuenta con 8 puntos y Ansa suma un punto negativo<\/b><\/div>\n<div><b>\u00a0<\/b><\/div>\n<div>Ansa II sufri\u00f3 una lesi\u00f3n en el brazo derecho, entre el tr\u00edceps y la espalda, cuando perd\u00eda 13-15 ante Barrenetxea IV y se tuvo que retirar del cuarto partido de la liguilla del Torneo Eusko Label Individual. Por lo tanto, el resultado final del partido fue de 30-13 para el hernaniarra. Este resultado lo mete directamente en la final del Individual y deja a Ansa II con tres puntos tras sumar en negativo. Ahora Barrenetxea IV cuenta con ocho puntos, est\u00e1n empatados a tres puntos Ansa II y Azpiroz y Juanenea cuenta con un punto. Los dos \u00faltimos partidos decidir\u00e1n la semifinal y que remontista queda eliminado. Las opciones son m\u00faltiples.<\/div>\n<div><\/div>\n<div>La lesi\u00f3n de Ansa II se produjo cuando perd\u00eda 5-10, pero sigui\u00f3 peleando aunque no lanzaba el golpe como al inicio del choque. A\u00fan y todo puso acercarse a un tanto, 10-11, 12-13, 13-14, pero se retir\u00f3 con el 13-15 en el marcador. Valor\u00f3 las opciones de sumar en negativo y seguir con posibilidades de seguir vivo en el campeonato y no agravar una lesi\u00f3n que se desconoce su alcance hasta que se haga pruebas. El de Urnieta afirm\u00f3 tras finalizar el partido que durante la semana not\u00f3 un peque\u00f1o pinchazo en uno de los entrenamientos y le volvi\u00f3 a suceder en el 5-10 de forma m\u00e1s fuerte. Por precauci\u00f3n decidi\u00f3 abandonar.<\/div>\n<div>El partido hasta ese momento fue una maravilla. Bien jugado por ambos pelotaris y con ritmo, jugadas, buenos pelotazos y buen juego. Tras el 2-1 Barrenetxea comenz\u00f3 a dominar el juego y mandaba en el marcador 2-4, 4-7, 5-8 y 5-10. Fue entonces cuando Ansa not\u00f3 el pinchazo. Sin tirar tanto el pelotazo, el de Urnieta comenz\u00f3 a hacer jugadas mediante sus recursos. Bajaba la pelota, hac\u00eda dejadas y buscaba terminar el tanto. As\u00ed se acerc\u00f3 en el marcador 8-10, 10-11, 12-13, 13-14, pero se tuvo que retirar ante el riesgo de agravamiento de la lesi\u00f3n y decir adi\u00f3s al campeonato. Una pena, ya que el choque estaba siendo precioso.<\/div>\n<div><\/div>\n<div>Ahora Ansa realizar\u00e1 pruebas durante la semana y la empresa Oriamendi con los resultados programar\u00e1 el jueves los dos siguientes festivales. Lo l\u00f3gico ser\u00e1 dar dos semanas de margen al dos veces campe\u00f3n para que se pueda recuperar y que Azpiroz y Barrenetxea jueguen el s\u00e1bado que viene, pero eso queda a expensas de las pruebas, ya que si la lesi\u00f3n es m\u00e1s grave y no se puede recuperarse en dos semanas, quedar\u00eda eliminado, Barrenetxea ser\u00eda finalista y Azpiroz-Juanenea disputar\u00edan la semifinal.<\/div>\n<div><\/div>\n<div>Pero lo dicho hay que esperar que dice la resonancia y seg\u00fan eso, se tomar\u00e1n medidas en el calendario.<\/div>\n<div><\/div>\n<div><b>Gurrutxaga y Apezetxea remontan en el Oriamendi Txapelketa<\/b><\/div>\n<div><\/div>\n<div>En el tercer partido del festival Gurrutxaga y Apezetxea ganaron 2-1 (8-15, 15-13 y 8-3)\u00a0 a Susperregi y Zubiri. Los colorados ganaron f\u00e1cil el primer set y ten\u00edan encarrilado el segundo, pero reaccionaron Gurrutxaga y Apezetxea para remontar primero el segundo set y despu\u00e9s el set decisivo. Ah\u00ed los fallos condenaron a Susperregi y Zubiri.<\/div>\n","protected":false},"excerpt":{"rendered":"<p>Ansa II sufri\u00f3 una lesi\u00f3n en el brazo derecho cuando perd\u00eda 15-13 y se tuvo que retirar\u00a0 \u00a0 La victoria es de 30-13 para el hernaniarra que cuenta con 8 puntos y Ansa suma un punto negativo \u00a0 Ansa II sufri\u00f3 una lesi\u00f3n en el brazo derecho, entre el tr\u00edceps y la espalda, cuando perd\u00eda [&hellip;]<\/p>\n","protected":false},"author":5,"featured_media":9221,"comment_status":"closed","ping_status":"open","sticky":false,"template":"","format":"standard","meta":{"_et_pb_use_builder":"","_et_pb_old_content":"","_et_gb_content_width":"","footnotes":""},"categories":[1],"tags":[],"yoast_head":"<!-- This site is optimized with the Yoast SEO plugin v21.8 - https:\/\/yoast.com\/wordpress\/plugins\/seo\/ -->\n<title>Barrenetxea IV logra la clasificaci\u00f3n para la final del Torneo Individual | Oriamendi 2010<\/title>\n<meta name=\"robots\" content=\"index, follow, max-snippet:-1, max-image-preview:large, max-video-preview:-1\" \/>\n<link rel=\"canonical\" href=\"https:\/\/oriamendi.eus\/es\/2025\/08\/30\/barrenetxea-iv-logra-la-clasificacion-para-la-final-del-torneo-individual\/\" \/>\n<meta property=\"og:locale\" content=\"es_ES\" \/>\n<meta property=\"og:type\" content=\"article\" \/>\n<meta property=\"og:title\" content=\"Barrenetxea IV logra la clasificaci\u00f3n para la final del Torneo Individual | Oriamendi 2010\" \/>\n<meta property=\"og:description\" content=\"Ansa II sufri\u00f3 una lesi\u00f3n en el brazo derecho cuando perd\u00eda 15-13 y se tuvo que retirar\u00a0 \u00a0 La victoria es de 30-13 para el hernaniarra que cuenta con 8 puntos y Ansa suma un punto negativo \u00a0 Ansa II sufri\u00f3 una lesi\u00f3n en el brazo derecho, entre el tr\u00edceps y la espalda, cuando perd\u00eda [&hellip;]\" \/>\n<meta property=\"og:url\" content=\"https:\/\/oriamendi.eus\/es\/2025\/08\/30\/barrenetxea-iv-logra-la-clasificacion-para-la-final-del-torneo-individual\/\" \/>\n<meta property=\"og:site_name\" content=\"Oriamendi 2010\" \/>\n<meta property=\"article:publisher\" content=\"https:\/\/www.facebook.com\/oriamendi2010remonte\/\" \/>\n<meta property=\"article:published_time\" content=\"2025-08-30T17:42:50+00:00\" \/>\n<meta property=\"og:image\" content=\"https:\/\/oriamendi.eus\/wp-content\/uploads\/2025\/08\/DSC02609.jpg\" \/>\n\t<meta property=\"og:image:width\" content=\"1200\" \/>\n\t<meta property=\"og:image:height\" content=\"800\" \/>\n\t<meta property=\"og:image:type\" content=\"image\/jpeg\" \/>\n<meta name=\"author\" content=\"I\u00f1igo Go\u00f1i\" \/>\n<meta name=\"twitter:card\" content=\"summary_large_image\" \/>\n<meta name=\"twitter:creator\" content=\"@oriamendi2010\" \/>\n<meta name=\"twitter:site\" content=\"@oriamendi2010\" \/>\n<meta name=\"twitter:label1\" content=\"Escrito por\" \/>\n\t<meta name=\"twitter:data1\" content=\"I\u00f1igo Go\u00f1i\" \/>\n\t<meta name=\"twitter:label2\" content=\"Tiempo de lectura\" \/>\n\t<meta name=\"twitter:data2\" content=\"3 minutos\" \/>\n<script type=\"application\/ld+json\" class=\"yoast-schema-graph\">{\"@context\":\"https:\/\/schema.org\",\"@graph\":[{\"@type\":\"Article\",\"@id\":\"https:\/\/oriamendi.eus\/es\/2025\/08\/30\/barrenetxea-iv-logra-la-clasificacion-para-la-final-del-torneo-individual\/#article\",\"isPartOf\":{\"@id\":\"https:\/\/oriamendi.eus\/es\/2025\/08\/30\/barrenetxea-iv-logra-la-clasificacion-para-la-final-del-torneo-individual\/\"},\"author\":{\"name\":\"I\u00f1igo Go\u00f1i\",\"@id\":\"https:\/\/oriamendi.eus\/es\/#\/schema\/person\/c0bd06c6c747674306a5c82563e2339a\"},\"headline\":\"Barrenetxea IV logra la clasificaci\u00f3n para la final del Torneo Individual\",\"datePublished\":\"2025-08-30T17:42:50+00:00\",\"dateModified\":\"2025-08-30T17:42:50+00:00\",\"mainEntityOfPage\":{\"@id\":\"https:\/\/oriamendi.eus\/es\/2025\/08\/30\/barrenetxea-iv-logra-la-clasificacion-para-la-final-del-torneo-individual\/\"},\"wordCount\":575,\"publisher\":{\"@id\":\"https:\/\/oriamendi.eus\/es\/#organization\"},\"articleSection\":[\"Sin categorizar\"],\"inLanguage\":\"es\"},{\"@type\":\"WebPage\",\"@id\":\"https:\/\/oriamendi.eus\/es\/2025\/08\/30\/barrenetxea-iv-logra-la-clasificacion-para-la-final-del-torneo-individual\/\",\"url\":\"https:\/\/oriamendi.eus\/es\/2025\/08\/30\/barrenetxea-iv-logra-la-clasificacion-para-la-final-del-torneo-individual\/\",\"name\":\"Barrenetxea IV logra la clasificaci\u00f3n para la final del Torneo Individual | Oriamendi 2010\",\"isPartOf\":{\"@id\":\"https:\/\/oriamendi.eus\/es\/#website\"},\"datePublished\":\"2025-08-30T17:42:50+00:00\",\"dateModified\":\"2025-08-30T17:42:50+00:00\",\"breadcrumb\":{\"@id\":\"https:\/\/oriamendi.eus\/es\/2025\/08\/30\/barrenetxea-iv-logra-la-clasificacion-para-la-final-del-torneo-individual\/#breadcrumb\"},\"inLanguage\":\"es\",\"potentialAction\":[{\"@type\":\"ReadAction\",\"target\":[\"https:\/\/oriamendi.eus\/es\/2025\/08\/30\/barrenetxea-iv-logra-la-clasificacion-para-la-final-del-torneo-individual\/\"]}]},{\"@type\":\"BreadcrumbList\",\"@id\":\"https:\/\/oriamendi.eus\/es\/2025\/08\/30\/barrenetxea-iv-logra-la-clasificacion-para-la-final-del-torneo-individual\/#breadcrumb\",\"itemListElement\":[{\"@type\":\"ListItem\",\"position\":1,\"name\":\"Portada\",\"item\":\"https:\/\/oriamendi.eus\/es\/\"},{\"@type\":\"ListItem\",\"position\":2,\"name\":\"Barrenetxea IV logra la clasificaci\u00f3n para la final del Torneo Individual\"}]},{\"@type\":\"WebSite\",\"@id\":\"https:\/\/oriamendi.eus\/es\/#website\",\"url\":\"https:\/\/oriamendi.eus\/es\/\",\"name\":\"Oriamendi\",\"description\":\"Remonte en Galarreta. Hernani. Gipuzkoa\",\"publisher\":{\"@id\":\"https:\/\/oriamendi.eus\/es\/#organization\"},\"potentialAction\":[{\"@type\":\"SearchAction\",\"target\":{\"@type\":\"EntryPoint\",\"urlTemplate\":\"https:\/\/oriamendi.eus\/es\/?s={search_term_string}\"},\"query-input\":\"required name=search_term_string\"}],\"inLanguage\":\"es\"},{\"@type\":\"Organization\",\"@id\":\"https:\/\/oriamendi.eus\/es\/#organization\",\"name\":\"Oriamendi\",\"url\":\"https:\/\/oriamendi.eus\/es\/\",\"logo\":{\"@type\":\"ImageObject\",\"inLanguage\":\"es\",\"@id\":\"https:\/\/oriamendi.eus\/es\/#\/schema\/logo\/image\/\",\"url\":\"https:\/\/oriamendi.eus\/wp-content\/uploads\/2020\/06\/logo-oriamendi.png\",\"contentUrl\":\"https:\/\/oriamendi.eus\/wp-content\/uploads\/2020\/06\/logo-oriamendi.png\",\"width\":300,\"height\":90,\"caption\":\"Oriamendi\"},\"image\":{\"@id\":\"https:\/\/oriamendi.eus\/es\/#\/schema\/logo\/image\/\"},\"sameAs\":[\"https:\/\/www.facebook.com\/oriamendi2010remonte\/\",\"https:\/\/twitter.com\/oriamendi2010\",\"https:\/\/www.instagram.com\/galarretajaialai\/\",\"https:\/\/www.youtube.com\/channel\/UC8gVNzQqB1iwnC-_rI-ihmA\/featured\"]},{\"@type\":\"Person\",\"@id\":\"https:\/\/oriamendi.eus\/es\/#\/schema\/person\/c0bd06c6c747674306a5c82563e2339a\",\"name\":\"I\u00f1igo Go\u00f1i\",\"image\":{\"@type\":\"ImageObject\",\"inLanguage\":\"es\",\"@id\":\"https:\/\/oriamendi.eus\/es\/#\/schema\/person\/image\/\",\"url\":\"https:\/\/secure.gravatar.com\/avatar\/fbb07ffc7b803bbfcc2b6419c06abd3a?s=96&d=mm&r=g\",\"contentUrl\":\"https:\/\/secure.gravatar.com\/avatar\/fbb07ffc7b803bbfcc2b6419c06abd3a?s=96&d=mm&r=g\",\"caption\":\"I\u00f1igo Go\u00f1i\"},\"url\":\"https:\/\/oriamendi.eus\/es\/author\/om-berriak\/\"}]}<\/script>\n<!-- \/ Yoast SEO plugin. -->","yoast_head_json":{"title":"Barrenetxea IV logra la clasificaci\u00f3n para la final del Torneo Individual | Oriamendi 2010","robots":{"index":"index","follow":"follow","max-snippet":"max-snippet:-1","max-image-preview":"max-image-preview:large","max-video-preview":"max-video-preview:-1"},"canonical":"https:\/\/oriamendi.eus\/es\/2025\/08\/30\/barrenetxea-iv-logra-la-clasificacion-para-la-final-del-torneo-individual\/","og_locale":"es_ES","og_type":"article","og_title":"Barrenetxea IV logra la clasificaci\u00f3n para la final del Torneo Individual | Oriamendi 2010","og_description":"Ansa II sufri\u00f3 una lesi\u00f3n en el brazo derecho cuando perd\u00eda 15-13 y se tuvo que retirar\u00a0 \u00a0 La victoria es de 30-13 para el hernaniarra que cuenta con 8 puntos y Ansa suma un punto negativo \u00a0 Ansa II sufri\u00f3 una lesi\u00f3n en el brazo derecho, entre el tr\u00edceps y la espalda, cuando perd\u00eda [&hellip;]","og_url":"https:\/\/oriamendi.eus\/es\/2025\/08\/30\/barrenetxea-iv-logra-la-clasificacion-para-la-final-del-torneo-individual\/","og_site_name":"Oriamendi 2010","article_publisher":"https:\/\/www.facebook.com\/oriamendi2010remonte\/","article_published_time":"2025-08-30T17:42:50+00:00","og_image":[{"width":1200,"height":800,"url":"https:\/\/oriamendi.eus\/wp-content\/uploads\/2025\/08\/DSC02609.jpg","type":"image\/jpeg"}],"author":"I\u00f1igo Go\u00f1i","twitter_card":"summary_large_image","twitter_creator":"@oriamendi2010","twitter_site":"@oriamendi2010","twitter_misc":{"Escrito por":"I\u00f1igo Go\u00f1i","Tiempo de lectura":"3 minutos"},"schema":{"@context":"https:\/\/schema.org","@graph":[{"@type":"Article","@id":"https:\/\/oriamendi.eus\/es\/2025\/08\/30\/barrenetxea-iv-logra-la-clasificacion-para-la-final-del-torneo-individual\/#article","isPartOf":{"@id":"https:\/\/oriamendi.eus\/es\/2025\/08\/30\/barrenetxea-iv-logra-la-clasificacion-para-la-final-del-torneo-individual\/"},"author":{"name":"I\u00f1igo Go\u00f1i","@id":"https:\/\/oriamendi.eus\/es\/#\/schema\/person\/c0bd06c6c747674306a5c82563e2339a"},"headline":"Barrenetxea IV logra la clasificaci\u00f3n para la final del Torneo Individual","datePublished":"2025-08-30T17:42:50+00:00","dateModified":"2025-08-30T17:42:50+00:00","mainEntityOfPage":{"@id":"https:\/\/oriamendi.eus\/es\/2025\/08\/30\/barrenetxea-iv-logra-la-clasificacion-para-la-final-del-torneo-individual\/"},"wordCount":575,"publisher":{"@id":"https:\/\/oriamendi.eus\/es\/#organization"},"articleSection":["Sin categorizar"],"inLanguage":"es"},{"@type":"WebPage","@id":"https:\/\/oriamendi.eus\/es\/2025\/08\/30\/barrenetxea-iv-logra-la-clasificacion-para-la-final-del-torneo-individual\/","url":"https:\/\/oriamendi.eus\/es\/2025\/08\/30\/barrenetxea-iv-logra-la-clasificacion-para-la-final-del-torneo-individual\/","name":"Barrenetxea IV logra la clasificaci\u00f3n para la final del Torneo Individual | Oriamendi 2010","isPartOf":{"@id":"https:\/\/oriamendi.eus\/es\/#website"},"datePublished":"2025-08-30T17:42:50+00:00","dateModified":"2025-08-30T17:42:50+00:00","breadcrumb":{"@id":"https:\/\/oriamendi.eus\/es\/2025\/08\/30\/barrenetxea-iv-logra-la-clasificacion-para-la-final-del-torneo-individual\/#breadcrumb"},"inLanguage":"es","potentialAction":[{"@type":"ReadAction","target":["https:\/\/oriamendi.eus\/es\/2025\/08\/30\/barrenetxea-iv-logra-la-clasificacion-para-la-final-del-torneo-individual\/"]}]},{"@type":"BreadcrumbList","@id":"https:\/\/oriamendi.eus\/es\/2025\/08\/30\/barrenetxea-iv-logra-la-clasificacion-para-la-final-del-torneo-individual\/#breadcrumb","itemListElement":[{"@type":"ListItem","position":1,"name":"Portada","item":"https:\/\/oriamendi.eus\/es\/"},{"@type":"ListItem","position":2,"name":"Barrenetxea IV logra la clasificaci\u00f3n para la final del Torneo Individual"}]},{"@type":"WebSite","@id":"https:\/\/oriamendi.eus\/es\/#website","url":"https:\/\/oriamendi.eus\/es\/","name":"Oriamendi","description":"Remonte en Galarreta. Hernani. Gipuzkoa","publisher":{"@id":"https:\/\/oriamendi.eus\/es\/#organization"},"potentialAction":[{"@type":"SearchAction","target":{"@type":"EntryPoint","urlTemplate":"https:\/\/oriamendi.eus\/es\/?s={search_term_string}"},"query-input":"required name=search_term_string"}],"inLanguage":"es"},{"@type":"Organization","@id":"https:\/\/oriamendi.eus\/es\/#organization","name":"Oriamendi","url":"https:\/\/oriamendi.eus\/es\/","logo":{"@type":"ImageObject","inLanguage":"es","@id":"https:\/\/oriamendi.eus\/es\/#\/schema\/logo\/image\/","url":"https:\/\/oriamendi.eus\/wp-content\/uploads\/2020\/06\/logo-oriamendi.png","contentUrl":"https:\/\/oriamendi.eus\/wp-content\/uploads\/2020\/06\/logo-oriamendi.png","width":300,"height":90,"caption":"Oriamendi"},"image":{"@id":"https:\/\/oriamendi.eus\/es\/#\/schema\/logo\/image\/"},"sameAs":["https:\/\/www.facebook.com\/oriamendi2010remonte\/","https:\/\/twitter.com\/oriamendi2010","https:\/\/www.instagram.com\/galarretajaialai\/","https:\/\/www.youtube.com\/channel\/UC8gVNzQqB1iwnC-_rI-ihmA\/featured"]},{"@type":"Person","@id":"https:\/\/oriamendi.eus\/es\/#\/schema\/person\/c0bd06c6c747674306a5c82563e2339a","name":"I\u00f1igo Go\u00f1i","image":{"@type":"ImageObject","inLanguage":"es","@id":"https:\/\/oriamendi.eus\/es\/#\/schema\/person\/image\/","url":"https:\/\/secure.gravatar.com\/avatar\/fbb07ffc7b803bbfcc2b6419c06abd3a?s=96&d=mm&r=g","contentUrl":"https:\/\/secure.gravatar.com\/avatar\/fbb07ffc7b803bbfcc2b6419c06abd3a?s=96&d=mm&r=g","caption":"I\u00f1igo Go\u00f1i"},"url":"https:\/\/oriamendi.eus\/es\/author\/om-berriak\/"}]}},"_links":{"self":[{"href":"https:\/\/oriamendi.eus\/es\/wp-json\/wp\/v2\/posts\/9220"}],"collection":[{"href":"https:\/\/oriamendi.eus\/es\/wp-json\/wp\/v2\/posts"}],"about":[{"href":"https:\/\/oriamendi.eus\/es\/wp-json\/wp\/v2\/types\/post"}],"author":[{"embeddable":true,"href":"https:\/\/oriamendi.eus\/es\/wp-json\/wp\/v2\/users\/5"}],"replies":[{"embeddable":true,"href":"https:\/\/oriamendi.eus\/es\/wp-json\/wp\/v2\/comments?post=9220"}],"version-history":[{"count":1,"href":"https:\/\/oriamendi.eus\/es\/wp-json\/wp\/v2\/posts\/9220\/revisions"}],"predecessor-version":[{"id":9223,"href":"https:\/\/oriamendi.eus\/es\/wp-json\/wp\/v2\/posts\/9220\/revisions\/9223"}],"wp:featuredmedia":[{"embeddable":true,"href":"https:\/\/oriamendi.eus\/es\/wp-json\/wp\/v2\/media\/9221"}],"wp:attachment":[{"href":"https:\/\/oriamendi.eus\/es\/wp-json\/wp\/v2\/media?parent=9220"}],"wp:term":[{"taxonomy":"category","embeddable":true,"href":"https:\/\/oriamendi.eus\/es\/wp-json\/wp\/v2\/categories?post=9220"},{"taxonomy":"post_tag","embeddable":true,"href":"https:\/\/oriamendi.eus\/es\/wp-json\/wp\/v2\/tags?post=9220"}],"curies":[{"name":"wp","href":"https:\/\/api.w.org\/{rel}","templated":true}]}}