                                        
                                        
                                        
                                        
                                        
                                        
                                        
                                        
                                        
                                        
                                        
                                        
                                        
                                        
                                        
                                        
                                        
                                        
{"id":9202,"date":"2025-08-16T20:12:43","date_gmt":"2025-08-16T18:12:43","guid":{"rendered":"https:\/\/oriamendi.eus\/?p=9202"},"modified":"2025-08-16T20:12:43","modified_gmt":"2025-08-16T18:12:43","slug":"barrenetxea-iv-suma-su-primera-victoria-en-detrimento-de-juanenea","status":"publish","type":"post","link":"https:\/\/oriamendi.eus\/es\/2025\/08\/16\/barrenetxea-iv-suma-su-primera-victoria-en-detrimento-de-juanenea\/","title":{"rendered":"Barrenetxea IV suma su primera victoria en detrimento de Juanenea"},"content":{"rendered":"<div><b>El zaguero de Hernani se impone con un claro 30-18 al de Saldias<\/b><\/div>\n<div><b>\u00a0<\/b><\/div>\n<div>Endika Barrenetxea ha comenzado con buen pie su reconquista d ela txapela del Torneo Individual. Ha ganado de forma contundente, 30-18, a Aritz Juanenea en el estreno de ambos en el campeonato m\u00e1s importante. De esa forma el hernaniarra suma sus primeros cuatro puntos y el saldistarra no sum\u00f3 ning\u00fan punto y se coloca tercero en la clasificaci\u00f3n.<\/div>\n<div>El dominio de Barrenetxea fue claro. La igualdad solo se mantuvo en los primeros tantos, pero a partir del siete iguales, la superioridad del ganador fue absoluta. Se escap\u00f3 21-10 y dej\u00f3 visto para sentencia el choque. Barrenetxea no estuvo ajustado con el saque en los primeros tantos e hizo dos faltas de saque. Despu\u00e9s sum\u00f3 otros tres, pero en el peloteo y al resto fue muy superior a su rival.<\/div>\n<div>Juanenea se apag\u00f3 cuando ganaba 5-7. Un parcial de 8-0 puso 13-7 por delante al guipuzcoano. De ah\u00ed se pas\u00f3 al 14-8 y 21-10. En el 27-14 peligraba incluso que Juanenea se quedara en punto negativo, pero logr\u00f3 acercarse algo y sumar 18 tantos, que evitaban el menos uno.<\/div>\n<div>Barrenetxea sac\u00f3 mucho mejor que Juanenea, al menos con mucha m\u00e1s violencia. Juanenea hizo solo un tanto de saque y al resto Barrenetxea mandaba desde el primer pelotazo. En ataque hubo diferencia. Se le vio adem\u00e1s con confianza en el peloteo y cuando ajust\u00f3 con el saque la renta solo aument\u00f3.<\/div>\n<div>En la siguiente joranada se medir\u00e1n Azpiroz y Juanenea. Azpiroz est\u00e1 obligado a ganar si quiere seguir con vida en el campeonato.<\/div>\n<div><\/div>\n<div><b>Zubiri lleva a Susperregi en volandas<\/b><\/div>\n<div><\/div>\n<div>En el Torneo Oriamendi Susperregi y Zubiri ganaron 15-13, 10-15 y 8-4 a Jabalera y Eskudero. Zubiri hizo mucho da\u00f1o con el saque a Jabalera. Hizo hasta nueve tantos y luego domin\u00f3 en el peloteo. En el segundo set parec\u00eda que Jabalare y Eskudero pod\u00edan dar vuelta al partido, pero reaccionaron Susperregi y Zubiri en el tercer set para llevarse la victoria.<\/div>\n","protected":false},"excerpt":{"rendered":"<p>El zaguero de Hernani se impone con un claro 30-18 al de Saldias \u00a0 Endika Barrenetxea ha comenzado con buen pie su reconquista d ela txapela del Torneo Individual. Ha ganado de forma contundente, 30-18, a Aritz Juanenea en el estreno de ambos en el campeonato m\u00e1s importante. De esa forma el hernaniarra suma sus [&hellip;]<\/p>\n","protected":false},"author":5,"featured_media":9203,"comment_status":"closed","ping_status":"open","sticky":false,"template":"","format":"standard","meta":{"_et_pb_use_builder":"","_et_pb_old_content":"","_et_gb_content_width":"","footnotes":""},"categories":[1],"tags":[],"yoast_head":"<!-- This site is optimized with the Yoast SEO plugin v21.8 - https:\/\/yoast.com\/wordpress\/plugins\/seo\/ -->\n<title>Barrenetxea IV suma su primera victoria en detrimento de Juanenea | Oriamendi 2010<\/title>\n<meta name=\"robots\" content=\"index, follow, max-snippet:-1, max-image-preview:large, max-video-preview:-1\" \/>\n<link rel=\"canonical\" href=\"https:\/\/oriamendi.eus\/es\/2025\/08\/16\/barrenetxea-iv-suma-su-primera-victoria-en-detrimento-de-juanenea\/\" \/>\n<meta property=\"og:locale\" content=\"es_ES\" \/>\n<meta property=\"og:type\" content=\"article\" \/>\n<meta property=\"og:title\" content=\"Barrenetxea IV suma su primera victoria en detrimento de Juanenea | Oriamendi 2010\" \/>\n<meta property=\"og:description\" content=\"El zaguero de Hernani se impone con un claro 30-18 al de Saldias \u00a0 Endika Barrenetxea ha comenzado con buen pie su reconquista d ela txapela del Torneo Individual. Ha ganado de forma contundente, 30-18, a Aritz Juanenea en el estreno de ambos en el campeonato m\u00e1s importante. De esa forma el hernaniarra suma sus [&hellip;]\" \/>\n<meta property=\"og:url\" content=\"https:\/\/oriamendi.eus\/es\/2025\/08\/16\/barrenetxea-iv-suma-su-primera-victoria-en-detrimento-de-juanenea\/\" \/>\n<meta property=\"og:site_name\" content=\"Oriamendi 2010\" \/>\n<meta property=\"article:publisher\" content=\"https:\/\/www.facebook.com\/oriamendi2010remonte\/\" \/>\n<meta property=\"article:published_time\" content=\"2025-08-16T18:12:43+00:00\" \/>\n<meta property=\"og:image\" content=\"https:\/\/oriamendi.eus\/wp-content\/uploads\/2025\/08\/DSC02395.jpg\" \/>\n\t<meta property=\"og:image:width\" content=\"1200\" \/>\n\t<meta property=\"og:image:height\" content=\"800\" \/>\n\t<meta property=\"og:image:type\" content=\"image\/jpeg\" \/>\n<meta name=\"author\" content=\"I\u00f1igo Go\u00f1i\" \/>\n<meta name=\"twitter:card\" content=\"summary_large_image\" \/>\n<meta name=\"twitter:creator\" content=\"@oriamendi2010\" \/>\n<meta name=\"twitter:site\" content=\"@oriamendi2010\" \/>\n<meta name=\"twitter:label1\" content=\"Escrito por\" \/>\n\t<meta name=\"twitter:data1\" content=\"I\u00f1igo Go\u00f1i\" \/>\n\t<meta name=\"twitter:label2\" content=\"Tiempo de lectura\" \/>\n\t<meta name=\"twitter:data2\" content=\"2 minutos\" \/>\n<script type=\"application\/ld+json\" class=\"yoast-schema-graph\">{\"@context\":\"https:\/\/schema.org\",\"@graph\":[{\"@type\":\"Article\",\"@id\":\"https:\/\/oriamendi.eus\/es\/2025\/08\/16\/barrenetxea-iv-suma-su-primera-victoria-en-detrimento-de-juanenea\/#article\",\"isPartOf\":{\"@id\":\"https:\/\/oriamendi.eus\/es\/2025\/08\/16\/barrenetxea-iv-suma-su-primera-victoria-en-detrimento-de-juanenea\/\"},\"author\":{\"name\":\"I\u00f1igo Go\u00f1i\",\"@id\":\"https:\/\/oriamendi.eus\/es\/#\/schema\/person\/c0bd06c6c747674306a5c82563e2339a\"},\"headline\":\"Barrenetxea IV suma su primera victoria en detrimento de Juanenea\",\"datePublished\":\"2025-08-16T18:12:43+00:00\",\"dateModified\":\"2025-08-16T18:12:43+00:00\",\"mainEntityOfPage\":{\"@id\":\"https:\/\/oriamendi.eus\/es\/2025\/08\/16\/barrenetxea-iv-suma-su-primera-victoria-en-detrimento-de-juanenea\/\"},\"wordCount\":351,\"publisher\":{\"@id\":\"https:\/\/oriamendi.eus\/es\/#organization\"},\"articleSection\":[\"Sin categorizar\"],\"inLanguage\":\"es\"},{\"@type\":\"WebPage\",\"@id\":\"https:\/\/oriamendi.eus\/es\/2025\/08\/16\/barrenetxea-iv-suma-su-primera-victoria-en-detrimento-de-juanenea\/\",\"url\":\"https:\/\/oriamendi.eus\/es\/2025\/08\/16\/barrenetxea-iv-suma-su-primera-victoria-en-detrimento-de-juanenea\/\",\"name\":\"Barrenetxea IV suma su primera victoria en detrimento de Juanenea | Oriamendi 2010\",\"isPartOf\":{\"@id\":\"https:\/\/oriamendi.eus\/es\/#website\"},\"datePublished\":\"2025-08-16T18:12:43+00:00\",\"dateModified\":\"2025-08-16T18:12:43+00:00\",\"breadcrumb\":{\"@id\":\"https:\/\/oriamendi.eus\/es\/2025\/08\/16\/barrenetxea-iv-suma-su-primera-victoria-en-detrimento-de-juanenea\/#breadcrumb\"},\"inLanguage\":\"es\",\"potentialAction\":[{\"@type\":\"ReadAction\",\"target\":[\"https:\/\/oriamendi.eus\/es\/2025\/08\/16\/barrenetxea-iv-suma-su-primera-victoria-en-detrimento-de-juanenea\/\"]}]},{\"@type\":\"BreadcrumbList\",\"@id\":\"https:\/\/oriamendi.eus\/es\/2025\/08\/16\/barrenetxea-iv-suma-su-primera-victoria-en-detrimento-de-juanenea\/#breadcrumb\",\"itemListElement\":[{\"@type\":\"ListItem\",\"position\":1,\"name\":\"Portada\",\"item\":\"https:\/\/oriamendi.eus\/es\/\"},{\"@type\":\"ListItem\",\"position\":2,\"name\":\"Barrenetxea IV suma su primera victoria en detrimento de Juanenea\"}]},{\"@type\":\"WebSite\",\"@id\":\"https:\/\/oriamendi.eus\/es\/#website\",\"url\":\"https:\/\/oriamendi.eus\/es\/\",\"name\":\"Oriamendi\",\"description\":\"Remonte en Galarreta. Hernani. Gipuzkoa\",\"publisher\":{\"@id\":\"https:\/\/oriamendi.eus\/es\/#organization\"},\"potentialAction\":[{\"@type\":\"SearchAction\",\"target\":{\"@type\":\"EntryPoint\",\"urlTemplate\":\"https:\/\/oriamendi.eus\/es\/?s={search_term_string}\"},\"query-input\":\"required name=search_term_string\"}],\"inLanguage\":\"es\"},{\"@type\":\"Organization\",\"@id\":\"https:\/\/oriamendi.eus\/es\/#organization\",\"name\":\"Oriamendi\",\"url\":\"https:\/\/oriamendi.eus\/es\/\",\"logo\":{\"@type\":\"ImageObject\",\"inLanguage\":\"es\",\"@id\":\"https:\/\/oriamendi.eus\/es\/#\/schema\/logo\/image\/\",\"url\":\"https:\/\/oriamendi.eus\/wp-content\/uploads\/2020\/06\/logo-oriamendi.png\",\"contentUrl\":\"https:\/\/oriamendi.eus\/wp-content\/uploads\/2020\/06\/logo-oriamendi.png\",\"width\":300,\"height\":90,\"caption\":\"Oriamendi\"},\"image\":{\"@id\":\"https:\/\/oriamendi.eus\/es\/#\/schema\/logo\/image\/\"},\"sameAs\":[\"https:\/\/www.facebook.com\/oriamendi2010remonte\/\",\"https:\/\/twitter.com\/oriamendi2010\",\"https:\/\/www.instagram.com\/galarretajaialai\/\",\"https:\/\/www.youtube.com\/channel\/UC8gVNzQqB1iwnC-_rI-ihmA\/featured\"]},{\"@type\":\"Person\",\"@id\":\"https:\/\/oriamendi.eus\/es\/#\/schema\/person\/c0bd06c6c747674306a5c82563e2339a\",\"name\":\"I\u00f1igo Go\u00f1i\",\"image\":{\"@type\":\"ImageObject\",\"inLanguage\":\"es\",\"@id\":\"https:\/\/oriamendi.eus\/es\/#\/schema\/person\/image\/\",\"url\":\"https:\/\/secure.gravatar.com\/avatar\/fbb07ffc7b803bbfcc2b6419c06abd3a?s=96&d=mm&r=g\",\"contentUrl\":\"https:\/\/secure.gravatar.com\/avatar\/fbb07ffc7b803bbfcc2b6419c06abd3a?s=96&d=mm&r=g\",\"caption\":\"I\u00f1igo Go\u00f1i\"},\"url\":\"https:\/\/oriamendi.eus\/es\/author\/om-berriak\/\"}]}<\/script>\n<!-- \/ Yoast SEO plugin. -->","yoast_head_json":{"title":"Barrenetxea IV suma su primera victoria en detrimento de Juanenea | Oriamendi 2010","robots":{"index":"index","follow":"follow","max-snippet":"max-snippet:-1","max-image-preview":"max-image-preview:large","max-video-preview":"max-video-preview:-1"},"canonical":"https:\/\/oriamendi.eus\/es\/2025\/08\/16\/barrenetxea-iv-suma-su-primera-victoria-en-detrimento-de-juanenea\/","og_locale":"es_ES","og_type":"article","og_title":"Barrenetxea IV suma su primera victoria en detrimento de Juanenea | Oriamendi 2010","og_description":"El zaguero de Hernani se impone con un claro 30-18 al de Saldias \u00a0 Endika Barrenetxea ha comenzado con buen pie su reconquista d ela txapela del Torneo Individual. Ha ganado de forma contundente, 30-18, a Aritz Juanenea en el estreno de ambos en el campeonato m\u00e1s importante. De esa forma el hernaniarra suma sus [&hellip;]","og_url":"https:\/\/oriamendi.eus\/es\/2025\/08\/16\/barrenetxea-iv-suma-su-primera-victoria-en-detrimento-de-juanenea\/","og_site_name":"Oriamendi 2010","article_publisher":"https:\/\/www.facebook.com\/oriamendi2010remonte\/","article_published_time":"2025-08-16T18:12:43+00:00","og_image":[{"width":1200,"height":800,"url":"https:\/\/oriamendi.eus\/wp-content\/uploads\/2025\/08\/DSC02395.jpg","type":"image\/jpeg"}],"author":"I\u00f1igo Go\u00f1i","twitter_card":"summary_large_image","twitter_creator":"@oriamendi2010","twitter_site":"@oriamendi2010","twitter_misc":{"Escrito por":"I\u00f1igo Go\u00f1i","Tiempo de lectura":"2 minutos"},"schema":{"@context":"https:\/\/schema.org","@graph":[{"@type":"Article","@id":"https:\/\/oriamendi.eus\/es\/2025\/08\/16\/barrenetxea-iv-suma-su-primera-victoria-en-detrimento-de-juanenea\/#article","isPartOf":{"@id":"https:\/\/oriamendi.eus\/es\/2025\/08\/16\/barrenetxea-iv-suma-su-primera-victoria-en-detrimento-de-juanenea\/"},"author":{"name":"I\u00f1igo Go\u00f1i","@id":"https:\/\/oriamendi.eus\/es\/#\/schema\/person\/c0bd06c6c747674306a5c82563e2339a"},"headline":"Barrenetxea IV suma su primera victoria en detrimento de Juanenea","datePublished":"2025-08-16T18:12:43+00:00","dateModified":"2025-08-16T18:12:43+00:00","mainEntityOfPage":{"@id":"https:\/\/oriamendi.eus\/es\/2025\/08\/16\/barrenetxea-iv-suma-su-primera-victoria-en-detrimento-de-juanenea\/"},"wordCount":351,"publisher":{"@id":"https:\/\/oriamendi.eus\/es\/#organization"},"articleSection":["Sin categorizar"],"inLanguage":"es"},{"@type":"WebPage","@id":"https:\/\/oriamendi.eus\/es\/2025\/08\/16\/barrenetxea-iv-suma-su-primera-victoria-en-detrimento-de-juanenea\/","url":"https:\/\/oriamendi.eus\/es\/2025\/08\/16\/barrenetxea-iv-suma-su-primera-victoria-en-detrimento-de-juanenea\/","name":"Barrenetxea IV suma su primera victoria en detrimento de Juanenea | Oriamendi 2010","isPartOf":{"@id":"https:\/\/oriamendi.eus\/es\/#website"},"datePublished":"2025-08-16T18:12:43+00:00","dateModified":"2025-08-16T18:12:43+00:00","breadcrumb":{"@id":"https:\/\/oriamendi.eus\/es\/2025\/08\/16\/barrenetxea-iv-suma-su-primera-victoria-en-detrimento-de-juanenea\/#breadcrumb"},"inLanguage":"es","potentialAction":[{"@type":"ReadAction","target":["https:\/\/oriamendi.eus\/es\/2025\/08\/16\/barrenetxea-iv-suma-su-primera-victoria-en-detrimento-de-juanenea\/"]}]},{"@type":"BreadcrumbList","@id":"https:\/\/oriamendi.eus\/es\/2025\/08\/16\/barrenetxea-iv-suma-su-primera-victoria-en-detrimento-de-juanenea\/#breadcrumb","itemListElement":[{"@type":"ListItem","position":1,"name":"Portada","item":"https:\/\/oriamendi.eus\/es\/"},{"@type":"ListItem","position":2,"name":"Barrenetxea IV suma su primera victoria en detrimento de Juanenea"}]},{"@type":"WebSite","@id":"https:\/\/oriamendi.eus\/es\/#website","url":"https:\/\/oriamendi.eus\/es\/","name":"Oriamendi","description":"Remonte en Galarreta. Hernani. Gipuzkoa","publisher":{"@id":"https:\/\/oriamendi.eus\/es\/#organization"},"potentialAction":[{"@type":"SearchAction","target":{"@type":"EntryPoint","urlTemplate":"https:\/\/oriamendi.eus\/es\/?s={search_term_string}"},"query-input":"required name=search_term_string"}],"inLanguage":"es"},{"@type":"Organization","@id":"https:\/\/oriamendi.eus\/es\/#organization","name":"Oriamendi","url":"https:\/\/oriamendi.eus\/es\/","logo":{"@type":"ImageObject","inLanguage":"es","@id":"https:\/\/oriamendi.eus\/es\/#\/schema\/logo\/image\/","url":"https:\/\/oriamendi.eus\/wp-content\/uploads\/2020\/06\/logo-oriamendi.png","contentUrl":"https:\/\/oriamendi.eus\/wp-content\/uploads\/2020\/06\/logo-oriamendi.png","width":300,"height":90,"caption":"Oriamendi"},"image":{"@id":"https:\/\/oriamendi.eus\/es\/#\/schema\/logo\/image\/"},"sameAs":["https:\/\/www.facebook.com\/oriamendi2010remonte\/","https:\/\/twitter.com\/oriamendi2010","https:\/\/www.instagram.com\/galarretajaialai\/","https:\/\/www.youtube.com\/channel\/UC8gVNzQqB1iwnC-_rI-ihmA\/featured"]},{"@type":"Person","@id":"https:\/\/oriamendi.eus\/es\/#\/schema\/person\/c0bd06c6c747674306a5c82563e2339a","name":"I\u00f1igo Go\u00f1i","image":{"@type":"ImageObject","inLanguage":"es","@id":"https:\/\/oriamendi.eus\/es\/#\/schema\/person\/image\/","url":"https:\/\/secure.gravatar.com\/avatar\/fbb07ffc7b803bbfcc2b6419c06abd3a?s=96&d=mm&r=g","contentUrl":"https:\/\/secure.gravatar.com\/avatar\/fbb07ffc7b803bbfcc2b6419c06abd3a?s=96&d=mm&r=g","caption":"I\u00f1igo Go\u00f1i"},"url":"https:\/\/oriamendi.eus\/es\/author\/om-berriak\/"}]}},"_links":{"self":[{"href":"https:\/\/oriamendi.eus\/es\/wp-json\/wp\/v2\/posts\/9202"}],"collection":[{"href":"https:\/\/oriamendi.eus\/es\/wp-json\/wp\/v2\/posts"}],"about":[{"href":"https:\/\/oriamendi.eus\/es\/wp-json\/wp\/v2\/types\/post"}],"author":[{"embeddable":true,"href":"https:\/\/oriamendi.eus\/es\/wp-json\/wp\/v2\/users\/5"}],"replies":[{"embeddable":true,"href":"https:\/\/oriamendi.eus\/es\/wp-json\/wp\/v2\/comments?post=9202"}],"version-history":[{"count":1,"href":"https:\/\/oriamendi.eus\/es\/wp-json\/wp\/v2\/posts\/9202\/revisions"}],"predecessor-version":[{"id":9205,"href":"https:\/\/oriamendi.eus\/es\/wp-json\/wp\/v2\/posts\/9202\/revisions\/9205"}],"wp:featuredmedia":[{"embeddable":true,"href":"https:\/\/oriamendi.eus\/es\/wp-json\/wp\/v2\/media\/9203"}],"wp:attachment":[{"href":"https:\/\/oriamendi.eus\/es\/wp-json\/wp\/v2\/media?parent=9202"}],"wp:term":[{"taxonomy":"category","embeddable":true,"href":"https:\/\/oriamendi.eus\/es\/wp-json\/wp\/v2\/categories?post=9202"},{"taxonomy":"post_tag","embeddable":true,"href":"https:\/\/oriamendi.eus\/es\/wp-json\/wp\/v2\/tags?post=9202"}],"curies":[{"name":"wp","href":"https:\/\/api.w.org\/{rel}","templated":true}]}}