                                        
                                        
                                        
                                        
                                        
                                        
                                        
                                        
                                        
                                        
                                        
                                        
                                        
                                        
                                        
                                        
                                        
                                        
{"id":9196,"date":"2025-08-05T17:46:28","date_gmt":"2025-08-05T15:46:28","guid":{"rendered":"https:\/\/oriamendi.eus\/?p=9196"},"modified":"2025-08-05T17:46:28","modified_gmt":"2025-08-05T15:46:28","slug":"presentado-la-43-edicion-del-torneo-individual-eusko-label-para-conocer-al-mejor-remontista","status":"publish","type":"post","link":"https:\/\/oriamendi.eus\/es\/2025\/08\/05\/presentado-la-43-edicion-del-torneo-individual-eusko-label-para-conocer-al-mejor-remontista\/","title":{"rendered":"Presentado la 43 edici\u00f3n del Torneo Individual-Eusko Label para conocer al mejor remontista"},"content":{"rendered":"<p><strong>Hoy se ha presentado en el Palacio Miramar, el Torneo Individual-Eusko Label de remonte torneo que comienza hoy mismo y este a\u00f1o como el pasado la final se disputar\u00e1 el \u00faltimo s\u00e1bado de septiembre. Hac\u00eda muchos a\u00f1os que Urriza no estaba en la presentaci\u00f3n y la novedad de hoy ha sido esa, la ausencia del delantero pamplon\u00e9s tras su retirada.\u00a0 El partido entre Ezkurra II-Azpiroz ha abierto el campeonato tras su presentaci\u00f3n. Desde las 18:00 horas se est\u00e1 disputando la \u00faltima plaza en la liguilla del Torneo Eusko Label.<\/strong><\/p>\n<p>Hoy se ha presentado, en el Palacio Miramar, el campeonato de remonte m\u00e1s importante del a\u00f1o; la 43 edici\u00f3n del Campeonato Individual Eusko Label. Los mejores remontistas del momento se enfrentar\u00e1n en este torneo con la intenci\u00f3n de ponerse la txapela en la final del 27 de septiembre. Es decir: Ansa II, Barrenetxea IV, Juanenea, Ezkurra II y Azpiroz. Un a\u00f1o m\u00e1s la final se disputar\u00e1 el \u00faltimo s\u00e1bado de septiembre, el d\u00eda 27 de setiembre. En la historia del torneo siempre se disputaba la final el segundo s\u00e1bado de septiembre, pero en los dos \u00faltimos a\u00f1os se ha retrasado al \u00faltimo s\u00e1bado de septiembre.<\/p>\n<p>Adem\u00e1s, ha sido una presentaci\u00f3n especial, ya que faltaba el gran campe\u00f3n Javier Urriza en los jardines del Palacio de Miramar. Eran muchos a\u00f1os estando en la presentaci\u00f3n y una vez retirado se ha notado la ausencia del delantero pamplonica. Sin embargo, el campeonato tiene unos ingredientes inmejorables para ser el mejor campeonato.<\/p>\n<p>El campeonato comenz\u00f3 el 27 de junio con los partidos de la primera fase. Han participado todos los remontistas de Oriamendi y se ha disputado en eliminatorias. Los remontistas entraron en juego en funci\u00f3n de los resultados del campeonato del a\u00f1o pasado, y desde la primera fase Ezkurra II y Azpiroz han conseguido pasar a la previa de la liguilla. Ezkurra II gan\u00f3 30-27 a Jabalera el 24 de julio. Antes quedaron fuera respectivamente: Arluziaga, Aiestaran VII, Irazu, Susperregi, Goikoetxea VI, Gurrutxaga, Apezetxea, Eskudero, Aiestaran VI, Goikoetxea V, Segurola, Martirena, Larra\u00f1aga, Aldabe y Jabalera.<\/p>\n<p><img fetchpriority=\"high\" fetchpriority=\"high\" decoding=\"async\" class=\"alignnone size-medium wp-image-9192\" src=\"https:\/\/oriamendi.eus\/wp-content\/uploads\/2025\/08\/59B8754-300x200.jpg\" alt=\"\" width=\"300\" height=\"200\" \/><\/p>\n<p><b>La competici\u00f3n comienza hoy con la preliguilla<\/b><\/p>\n<div><b><br \/>\n<\/b>Hoy, 5 de agosto, ha comenzado el Campeonato Manomanista de Eusko Label con el partido de la preliguilla. Nada m\u00e1s terminar la presentaci\u00f3n Ezkurra II y Azpiroz se han desplazado a Galarreta para jugar el partido a las 18:00 horas.<\/p>\n<p>La liguilla comenzar\u00e1 el s\u00e1bado 9 de agosto y el vencedor de la previa de hoy se enfrentar\u00e1 al campe\u00f3n Ansa II. La liguilla constar\u00e1 de seis jornadas: 9 de agosto, 16 de agosto, 23 de agosto, 30 de agosto, 6 de septiembre y 13 de septiembre.<\/p>\n<p>Todos los pelotaris deber\u00e1n enfrentarse entre s\u00ed y utilizar\u00e1n el sistema habitual de puntuaci\u00f3n para hacer las clasificaciones; el remontista que alcance los 30 tantos, es decir, el vencedor, sumar\u00e1 4 puntos; el que haga de 29 a 27 tantos recibir\u00e1 2 puntos; el que quede entre 26 y 24 sumar\u00e1 un solo punto; el que haga entre 23 y 17 tantos no sumar\u00e1 puntos; y al que haga menos de 16, se le restar\u00e1 un punto. El pelotari que quede \u00faltimo en esta fase se quedar\u00e1 fuera del campeonato.<\/p>\n<p>Si hay empate de puntos entre dos remontistas, el pelotari que ha ganado el partido entre estos dos pelotaris se clasificar\u00e1 para la siguiente fase. En el caso de que tres o cuatro remontistas empataran, se tendr\u00e1 en cuenta el tanteo global. En el caso de que un remontista abandone el partido antes de su finalizaci\u00f3n, la empresa ser\u00e1 competente para decidir si juega o no el siguiente partido.<\/p>\n<p>Quien gane la liguilla tendr\u00e1 el premio gordo de clasificarse directamente para la final. Entre los dos remontistas que se clasifican en segunda y tercera posici\u00f3n en la liguilla disputar\u00e1n el partido de semifinal, kale o bale. Jugar\u00e1n la semifinal a 30 tantos, el 20 de septiembre. Por \u00faltimo, el 27 de septiembre jugar\u00e1n la gran final. Galarreta acoger\u00e1 el duelo entre el primer clasificado de la liguilla y el pelotari que gane el partido de semifinal.<\/p><\/div>\n","protected":false},"excerpt":{"rendered":"<p>Hoy se ha presentado en el Palacio Miramar, el Torneo Individual-Eusko Label de remonte torneo que comienza hoy mismo y este a\u00f1o como el pasado la final se disputar\u00e1 el \u00faltimo s\u00e1bado de septiembre. Hac\u00eda muchos a\u00f1os que Urriza no estaba en la presentaci\u00f3n y la novedad de hoy ha sido esa, la ausencia del [&hellip;]<\/p>\n","protected":false},"author":5,"featured_media":9194,"comment_status":"closed","ping_status":"open","sticky":false,"template":"","format":"standard","meta":{"_et_pb_use_builder":"","_et_pb_old_content":"","_et_gb_content_width":"","footnotes":""},"categories":[1],"tags":[],"yoast_head":"<!-- This site is optimized with the Yoast SEO plugin v21.8 - https:\/\/yoast.com\/wordpress\/plugins\/seo\/ -->\n<title>Presentado la 43 edici\u00f3n del Torneo Individual-Eusko Label para conocer al mejor remontista | Oriamendi 2010<\/title>\n<meta name=\"robots\" content=\"index, follow, max-snippet:-1, max-image-preview:large, max-video-preview:-1\" \/>\n<link rel=\"canonical\" href=\"https:\/\/oriamendi.eus\/es\/2025\/08\/05\/presentado-la-43-edicion-del-torneo-individual-eusko-label-para-conocer-al-mejor-remontista\/\" \/>\n<meta property=\"og:locale\" content=\"es_ES\" \/>\n<meta property=\"og:type\" content=\"article\" \/>\n<meta property=\"og:title\" content=\"Presentado la 43 edici\u00f3n del Torneo Individual-Eusko Label para conocer al mejor remontista | Oriamendi 2010\" \/>\n<meta property=\"og:description\" content=\"Hoy se ha presentado en el Palacio Miramar, el Torneo Individual-Eusko Label de remonte torneo que comienza hoy mismo y este a\u00f1o como el pasado la final se disputar\u00e1 el \u00faltimo s\u00e1bado de septiembre. Hac\u00eda muchos a\u00f1os que Urriza no estaba en la presentaci\u00f3n y la novedad de hoy ha sido esa, la ausencia del [&hellip;]\" \/>\n<meta property=\"og:url\" content=\"https:\/\/oriamendi.eus\/es\/2025\/08\/05\/presentado-la-43-edicion-del-torneo-individual-eusko-label-para-conocer-al-mejor-remontista\/\" \/>\n<meta property=\"og:site_name\" content=\"Oriamendi 2010\" \/>\n<meta property=\"article:publisher\" content=\"https:\/\/www.facebook.com\/oriamendi2010remonte\/\" \/>\n<meta property=\"article:published_time\" content=\"2025-08-05T15:46:28+00:00\" \/>\n<meta property=\"og:image\" content=\"https:\/\/oriamendi.eus\/wp-content\/uploads\/2025\/08\/59B8760.jpg\" \/>\n\t<meta property=\"og:image:width\" content=\"1200\" \/>\n\t<meta property=\"og:image:height\" content=\"798\" \/>\n\t<meta property=\"og:image:type\" content=\"image\/jpeg\" \/>\n<meta name=\"author\" content=\"I\u00f1igo Go\u00f1i\" \/>\n<meta name=\"twitter:card\" content=\"summary_large_image\" \/>\n<meta name=\"twitter:creator\" content=\"@oriamendi2010\" \/>\n<meta name=\"twitter:site\" content=\"@oriamendi2010\" \/>\n<meta name=\"twitter:label1\" content=\"Escrito por\" \/>\n\t<meta name=\"twitter:data1\" content=\"I\u00f1igo Go\u00f1i\" \/>\n\t<meta name=\"twitter:label2\" content=\"Tiempo de lectura\" \/>\n\t<meta name=\"twitter:data2\" content=\"4 minutos\" \/>\n<script type=\"application\/ld+json\" class=\"yoast-schema-graph\">{\"@context\":\"https:\/\/schema.org\",\"@graph\":[{\"@type\":\"Article\",\"@id\":\"https:\/\/oriamendi.eus\/es\/2025\/08\/05\/presentado-la-43-edicion-del-torneo-individual-eusko-label-para-conocer-al-mejor-remontista\/#article\",\"isPartOf\":{\"@id\":\"https:\/\/oriamendi.eus\/es\/2025\/08\/05\/presentado-la-43-edicion-del-torneo-individual-eusko-label-para-conocer-al-mejor-remontista\/\"},\"author\":{\"name\":\"I\u00f1igo Go\u00f1i\",\"@id\":\"https:\/\/oriamendi.eus\/es\/#\/schema\/person\/c0bd06c6c747674306a5c82563e2339a\"},\"headline\":\"Presentado la 43 edici\u00f3n del Torneo Individual-Eusko Label para conocer al mejor remontista\",\"datePublished\":\"2025-08-05T15:46:28+00:00\",\"dateModified\":\"2025-08-05T15:46:28+00:00\",\"mainEntityOfPage\":{\"@id\":\"https:\/\/oriamendi.eus\/es\/2025\/08\/05\/presentado-la-43-edicion-del-torneo-individual-eusko-label-para-conocer-al-mejor-remontista\/\"},\"wordCount\":696,\"publisher\":{\"@id\":\"https:\/\/oriamendi.eus\/es\/#organization\"},\"articleSection\":[\"Sin categorizar\"],\"inLanguage\":\"es\"},{\"@type\":\"WebPage\",\"@id\":\"https:\/\/oriamendi.eus\/es\/2025\/08\/05\/presentado-la-43-edicion-del-torneo-individual-eusko-label-para-conocer-al-mejor-remontista\/\",\"url\":\"https:\/\/oriamendi.eus\/es\/2025\/08\/05\/presentado-la-43-edicion-del-torneo-individual-eusko-label-para-conocer-al-mejor-remontista\/\",\"name\":\"Presentado la 43 edici\u00f3n del Torneo Individual-Eusko Label para conocer al mejor remontista | Oriamendi 2010\",\"isPartOf\":{\"@id\":\"https:\/\/oriamendi.eus\/es\/#website\"},\"datePublished\":\"2025-08-05T15:46:28+00:00\",\"dateModified\":\"2025-08-05T15:46:28+00:00\",\"breadcrumb\":{\"@id\":\"https:\/\/oriamendi.eus\/es\/2025\/08\/05\/presentado-la-43-edicion-del-torneo-individual-eusko-label-para-conocer-al-mejor-remontista\/#breadcrumb\"},\"inLanguage\":\"es\",\"potentialAction\":[{\"@type\":\"ReadAction\",\"target\":[\"https:\/\/oriamendi.eus\/es\/2025\/08\/05\/presentado-la-43-edicion-del-torneo-individual-eusko-label-para-conocer-al-mejor-remontista\/\"]}]},{\"@type\":\"BreadcrumbList\",\"@id\":\"https:\/\/oriamendi.eus\/es\/2025\/08\/05\/presentado-la-43-edicion-del-torneo-individual-eusko-label-para-conocer-al-mejor-remontista\/#breadcrumb\",\"itemListElement\":[{\"@type\":\"ListItem\",\"position\":1,\"name\":\"Portada\",\"item\":\"https:\/\/oriamendi.eus\/es\/\"},{\"@type\":\"ListItem\",\"position\":2,\"name\":\"Presentado la 43 edici\u00f3n del Torneo Individual-Eusko Label para conocer al mejor remontista\"}]},{\"@type\":\"WebSite\",\"@id\":\"https:\/\/oriamendi.eus\/es\/#website\",\"url\":\"https:\/\/oriamendi.eus\/es\/\",\"name\":\"Oriamendi\",\"description\":\"Remonte en Galarreta. Hernani. Gipuzkoa\",\"publisher\":{\"@id\":\"https:\/\/oriamendi.eus\/es\/#organization\"},\"potentialAction\":[{\"@type\":\"SearchAction\",\"target\":{\"@type\":\"EntryPoint\",\"urlTemplate\":\"https:\/\/oriamendi.eus\/es\/?s={search_term_string}\"},\"query-input\":\"required name=search_term_string\"}],\"inLanguage\":\"es\"},{\"@type\":\"Organization\",\"@id\":\"https:\/\/oriamendi.eus\/es\/#organization\",\"name\":\"Oriamendi\",\"url\":\"https:\/\/oriamendi.eus\/es\/\",\"logo\":{\"@type\":\"ImageObject\",\"inLanguage\":\"es\",\"@id\":\"https:\/\/oriamendi.eus\/es\/#\/schema\/logo\/image\/\",\"url\":\"https:\/\/oriamendi.eus\/wp-content\/uploads\/2020\/06\/logo-oriamendi.png\",\"contentUrl\":\"https:\/\/oriamendi.eus\/wp-content\/uploads\/2020\/06\/logo-oriamendi.png\",\"width\":300,\"height\":90,\"caption\":\"Oriamendi\"},\"image\":{\"@id\":\"https:\/\/oriamendi.eus\/es\/#\/schema\/logo\/image\/\"},\"sameAs\":[\"https:\/\/www.facebook.com\/oriamendi2010remonte\/\",\"https:\/\/twitter.com\/oriamendi2010\",\"https:\/\/www.instagram.com\/galarretajaialai\/\",\"https:\/\/www.youtube.com\/channel\/UC8gVNzQqB1iwnC-_rI-ihmA\/featured\"]},{\"@type\":\"Person\",\"@id\":\"https:\/\/oriamendi.eus\/es\/#\/schema\/person\/c0bd06c6c747674306a5c82563e2339a\",\"name\":\"I\u00f1igo Go\u00f1i\",\"image\":{\"@type\":\"ImageObject\",\"inLanguage\":\"es\",\"@id\":\"https:\/\/oriamendi.eus\/es\/#\/schema\/person\/image\/\",\"url\":\"https:\/\/secure.gravatar.com\/avatar\/fbb07ffc7b803bbfcc2b6419c06abd3a?s=96&d=mm&r=g\",\"contentUrl\":\"https:\/\/secure.gravatar.com\/avatar\/fbb07ffc7b803bbfcc2b6419c06abd3a?s=96&d=mm&r=g\",\"caption\":\"I\u00f1igo Go\u00f1i\"},\"url\":\"https:\/\/oriamendi.eus\/es\/author\/om-berriak\/\"}]}<\/script>\n<!-- \/ Yoast SEO plugin. -->","yoast_head_json":{"title":"Presentado la 43 edici\u00f3n del Torneo Individual-Eusko Label para conocer al mejor remontista | Oriamendi 2010","robots":{"index":"index","follow":"follow","max-snippet":"max-snippet:-1","max-image-preview":"max-image-preview:large","max-video-preview":"max-video-preview:-1"},"canonical":"https:\/\/oriamendi.eus\/es\/2025\/08\/05\/presentado-la-43-edicion-del-torneo-individual-eusko-label-para-conocer-al-mejor-remontista\/","og_locale":"es_ES","og_type":"article","og_title":"Presentado la 43 edici\u00f3n del Torneo Individual-Eusko Label para conocer al mejor remontista | Oriamendi 2010","og_description":"Hoy se ha presentado en el Palacio Miramar, el Torneo Individual-Eusko Label de remonte torneo que comienza hoy mismo y este a\u00f1o como el pasado la final se disputar\u00e1 el \u00faltimo s\u00e1bado de septiembre. Hac\u00eda muchos a\u00f1os que Urriza no estaba en la presentaci\u00f3n y la novedad de hoy ha sido esa, la ausencia del [&hellip;]","og_url":"https:\/\/oriamendi.eus\/es\/2025\/08\/05\/presentado-la-43-edicion-del-torneo-individual-eusko-label-para-conocer-al-mejor-remontista\/","og_site_name":"Oriamendi 2010","article_publisher":"https:\/\/www.facebook.com\/oriamendi2010remonte\/","article_published_time":"2025-08-05T15:46:28+00:00","og_image":[{"width":1200,"height":798,"url":"https:\/\/oriamendi.eus\/wp-content\/uploads\/2025\/08\/59B8760.jpg","type":"image\/jpeg"}],"author":"I\u00f1igo Go\u00f1i","twitter_card":"summary_large_image","twitter_creator":"@oriamendi2010","twitter_site":"@oriamendi2010","twitter_misc":{"Escrito por":"I\u00f1igo Go\u00f1i","Tiempo de lectura":"4 minutos"},"schema":{"@context":"https:\/\/schema.org","@graph":[{"@type":"Article","@id":"https:\/\/oriamendi.eus\/es\/2025\/08\/05\/presentado-la-43-edicion-del-torneo-individual-eusko-label-para-conocer-al-mejor-remontista\/#article","isPartOf":{"@id":"https:\/\/oriamendi.eus\/es\/2025\/08\/05\/presentado-la-43-edicion-del-torneo-individual-eusko-label-para-conocer-al-mejor-remontista\/"},"author":{"name":"I\u00f1igo Go\u00f1i","@id":"https:\/\/oriamendi.eus\/es\/#\/schema\/person\/c0bd06c6c747674306a5c82563e2339a"},"headline":"Presentado la 43 edici\u00f3n del Torneo Individual-Eusko Label para conocer al mejor remontista","datePublished":"2025-08-05T15:46:28+00:00","dateModified":"2025-08-05T15:46:28+00:00","mainEntityOfPage":{"@id":"https:\/\/oriamendi.eus\/es\/2025\/08\/05\/presentado-la-43-edicion-del-torneo-individual-eusko-label-para-conocer-al-mejor-remontista\/"},"wordCount":696,"publisher":{"@id":"https:\/\/oriamendi.eus\/es\/#organization"},"articleSection":["Sin categorizar"],"inLanguage":"es"},{"@type":"WebPage","@id":"https:\/\/oriamendi.eus\/es\/2025\/08\/05\/presentado-la-43-edicion-del-torneo-individual-eusko-label-para-conocer-al-mejor-remontista\/","url":"https:\/\/oriamendi.eus\/es\/2025\/08\/05\/presentado-la-43-edicion-del-torneo-individual-eusko-label-para-conocer-al-mejor-remontista\/","name":"Presentado la 43 edici\u00f3n del Torneo Individual-Eusko Label para conocer al mejor remontista | Oriamendi 2010","isPartOf":{"@id":"https:\/\/oriamendi.eus\/es\/#website"},"datePublished":"2025-08-05T15:46:28+00:00","dateModified":"2025-08-05T15:46:28+00:00","breadcrumb":{"@id":"https:\/\/oriamendi.eus\/es\/2025\/08\/05\/presentado-la-43-edicion-del-torneo-individual-eusko-label-para-conocer-al-mejor-remontista\/#breadcrumb"},"inLanguage":"es","potentialAction":[{"@type":"ReadAction","target":["https:\/\/oriamendi.eus\/es\/2025\/08\/05\/presentado-la-43-edicion-del-torneo-individual-eusko-label-para-conocer-al-mejor-remontista\/"]}]},{"@type":"BreadcrumbList","@id":"https:\/\/oriamendi.eus\/es\/2025\/08\/05\/presentado-la-43-edicion-del-torneo-individual-eusko-label-para-conocer-al-mejor-remontista\/#breadcrumb","itemListElement":[{"@type":"ListItem","position":1,"name":"Portada","item":"https:\/\/oriamendi.eus\/es\/"},{"@type":"ListItem","position":2,"name":"Presentado la 43 edici\u00f3n del Torneo Individual-Eusko Label para conocer al mejor remontista"}]},{"@type":"WebSite","@id":"https:\/\/oriamendi.eus\/es\/#website","url":"https:\/\/oriamendi.eus\/es\/","name":"Oriamendi","description":"Remonte en Galarreta. Hernani. Gipuzkoa","publisher":{"@id":"https:\/\/oriamendi.eus\/es\/#organization"},"potentialAction":[{"@type":"SearchAction","target":{"@type":"EntryPoint","urlTemplate":"https:\/\/oriamendi.eus\/es\/?s={search_term_string}"},"query-input":"required name=search_term_string"}],"inLanguage":"es"},{"@type":"Organization","@id":"https:\/\/oriamendi.eus\/es\/#organization","name":"Oriamendi","url":"https:\/\/oriamendi.eus\/es\/","logo":{"@type":"ImageObject","inLanguage":"es","@id":"https:\/\/oriamendi.eus\/es\/#\/schema\/logo\/image\/","url":"https:\/\/oriamendi.eus\/wp-content\/uploads\/2020\/06\/logo-oriamendi.png","contentUrl":"https:\/\/oriamendi.eus\/wp-content\/uploads\/2020\/06\/logo-oriamendi.png","width":300,"height":90,"caption":"Oriamendi"},"image":{"@id":"https:\/\/oriamendi.eus\/es\/#\/schema\/logo\/image\/"},"sameAs":["https:\/\/www.facebook.com\/oriamendi2010remonte\/","https:\/\/twitter.com\/oriamendi2010","https:\/\/www.instagram.com\/galarretajaialai\/","https:\/\/www.youtube.com\/channel\/UC8gVNzQqB1iwnC-_rI-ihmA\/featured"]},{"@type":"Person","@id":"https:\/\/oriamendi.eus\/es\/#\/schema\/person\/c0bd06c6c747674306a5c82563e2339a","name":"I\u00f1igo Go\u00f1i","image":{"@type":"ImageObject","inLanguage":"es","@id":"https:\/\/oriamendi.eus\/es\/#\/schema\/person\/image\/","url":"https:\/\/secure.gravatar.com\/avatar\/fbb07ffc7b803bbfcc2b6419c06abd3a?s=96&d=mm&r=g","contentUrl":"https:\/\/secure.gravatar.com\/avatar\/fbb07ffc7b803bbfcc2b6419c06abd3a?s=96&d=mm&r=g","caption":"I\u00f1igo Go\u00f1i"},"url":"https:\/\/oriamendi.eus\/es\/author\/om-berriak\/"}]}},"_links":{"self":[{"href":"https:\/\/oriamendi.eus\/es\/wp-json\/wp\/v2\/posts\/9196"}],"collection":[{"href":"https:\/\/oriamendi.eus\/es\/wp-json\/wp\/v2\/posts"}],"about":[{"href":"https:\/\/oriamendi.eus\/es\/wp-json\/wp\/v2\/types\/post"}],"author":[{"embeddable":true,"href":"https:\/\/oriamendi.eus\/es\/wp-json\/wp\/v2\/users\/5"}],"replies":[{"embeddable":true,"href":"https:\/\/oriamendi.eus\/es\/wp-json\/wp\/v2\/comments?post=9196"}],"version-history":[{"count":1,"href":"https:\/\/oriamendi.eus\/es\/wp-json\/wp\/v2\/posts\/9196\/revisions"}],"predecessor-version":[{"id":9197,"href":"https:\/\/oriamendi.eus\/es\/wp-json\/wp\/v2\/posts\/9196\/revisions\/9197"}],"wp:featuredmedia":[{"embeddable":true,"href":"https:\/\/oriamendi.eus\/es\/wp-json\/wp\/v2\/media\/9194"}],"wp:attachment":[{"href":"https:\/\/oriamendi.eus\/es\/wp-json\/wp\/v2\/media?parent=9196"}],"wp:term":[{"taxonomy":"category","embeddable":true,"href":"https:\/\/oriamendi.eus\/es\/wp-json\/wp\/v2\/categories?post=9196"},{"taxonomy":"post_tag","embeddable":true,"href":"https:\/\/oriamendi.eus\/es\/wp-json\/wp\/v2\/tags?post=9196"}],"curies":[{"name":"wp","href":"https:\/\/api.w.org\/{rel}","templated":true}]}}