                                        
                                        
                                        
                                        
                                        
                                        
                                        
                                        
                                        
                                        
                                        
                                        
                                        
                                        
                                        
                                        
                                        
                                        
{"id":9148,"date":"2025-08-03T21:58:15","date_gmt":"2025-08-03T19:58:15","guid":{"rendered":"https:\/\/oriamendi.eus\/?p=9148"},"modified":"2025-08-03T21:58:15","modified_gmt":"2025-08-03T19:58:15","slug":"ezkurra-ii-y-larranaga-son-los-primeros-finalistas-del-torneo-de-zarautz","status":"publish","type":"post","link":"https:\/\/oriamendi.eus\/es\/2025\/08\/03\/ezkurra-ii-y-larranaga-son-los-primeros-finalistas-del-torneo-de-zarautz\/","title":{"rendered":"Ezkurra II y Larra\u00f1aga son los primeros finalistas del Torneo de Zarautz"},"content":{"rendered":"<div><b>Se imponen 15-10 y 15-14 a Jabalera y Barrenetxea IV en un buen partido<\/b><\/div>\n<div><b>\u00a0<\/b><\/div>\n<div>Ezkurra II y Larra\u00f1aga se impusieron 2-0 (15-10 y 15-14) a Jabalera y Barrenetxea IV en la primera semifinal del Torneo de Zarautz. Los finalistas formaron m\u00e1s pareja en un partido que tuvo mucha intensidad y se vieron tantos bonitos.<\/div>\n<div>El primer set fue dominado por Ezkurra II que hizo siete tantos. Tras el 7 iguales se rompi\u00f3 el primer set con un parcial de 1-7 que puso un 8-14 definitivo para cerrarlo 10-15. Barrenetxea hizo dos tantos de saque, tres en el peloteo, pero Jabalera cometi\u00f3 tres errores que condenaron a los colorados.<\/div>\n<div>En el segundo set tras el empate a once Ezkurra y Larra\u00f1aga se pusieron 11-14 por delante. Barrenetxea, que estaba jugando un gran set hizo los tantos 12, 13 y 14 para empatar el set y mantener la esperanza de irse al set decisivo. Barrenetxea llevaba nueve tantos por un solo error, pero Jabalera no acertaba e hizo cinco errores en este segundo set. En el catorce iguales Ezkurra meti\u00f3 un pelotazo al \u00e1ngulo que supuso el tanto que cerraba el choque. La gente quer\u00eda ver otro set por el espect\u00e1culo que estaba viendo, pero no pudo ser. Jugaron tantos muy bonitos y peloteados.<\/div>\n<div>Merecidamente Ezkurra II y Larra\u00f1aga llegan a la final del domingo, que saldr\u00e1 del duelo entre Ansa II-Juanenea contra Aldabe-Azpiroz que se disputar\u00e1 ma\u00f1ana en el Ariztbatalde zarauztarra.<\/div>\n<div><\/div>\n<div><b>Goikoetxea V y Eskudero muy superiores a Segurola y Goikoetxea VI<\/b><\/div>\n<div><\/div>\n<div>En el partido del grupo B, que abr\u00eda el festival, Goikoetxea V y Eskudero ganaron 3-15 y 6-15 a Segurola y Goikoetxea VI. El resultado habla por si solo. Los azules fueron muy muy superiores atr\u00e1s y adelante. Mientras los azules estuvieron muy compenetrados, los colorados estuvieron bajo m\u00ednimos. Partido para aprender de los errores para los colorados.<\/div>\n<div><\/div>\n<div><b>Gran ambiente una vez m\u00e1s en Zarautz<\/b><\/div>\n<div><\/div>\n<div>El remonte volvi\u00f3 a Zarautz y una vez m\u00e1s destac\u00f3 el gran ambiente y la gran entrada que tuvo el front\u00f3n zarauztarra. Tras un primer partido gris disfrutaron y aplaudieron de lo lindo en un gran segundo partido. Pudieron ver remonte de primera y lo agradecieron. Seguro que ma\u00f1ana y en la final el ambiente ser\u00e1 todav\u00eda mejor.<\/div>\n","protected":false},"excerpt":{"rendered":"<p>Se imponen 15-10 y 15-14 a Jabalera y Barrenetxea IV en un buen partido \u00a0 Ezkurra II y Larra\u00f1aga se impusieron 2-0 (15-10 y 15-14) a Jabalera y Barrenetxea IV en la primera semifinal del Torneo de Zarautz. Los finalistas formaron m\u00e1s pareja en un partido que tuvo mucha intensidad y se vieron tantos bonitos. [&hellip;]<\/p>\n","protected":false},"author":5,"featured_media":9149,"comment_status":"closed","ping_status":"open","sticky":false,"template":"","format":"standard","meta":{"_et_pb_use_builder":"","_et_pb_old_content":"","_et_gb_content_width":"","footnotes":""},"categories":[1],"tags":[],"yoast_head":"<!-- This site is optimized with the Yoast SEO plugin v21.8 - https:\/\/yoast.com\/wordpress\/plugins\/seo\/ -->\n<title>Ezkurra II y Larra\u00f1aga son los primeros finalistas del Torneo de Zarautz | Oriamendi 2010<\/title>\n<meta name=\"robots\" content=\"index, follow, max-snippet:-1, max-image-preview:large, max-video-preview:-1\" \/>\n<link rel=\"canonical\" href=\"https:\/\/oriamendi.eus\/es\/2025\/08\/03\/ezkurra-ii-y-larranaga-son-los-primeros-finalistas-del-torneo-de-zarautz\/\" \/>\n<meta property=\"og:locale\" content=\"es_ES\" \/>\n<meta property=\"og:type\" content=\"article\" \/>\n<meta property=\"og:title\" content=\"Ezkurra II y Larra\u00f1aga son los primeros finalistas del Torneo de Zarautz | Oriamendi 2010\" \/>\n<meta property=\"og:description\" content=\"Se imponen 15-10 y 15-14 a Jabalera y Barrenetxea IV en un buen partido \u00a0 Ezkurra II y Larra\u00f1aga se impusieron 2-0 (15-10 y 15-14) a Jabalera y Barrenetxea IV en la primera semifinal del Torneo de Zarautz. Los finalistas formaron m\u00e1s pareja en un partido que tuvo mucha intensidad y se vieron tantos bonitos. [&hellip;]\" \/>\n<meta property=\"og:url\" content=\"https:\/\/oriamendi.eus\/es\/2025\/08\/03\/ezkurra-ii-y-larranaga-son-los-primeros-finalistas-del-torneo-de-zarautz\/\" \/>\n<meta property=\"og:site_name\" content=\"Oriamendi 2010\" \/>\n<meta property=\"article:publisher\" content=\"https:\/\/www.facebook.com\/oriamendi2010remonte\/\" \/>\n<meta property=\"article:published_time\" content=\"2025-08-03T19:58:15+00:00\" \/>\n<meta property=\"og:image\" content=\"https:\/\/oriamendi.eus\/wp-content\/uploads\/2025\/08\/IMG_20250803_204113_2000_x_1333_pixel.jpg\" \/>\n\t<meta property=\"og:image:width\" content=\"1200\" \/>\n\t<meta property=\"og:image:height\" content=\"800\" \/>\n\t<meta property=\"og:image:type\" content=\"image\/jpeg\" \/>\n<meta name=\"author\" content=\"I\u00f1igo Go\u00f1i\" \/>\n<meta name=\"twitter:card\" content=\"summary_large_image\" \/>\n<meta name=\"twitter:creator\" content=\"@oriamendi2010\" \/>\n<meta name=\"twitter:site\" content=\"@oriamendi2010\" \/>\n<meta name=\"twitter:label1\" content=\"Escrito por\" \/>\n\t<meta name=\"twitter:data1\" content=\"I\u00f1igo Go\u00f1i\" \/>\n\t<meta name=\"twitter:label2\" content=\"Tiempo de lectura\" \/>\n\t<meta name=\"twitter:data2\" content=\"2 minutos\" \/>\n<script type=\"application\/ld+json\" class=\"yoast-schema-graph\">{\"@context\":\"https:\/\/schema.org\",\"@graph\":[{\"@type\":\"Article\",\"@id\":\"https:\/\/oriamendi.eus\/es\/2025\/08\/03\/ezkurra-ii-y-larranaga-son-los-primeros-finalistas-del-torneo-de-zarautz\/#article\",\"isPartOf\":{\"@id\":\"https:\/\/oriamendi.eus\/es\/2025\/08\/03\/ezkurra-ii-y-larranaga-son-los-primeros-finalistas-del-torneo-de-zarautz\/\"},\"author\":{\"name\":\"I\u00f1igo Go\u00f1i\",\"@id\":\"https:\/\/oriamendi.eus\/es\/#\/schema\/person\/c0bd06c6c747674306a5c82563e2339a\"},\"headline\":\"Ezkurra II y Larra\u00f1aga son los primeros finalistas del Torneo de Zarautz\",\"datePublished\":\"2025-08-03T19:58:15+00:00\",\"dateModified\":\"2025-08-03T19:58:15+00:00\",\"mainEntityOfPage\":{\"@id\":\"https:\/\/oriamendi.eus\/es\/2025\/08\/03\/ezkurra-ii-y-larranaga-son-los-primeros-finalistas-del-torneo-de-zarautz\/\"},\"wordCount\":398,\"publisher\":{\"@id\":\"https:\/\/oriamendi.eus\/es\/#organization\"},\"articleSection\":[\"Sin categorizar\"],\"inLanguage\":\"es\"},{\"@type\":\"WebPage\",\"@id\":\"https:\/\/oriamendi.eus\/es\/2025\/08\/03\/ezkurra-ii-y-larranaga-son-los-primeros-finalistas-del-torneo-de-zarautz\/\",\"url\":\"https:\/\/oriamendi.eus\/es\/2025\/08\/03\/ezkurra-ii-y-larranaga-son-los-primeros-finalistas-del-torneo-de-zarautz\/\",\"name\":\"Ezkurra II y Larra\u00f1aga son los primeros finalistas del Torneo de Zarautz | Oriamendi 2010\",\"isPartOf\":{\"@id\":\"https:\/\/oriamendi.eus\/es\/#website\"},\"datePublished\":\"2025-08-03T19:58:15+00:00\",\"dateModified\":\"2025-08-03T19:58:15+00:00\",\"breadcrumb\":{\"@id\":\"https:\/\/oriamendi.eus\/es\/2025\/08\/03\/ezkurra-ii-y-larranaga-son-los-primeros-finalistas-del-torneo-de-zarautz\/#breadcrumb\"},\"inLanguage\":\"es\",\"potentialAction\":[{\"@type\":\"ReadAction\",\"target\":[\"https:\/\/oriamendi.eus\/es\/2025\/08\/03\/ezkurra-ii-y-larranaga-son-los-primeros-finalistas-del-torneo-de-zarautz\/\"]}]},{\"@type\":\"BreadcrumbList\",\"@id\":\"https:\/\/oriamendi.eus\/es\/2025\/08\/03\/ezkurra-ii-y-larranaga-son-los-primeros-finalistas-del-torneo-de-zarautz\/#breadcrumb\",\"itemListElement\":[{\"@type\":\"ListItem\",\"position\":1,\"name\":\"Portada\",\"item\":\"https:\/\/oriamendi.eus\/es\/\"},{\"@type\":\"ListItem\",\"position\":2,\"name\":\"Ezkurra II y Larra\u00f1aga son los primeros finalistas del Torneo de Zarautz\"}]},{\"@type\":\"WebSite\",\"@id\":\"https:\/\/oriamendi.eus\/es\/#website\",\"url\":\"https:\/\/oriamendi.eus\/es\/\",\"name\":\"Oriamendi\",\"description\":\"Remonte en Galarreta. Hernani. Gipuzkoa\",\"publisher\":{\"@id\":\"https:\/\/oriamendi.eus\/es\/#organization\"},\"potentialAction\":[{\"@type\":\"SearchAction\",\"target\":{\"@type\":\"EntryPoint\",\"urlTemplate\":\"https:\/\/oriamendi.eus\/es\/?s={search_term_string}\"},\"query-input\":\"required name=search_term_string\"}],\"inLanguage\":\"es\"},{\"@type\":\"Organization\",\"@id\":\"https:\/\/oriamendi.eus\/es\/#organization\",\"name\":\"Oriamendi\",\"url\":\"https:\/\/oriamendi.eus\/es\/\",\"logo\":{\"@type\":\"ImageObject\",\"inLanguage\":\"es\",\"@id\":\"https:\/\/oriamendi.eus\/es\/#\/schema\/logo\/image\/\",\"url\":\"https:\/\/oriamendi.eus\/wp-content\/uploads\/2020\/06\/logo-oriamendi.png\",\"contentUrl\":\"https:\/\/oriamendi.eus\/wp-content\/uploads\/2020\/06\/logo-oriamendi.png\",\"width\":300,\"height\":90,\"caption\":\"Oriamendi\"},\"image\":{\"@id\":\"https:\/\/oriamendi.eus\/es\/#\/schema\/logo\/image\/\"},\"sameAs\":[\"https:\/\/www.facebook.com\/oriamendi2010remonte\/\",\"https:\/\/twitter.com\/oriamendi2010\",\"https:\/\/www.instagram.com\/galarretajaialai\/\",\"https:\/\/www.youtube.com\/channel\/UC8gVNzQqB1iwnC-_rI-ihmA\/featured\"]},{\"@type\":\"Person\",\"@id\":\"https:\/\/oriamendi.eus\/es\/#\/schema\/person\/c0bd06c6c747674306a5c82563e2339a\",\"name\":\"I\u00f1igo Go\u00f1i\",\"image\":{\"@type\":\"ImageObject\",\"inLanguage\":\"es\",\"@id\":\"https:\/\/oriamendi.eus\/es\/#\/schema\/person\/image\/\",\"url\":\"https:\/\/secure.gravatar.com\/avatar\/fbb07ffc7b803bbfcc2b6419c06abd3a?s=96&d=mm&r=g\",\"contentUrl\":\"https:\/\/secure.gravatar.com\/avatar\/fbb07ffc7b803bbfcc2b6419c06abd3a?s=96&d=mm&r=g\",\"caption\":\"I\u00f1igo Go\u00f1i\"},\"url\":\"https:\/\/oriamendi.eus\/es\/author\/om-berriak\/\"}]}<\/script>\n<!-- \/ Yoast SEO plugin. -->","yoast_head_json":{"title":"Ezkurra II y Larra\u00f1aga son los primeros finalistas del Torneo de Zarautz | Oriamendi 2010","robots":{"index":"index","follow":"follow","max-snippet":"max-snippet:-1","max-image-preview":"max-image-preview:large","max-video-preview":"max-video-preview:-1"},"canonical":"https:\/\/oriamendi.eus\/es\/2025\/08\/03\/ezkurra-ii-y-larranaga-son-los-primeros-finalistas-del-torneo-de-zarautz\/","og_locale":"es_ES","og_type":"article","og_title":"Ezkurra II y Larra\u00f1aga son los primeros finalistas del Torneo de Zarautz | Oriamendi 2010","og_description":"Se imponen 15-10 y 15-14 a Jabalera y Barrenetxea IV en un buen partido \u00a0 Ezkurra II y Larra\u00f1aga se impusieron 2-0 (15-10 y 15-14) a Jabalera y Barrenetxea IV en la primera semifinal del Torneo de Zarautz. Los finalistas formaron m\u00e1s pareja en un partido que tuvo mucha intensidad y se vieron tantos bonitos. [&hellip;]","og_url":"https:\/\/oriamendi.eus\/es\/2025\/08\/03\/ezkurra-ii-y-larranaga-son-los-primeros-finalistas-del-torneo-de-zarautz\/","og_site_name":"Oriamendi 2010","article_publisher":"https:\/\/www.facebook.com\/oriamendi2010remonte\/","article_published_time":"2025-08-03T19:58:15+00:00","og_image":[{"width":1200,"height":800,"url":"https:\/\/oriamendi.eus\/wp-content\/uploads\/2025\/08\/IMG_20250803_204113_2000_x_1333_pixel.jpg","type":"image\/jpeg"}],"author":"I\u00f1igo Go\u00f1i","twitter_card":"summary_large_image","twitter_creator":"@oriamendi2010","twitter_site":"@oriamendi2010","twitter_misc":{"Escrito por":"I\u00f1igo Go\u00f1i","Tiempo de lectura":"2 minutos"},"schema":{"@context":"https:\/\/schema.org","@graph":[{"@type":"Article","@id":"https:\/\/oriamendi.eus\/es\/2025\/08\/03\/ezkurra-ii-y-larranaga-son-los-primeros-finalistas-del-torneo-de-zarautz\/#article","isPartOf":{"@id":"https:\/\/oriamendi.eus\/es\/2025\/08\/03\/ezkurra-ii-y-larranaga-son-los-primeros-finalistas-del-torneo-de-zarautz\/"},"author":{"name":"I\u00f1igo Go\u00f1i","@id":"https:\/\/oriamendi.eus\/es\/#\/schema\/person\/c0bd06c6c747674306a5c82563e2339a"},"headline":"Ezkurra II y Larra\u00f1aga son los primeros finalistas del Torneo de Zarautz","datePublished":"2025-08-03T19:58:15+00:00","dateModified":"2025-08-03T19:58:15+00:00","mainEntityOfPage":{"@id":"https:\/\/oriamendi.eus\/es\/2025\/08\/03\/ezkurra-ii-y-larranaga-son-los-primeros-finalistas-del-torneo-de-zarautz\/"},"wordCount":398,"publisher":{"@id":"https:\/\/oriamendi.eus\/es\/#organization"},"articleSection":["Sin categorizar"],"inLanguage":"es"},{"@type":"WebPage","@id":"https:\/\/oriamendi.eus\/es\/2025\/08\/03\/ezkurra-ii-y-larranaga-son-los-primeros-finalistas-del-torneo-de-zarautz\/","url":"https:\/\/oriamendi.eus\/es\/2025\/08\/03\/ezkurra-ii-y-larranaga-son-los-primeros-finalistas-del-torneo-de-zarautz\/","name":"Ezkurra II y Larra\u00f1aga son los primeros finalistas del Torneo de Zarautz | Oriamendi 2010","isPartOf":{"@id":"https:\/\/oriamendi.eus\/es\/#website"},"datePublished":"2025-08-03T19:58:15+00:00","dateModified":"2025-08-03T19:58:15+00:00","breadcrumb":{"@id":"https:\/\/oriamendi.eus\/es\/2025\/08\/03\/ezkurra-ii-y-larranaga-son-los-primeros-finalistas-del-torneo-de-zarautz\/#breadcrumb"},"inLanguage":"es","potentialAction":[{"@type":"ReadAction","target":["https:\/\/oriamendi.eus\/es\/2025\/08\/03\/ezkurra-ii-y-larranaga-son-los-primeros-finalistas-del-torneo-de-zarautz\/"]}]},{"@type":"BreadcrumbList","@id":"https:\/\/oriamendi.eus\/es\/2025\/08\/03\/ezkurra-ii-y-larranaga-son-los-primeros-finalistas-del-torneo-de-zarautz\/#breadcrumb","itemListElement":[{"@type":"ListItem","position":1,"name":"Portada","item":"https:\/\/oriamendi.eus\/es\/"},{"@type":"ListItem","position":2,"name":"Ezkurra II y Larra\u00f1aga son los primeros finalistas del Torneo de Zarautz"}]},{"@type":"WebSite","@id":"https:\/\/oriamendi.eus\/es\/#website","url":"https:\/\/oriamendi.eus\/es\/","name":"Oriamendi","description":"Remonte en Galarreta. Hernani. Gipuzkoa","publisher":{"@id":"https:\/\/oriamendi.eus\/es\/#organization"},"potentialAction":[{"@type":"SearchAction","target":{"@type":"EntryPoint","urlTemplate":"https:\/\/oriamendi.eus\/es\/?s={search_term_string}"},"query-input":"required name=search_term_string"}],"inLanguage":"es"},{"@type":"Organization","@id":"https:\/\/oriamendi.eus\/es\/#organization","name":"Oriamendi","url":"https:\/\/oriamendi.eus\/es\/","logo":{"@type":"ImageObject","inLanguage":"es","@id":"https:\/\/oriamendi.eus\/es\/#\/schema\/logo\/image\/","url":"https:\/\/oriamendi.eus\/wp-content\/uploads\/2020\/06\/logo-oriamendi.png","contentUrl":"https:\/\/oriamendi.eus\/wp-content\/uploads\/2020\/06\/logo-oriamendi.png","width":300,"height":90,"caption":"Oriamendi"},"image":{"@id":"https:\/\/oriamendi.eus\/es\/#\/schema\/logo\/image\/"},"sameAs":["https:\/\/www.facebook.com\/oriamendi2010remonte\/","https:\/\/twitter.com\/oriamendi2010","https:\/\/www.instagram.com\/galarretajaialai\/","https:\/\/www.youtube.com\/channel\/UC8gVNzQqB1iwnC-_rI-ihmA\/featured"]},{"@type":"Person","@id":"https:\/\/oriamendi.eus\/es\/#\/schema\/person\/c0bd06c6c747674306a5c82563e2339a","name":"I\u00f1igo Go\u00f1i","image":{"@type":"ImageObject","inLanguage":"es","@id":"https:\/\/oriamendi.eus\/es\/#\/schema\/person\/image\/","url":"https:\/\/secure.gravatar.com\/avatar\/fbb07ffc7b803bbfcc2b6419c06abd3a?s=96&d=mm&r=g","contentUrl":"https:\/\/secure.gravatar.com\/avatar\/fbb07ffc7b803bbfcc2b6419c06abd3a?s=96&d=mm&r=g","caption":"I\u00f1igo Go\u00f1i"},"url":"https:\/\/oriamendi.eus\/es\/author\/om-berriak\/"}]}},"_links":{"self":[{"href":"https:\/\/oriamendi.eus\/es\/wp-json\/wp\/v2\/posts\/9148"}],"collection":[{"href":"https:\/\/oriamendi.eus\/es\/wp-json\/wp\/v2\/posts"}],"about":[{"href":"https:\/\/oriamendi.eus\/es\/wp-json\/wp\/v2\/types\/post"}],"author":[{"embeddable":true,"href":"https:\/\/oriamendi.eus\/es\/wp-json\/wp\/v2\/users\/5"}],"replies":[{"embeddable":true,"href":"https:\/\/oriamendi.eus\/es\/wp-json\/wp\/v2\/comments?post=9148"}],"version-history":[{"count":1,"href":"https:\/\/oriamendi.eus\/es\/wp-json\/wp\/v2\/posts\/9148\/revisions"}],"predecessor-version":[{"id":9151,"href":"https:\/\/oriamendi.eus\/es\/wp-json\/wp\/v2\/posts\/9148\/revisions\/9151"}],"wp:featuredmedia":[{"embeddable":true,"href":"https:\/\/oriamendi.eus\/es\/wp-json\/wp\/v2\/media\/9149"}],"wp:attachment":[{"href":"https:\/\/oriamendi.eus\/es\/wp-json\/wp\/v2\/media?parent=9148"}],"wp:term":[{"taxonomy":"category","embeddable":true,"href":"https:\/\/oriamendi.eus\/es\/wp-json\/wp\/v2\/categories?post=9148"},{"taxonomy":"post_tag","embeddable":true,"href":"https:\/\/oriamendi.eus\/es\/wp-json\/wp\/v2\/tags?post=9148"}],"curies":[{"name":"wp","href":"https:\/\/api.w.org\/{rel}","templated":true}]}}