                                        
                                        
                                        
                                        
                                        
                                        
                                        
                                        
                                        
                                        
                                        
                                        
                                        
                                        
                                        
                                        
                                        
                                        
{"id":9003,"date":"2025-07-19T22:55:19","date_gmt":"2025-07-19T20:55:19","guid":{"rendered":"https:\/\/oriamendi.eus\/?p=9003"},"modified":"2025-07-19T22:55:19","modified_gmt":"2025-07-19T20:55:19","slug":"aldabe-y-juanenea-seran-los-rivales-de-azpiroz-y-ansa-en-la-final-del-jai-alai-summer-season","status":"publish","type":"post","link":"https:\/\/oriamendi.eus\/es\/2025\/07\/19\/aldabe-y-juanenea-seran-los-rivales-de-azpiroz-y-ansa-en-la-final-del-jai-alai-summer-season\/","title":{"rendered":"Aldabe y Juanenea ser\u00e1n los rivales de Azpiroz y Ansa en la final del Jai Alai Summer Season"},"content":{"rendered":"<div>\n<div>\n<div><b>Ganan 8-15, 15-6 y 8-6 a Segurola y Juanenea en el partido decisivo<\/b><\/div>\n<div><b>\u00a0<\/b><\/div>\n<div>Ya se conocen las dos parejas finalistas del Jai Alai Summer Season despu\u00e9s de la \u00faltima jornada de la liguilla. Aldabe y Juanenea se medir\u00e1n a Azpiroz y Ansa II en la gran final despu\u00e9s de que en la jornada decisiva se hayan impuesto 2-1 (8-15, 15-6 y 8-6) a Segurola y Juanenea. En el otro partido Barrenetxea IV y Ezkurra II ganaron por 2-1(15-13, 14-15 y 8-7) a Azpiroz y Ansa II, aunque este resultado ha sido intrascendente a efectos clasificatorios. Precisamente Azpiroz y Ansa han terminado primeros de grupo con nueve puntos por siete Aldabe y Juanenea. Segurola-Larra\u00f1aga y Barrenetxea IV- Ezkurra II han acabado con cuatro puntos.<\/div>\n<div><\/div>\n<div>Los dos \u00faltimos partidos del Jai Alai Summer Season fueron los mejores de todo el campeonato, igualados y con gran juego por parte de todos los remontistas. En el partido decisivo Segurola y Larra\u00f1aga fueron superiores en el primer set 15-8. Larra\u00f1aga sac\u00f3 muy bien, bien acompa\u00f1ado por Segurola. Las tornas han cambiado en el segundo set. Juanenea ha sacado a relucir su mejor juego y Aldabe ha estado superior a Segurola, dejando en seis a los colorados. En el set decisivo tras el seis iguales se la han jugado a dos tantos y han ca\u00eddo del lado Aldabe y Juanenea.<\/div>\n<div><\/div>\n<div>En el tercer partido del festival la emoci\u00f3n y el buen juego han sido la nota dominante en todos los set. Barrenetxea adelante y Ansa atr\u00e1s han sido los principales protagonistas. En el primer set tras el trece iguales, los tantos han ca\u00eddo del lado azul y en el segundo set tras el 14 iguales, el \u00faltimo tanto cay\u00f3 del lado colorado. En el set decisivo llegaron al siete iguales, un pelotazo brillante de Barrenetxea ha decido el partido. En el primer set ha hecho doce tantos el hernaniarra, ocho en el segundo y cinco en el tercero para sumar un total de 25.<\/div>\n<div><\/div>\n<div><\/div>\n<div><b>Jabalera y Eskudero suman la primera victoria del Oriamendi Txapelketa<\/b><\/div>\n<div><\/div>\n<div>En el Oriamendi Txapelketa Jabalera y Eskudero ganaron 15-11 y 15-12 ha Goikoetxea V y Aiestaran VI en un buen partido, que se decidi\u00f3 por detalles. Jabalera y Eskudero suman el primer triunfo, mientras Goikoetxea V y Aiestaran VI se han estrenado con derrota.<\/div>\n<div><\/div>\n<\/div>\n<div><\/div>\n<div><\/div>\n<\/div>\n<div><img fetchpriority=\"high\" fetchpriority=\"high\" decoding=\"async\" class=\"alignnone size-medium wp-image-9004\" src=\"https:\/\/oriamendi.eus\/wp-content\/uploads\/2025\/07\/IMG-20250719-WA0110-169x300.jpg\" alt=\"\" width=\"169\" height=\"300\" \/><\/div>\n","protected":false},"excerpt":{"rendered":"<p>Ganan 8-15, 15-6 y 8-6 a Segurola y Juanenea en el partido decisivo \u00a0 Ya se conocen las dos parejas finalistas del Jai Alai Summer Season despu\u00e9s de la \u00faltima jornada de la liguilla. Aldabe y Juanenea se medir\u00e1n a Azpiroz y Ansa II en la gran final despu\u00e9s de que en la jornada decisiva [&hellip;]<\/p>\n","protected":false},"author":5,"featured_media":9006,"comment_status":"closed","ping_status":"open","sticky":false,"template":"","format":"standard","meta":{"_et_pb_use_builder":"","_et_pb_old_content":"","_et_gb_content_width":"","footnotes":""},"categories":[1],"tags":[],"yoast_head":"<!-- This site is optimized with the Yoast SEO plugin v21.8 - https:\/\/yoast.com\/wordpress\/plugins\/seo\/ -->\n<title>Aldabe y Juanenea ser\u00e1n los rivales de Azpiroz y Ansa en la final del Jai Alai Summer Season | Oriamendi 2010<\/title>\n<meta name=\"robots\" content=\"index, follow, max-snippet:-1, max-image-preview:large, max-video-preview:-1\" \/>\n<link rel=\"canonical\" href=\"https:\/\/oriamendi.eus\/es\/2025\/07\/19\/aldabe-y-juanenea-seran-los-rivales-de-azpiroz-y-ansa-en-la-final-del-jai-alai-summer-season\/\" \/>\n<meta property=\"og:locale\" content=\"es_ES\" \/>\n<meta property=\"og:type\" content=\"article\" \/>\n<meta property=\"og:title\" content=\"Aldabe y Juanenea ser\u00e1n los rivales de Azpiroz y Ansa en la final del Jai Alai Summer Season | Oriamendi 2010\" \/>\n<meta property=\"og:description\" content=\"Ganan 8-15, 15-6 y 8-6 a Segurola y Juanenea en el partido decisivo \u00a0 Ya se conocen las dos parejas finalistas del Jai Alai Summer Season despu\u00e9s de la \u00faltima jornada de la liguilla. Aldabe y Juanenea se medir\u00e1n a Azpiroz y Ansa II en la gran final despu\u00e9s de que en la jornada decisiva [&hellip;]\" \/>\n<meta property=\"og:url\" content=\"https:\/\/oriamendi.eus\/es\/2025\/07\/19\/aldabe-y-juanenea-seran-los-rivales-de-azpiroz-y-ansa-en-la-final-del-jai-alai-summer-season\/\" \/>\n<meta property=\"og:site_name\" content=\"Oriamendi 2010\" \/>\n<meta property=\"article:publisher\" content=\"https:\/\/www.facebook.com\/oriamendi2010remonte\/\" \/>\n<meta property=\"article:published_time\" content=\"2025-07-19T20:55:19+00:00\" \/>\n<meta property=\"og:image\" content=\"https:\/\/oriamendi.eus\/wp-content\/uploads\/2025\/07\/Erremontea.jpg\" \/>\n\t<meta property=\"og:image:width\" content=\"1200\" \/>\n\t<meta property=\"og:image:height\" content=\"679\" \/>\n\t<meta property=\"og:image:type\" content=\"image\/jpeg\" \/>\n<meta name=\"author\" content=\"I\u00f1igo Go\u00f1i\" \/>\n<meta name=\"twitter:card\" content=\"summary_large_image\" \/>\n<meta name=\"twitter:creator\" content=\"@oriamendi2010\" \/>\n<meta name=\"twitter:site\" content=\"@oriamendi2010\" \/>\n<meta name=\"twitter:label1\" content=\"Escrito por\" \/>\n\t<meta name=\"twitter:data1\" content=\"I\u00f1igo Go\u00f1i\" \/>\n\t<meta name=\"twitter:label2\" content=\"Tiempo de lectura\" \/>\n\t<meta name=\"twitter:data2\" content=\"3 minutos\" \/>\n<script type=\"application\/ld+json\" class=\"yoast-schema-graph\">{\"@context\":\"https:\/\/schema.org\",\"@graph\":[{\"@type\":\"Article\",\"@id\":\"https:\/\/oriamendi.eus\/es\/2025\/07\/19\/aldabe-y-juanenea-seran-los-rivales-de-azpiroz-y-ansa-en-la-final-del-jai-alai-summer-season\/#article\",\"isPartOf\":{\"@id\":\"https:\/\/oriamendi.eus\/es\/2025\/07\/19\/aldabe-y-juanenea-seran-los-rivales-de-azpiroz-y-ansa-en-la-final-del-jai-alai-summer-season\/\"},\"author\":{\"name\":\"I\u00f1igo Go\u00f1i\",\"@id\":\"https:\/\/oriamendi.eus\/es\/#\/schema\/person\/c0bd06c6c747674306a5c82563e2339a\"},\"headline\":\"Aldabe y Juanenea ser\u00e1n los rivales de Azpiroz y Ansa en la final del Jai Alai Summer Season\",\"datePublished\":\"2025-07-19T20:55:19+00:00\",\"dateModified\":\"2025-07-19T20:55:19+00:00\",\"mainEntityOfPage\":{\"@id\":\"https:\/\/oriamendi.eus\/es\/2025\/07\/19\/aldabe-y-juanenea-seran-los-rivales-de-azpiroz-y-ansa-en-la-final-del-jai-alai-summer-season\/\"},\"wordCount\":411,\"publisher\":{\"@id\":\"https:\/\/oriamendi.eus\/es\/#organization\"},\"articleSection\":[\"Sin categorizar\"],\"inLanguage\":\"es\"},{\"@type\":\"WebPage\",\"@id\":\"https:\/\/oriamendi.eus\/es\/2025\/07\/19\/aldabe-y-juanenea-seran-los-rivales-de-azpiroz-y-ansa-en-la-final-del-jai-alai-summer-season\/\",\"url\":\"https:\/\/oriamendi.eus\/es\/2025\/07\/19\/aldabe-y-juanenea-seran-los-rivales-de-azpiroz-y-ansa-en-la-final-del-jai-alai-summer-season\/\",\"name\":\"Aldabe y Juanenea ser\u00e1n los rivales de Azpiroz y Ansa en la final del Jai Alai Summer Season | Oriamendi 2010\",\"isPartOf\":{\"@id\":\"https:\/\/oriamendi.eus\/es\/#website\"},\"datePublished\":\"2025-07-19T20:55:19+00:00\",\"dateModified\":\"2025-07-19T20:55:19+00:00\",\"breadcrumb\":{\"@id\":\"https:\/\/oriamendi.eus\/es\/2025\/07\/19\/aldabe-y-juanenea-seran-los-rivales-de-azpiroz-y-ansa-en-la-final-del-jai-alai-summer-season\/#breadcrumb\"},\"inLanguage\":\"es\",\"potentialAction\":[{\"@type\":\"ReadAction\",\"target\":[\"https:\/\/oriamendi.eus\/es\/2025\/07\/19\/aldabe-y-juanenea-seran-los-rivales-de-azpiroz-y-ansa-en-la-final-del-jai-alai-summer-season\/\"]}]},{\"@type\":\"BreadcrumbList\",\"@id\":\"https:\/\/oriamendi.eus\/es\/2025\/07\/19\/aldabe-y-juanenea-seran-los-rivales-de-azpiroz-y-ansa-en-la-final-del-jai-alai-summer-season\/#breadcrumb\",\"itemListElement\":[{\"@type\":\"ListItem\",\"position\":1,\"name\":\"Portada\",\"item\":\"https:\/\/oriamendi.eus\/es\/\"},{\"@type\":\"ListItem\",\"position\":2,\"name\":\"Aldabe y Juanenea ser\u00e1n los rivales de Azpiroz y Ansa en la final del Jai Alai Summer Season\"}]},{\"@type\":\"WebSite\",\"@id\":\"https:\/\/oriamendi.eus\/es\/#website\",\"url\":\"https:\/\/oriamendi.eus\/es\/\",\"name\":\"Oriamendi\",\"description\":\"Remonte en Galarreta. Hernani. Gipuzkoa\",\"publisher\":{\"@id\":\"https:\/\/oriamendi.eus\/es\/#organization\"},\"potentialAction\":[{\"@type\":\"SearchAction\",\"target\":{\"@type\":\"EntryPoint\",\"urlTemplate\":\"https:\/\/oriamendi.eus\/es\/?s={search_term_string}\"},\"query-input\":\"required name=search_term_string\"}],\"inLanguage\":\"es\"},{\"@type\":\"Organization\",\"@id\":\"https:\/\/oriamendi.eus\/es\/#organization\",\"name\":\"Oriamendi\",\"url\":\"https:\/\/oriamendi.eus\/es\/\",\"logo\":{\"@type\":\"ImageObject\",\"inLanguage\":\"es\",\"@id\":\"https:\/\/oriamendi.eus\/es\/#\/schema\/logo\/image\/\",\"url\":\"https:\/\/oriamendi.eus\/wp-content\/uploads\/2020\/06\/logo-oriamendi.png\",\"contentUrl\":\"https:\/\/oriamendi.eus\/wp-content\/uploads\/2020\/06\/logo-oriamendi.png\",\"width\":300,\"height\":90,\"caption\":\"Oriamendi\"},\"image\":{\"@id\":\"https:\/\/oriamendi.eus\/es\/#\/schema\/logo\/image\/\"},\"sameAs\":[\"https:\/\/www.facebook.com\/oriamendi2010remonte\/\",\"https:\/\/twitter.com\/oriamendi2010\",\"https:\/\/www.instagram.com\/galarretajaialai\/\",\"https:\/\/www.youtube.com\/channel\/UC8gVNzQqB1iwnC-_rI-ihmA\/featured\"]},{\"@type\":\"Person\",\"@id\":\"https:\/\/oriamendi.eus\/es\/#\/schema\/person\/c0bd06c6c747674306a5c82563e2339a\",\"name\":\"I\u00f1igo Go\u00f1i\",\"image\":{\"@type\":\"ImageObject\",\"inLanguage\":\"es\",\"@id\":\"https:\/\/oriamendi.eus\/es\/#\/schema\/person\/image\/\",\"url\":\"https:\/\/secure.gravatar.com\/avatar\/fbb07ffc7b803bbfcc2b6419c06abd3a?s=96&d=mm&r=g\",\"contentUrl\":\"https:\/\/secure.gravatar.com\/avatar\/fbb07ffc7b803bbfcc2b6419c06abd3a?s=96&d=mm&r=g\",\"caption\":\"I\u00f1igo Go\u00f1i\"},\"url\":\"https:\/\/oriamendi.eus\/es\/author\/om-berriak\/\"}]}<\/script>\n<!-- \/ Yoast SEO plugin. -->","yoast_head_json":{"title":"Aldabe y Juanenea ser\u00e1n los rivales de Azpiroz y Ansa en la final del Jai Alai Summer Season | Oriamendi 2010","robots":{"index":"index","follow":"follow","max-snippet":"max-snippet:-1","max-image-preview":"max-image-preview:large","max-video-preview":"max-video-preview:-1"},"canonical":"https:\/\/oriamendi.eus\/es\/2025\/07\/19\/aldabe-y-juanenea-seran-los-rivales-de-azpiroz-y-ansa-en-la-final-del-jai-alai-summer-season\/","og_locale":"es_ES","og_type":"article","og_title":"Aldabe y Juanenea ser\u00e1n los rivales de Azpiroz y Ansa en la final del Jai Alai Summer Season | Oriamendi 2010","og_description":"Ganan 8-15, 15-6 y 8-6 a Segurola y Juanenea en el partido decisivo \u00a0 Ya se conocen las dos parejas finalistas del Jai Alai Summer Season despu\u00e9s de la \u00faltima jornada de la liguilla. Aldabe y Juanenea se medir\u00e1n a Azpiroz y Ansa II en la gran final despu\u00e9s de que en la jornada decisiva [&hellip;]","og_url":"https:\/\/oriamendi.eus\/es\/2025\/07\/19\/aldabe-y-juanenea-seran-los-rivales-de-azpiroz-y-ansa-en-la-final-del-jai-alai-summer-season\/","og_site_name":"Oriamendi 2010","article_publisher":"https:\/\/www.facebook.com\/oriamendi2010remonte\/","article_published_time":"2025-07-19T20:55:19+00:00","og_image":[{"width":1200,"height":679,"url":"https:\/\/oriamendi.eus\/wp-content\/uploads\/2025\/07\/Erremontea.jpg","type":"image\/jpeg"}],"author":"I\u00f1igo Go\u00f1i","twitter_card":"summary_large_image","twitter_creator":"@oriamendi2010","twitter_site":"@oriamendi2010","twitter_misc":{"Escrito por":"I\u00f1igo Go\u00f1i","Tiempo de lectura":"3 minutos"},"schema":{"@context":"https:\/\/schema.org","@graph":[{"@type":"Article","@id":"https:\/\/oriamendi.eus\/es\/2025\/07\/19\/aldabe-y-juanenea-seran-los-rivales-de-azpiroz-y-ansa-en-la-final-del-jai-alai-summer-season\/#article","isPartOf":{"@id":"https:\/\/oriamendi.eus\/es\/2025\/07\/19\/aldabe-y-juanenea-seran-los-rivales-de-azpiroz-y-ansa-en-la-final-del-jai-alai-summer-season\/"},"author":{"name":"I\u00f1igo Go\u00f1i","@id":"https:\/\/oriamendi.eus\/es\/#\/schema\/person\/c0bd06c6c747674306a5c82563e2339a"},"headline":"Aldabe y Juanenea ser\u00e1n los rivales de Azpiroz y Ansa en la final del Jai Alai Summer Season","datePublished":"2025-07-19T20:55:19+00:00","dateModified":"2025-07-19T20:55:19+00:00","mainEntityOfPage":{"@id":"https:\/\/oriamendi.eus\/es\/2025\/07\/19\/aldabe-y-juanenea-seran-los-rivales-de-azpiroz-y-ansa-en-la-final-del-jai-alai-summer-season\/"},"wordCount":411,"publisher":{"@id":"https:\/\/oriamendi.eus\/es\/#organization"},"articleSection":["Sin categorizar"],"inLanguage":"es"},{"@type":"WebPage","@id":"https:\/\/oriamendi.eus\/es\/2025\/07\/19\/aldabe-y-juanenea-seran-los-rivales-de-azpiroz-y-ansa-en-la-final-del-jai-alai-summer-season\/","url":"https:\/\/oriamendi.eus\/es\/2025\/07\/19\/aldabe-y-juanenea-seran-los-rivales-de-azpiroz-y-ansa-en-la-final-del-jai-alai-summer-season\/","name":"Aldabe y Juanenea ser\u00e1n los rivales de Azpiroz y Ansa en la final del Jai Alai Summer Season | Oriamendi 2010","isPartOf":{"@id":"https:\/\/oriamendi.eus\/es\/#website"},"datePublished":"2025-07-19T20:55:19+00:00","dateModified":"2025-07-19T20:55:19+00:00","breadcrumb":{"@id":"https:\/\/oriamendi.eus\/es\/2025\/07\/19\/aldabe-y-juanenea-seran-los-rivales-de-azpiroz-y-ansa-en-la-final-del-jai-alai-summer-season\/#breadcrumb"},"inLanguage":"es","potentialAction":[{"@type":"ReadAction","target":["https:\/\/oriamendi.eus\/es\/2025\/07\/19\/aldabe-y-juanenea-seran-los-rivales-de-azpiroz-y-ansa-en-la-final-del-jai-alai-summer-season\/"]}]},{"@type":"BreadcrumbList","@id":"https:\/\/oriamendi.eus\/es\/2025\/07\/19\/aldabe-y-juanenea-seran-los-rivales-de-azpiroz-y-ansa-en-la-final-del-jai-alai-summer-season\/#breadcrumb","itemListElement":[{"@type":"ListItem","position":1,"name":"Portada","item":"https:\/\/oriamendi.eus\/es\/"},{"@type":"ListItem","position":2,"name":"Aldabe y Juanenea ser\u00e1n los rivales de Azpiroz y Ansa en la final del Jai Alai Summer Season"}]},{"@type":"WebSite","@id":"https:\/\/oriamendi.eus\/es\/#website","url":"https:\/\/oriamendi.eus\/es\/","name":"Oriamendi","description":"Remonte en Galarreta. Hernani. Gipuzkoa","publisher":{"@id":"https:\/\/oriamendi.eus\/es\/#organization"},"potentialAction":[{"@type":"SearchAction","target":{"@type":"EntryPoint","urlTemplate":"https:\/\/oriamendi.eus\/es\/?s={search_term_string}"},"query-input":"required name=search_term_string"}],"inLanguage":"es"},{"@type":"Organization","@id":"https:\/\/oriamendi.eus\/es\/#organization","name":"Oriamendi","url":"https:\/\/oriamendi.eus\/es\/","logo":{"@type":"ImageObject","inLanguage":"es","@id":"https:\/\/oriamendi.eus\/es\/#\/schema\/logo\/image\/","url":"https:\/\/oriamendi.eus\/wp-content\/uploads\/2020\/06\/logo-oriamendi.png","contentUrl":"https:\/\/oriamendi.eus\/wp-content\/uploads\/2020\/06\/logo-oriamendi.png","width":300,"height":90,"caption":"Oriamendi"},"image":{"@id":"https:\/\/oriamendi.eus\/es\/#\/schema\/logo\/image\/"},"sameAs":["https:\/\/www.facebook.com\/oriamendi2010remonte\/","https:\/\/twitter.com\/oriamendi2010","https:\/\/www.instagram.com\/galarretajaialai\/","https:\/\/www.youtube.com\/channel\/UC8gVNzQqB1iwnC-_rI-ihmA\/featured"]},{"@type":"Person","@id":"https:\/\/oriamendi.eus\/es\/#\/schema\/person\/c0bd06c6c747674306a5c82563e2339a","name":"I\u00f1igo Go\u00f1i","image":{"@type":"ImageObject","inLanguage":"es","@id":"https:\/\/oriamendi.eus\/es\/#\/schema\/person\/image\/","url":"https:\/\/secure.gravatar.com\/avatar\/fbb07ffc7b803bbfcc2b6419c06abd3a?s=96&d=mm&r=g","contentUrl":"https:\/\/secure.gravatar.com\/avatar\/fbb07ffc7b803bbfcc2b6419c06abd3a?s=96&d=mm&r=g","caption":"I\u00f1igo Go\u00f1i"},"url":"https:\/\/oriamendi.eus\/es\/author\/om-berriak\/"}]}},"_links":{"self":[{"href":"https:\/\/oriamendi.eus\/es\/wp-json\/wp\/v2\/posts\/9003"}],"collection":[{"href":"https:\/\/oriamendi.eus\/es\/wp-json\/wp\/v2\/posts"}],"about":[{"href":"https:\/\/oriamendi.eus\/es\/wp-json\/wp\/v2\/types\/post"}],"author":[{"embeddable":true,"href":"https:\/\/oriamendi.eus\/es\/wp-json\/wp\/v2\/users\/5"}],"replies":[{"embeddable":true,"href":"https:\/\/oriamendi.eus\/es\/wp-json\/wp\/v2\/comments?post=9003"}],"version-history":[{"count":1,"href":"https:\/\/oriamendi.eus\/es\/wp-json\/wp\/v2\/posts\/9003\/revisions"}],"predecessor-version":[{"id":9008,"href":"https:\/\/oriamendi.eus\/es\/wp-json\/wp\/v2\/posts\/9003\/revisions\/9008"}],"wp:featuredmedia":[{"embeddable":true,"href":"https:\/\/oriamendi.eus\/es\/wp-json\/wp\/v2\/media\/9006"}],"wp:attachment":[{"href":"https:\/\/oriamendi.eus\/es\/wp-json\/wp\/v2\/media?parent=9003"}],"wp:term":[{"taxonomy":"category","embeddable":true,"href":"https:\/\/oriamendi.eus\/es\/wp-json\/wp\/v2\/categories?post=9003"},{"taxonomy":"post_tag","embeddable":true,"href":"https:\/\/oriamendi.eus\/es\/wp-json\/wp\/v2\/tags?post=9003"}],"curies":[{"name":"wp","href":"https:\/\/api.w.org\/{rel}","templated":true}]}}