                                        
                                        
                                        
                                        
                                        
                                        
                                        
                                        
                                        
                                        
                                        
                                        
                                        
                                        
                                        
                                        
                                        
                                        
{"id":8852,"date":"2025-07-03T15:07:51","date_gmt":"2025-07-03T13:07:51","guid":{"rendered":"https:\/\/oriamendi.eus\/?p=8852"},"modified":"2025-07-03T15:07:51","modified_gmt":"2025-07-03T13:07:51","slug":"se-presenta-por-primera-vez-el-torneo-oriamendi-de-remonte-de-segunda","status":"publish","type":"post","link":"https:\/\/oriamendi.eus\/es\/2025\/07\/03\/se-presenta-por-primera-vez-el-torneo-oriamendi-de-remonte-de-segunda\/","title":{"rendered":"Se presenta por primera vez el Torneo Oriamendi de Remonte de segunda"},"content":{"rendered":"<p>Por otro lado, en la presentaci\u00f3n que tuvo lugar en el Palacio Miramar se present\u00f3 el Campeonato de Remonte Oriamendi de segunda categor\u00eda 2025. Se disputar\u00e1 por primera vez y se ha organizado para los remontistas de segunda. Debido al Errremontari han estado tiempo sin jugar en Galarreta y volver\u00e1n de nuevo al front\u00f3n en un torneo que durar\u00e1 tres meses. El pistoletazo de salida ser\u00e1 el 10 de julio y el 27 de septiembre, coincidiendo con la final del Individual, se disputar\u00e1 la final.<\/p>\n<p>Tendr\u00e1 el mismo formato que se ha utilizado en el Sagardoaren Txapelketa. Cinco parejas formar\u00e1n el campeonato y en la primera fase todos jugar\u00e1n contra todos. 10 jornadas: 10, 12, 17, 19, 26 de julio, 9, 16, 23, 30 y 6 de septiembre.<\/p>\n<p>Las parejas que queden en tercer y cuarto lugar disputar\u00e1n un partido de playoff. El que quede segundo, se clasificar\u00e1 a la semifinal y se enfrentar\u00e1 al ganador del playoff. El primer clasificado de la liguilla se clasificar\u00e1 directamente para la final y all\u00ed se enfrentar\u00e1 al ganador de la semifinal.<\/p>\n<p>El playoff ser\u00e1 el 13 de septiembre, la semifinal el 20 de septiembre y la final el 27 de septiembre.<\/p>\n<p>Las siguientes parejas disputar\u00e1n el campeonato: Susperregi-Zubiri, Aiestaran VII-Martirena, Gurrutxaga-Apezetxea, Goikoetxea V-Aiestaran VI y Jabalera-Eskudero.<\/p>\n","protected":false},"excerpt":{"rendered":"<p>Por otro lado, en la presentaci\u00f3n que tuvo lugar en el Palacio Miramar se present\u00f3 el Campeonato de Remonte Oriamendi de segunda categor\u00eda 2025. Se disputar\u00e1 por primera vez y se ha organizado para los remontistas de segunda. Debido al Errremontari han estado tiempo sin jugar en Galarreta y volver\u00e1n de nuevo al front\u00f3n en [&hellip;]<\/p>\n","protected":false},"author":5,"featured_media":8848,"comment_status":"closed","ping_status":"open","sticky":false,"template":"","format":"standard","meta":{"_et_pb_use_builder":"","_et_pb_old_content":"","_et_gb_content_width":"","footnotes":""},"categories":[1],"tags":[],"yoast_head":"<!-- This site is optimized with the Yoast SEO plugin v21.8 - https:\/\/yoast.com\/wordpress\/plugins\/seo\/ -->\n<title>Se presenta por primera vez el Torneo Oriamendi de Remonte de segunda | Oriamendi 2010<\/title>\n<meta name=\"robots\" content=\"index, follow, max-snippet:-1, max-image-preview:large, max-video-preview:-1\" \/>\n<link rel=\"canonical\" href=\"https:\/\/oriamendi.eus\/es\/2025\/07\/03\/se-presenta-por-primera-vez-el-torneo-oriamendi-de-remonte-de-segunda\/\" \/>\n<meta property=\"og:locale\" content=\"es_ES\" \/>\n<meta property=\"og:type\" content=\"article\" \/>\n<meta property=\"og:title\" content=\"Se presenta por primera vez el Torneo Oriamendi de Remonte de segunda | Oriamendi 2010\" \/>\n<meta property=\"og:description\" content=\"Por otro lado, en la presentaci\u00f3n que tuvo lugar en el Palacio Miramar se present\u00f3 el Campeonato de Remonte Oriamendi de segunda categor\u00eda 2025. Se disputar\u00e1 por primera vez y se ha organizado para los remontistas de segunda. Debido al Errremontari han estado tiempo sin jugar en Galarreta y volver\u00e1n de nuevo al front\u00f3n en [&hellip;]\" \/>\n<meta property=\"og:url\" content=\"https:\/\/oriamendi.eus\/es\/2025\/07\/03\/se-presenta-por-primera-vez-el-torneo-oriamendi-de-remonte-de-segunda\/\" \/>\n<meta property=\"og:site_name\" content=\"Oriamendi 2010\" \/>\n<meta property=\"article:publisher\" content=\"https:\/\/www.facebook.com\/oriamendi2010remonte\/\" \/>\n<meta property=\"article:published_time\" content=\"2025-07-03T13:07:51+00:00\" \/>\n<meta property=\"og:image\" content=\"https:\/\/oriamendi.eus\/wp-content\/uploads\/2025\/07\/IMG_20250702_190022_2000_x_1333_pixel.jpg\" \/>\n\t<meta property=\"og:image:width\" content=\"1200\" \/>\n\t<meta property=\"og:image:height\" content=\"800\" \/>\n\t<meta property=\"og:image:type\" content=\"image\/jpeg\" \/>\n<meta name=\"author\" content=\"I\u00f1igo Go\u00f1i\" \/>\n<meta name=\"twitter:card\" content=\"summary_large_image\" \/>\n<meta name=\"twitter:creator\" content=\"@oriamendi2010\" \/>\n<meta name=\"twitter:site\" content=\"@oriamendi2010\" \/>\n<meta name=\"twitter:label1\" content=\"Escrito por\" \/>\n\t<meta name=\"twitter:data1\" content=\"I\u00f1igo Go\u00f1i\" \/>\n\t<meta name=\"twitter:label2\" content=\"Tiempo de lectura\" \/>\n\t<meta name=\"twitter:data2\" content=\"2 minutos\" \/>\n<script type=\"application\/ld+json\" class=\"yoast-schema-graph\">{\"@context\":\"https:\/\/schema.org\",\"@graph\":[{\"@type\":\"Article\",\"@id\":\"https:\/\/oriamendi.eus\/es\/2025\/07\/03\/se-presenta-por-primera-vez-el-torneo-oriamendi-de-remonte-de-segunda\/#article\",\"isPartOf\":{\"@id\":\"https:\/\/oriamendi.eus\/es\/2025\/07\/03\/se-presenta-por-primera-vez-el-torneo-oriamendi-de-remonte-de-segunda\/\"},\"author\":{\"name\":\"I\u00f1igo Go\u00f1i\",\"@id\":\"https:\/\/oriamendi.eus\/es\/#\/schema\/person\/c0bd06c6c747674306a5c82563e2339a\"},\"headline\":\"Se presenta por primera vez el Torneo Oriamendi de Remonte de segunda\",\"datePublished\":\"2025-07-03T13:07:51+00:00\",\"dateModified\":\"2025-07-03T13:07:51+00:00\",\"mainEntityOfPage\":{\"@id\":\"https:\/\/oriamendi.eus\/es\/2025\/07\/03\/se-presenta-por-primera-vez-el-torneo-oriamendi-de-remonte-de-segunda\/\"},\"wordCount\":217,\"publisher\":{\"@id\":\"https:\/\/oriamendi.eus\/es\/#organization\"},\"articleSection\":[\"Sin categorizar\"],\"inLanguage\":\"es\"},{\"@type\":\"WebPage\",\"@id\":\"https:\/\/oriamendi.eus\/es\/2025\/07\/03\/se-presenta-por-primera-vez-el-torneo-oriamendi-de-remonte-de-segunda\/\",\"url\":\"https:\/\/oriamendi.eus\/es\/2025\/07\/03\/se-presenta-por-primera-vez-el-torneo-oriamendi-de-remonte-de-segunda\/\",\"name\":\"Se presenta por primera vez el Torneo Oriamendi de Remonte de segunda | Oriamendi 2010\",\"isPartOf\":{\"@id\":\"https:\/\/oriamendi.eus\/es\/#website\"},\"datePublished\":\"2025-07-03T13:07:51+00:00\",\"dateModified\":\"2025-07-03T13:07:51+00:00\",\"breadcrumb\":{\"@id\":\"https:\/\/oriamendi.eus\/es\/2025\/07\/03\/se-presenta-por-primera-vez-el-torneo-oriamendi-de-remonte-de-segunda\/#breadcrumb\"},\"inLanguage\":\"es\",\"potentialAction\":[{\"@type\":\"ReadAction\",\"target\":[\"https:\/\/oriamendi.eus\/es\/2025\/07\/03\/se-presenta-por-primera-vez-el-torneo-oriamendi-de-remonte-de-segunda\/\"]}]},{\"@type\":\"BreadcrumbList\",\"@id\":\"https:\/\/oriamendi.eus\/es\/2025\/07\/03\/se-presenta-por-primera-vez-el-torneo-oriamendi-de-remonte-de-segunda\/#breadcrumb\",\"itemListElement\":[{\"@type\":\"ListItem\",\"position\":1,\"name\":\"Portada\",\"item\":\"https:\/\/oriamendi.eus\/es\/\"},{\"@type\":\"ListItem\",\"position\":2,\"name\":\"Se presenta por primera vez el Torneo Oriamendi de Remonte de segunda\"}]},{\"@type\":\"WebSite\",\"@id\":\"https:\/\/oriamendi.eus\/es\/#website\",\"url\":\"https:\/\/oriamendi.eus\/es\/\",\"name\":\"Oriamendi\",\"description\":\"Remonte en Galarreta. Hernani. Gipuzkoa\",\"publisher\":{\"@id\":\"https:\/\/oriamendi.eus\/es\/#organization\"},\"potentialAction\":[{\"@type\":\"SearchAction\",\"target\":{\"@type\":\"EntryPoint\",\"urlTemplate\":\"https:\/\/oriamendi.eus\/es\/?s={search_term_string}\"},\"query-input\":\"required name=search_term_string\"}],\"inLanguage\":\"es\"},{\"@type\":\"Organization\",\"@id\":\"https:\/\/oriamendi.eus\/es\/#organization\",\"name\":\"Oriamendi\",\"url\":\"https:\/\/oriamendi.eus\/es\/\",\"logo\":{\"@type\":\"ImageObject\",\"inLanguage\":\"es\",\"@id\":\"https:\/\/oriamendi.eus\/es\/#\/schema\/logo\/image\/\",\"url\":\"https:\/\/oriamendi.eus\/wp-content\/uploads\/2020\/06\/logo-oriamendi.png\",\"contentUrl\":\"https:\/\/oriamendi.eus\/wp-content\/uploads\/2020\/06\/logo-oriamendi.png\",\"width\":300,\"height\":90,\"caption\":\"Oriamendi\"},\"image\":{\"@id\":\"https:\/\/oriamendi.eus\/es\/#\/schema\/logo\/image\/\"},\"sameAs\":[\"https:\/\/www.facebook.com\/oriamendi2010remonte\/\",\"https:\/\/twitter.com\/oriamendi2010\",\"https:\/\/www.instagram.com\/galarretajaialai\/\",\"https:\/\/www.youtube.com\/channel\/UC8gVNzQqB1iwnC-_rI-ihmA\/featured\"]},{\"@type\":\"Person\",\"@id\":\"https:\/\/oriamendi.eus\/es\/#\/schema\/person\/c0bd06c6c747674306a5c82563e2339a\",\"name\":\"I\u00f1igo Go\u00f1i\",\"image\":{\"@type\":\"ImageObject\",\"inLanguage\":\"es\",\"@id\":\"https:\/\/oriamendi.eus\/es\/#\/schema\/person\/image\/\",\"url\":\"https:\/\/secure.gravatar.com\/avatar\/fbb07ffc7b803bbfcc2b6419c06abd3a?s=96&d=mm&r=g\",\"contentUrl\":\"https:\/\/secure.gravatar.com\/avatar\/fbb07ffc7b803bbfcc2b6419c06abd3a?s=96&d=mm&r=g\",\"caption\":\"I\u00f1igo Go\u00f1i\"},\"url\":\"https:\/\/oriamendi.eus\/es\/author\/om-berriak\/\"}]}<\/script>\n<!-- \/ Yoast SEO plugin. -->","yoast_head_json":{"title":"Se presenta por primera vez el Torneo Oriamendi de Remonte de segunda | Oriamendi 2010","robots":{"index":"index","follow":"follow","max-snippet":"max-snippet:-1","max-image-preview":"max-image-preview:large","max-video-preview":"max-video-preview:-1"},"canonical":"https:\/\/oriamendi.eus\/es\/2025\/07\/03\/se-presenta-por-primera-vez-el-torneo-oriamendi-de-remonte-de-segunda\/","og_locale":"es_ES","og_type":"article","og_title":"Se presenta por primera vez el Torneo Oriamendi de Remonte de segunda | Oriamendi 2010","og_description":"Por otro lado, en la presentaci\u00f3n que tuvo lugar en el Palacio Miramar se present\u00f3 el Campeonato de Remonte Oriamendi de segunda categor\u00eda 2025. Se disputar\u00e1 por primera vez y se ha organizado para los remontistas de segunda. Debido al Errremontari han estado tiempo sin jugar en Galarreta y volver\u00e1n de nuevo al front\u00f3n en [&hellip;]","og_url":"https:\/\/oriamendi.eus\/es\/2025\/07\/03\/se-presenta-por-primera-vez-el-torneo-oriamendi-de-remonte-de-segunda\/","og_site_name":"Oriamendi 2010","article_publisher":"https:\/\/www.facebook.com\/oriamendi2010remonte\/","article_published_time":"2025-07-03T13:07:51+00:00","og_image":[{"width":1200,"height":800,"url":"https:\/\/oriamendi.eus\/wp-content\/uploads\/2025\/07\/IMG_20250702_190022_2000_x_1333_pixel.jpg","type":"image\/jpeg"}],"author":"I\u00f1igo Go\u00f1i","twitter_card":"summary_large_image","twitter_creator":"@oriamendi2010","twitter_site":"@oriamendi2010","twitter_misc":{"Escrito por":"I\u00f1igo Go\u00f1i","Tiempo de lectura":"2 minutos"},"schema":{"@context":"https:\/\/schema.org","@graph":[{"@type":"Article","@id":"https:\/\/oriamendi.eus\/es\/2025\/07\/03\/se-presenta-por-primera-vez-el-torneo-oriamendi-de-remonte-de-segunda\/#article","isPartOf":{"@id":"https:\/\/oriamendi.eus\/es\/2025\/07\/03\/se-presenta-por-primera-vez-el-torneo-oriamendi-de-remonte-de-segunda\/"},"author":{"name":"I\u00f1igo Go\u00f1i","@id":"https:\/\/oriamendi.eus\/es\/#\/schema\/person\/c0bd06c6c747674306a5c82563e2339a"},"headline":"Se presenta por primera vez el Torneo Oriamendi de Remonte de segunda","datePublished":"2025-07-03T13:07:51+00:00","dateModified":"2025-07-03T13:07:51+00:00","mainEntityOfPage":{"@id":"https:\/\/oriamendi.eus\/es\/2025\/07\/03\/se-presenta-por-primera-vez-el-torneo-oriamendi-de-remonte-de-segunda\/"},"wordCount":217,"publisher":{"@id":"https:\/\/oriamendi.eus\/es\/#organization"},"articleSection":["Sin categorizar"],"inLanguage":"es"},{"@type":"WebPage","@id":"https:\/\/oriamendi.eus\/es\/2025\/07\/03\/se-presenta-por-primera-vez-el-torneo-oriamendi-de-remonte-de-segunda\/","url":"https:\/\/oriamendi.eus\/es\/2025\/07\/03\/se-presenta-por-primera-vez-el-torneo-oriamendi-de-remonte-de-segunda\/","name":"Se presenta por primera vez el Torneo Oriamendi de Remonte de segunda | Oriamendi 2010","isPartOf":{"@id":"https:\/\/oriamendi.eus\/es\/#website"},"datePublished":"2025-07-03T13:07:51+00:00","dateModified":"2025-07-03T13:07:51+00:00","breadcrumb":{"@id":"https:\/\/oriamendi.eus\/es\/2025\/07\/03\/se-presenta-por-primera-vez-el-torneo-oriamendi-de-remonte-de-segunda\/#breadcrumb"},"inLanguage":"es","potentialAction":[{"@type":"ReadAction","target":["https:\/\/oriamendi.eus\/es\/2025\/07\/03\/se-presenta-por-primera-vez-el-torneo-oriamendi-de-remonte-de-segunda\/"]}]},{"@type":"BreadcrumbList","@id":"https:\/\/oriamendi.eus\/es\/2025\/07\/03\/se-presenta-por-primera-vez-el-torneo-oriamendi-de-remonte-de-segunda\/#breadcrumb","itemListElement":[{"@type":"ListItem","position":1,"name":"Portada","item":"https:\/\/oriamendi.eus\/es\/"},{"@type":"ListItem","position":2,"name":"Se presenta por primera vez el Torneo Oriamendi de Remonte de segunda"}]},{"@type":"WebSite","@id":"https:\/\/oriamendi.eus\/es\/#website","url":"https:\/\/oriamendi.eus\/es\/","name":"Oriamendi","description":"Remonte en Galarreta. Hernani. Gipuzkoa","publisher":{"@id":"https:\/\/oriamendi.eus\/es\/#organization"},"potentialAction":[{"@type":"SearchAction","target":{"@type":"EntryPoint","urlTemplate":"https:\/\/oriamendi.eus\/es\/?s={search_term_string}"},"query-input":"required name=search_term_string"}],"inLanguage":"es"},{"@type":"Organization","@id":"https:\/\/oriamendi.eus\/es\/#organization","name":"Oriamendi","url":"https:\/\/oriamendi.eus\/es\/","logo":{"@type":"ImageObject","inLanguage":"es","@id":"https:\/\/oriamendi.eus\/es\/#\/schema\/logo\/image\/","url":"https:\/\/oriamendi.eus\/wp-content\/uploads\/2020\/06\/logo-oriamendi.png","contentUrl":"https:\/\/oriamendi.eus\/wp-content\/uploads\/2020\/06\/logo-oriamendi.png","width":300,"height":90,"caption":"Oriamendi"},"image":{"@id":"https:\/\/oriamendi.eus\/es\/#\/schema\/logo\/image\/"},"sameAs":["https:\/\/www.facebook.com\/oriamendi2010remonte\/","https:\/\/twitter.com\/oriamendi2010","https:\/\/www.instagram.com\/galarretajaialai\/","https:\/\/www.youtube.com\/channel\/UC8gVNzQqB1iwnC-_rI-ihmA\/featured"]},{"@type":"Person","@id":"https:\/\/oriamendi.eus\/es\/#\/schema\/person\/c0bd06c6c747674306a5c82563e2339a","name":"I\u00f1igo Go\u00f1i","image":{"@type":"ImageObject","inLanguage":"es","@id":"https:\/\/oriamendi.eus\/es\/#\/schema\/person\/image\/","url":"https:\/\/secure.gravatar.com\/avatar\/fbb07ffc7b803bbfcc2b6419c06abd3a?s=96&d=mm&r=g","contentUrl":"https:\/\/secure.gravatar.com\/avatar\/fbb07ffc7b803bbfcc2b6419c06abd3a?s=96&d=mm&r=g","caption":"I\u00f1igo Go\u00f1i"},"url":"https:\/\/oriamendi.eus\/es\/author\/om-berriak\/"}]}},"_links":{"self":[{"href":"https:\/\/oriamendi.eus\/es\/wp-json\/wp\/v2\/posts\/8852"}],"collection":[{"href":"https:\/\/oriamendi.eus\/es\/wp-json\/wp\/v2\/posts"}],"about":[{"href":"https:\/\/oriamendi.eus\/es\/wp-json\/wp\/v2\/types\/post"}],"author":[{"embeddable":true,"href":"https:\/\/oriamendi.eus\/es\/wp-json\/wp\/v2\/users\/5"}],"replies":[{"embeddable":true,"href":"https:\/\/oriamendi.eus\/es\/wp-json\/wp\/v2\/comments?post=8852"}],"version-history":[{"count":1,"href":"https:\/\/oriamendi.eus\/es\/wp-json\/wp\/v2\/posts\/8852\/revisions"}],"predecessor-version":[{"id":8853,"href":"https:\/\/oriamendi.eus\/es\/wp-json\/wp\/v2\/posts\/8852\/revisions\/8853"}],"wp:featuredmedia":[{"embeddable":true,"href":"https:\/\/oriamendi.eus\/es\/wp-json\/wp\/v2\/media\/8848"}],"wp:attachment":[{"href":"https:\/\/oriamendi.eus\/es\/wp-json\/wp\/v2\/media?parent=8852"}],"wp:term":[{"taxonomy":"category","embeddable":true,"href":"https:\/\/oriamendi.eus\/es\/wp-json\/wp\/v2\/categories?post=8852"},{"taxonomy":"post_tag","embeddable":true,"href":"https:\/\/oriamendi.eus\/es\/wp-json\/wp\/v2\/tags?post=8852"}],"curies":[{"name":"wp","href":"https:\/\/api.w.org\/{rel}","templated":true}]}}