                                        
                                        
                                        
                                        
                                        
                                        
                                        
                                        
                                        
                                        
                                        
                                        
                                        
                                        
                                        
                                        
                                        
                                        
{"id":8850,"date":"2025-07-03T15:05:40","date_gmt":"2025-07-03T13:05:40","guid":{"rendered":"https:\/\/oriamendi.eus\/?p=8850"},"modified":"2025-07-03T15:05:40","modified_gmt":"2025-07-03T13:05:40","slug":"en-el-palacio-miramar-se-ha-presentado-la-tercera-edicion-del-jai-alai-summer-season","status":"publish","type":"post","link":"https:\/\/oriamendi.eus\/es\/2025\/07\/03\/en-el-palacio-miramar-se-ha-presentado-la-tercera-edicion-del-jai-alai-summer-season\/","title":{"rendered":"En el palacio Miramar se ha presentado la tercera edici\u00f3n del Jai Alai Summer Season"},"content":{"rendered":"<p><b>En dos de las cuatro parejas los remontistas jugar\u00e1n cambiados de puesto<\/b><\/p>\n<p>El Palacio Miramar de Donostia ha acogido hoy la presentaci\u00f3n de la tercera edici\u00f3n del Jai Alai Summer Season. Este campeonato naci\u00f3 con la intenci\u00f3n de innovar en formatos de competici\u00f3n y este a\u00f1o mantendr\u00e1 las novedades. Los jugadores jugar\u00e1n fuera de sus posiciones habituales y se formar\u00e1n nuevas parejas. Estas nuevas din\u00e1micas de juego ofrecer\u00e1n un espect\u00e1culo especial e impactante tanto para los aficionados veteranos como para los que se acerquen por primera vez a este deporte.<\/p>\n<p>El campeonato comenzar\u00e1 el jueves 10 de julio en Galarreta. Las parejas que comenzar\u00e1n el campeonato son: Barrenetxea IV-Ezkurra, Azpiroz-Ansa II, Segurola-Larra\u00f1aga y Aldabe-Juanenea. En dos parejas se cambian los puestos y los delanteros habituales jugar\u00e1n de zagueros y los zagueros de delanteros. As\u00ed Barrenetxea jugar\u00e1 delante y Ezkurra, de zaguero. Azpiroz tambi\u00e9n jugar\u00e1 delante y Ansa atr\u00e1s. En las otras dos parejas se mantienen los puestos.<br \/>\nSe disputar\u00e1n cinco jornadas y en la \u00faltima se disputar\u00e1 la final. Los d\u00edas 10, 12, 17 y 19 de julio se disputar\u00e1n los partidos de la liguilla y el 26 la final.<\/p>\n<p>En la primera fase del campeonato, compuesto por 4 parejas, todos tendr\u00e1n que jugar contra todos. Las parejas que queden en la primera y segunda posici\u00f3n disputar\u00e1n la final del 26 de julio.<\/p>\n<p>A la presentaci\u00f3n asistieron Alfredo Pozueta, representante de la empresa Sukia; Azahara Dom\u00ednguez, Diputada de Turismo de Gipuzkoa y de Oriamendi Joxemari Barrenetxea.<\/p>\n<p>Como explic\u00f3 la diputada Azahara Dom\u00ednguez: \u00abSummer Season es el complemento perfecto para la oferta tur\u00edstica de Gipuzkoa este verano, porque ofrece una experiencia inmersiva y enriquecedora que nadie olvidar\u00e1. Desde la Diputaci\u00f3n de Gipuzkoa seguiremos apoyando este tipo de iniciativas que permitan hacer de nuestro territorio un destino de experiencias, un destino de tradici\u00f3n, un destino de identidad y un destino de car\u00e1cter. Porque solo de esta manera lograremos diferenciarnos de otros destinos y\u00a0 atraer a visitantes de calidad que adem\u00e1s de disfrutar entre nosotras y nosotros, nos ayuden a cuidar el patrimonio natural, cultural y social del que disfrutamos hoy en d\u00eda\u00bb.<\/p>\n","protected":false},"excerpt":{"rendered":"<p>En dos de las cuatro parejas los remontistas jugar\u00e1n cambiados de puesto El Palacio Miramar de Donostia ha acogido hoy la presentaci\u00f3n de la tercera edici\u00f3n del Jai Alai Summer Season. Este campeonato naci\u00f3 con la intenci\u00f3n de innovar en formatos de competici\u00f3n y este a\u00f1o mantendr\u00e1 las novedades. Los jugadores jugar\u00e1n fuera de sus [&hellip;]<\/p>\n","protected":false},"author":5,"featured_media":8844,"comment_status":"closed","ping_status":"open","sticky":false,"template":"","format":"standard","meta":{"_et_pb_use_builder":"","_et_pb_old_content":"","_et_gb_content_width":"","footnotes":""},"categories":[1],"tags":[],"yoast_head":"<!-- This site is optimized with the Yoast SEO plugin v21.8 - https:\/\/yoast.com\/wordpress\/plugins\/seo\/ -->\n<title>En el palacio Miramar se ha presentado la tercera edici\u00f3n del Jai Alai Summer Season | Oriamendi 2010<\/title>\n<meta name=\"robots\" content=\"index, follow, max-snippet:-1, max-image-preview:large, max-video-preview:-1\" \/>\n<link rel=\"canonical\" href=\"https:\/\/oriamendi.eus\/es\/2025\/07\/03\/en-el-palacio-miramar-se-ha-presentado-la-tercera-edicion-del-jai-alai-summer-season\/\" \/>\n<meta property=\"og:locale\" content=\"es_ES\" \/>\n<meta property=\"og:type\" content=\"article\" \/>\n<meta property=\"og:title\" content=\"En el palacio Miramar se ha presentado la tercera edici\u00f3n del Jai Alai Summer Season | Oriamendi 2010\" \/>\n<meta property=\"og:description\" content=\"En dos de las cuatro parejas los remontistas jugar\u00e1n cambiados de puesto El Palacio Miramar de Donostia ha acogido hoy la presentaci\u00f3n de la tercera edici\u00f3n del Jai Alai Summer Season. Este campeonato naci\u00f3 con la intenci\u00f3n de innovar en formatos de competici\u00f3n y este a\u00f1o mantendr\u00e1 las novedades. Los jugadores jugar\u00e1n fuera de sus [&hellip;]\" \/>\n<meta property=\"og:url\" content=\"https:\/\/oriamendi.eus\/es\/2025\/07\/03\/en-el-palacio-miramar-se-ha-presentado-la-tercera-edicion-del-jai-alai-summer-season\/\" \/>\n<meta property=\"og:site_name\" content=\"Oriamendi 2010\" \/>\n<meta property=\"article:publisher\" content=\"https:\/\/www.facebook.com\/oriamendi2010remonte\/\" \/>\n<meta property=\"article:published_time\" content=\"2025-07-03T13:05:40+00:00\" \/>\n<meta property=\"og:image\" content=\"https:\/\/oriamendi.eus\/wp-content\/uploads\/2025\/07\/IMG_20250702_190012_2000_x_1333_pixel.jpg\" \/>\n\t<meta property=\"og:image:width\" content=\"1200\" \/>\n\t<meta property=\"og:image:height\" content=\"800\" \/>\n\t<meta property=\"og:image:type\" content=\"image\/jpeg\" \/>\n<meta name=\"author\" content=\"I\u00f1igo Go\u00f1i\" \/>\n<meta name=\"twitter:card\" content=\"summary_large_image\" \/>\n<meta name=\"twitter:creator\" content=\"@oriamendi2010\" \/>\n<meta name=\"twitter:site\" content=\"@oriamendi2010\" \/>\n<meta name=\"twitter:label1\" content=\"Escrito por\" \/>\n\t<meta name=\"twitter:data1\" content=\"I\u00f1igo Go\u00f1i\" \/>\n\t<meta name=\"twitter:label2\" content=\"Tiempo de lectura\" \/>\n\t<meta name=\"twitter:data2\" content=\"2 minutos\" \/>\n<script type=\"application\/ld+json\" class=\"yoast-schema-graph\">{\"@context\":\"https:\/\/schema.org\",\"@graph\":[{\"@type\":\"Article\",\"@id\":\"https:\/\/oriamendi.eus\/es\/2025\/07\/03\/en-el-palacio-miramar-se-ha-presentado-la-tercera-edicion-del-jai-alai-summer-season\/#article\",\"isPartOf\":{\"@id\":\"https:\/\/oriamendi.eus\/es\/2025\/07\/03\/en-el-palacio-miramar-se-ha-presentado-la-tercera-edicion-del-jai-alai-summer-season\/\"},\"author\":{\"name\":\"I\u00f1igo Go\u00f1i\",\"@id\":\"https:\/\/oriamendi.eus\/es\/#\/schema\/person\/c0bd06c6c747674306a5c82563e2339a\"},\"headline\":\"En el palacio Miramar se ha presentado la tercera edici\u00f3n del Jai Alai Summer Season\",\"datePublished\":\"2025-07-03T13:05:40+00:00\",\"dateModified\":\"2025-07-03T13:05:40+00:00\",\"mainEntityOfPage\":{\"@id\":\"https:\/\/oriamendi.eus\/es\/2025\/07\/03\/en-el-palacio-miramar-se-ha-presentado-la-tercera-edicion-del-jai-alai-summer-season\/\"},\"wordCount\":389,\"publisher\":{\"@id\":\"https:\/\/oriamendi.eus\/es\/#organization\"},\"articleSection\":[\"Sin categorizar\"],\"inLanguage\":\"es\"},{\"@type\":\"WebPage\",\"@id\":\"https:\/\/oriamendi.eus\/es\/2025\/07\/03\/en-el-palacio-miramar-se-ha-presentado-la-tercera-edicion-del-jai-alai-summer-season\/\",\"url\":\"https:\/\/oriamendi.eus\/es\/2025\/07\/03\/en-el-palacio-miramar-se-ha-presentado-la-tercera-edicion-del-jai-alai-summer-season\/\",\"name\":\"En el palacio Miramar se ha presentado la tercera edici\u00f3n del Jai Alai Summer Season | Oriamendi 2010\",\"isPartOf\":{\"@id\":\"https:\/\/oriamendi.eus\/es\/#website\"},\"datePublished\":\"2025-07-03T13:05:40+00:00\",\"dateModified\":\"2025-07-03T13:05:40+00:00\",\"breadcrumb\":{\"@id\":\"https:\/\/oriamendi.eus\/es\/2025\/07\/03\/en-el-palacio-miramar-se-ha-presentado-la-tercera-edicion-del-jai-alai-summer-season\/#breadcrumb\"},\"inLanguage\":\"es\",\"potentialAction\":[{\"@type\":\"ReadAction\",\"target\":[\"https:\/\/oriamendi.eus\/es\/2025\/07\/03\/en-el-palacio-miramar-se-ha-presentado-la-tercera-edicion-del-jai-alai-summer-season\/\"]}]},{\"@type\":\"BreadcrumbList\",\"@id\":\"https:\/\/oriamendi.eus\/es\/2025\/07\/03\/en-el-palacio-miramar-se-ha-presentado-la-tercera-edicion-del-jai-alai-summer-season\/#breadcrumb\",\"itemListElement\":[{\"@type\":\"ListItem\",\"position\":1,\"name\":\"Portada\",\"item\":\"https:\/\/oriamendi.eus\/es\/\"},{\"@type\":\"ListItem\",\"position\":2,\"name\":\"En el palacio Miramar se ha presentado la tercera edici\u00f3n del Jai Alai Summer Season\"}]},{\"@type\":\"WebSite\",\"@id\":\"https:\/\/oriamendi.eus\/es\/#website\",\"url\":\"https:\/\/oriamendi.eus\/es\/\",\"name\":\"Oriamendi\",\"description\":\"Remonte en Galarreta. Hernani. Gipuzkoa\",\"publisher\":{\"@id\":\"https:\/\/oriamendi.eus\/es\/#organization\"},\"potentialAction\":[{\"@type\":\"SearchAction\",\"target\":{\"@type\":\"EntryPoint\",\"urlTemplate\":\"https:\/\/oriamendi.eus\/es\/?s={search_term_string}\"},\"query-input\":\"required name=search_term_string\"}],\"inLanguage\":\"es\"},{\"@type\":\"Organization\",\"@id\":\"https:\/\/oriamendi.eus\/es\/#organization\",\"name\":\"Oriamendi\",\"url\":\"https:\/\/oriamendi.eus\/es\/\",\"logo\":{\"@type\":\"ImageObject\",\"inLanguage\":\"es\",\"@id\":\"https:\/\/oriamendi.eus\/es\/#\/schema\/logo\/image\/\",\"url\":\"https:\/\/oriamendi.eus\/wp-content\/uploads\/2020\/06\/logo-oriamendi.png\",\"contentUrl\":\"https:\/\/oriamendi.eus\/wp-content\/uploads\/2020\/06\/logo-oriamendi.png\",\"width\":300,\"height\":90,\"caption\":\"Oriamendi\"},\"image\":{\"@id\":\"https:\/\/oriamendi.eus\/es\/#\/schema\/logo\/image\/\"},\"sameAs\":[\"https:\/\/www.facebook.com\/oriamendi2010remonte\/\",\"https:\/\/twitter.com\/oriamendi2010\",\"https:\/\/www.instagram.com\/galarretajaialai\/\",\"https:\/\/www.youtube.com\/channel\/UC8gVNzQqB1iwnC-_rI-ihmA\/featured\"]},{\"@type\":\"Person\",\"@id\":\"https:\/\/oriamendi.eus\/es\/#\/schema\/person\/c0bd06c6c747674306a5c82563e2339a\",\"name\":\"I\u00f1igo Go\u00f1i\",\"image\":{\"@type\":\"ImageObject\",\"inLanguage\":\"es\",\"@id\":\"https:\/\/oriamendi.eus\/es\/#\/schema\/person\/image\/\",\"url\":\"https:\/\/secure.gravatar.com\/avatar\/fbb07ffc7b803bbfcc2b6419c06abd3a?s=96&d=mm&r=g\",\"contentUrl\":\"https:\/\/secure.gravatar.com\/avatar\/fbb07ffc7b803bbfcc2b6419c06abd3a?s=96&d=mm&r=g\",\"caption\":\"I\u00f1igo Go\u00f1i\"},\"url\":\"https:\/\/oriamendi.eus\/es\/author\/om-berriak\/\"}]}<\/script>\n<!-- \/ Yoast SEO plugin. -->","yoast_head_json":{"title":"En el palacio Miramar se ha presentado la tercera edici\u00f3n del Jai Alai Summer Season | Oriamendi 2010","robots":{"index":"index","follow":"follow","max-snippet":"max-snippet:-1","max-image-preview":"max-image-preview:large","max-video-preview":"max-video-preview:-1"},"canonical":"https:\/\/oriamendi.eus\/es\/2025\/07\/03\/en-el-palacio-miramar-se-ha-presentado-la-tercera-edicion-del-jai-alai-summer-season\/","og_locale":"es_ES","og_type":"article","og_title":"En el palacio Miramar se ha presentado la tercera edici\u00f3n del Jai Alai Summer Season | Oriamendi 2010","og_description":"En dos de las cuatro parejas los remontistas jugar\u00e1n cambiados de puesto El Palacio Miramar de Donostia ha acogido hoy la presentaci\u00f3n de la tercera edici\u00f3n del Jai Alai Summer Season. Este campeonato naci\u00f3 con la intenci\u00f3n de innovar en formatos de competici\u00f3n y este a\u00f1o mantendr\u00e1 las novedades. Los jugadores jugar\u00e1n fuera de sus [&hellip;]","og_url":"https:\/\/oriamendi.eus\/es\/2025\/07\/03\/en-el-palacio-miramar-se-ha-presentado-la-tercera-edicion-del-jai-alai-summer-season\/","og_site_name":"Oriamendi 2010","article_publisher":"https:\/\/www.facebook.com\/oriamendi2010remonte\/","article_published_time":"2025-07-03T13:05:40+00:00","og_image":[{"width":1200,"height":800,"url":"https:\/\/oriamendi.eus\/wp-content\/uploads\/2025\/07\/IMG_20250702_190012_2000_x_1333_pixel.jpg","type":"image\/jpeg"}],"author":"I\u00f1igo Go\u00f1i","twitter_card":"summary_large_image","twitter_creator":"@oriamendi2010","twitter_site":"@oriamendi2010","twitter_misc":{"Escrito por":"I\u00f1igo Go\u00f1i","Tiempo de lectura":"2 minutos"},"schema":{"@context":"https:\/\/schema.org","@graph":[{"@type":"Article","@id":"https:\/\/oriamendi.eus\/es\/2025\/07\/03\/en-el-palacio-miramar-se-ha-presentado-la-tercera-edicion-del-jai-alai-summer-season\/#article","isPartOf":{"@id":"https:\/\/oriamendi.eus\/es\/2025\/07\/03\/en-el-palacio-miramar-se-ha-presentado-la-tercera-edicion-del-jai-alai-summer-season\/"},"author":{"name":"I\u00f1igo Go\u00f1i","@id":"https:\/\/oriamendi.eus\/es\/#\/schema\/person\/c0bd06c6c747674306a5c82563e2339a"},"headline":"En el palacio Miramar se ha presentado la tercera edici\u00f3n del Jai Alai Summer Season","datePublished":"2025-07-03T13:05:40+00:00","dateModified":"2025-07-03T13:05:40+00:00","mainEntityOfPage":{"@id":"https:\/\/oriamendi.eus\/es\/2025\/07\/03\/en-el-palacio-miramar-se-ha-presentado-la-tercera-edicion-del-jai-alai-summer-season\/"},"wordCount":389,"publisher":{"@id":"https:\/\/oriamendi.eus\/es\/#organization"},"articleSection":["Sin categorizar"],"inLanguage":"es"},{"@type":"WebPage","@id":"https:\/\/oriamendi.eus\/es\/2025\/07\/03\/en-el-palacio-miramar-se-ha-presentado-la-tercera-edicion-del-jai-alai-summer-season\/","url":"https:\/\/oriamendi.eus\/es\/2025\/07\/03\/en-el-palacio-miramar-se-ha-presentado-la-tercera-edicion-del-jai-alai-summer-season\/","name":"En el palacio Miramar se ha presentado la tercera edici\u00f3n del Jai Alai Summer Season | Oriamendi 2010","isPartOf":{"@id":"https:\/\/oriamendi.eus\/es\/#website"},"datePublished":"2025-07-03T13:05:40+00:00","dateModified":"2025-07-03T13:05:40+00:00","breadcrumb":{"@id":"https:\/\/oriamendi.eus\/es\/2025\/07\/03\/en-el-palacio-miramar-se-ha-presentado-la-tercera-edicion-del-jai-alai-summer-season\/#breadcrumb"},"inLanguage":"es","potentialAction":[{"@type":"ReadAction","target":["https:\/\/oriamendi.eus\/es\/2025\/07\/03\/en-el-palacio-miramar-se-ha-presentado-la-tercera-edicion-del-jai-alai-summer-season\/"]}]},{"@type":"BreadcrumbList","@id":"https:\/\/oriamendi.eus\/es\/2025\/07\/03\/en-el-palacio-miramar-se-ha-presentado-la-tercera-edicion-del-jai-alai-summer-season\/#breadcrumb","itemListElement":[{"@type":"ListItem","position":1,"name":"Portada","item":"https:\/\/oriamendi.eus\/es\/"},{"@type":"ListItem","position":2,"name":"En el palacio Miramar se ha presentado la tercera edici\u00f3n del Jai Alai Summer Season"}]},{"@type":"WebSite","@id":"https:\/\/oriamendi.eus\/es\/#website","url":"https:\/\/oriamendi.eus\/es\/","name":"Oriamendi","description":"Remonte en Galarreta. Hernani. Gipuzkoa","publisher":{"@id":"https:\/\/oriamendi.eus\/es\/#organization"},"potentialAction":[{"@type":"SearchAction","target":{"@type":"EntryPoint","urlTemplate":"https:\/\/oriamendi.eus\/es\/?s={search_term_string}"},"query-input":"required name=search_term_string"}],"inLanguage":"es"},{"@type":"Organization","@id":"https:\/\/oriamendi.eus\/es\/#organization","name":"Oriamendi","url":"https:\/\/oriamendi.eus\/es\/","logo":{"@type":"ImageObject","inLanguage":"es","@id":"https:\/\/oriamendi.eus\/es\/#\/schema\/logo\/image\/","url":"https:\/\/oriamendi.eus\/wp-content\/uploads\/2020\/06\/logo-oriamendi.png","contentUrl":"https:\/\/oriamendi.eus\/wp-content\/uploads\/2020\/06\/logo-oriamendi.png","width":300,"height":90,"caption":"Oriamendi"},"image":{"@id":"https:\/\/oriamendi.eus\/es\/#\/schema\/logo\/image\/"},"sameAs":["https:\/\/www.facebook.com\/oriamendi2010remonte\/","https:\/\/twitter.com\/oriamendi2010","https:\/\/www.instagram.com\/galarretajaialai\/","https:\/\/www.youtube.com\/channel\/UC8gVNzQqB1iwnC-_rI-ihmA\/featured"]},{"@type":"Person","@id":"https:\/\/oriamendi.eus\/es\/#\/schema\/person\/c0bd06c6c747674306a5c82563e2339a","name":"I\u00f1igo Go\u00f1i","image":{"@type":"ImageObject","inLanguage":"es","@id":"https:\/\/oriamendi.eus\/es\/#\/schema\/person\/image\/","url":"https:\/\/secure.gravatar.com\/avatar\/fbb07ffc7b803bbfcc2b6419c06abd3a?s=96&d=mm&r=g","contentUrl":"https:\/\/secure.gravatar.com\/avatar\/fbb07ffc7b803bbfcc2b6419c06abd3a?s=96&d=mm&r=g","caption":"I\u00f1igo Go\u00f1i"},"url":"https:\/\/oriamendi.eus\/es\/author\/om-berriak\/"}]}},"_links":{"self":[{"href":"https:\/\/oriamendi.eus\/es\/wp-json\/wp\/v2\/posts\/8850"}],"collection":[{"href":"https:\/\/oriamendi.eus\/es\/wp-json\/wp\/v2\/posts"}],"about":[{"href":"https:\/\/oriamendi.eus\/es\/wp-json\/wp\/v2\/types\/post"}],"author":[{"embeddable":true,"href":"https:\/\/oriamendi.eus\/es\/wp-json\/wp\/v2\/users\/5"}],"replies":[{"embeddable":true,"href":"https:\/\/oriamendi.eus\/es\/wp-json\/wp\/v2\/comments?post=8850"}],"version-history":[{"count":1,"href":"https:\/\/oriamendi.eus\/es\/wp-json\/wp\/v2\/posts\/8850\/revisions"}],"predecessor-version":[{"id":8851,"href":"https:\/\/oriamendi.eus\/es\/wp-json\/wp\/v2\/posts\/8850\/revisions\/8851"}],"wp:featuredmedia":[{"embeddable":true,"href":"https:\/\/oriamendi.eus\/es\/wp-json\/wp\/v2\/media\/8844"}],"wp:attachment":[{"href":"https:\/\/oriamendi.eus\/es\/wp-json\/wp\/v2\/media?parent=8850"}],"wp:term":[{"taxonomy":"category","embeddable":true,"href":"https:\/\/oriamendi.eus\/es\/wp-json\/wp\/v2\/categories?post=8850"},{"taxonomy":"post_tag","embeddable":true,"href":"https:\/\/oriamendi.eus\/es\/wp-json\/wp\/v2\/tags?post=8850"}],"curies":[{"name":"wp","href":"https:\/\/api.w.org\/{rel}","templated":true}]}}