                                        
                                        
                                        
                                        
                                        
                                        
                                        
                                        
                                        
                                        
                                        
                                        
                                        
                                        
                                        
                                        
                                        
                                        
{"id":8832,"date":"2025-06-17T09:49:17","date_gmt":"2025-06-17T07:49:17","guid":{"rendered":"https:\/\/oriamendi.eus\/?p=8832"},"modified":"2025-06-17T09:49:17","modified_gmt":"2025-06-17T07:49:17","slug":"kemen-aldabe-y-endika-barrenetxea-campeones-del-sagardoaren-txapelketa-erremontari-de-2025","status":"publish","type":"post","link":"https:\/\/oriamendi.eus\/es\/2025\/06\/17\/kemen-aldabe-y-endika-barrenetxea-campeones-del-sagardoaren-txapelketa-erremontari-de-2025\/","title":{"rendered":"Kemen Aldabe y Endika Barrenetxea, campeones del Sagardoaren Txapelketa \u00abErremontari\u00bb de 2025"},"content":{"rendered":"<p><b>En la gran final han ganado, en dos sets, por 9-15 y 7-15, a Javi Urriza e Iban Larra\u00f1aga.<\/b><\/p>\n<div><\/div>\n<div>Kemen Aldabe y Endika Barrenetxea se han proclamado campeones de la edici\u00f3n de 2025 de \u00abErremontari\u00bb,\u00a0 en Galarreta, en Hernani. En la gran final del Sagardoaren Txapelketa, Aldabe y Barrenetxea IV han ganado, en dos sets, por 9-15 y 7-15, a Javi Urriza e Iban Larra\u00f1aga, subcampeones del torneo.<\/p>\n<p>En medio de un espectacular ambiente en Galarreta, el primer set de la final tuvo tres partes muy diferenciadas. En la primera, Kemen Aldabe y Endika Barrenetxea, de Oialume Zar, con I\u00f1aki Lekuona como capit\u00e1n, firmaron una tacada de seis tantos consecutivos que los llev\u00f3 a mandar por 1-6; Javi Urriza e Iban Larra\u00f1aga, de Petritegi, con Aritz Altadill en labores de capit\u00e1n, respondieron con otros seis tantos consecutivos, y se pusieron por delante 7-6; y, casi a rengl\u00f3n seguido, Aldabe y Barrenetxea IV se fueron desde el 9-9 hasta el 9-15 definitivo, que les otorg\u00f3 el primer punto de la final. Tres tacadas que marcaron el set inicial.<\/p><\/div>\n<div><img fetchpriority=\"high\" fetchpriority=\"high\" decoding=\"async\" class=\"alignnone size-medium wp-image-8830\" src=\"https:\/\/oriamendi.eus\/wp-content\/uploads\/2025\/06\/IMG_20250616_205606_2000_x_1335_pixel-300x200.jpg\" alt=\"\" width=\"300\" height=\"200\" \/><\/div>\n<div>\nEn el segundo set, Aldabe y Barrenetxea IV tuvieron el control del juego y del marcador, y ganaron con claridad. El delantero navarro y el zaguero guipuzcoano se adelantaron 1-6, como en el primer set, y no cedieron el mando hasta hacerse con las txapelas. Urriza y Larra\u00f1aga se acercaron a tres tantos, en el 5-8 y en el 7-10, pero Aldabe y Barrenetxea IV, m\u00e1s acertados, hicieron entonces cinco tantos seguidos, que les otorg\u00f3 el t\u00edtulo. Endika Barrenetxea, adem\u00e1s, se llev\u00f3 el premio al Mejor Pelotari del campeonato.<\/div>\n<div><\/div>\n<div>El zaguero hernaniarra logr\u00f3 su primera txapela del Sagardoaren Txapelketa que le hace especial ilusi\u00f3n, ya que ha ganado con Oialume Zar, la sidrer\u00eda familiar. Adem\u00e1s fue el \u00faltimo partido de Urriza, como profesional, a pesar de que el resultado no fue el que quer\u00eda el delantero de Pamplona.<\/p>\n<div><b>\u00a0<\/b><\/div>\n<div><b>Markagailuaren bilakaera<\/b><\/p>\n<p>Lehen jokoa: 1-0\/1-1\/1-2\/1-3\/1-4\/1-5\/1-6\/2-6\/3-6\/4-6\/5-6\/6-6\/7-6\/7-7\/8-7\/8-8\/8-9\/9-9\/9-10\/9-11\/9-12\/9-13\/9-14\/9-15.<\/p>\n<p>Bigarren jokoa: 0-1\/0-2\/0-3\/1-3\/1-4\/1-5\/1-6\/1-7\/2-7\/2-8\/3-8\/4-8\/5-8\/5-9\/5-10\/6-10\/7-10\/7-11\/7-12\/7-13\/7-14\/7-15.<\/p><\/div>\n<\/div>\n","protected":false},"excerpt":{"rendered":"<p>En la gran final han ganado, en dos sets, por 9-15 y 7-15, a Javi Urriza e Iban Larra\u00f1aga. Kemen Aldabe y Endika Barrenetxea se han proclamado campeones de la edici\u00f3n de 2025 de \u00abErremontari\u00bb,\u00a0 en Galarreta, en Hernani. En la gran final del Sagardoaren Txapelketa, Aldabe y Barrenetxea IV han ganado, en dos sets, [&hellip;]<\/p>\n","protected":false},"author":5,"featured_media":8828,"comment_status":"closed","ping_status":"open","sticky":false,"template":"","format":"standard","meta":{"_et_pb_use_builder":"","_et_pb_old_content":"","_et_gb_content_width":"","footnotes":""},"categories":[1],"tags":[],"yoast_head":"<!-- This site is optimized with the Yoast SEO plugin v21.8 - https:\/\/yoast.com\/wordpress\/plugins\/seo\/ -->\n<title>Kemen Aldabe y Endika Barrenetxea, campeones del Sagardoaren Txapelketa &quot;Erremontari&quot; de 2025 | Oriamendi 2010<\/title>\n<meta name=\"robots\" content=\"index, follow, max-snippet:-1, max-image-preview:large, max-video-preview:-1\" \/>\n<link rel=\"canonical\" href=\"https:\/\/oriamendi.eus\/es\/2025\/06\/17\/kemen-aldabe-y-endika-barrenetxea-campeones-del-sagardoaren-txapelketa-erremontari-de-2025\/\" \/>\n<meta property=\"og:locale\" content=\"es_ES\" \/>\n<meta property=\"og:type\" content=\"article\" \/>\n<meta property=\"og:title\" content=\"Kemen Aldabe y Endika Barrenetxea, campeones del Sagardoaren Txapelketa &quot;Erremontari&quot; de 2025 | Oriamendi 2010\" \/>\n<meta property=\"og:description\" content=\"En la gran final han ganado, en dos sets, por 9-15 y 7-15, a Javi Urriza e Iban Larra\u00f1aga. Kemen Aldabe y Endika Barrenetxea se han proclamado campeones de la edici\u00f3n de 2025 de \u00abErremontari\u00bb,\u00a0 en Galarreta, en Hernani. En la gran final del Sagardoaren Txapelketa, Aldabe y Barrenetxea IV han ganado, en dos sets, [&hellip;]\" \/>\n<meta property=\"og:url\" content=\"https:\/\/oriamendi.eus\/es\/2025\/06\/17\/kemen-aldabe-y-endika-barrenetxea-campeones-del-sagardoaren-txapelketa-erremontari-de-2025\/\" \/>\n<meta property=\"og:site_name\" content=\"Oriamendi 2010\" \/>\n<meta property=\"article:publisher\" content=\"https:\/\/www.facebook.com\/oriamendi2010remonte\/\" \/>\n<meta property=\"article:published_time\" content=\"2025-06-17T07:49:17+00:00\" \/>\n<meta property=\"og:image\" content=\"https:\/\/oriamendi.eus\/wp-content\/uploads\/2025\/06\/IMG_20250616_210529_2000_x_1335_pixel.jpg\" \/>\n\t<meta property=\"og:image:width\" content=\"1200\" \/>\n\t<meta property=\"og:image:height\" content=\"801\" \/>\n\t<meta property=\"og:image:type\" content=\"image\/jpeg\" \/>\n<meta name=\"author\" content=\"I\u00f1igo Go\u00f1i\" \/>\n<meta name=\"twitter:card\" content=\"summary_large_image\" \/>\n<meta name=\"twitter:creator\" content=\"@oriamendi2010\" \/>\n<meta name=\"twitter:site\" content=\"@oriamendi2010\" \/>\n<meta name=\"twitter:label1\" content=\"Escrito por\" \/>\n\t<meta name=\"twitter:data1\" content=\"I\u00f1igo Go\u00f1i\" \/>\n\t<meta name=\"twitter:label2\" content=\"Tiempo de lectura\" \/>\n\t<meta name=\"twitter:data2\" content=\"2 minutos\" \/>\n<script type=\"application\/ld+json\" class=\"yoast-schema-graph\">{\"@context\":\"https:\/\/schema.org\",\"@graph\":[{\"@type\":\"Article\",\"@id\":\"https:\/\/oriamendi.eus\/es\/2025\/06\/17\/kemen-aldabe-y-endika-barrenetxea-campeones-del-sagardoaren-txapelketa-erremontari-de-2025\/#article\",\"isPartOf\":{\"@id\":\"https:\/\/oriamendi.eus\/es\/2025\/06\/17\/kemen-aldabe-y-endika-barrenetxea-campeones-del-sagardoaren-txapelketa-erremontari-de-2025\/\"},\"author\":{\"name\":\"I\u00f1igo Go\u00f1i\",\"@id\":\"https:\/\/oriamendi.eus\/es\/#\/schema\/person\/c0bd06c6c747674306a5c82563e2339a\"},\"headline\":\"Kemen Aldabe y Endika Barrenetxea, campeones del Sagardoaren Txapelketa \u00abErremontari\u00bb de 2025\",\"datePublished\":\"2025-06-17T07:49:17+00:00\",\"dateModified\":\"2025-06-17T07:49:17+00:00\",\"mainEntityOfPage\":{\"@id\":\"https:\/\/oriamendi.eus\/es\/2025\/06\/17\/kemen-aldabe-y-endika-barrenetxea-campeones-del-sagardoaren-txapelketa-erremontari-de-2025\/\"},\"wordCount\":393,\"publisher\":{\"@id\":\"https:\/\/oriamendi.eus\/es\/#organization\"},\"articleSection\":[\"Sin categorizar\"],\"inLanguage\":\"es\"},{\"@type\":\"WebPage\",\"@id\":\"https:\/\/oriamendi.eus\/es\/2025\/06\/17\/kemen-aldabe-y-endika-barrenetxea-campeones-del-sagardoaren-txapelketa-erremontari-de-2025\/\",\"url\":\"https:\/\/oriamendi.eus\/es\/2025\/06\/17\/kemen-aldabe-y-endika-barrenetxea-campeones-del-sagardoaren-txapelketa-erremontari-de-2025\/\",\"name\":\"Kemen Aldabe y Endika Barrenetxea, campeones del Sagardoaren Txapelketa \\\"Erremontari\\\" de 2025 | Oriamendi 2010\",\"isPartOf\":{\"@id\":\"https:\/\/oriamendi.eus\/es\/#website\"},\"datePublished\":\"2025-06-17T07:49:17+00:00\",\"dateModified\":\"2025-06-17T07:49:17+00:00\",\"breadcrumb\":{\"@id\":\"https:\/\/oriamendi.eus\/es\/2025\/06\/17\/kemen-aldabe-y-endika-barrenetxea-campeones-del-sagardoaren-txapelketa-erremontari-de-2025\/#breadcrumb\"},\"inLanguage\":\"es\",\"potentialAction\":[{\"@type\":\"ReadAction\",\"target\":[\"https:\/\/oriamendi.eus\/es\/2025\/06\/17\/kemen-aldabe-y-endika-barrenetxea-campeones-del-sagardoaren-txapelketa-erremontari-de-2025\/\"]}]},{\"@type\":\"BreadcrumbList\",\"@id\":\"https:\/\/oriamendi.eus\/es\/2025\/06\/17\/kemen-aldabe-y-endika-barrenetxea-campeones-del-sagardoaren-txapelketa-erremontari-de-2025\/#breadcrumb\",\"itemListElement\":[{\"@type\":\"ListItem\",\"position\":1,\"name\":\"Portada\",\"item\":\"https:\/\/oriamendi.eus\/es\/\"},{\"@type\":\"ListItem\",\"position\":2,\"name\":\"Kemen Aldabe y Endika Barrenetxea, campeones del Sagardoaren Txapelketa \u00abErremontari\u00bb de 2025\"}]},{\"@type\":\"WebSite\",\"@id\":\"https:\/\/oriamendi.eus\/es\/#website\",\"url\":\"https:\/\/oriamendi.eus\/es\/\",\"name\":\"Oriamendi\",\"description\":\"Remonte en Galarreta. Hernani. Gipuzkoa\",\"publisher\":{\"@id\":\"https:\/\/oriamendi.eus\/es\/#organization\"},\"potentialAction\":[{\"@type\":\"SearchAction\",\"target\":{\"@type\":\"EntryPoint\",\"urlTemplate\":\"https:\/\/oriamendi.eus\/es\/?s={search_term_string}\"},\"query-input\":\"required name=search_term_string\"}],\"inLanguage\":\"es\"},{\"@type\":\"Organization\",\"@id\":\"https:\/\/oriamendi.eus\/es\/#organization\",\"name\":\"Oriamendi\",\"url\":\"https:\/\/oriamendi.eus\/es\/\",\"logo\":{\"@type\":\"ImageObject\",\"inLanguage\":\"es\",\"@id\":\"https:\/\/oriamendi.eus\/es\/#\/schema\/logo\/image\/\",\"url\":\"https:\/\/oriamendi.eus\/wp-content\/uploads\/2020\/06\/logo-oriamendi.png\",\"contentUrl\":\"https:\/\/oriamendi.eus\/wp-content\/uploads\/2020\/06\/logo-oriamendi.png\",\"width\":300,\"height\":90,\"caption\":\"Oriamendi\"},\"image\":{\"@id\":\"https:\/\/oriamendi.eus\/es\/#\/schema\/logo\/image\/\"},\"sameAs\":[\"https:\/\/www.facebook.com\/oriamendi2010remonte\/\",\"https:\/\/twitter.com\/oriamendi2010\",\"https:\/\/www.instagram.com\/galarretajaialai\/\",\"https:\/\/www.youtube.com\/channel\/UC8gVNzQqB1iwnC-_rI-ihmA\/featured\"]},{\"@type\":\"Person\",\"@id\":\"https:\/\/oriamendi.eus\/es\/#\/schema\/person\/c0bd06c6c747674306a5c82563e2339a\",\"name\":\"I\u00f1igo Go\u00f1i\",\"image\":{\"@type\":\"ImageObject\",\"inLanguage\":\"es\",\"@id\":\"https:\/\/oriamendi.eus\/es\/#\/schema\/person\/image\/\",\"url\":\"https:\/\/secure.gravatar.com\/avatar\/fbb07ffc7b803bbfcc2b6419c06abd3a?s=96&d=mm&r=g\",\"contentUrl\":\"https:\/\/secure.gravatar.com\/avatar\/fbb07ffc7b803bbfcc2b6419c06abd3a?s=96&d=mm&r=g\",\"caption\":\"I\u00f1igo Go\u00f1i\"},\"url\":\"https:\/\/oriamendi.eus\/es\/author\/om-berriak\/\"}]}<\/script>\n<!-- \/ Yoast SEO plugin. -->","yoast_head_json":{"title":"Kemen Aldabe y Endika Barrenetxea, campeones del Sagardoaren Txapelketa \"Erremontari\" de 2025 | Oriamendi 2010","robots":{"index":"index","follow":"follow","max-snippet":"max-snippet:-1","max-image-preview":"max-image-preview:large","max-video-preview":"max-video-preview:-1"},"canonical":"https:\/\/oriamendi.eus\/es\/2025\/06\/17\/kemen-aldabe-y-endika-barrenetxea-campeones-del-sagardoaren-txapelketa-erremontari-de-2025\/","og_locale":"es_ES","og_type":"article","og_title":"Kemen Aldabe y Endika Barrenetxea, campeones del Sagardoaren Txapelketa \"Erremontari\" de 2025 | Oriamendi 2010","og_description":"En la gran final han ganado, en dos sets, por 9-15 y 7-15, a Javi Urriza e Iban Larra\u00f1aga. Kemen Aldabe y Endika Barrenetxea se han proclamado campeones de la edici\u00f3n de 2025 de \u00abErremontari\u00bb,\u00a0 en Galarreta, en Hernani. En la gran final del Sagardoaren Txapelketa, Aldabe y Barrenetxea IV han ganado, en dos sets, [&hellip;]","og_url":"https:\/\/oriamendi.eus\/es\/2025\/06\/17\/kemen-aldabe-y-endika-barrenetxea-campeones-del-sagardoaren-txapelketa-erremontari-de-2025\/","og_site_name":"Oriamendi 2010","article_publisher":"https:\/\/www.facebook.com\/oriamendi2010remonte\/","article_published_time":"2025-06-17T07:49:17+00:00","og_image":[{"width":1200,"height":801,"url":"https:\/\/oriamendi.eus\/wp-content\/uploads\/2025\/06\/IMG_20250616_210529_2000_x_1335_pixel.jpg","type":"image\/jpeg"}],"author":"I\u00f1igo Go\u00f1i","twitter_card":"summary_large_image","twitter_creator":"@oriamendi2010","twitter_site":"@oriamendi2010","twitter_misc":{"Escrito por":"I\u00f1igo Go\u00f1i","Tiempo de lectura":"2 minutos"},"schema":{"@context":"https:\/\/schema.org","@graph":[{"@type":"Article","@id":"https:\/\/oriamendi.eus\/es\/2025\/06\/17\/kemen-aldabe-y-endika-barrenetxea-campeones-del-sagardoaren-txapelketa-erremontari-de-2025\/#article","isPartOf":{"@id":"https:\/\/oriamendi.eus\/es\/2025\/06\/17\/kemen-aldabe-y-endika-barrenetxea-campeones-del-sagardoaren-txapelketa-erremontari-de-2025\/"},"author":{"name":"I\u00f1igo Go\u00f1i","@id":"https:\/\/oriamendi.eus\/es\/#\/schema\/person\/c0bd06c6c747674306a5c82563e2339a"},"headline":"Kemen Aldabe y Endika Barrenetxea, campeones del Sagardoaren Txapelketa \u00abErremontari\u00bb de 2025","datePublished":"2025-06-17T07:49:17+00:00","dateModified":"2025-06-17T07:49:17+00:00","mainEntityOfPage":{"@id":"https:\/\/oriamendi.eus\/es\/2025\/06\/17\/kemen-aldabe-y-endika-barrenetxea-campeones-del-sagardoaren-txapelketa-erremontari-de-2025\/"},"wordCount":393,"publisher":{"@id":"https:\/\/oriamendi.eus\/es\/#organization"},"articleSection":["Sin categorizar"],"inLanguage":"es"},{"@type":"WebPage","@id":"https:\/\/oriamendi.eus\/es\/2025\/06\/17\/kemen-aldabe-y-endika-barrenetxea-campeones-del-sagardoaren-txapelketa-erremontari-de-2025\/","url":"https:\/\/oriamendi.eus\/es\/2025\/06\/17\/kemen-aldabe-y-endika-barrenetxea-campeones-del-sagardoaren-txapelketa-erremontari-de-2025\/","name":"Kemen Aldabe y Endika Barrenetxea, campeones del Sagardoaren Txapelketa \"Erremontari\" de 2025 | Oriamendi 2010","isPartOf":{"@id":"https:\/\/oriamendi.eus\/es\/#website"},"datePublished":"2025-06-17T07:49:17+00:00","dateModified":"2025-06-17T07:49:17+00:00","breadcrumb":{"@id":"https:\/\/oriamendi.eus\/es\/2025\/06\/17\/kemen-aldabe-y-endika-barrenetxea-campeones-del-sagardoaren-txapelketa-erremontari-de-2025\/#breadcrumb"},"inLanguage":"es","potentialAction":[{"@type":"ReadAction","target":["https:\/\/oriamendi.eus\/es\/2025\/06\/17\/kemen-aldabe-y-endika-barrenetxea-campeones-del-sagardoaren-txapelketa-erremontari-de-2025\/"]}]},{"@type":"BreadcrumbList","@id":"https:\/\/oriamendi.eus\/es\/2025\/06\/17\/kemen-aldabe-y-endika-barrenetxea-campeones-del-sagardoaren-txapelketa-erremontari-de-2025\/#breadcrumb","itemListElement":[{"@type":"ListItem","position":1,"name":"Portada","item":"https:\/\/oriamendi.eus\/es\/"},{"@type":"ListItem","position":2,"name":"Kemen Aldabe y Endika Barrenetxea, campeones del Sagardoaren Txapelketa \u00abErremontari\u00bb de 2025"}]},{"@type":"WebSite","@id":"https:\/\/oriamendi.eus\/es\/#website","url":"https:\/\/oriamendi.eus\/es\/","name":"Oriamendi","description":"Remonte en Galarreta. Hernani. Gipuzkoa","publisher":{"@id":"https:\/\/oriamendi.eus\/es\/#organization"},"potentialAction":[{"@type":"SearchAction","target":{"@type":"EntryPoint","urlTemplate":"https:\/\/oriamendi.eus\/es\/?s={search_term_string}"},"query-input":"required name=search_term_string"}],"inLanguage":"es"},{"@type":"Organization","@id":"https:\/\/oriamendi.eus\/es\/#organization","name":"Oriamendi","url":"https:\/\/oriamendi.eus\/es\/","logo":{"@type":"ImageObject","inLanguage":"es","@id":"https:\/\/oriamendi.eus\/es\/#\/schema\/logo\/image\/","url":"https:\/\/oriamendi.eus\/wp-content\/uploads\/2020\/06\/logo-oriamendi.png","contentUrl":"https:\/\/oriamendi.eus\/wp-content\/uploads\/2020\/06\/logo-oriamendi.png","width":300,"height":90,"caption":"Oriamendi"},"image":{"@id":"https:\/\/oriamendi.eus\/es\/#\/schema\/logo\/image\/"},"sameAs":["https:\/\/www.facebook.com\/oriamendi2010remonte\/","https:\/\/twitter.com\/oriamendi2010","https:\/\/www.instagram.com\/galarretajaialai\/","https:\/\/www.youtube.com\/channel\/UC8gVNzQqB1iwnC-_rI-ihmA\/featured"]},{"@type":"Person","@id":"https:\/\/oriamendi.eus\/es\/#\/schema\/person\/c0bd06c6c747674306a5c82563e2339a","name":"I\u00f1igo Go\u00f1i","image":{"@type":"ImageObject","inLanguage":"es","@id":"https:\/\/oriamendi.eus\/es\/#\/schema\/person\/image\/","url":"https:\/\/secure.gravatar.com\/avatar\/fbb07ffc7b803bbfcc2b6419c06abd3a?s=96&d=mm&r=g","contentUrl":"https:\/\/secure.gravatar.com\/avatar\/fbb07ffc7b803bbfcc2b6419c06abd3a?s=96&d=mm&r=g","caption":"I\u00f1igo Go\u00f1i"},"url":"https:\/\/oriamendi.eus\/es\/author\/om-berriak\/"}]}},"_links":{"self":[{"href":"https:\/\/oriamendi.eus\/es\/wp-json\/wp\/v2\/posts\/8832"}],"collection":[{"href":"https:\/\/oriamendi.eus\/es\/wp-json\/wp\/v2\/posts"}],"about":[{"href":"https:\/\/oriamendi.eus\/es\/wp-json\/wp\/v2\/types\/post"}],"author":[{"embeddable":true,"href":"https:\/\/oriamendi.eus\/es\/wp-json\/wp\/v2\/users\/5"}],"replies":[{"embeddable":true,"href":"https:\/\/oriamendi.eus\/es\/wp-json\/wp\/v2\/comments?post=8832"}],"version-history":[{"count":1,"href":"https:\/\/oriamendi.eus\/es\/wp-json\/wp\/v2\/posts\/8832\/revisions"}],"predecessor-version":[{"id":8833,"href":"https:\/\/oriamendi.eus\/es\/wp-json\/wp\/v2\/posts\/8832\/revisions\/8833"}],"wp:featuredmedia":[{"embeddable":true,"href":"https:\/\/oriamendi.eus\/es\/wp-json\/wp\/v2\/media\/8828"}],"wp:attachment":[{"href":"https:\/\/oriamendi.eus\/es\/wp-json\/wp\/v2\/media?parent=8832"}],"wp:term":[{"taxonomy":"category","embeddable":true,"href":"https:\/\/oriamendi.eus\/es\/wp-json\/wp\/v2\/categories?post=8832"},{"taxonomy":"post_tag","embeddable":true,"href":"https:\/\/oriamendi.eus\/es\/wp-json\/wp\/v2\/tags?post=8832"}],"curies":[{"name":"wp","href":"https:\/\/api.w.org\/{rel}","templated":true}]}}