                                        
                                        
                                        
                                        
                                        
                                        
                                        
                                        
                                        
                                        
                                        
                                        
                                        
                                        
                                        
                                        
                                        
                                        
{"id":8822,"date":"2025-06-10T08:13:17","date_gmt":"2025-06-10T06:13:17","guid":{"rendered":"https:\/\/oriamendi.eus\/?p=8822"},"modified":"2025-06-10T08:13:17","modified_gmt":"2025-06-10T06:13:17","slug":"aldabe-y-barrenetxea-iv-oialume-zar-se-clasifican-para-la-gran-final-del-sagardoaren-txapelketa-erremontari","status":"publish","type":"post","link":"https:\/\/oriamendi.eus\/es\/2025\/06\/10\/aldabe-y-barrenetxea-iv-oialume-zar-se-clasifican-para-la-gran-final-del-sagardoaren-txapelketa-erremontari\/","title":{"rendered":"Aldabe y Barrenetxea IV (Oialume Zar) se clasifican para la gran final del Sagardoaren Txapelketa \u00abErremontari\u00bb"},"content":{"rendered":"<div><b>Jugar\u00e1n, el pr\u00f3ximo lunes, 16 de junio, ante Urriza-Larra\u00f1aga. En la semifinal, que se ha disputado este lunes, Kemen Aldabe y Endika Barrenetxea han ganado, en dos sets, 14-15 y 7-15, a Josetxo Ezkurra y a Aritz Juanenea.<\/b><\/div>\n<div><\/div>\n<div>Kemen Aldabe y Endika Barrenetxea se han clasificado para la gran final de \u00abErremontari\u00bb de 2025, ayer, en Galarreta, en Hernani, y, de esta manera, se jugar\u00e1n las txapelas del Sagardoaren Txapelketa, el pr\u00f3ximo lunes, 16 de junio, ante Javi Urriza e Iban Larra\u00f1aga. Aldabe y Barrenetxea IV han logrado el billete a la final al derrotar en la semifinal del torneo, a Josetxo Ezkurra y a Aritz Juanenea, en dos sets, por 14-15 y 7-15.<\/p>\n<p>As\u00ed, la final de \u00abErremontari\u00bb, \u00faltimo gran partido que jugar\u00e1 en su carrera Javi Urriza, enfrentar\u00e1 en Galarreta al delantero pamplon\u00e9s y a Larra\u00f1aga, ante Aldabe y Barrenetxea IV. La semifinal qued\u00f3 decidida en un encuentro que tuvo dos fases bien diferenciadas; en la primera, en el primer set, ambas parejas estuvieron muy igualadas, y Aldabe y Barrenetxea IV se llevaron el punto por tan solo un tanto, 14-15; pero en el segundo set, en cambio, Ezkurra II y Juanenea no tuvieron opci\u00f3n. En ese segundo set, fueron clave la habilidad de Barrenetxea IV en el saque; el zaguero de Hernani firm\u00f3 seis tantos con esa jugada en la segunda manga, para un total de diez, y ese hecho tuvo una notable incidencia en el desenlace de la semifinal.<\/p><\/div>\n<div><img fetchpriority=\"high\" fetchpriority=\"high\" decoding=\"async\" class=\"alignnone size-medium wp-image-8820\" src=\"https:\/\/oriamendi.eus\/wp-content\/uploads\/2025\/06\/IMG_20250609_202218_2000_x_1333_pixel-300x200.jpg\" alt=\"\" width=\"300\" height=\"200\" \/><\/p>\n<p>Con I\u00f1aki Lekuona como capit\u00e1n, y en representaci\u00f3n de la sidrer\u00eda Oialume Zar, Kemen Aldabe y Endika Barrenetxea se adelantaron 3-6 en el set que abri\u00f3 el encuentro, pero Josetxo Ezkurra y Aritz Juanenea, de Bereziartua, con Patri Espinar ejerciendo como capitana, lograron enseguida empatar a seis. Aldabe y Barrenetxea IV, en el tramo final del set, pusieron un 9-12 que los dejaba cerca de sumar el primer punto; la respuesta de Ezkurra II y Juanenea fue adecuada, y se lleg\u00f3 al \u00faltimo tanto con empate a catorce y saque para el de Saldias, pero Aldabe y Barrenetxea IV hicieron su tanto n\u00famero quince, y se adelantaron en el encuentro.<\/p>\n<p>Ezkurra II, terminado el choque, cit\u00f3 como una de las claves del mismo que el primer set cayera del lado del delantero de Lekunberri y del zaguero guipuzcoano, y lo cierto es que el segundo set no tuvo equilibrio. Barrenetxea IV hizo mucho da\u00f1o con el saque, y los ya finalistas se escaparon hasta un 1-8 que pon\u00eda ya las cosas muy dif\u00edciles a sus rivales. Ezkurra II y Juanenea se acercaron hasta el 5-8, pero una nueva tacada de cuatro tantos consecutivos estableci\u00f3 un 5-12 que fue imposible de remontar para la pareja navarra. Aldabe y Barrenetxea IV preparan ya, de esta manera, la final de \u00abErremontari\u00bb.<\/p>\n<div><\/div>\n<\/div>\n","protected":false},"excerpt":{"rendered":"<p>Jugar\u00e1n, el pr\u00f3ximo lunes, 16 de junio, ante Urriza-Larra\u00f1aga. En la semifinal, que se ha disputado este lunes, Kemen Aldabe y Endika Barrenetxea han ganado, en dos sets, 14-15 y 7-15, a Josetxo Ezkurra y a Aritz Juanenea. Kemen Aldabe y Endika Barrenetxea se han clasificado para la gran final de \u00abErremontari\u00bb de 2025, ayer, [&hellip;]<\/p>\n","protected":false},"author":5,"featured_media":8818,"comment_status":"closed","ping_status":"open","sticky":false,"template":"","format":"standard","meta":{"_et_pb_use_builder":"","_et_pb_old_content":"","_et_gb_content_width":"","footnotes":""},"categories":[1],"tags":[],"yoast_head":"<!-- This site is optimized with the Yoast SEO plugin v21.8 - https:\/\/yoast.com\/wordpress\/plugins\/seo\/ -->\n<title>Aldabe y Barrenetxea IV (Oialume Zar) se clasifican para la gran final del Sagardoaren Txapelketa &quot;Erremontari&quot; | Oriamendi 2010<\/title>\n<meta name=\"robots\" content=\"index, follow, max-snippet:-1, max-image-preview:large, max-video-preview:-1\" \/>\n<link rel=\"canonical\" href=\"https:\/\/oriamendi.eus\/es\/2025\/06\/10\/aldabe-y-barrenetxea-iv-oialume-zar-se-clasifican-para-la-gran-final-del-sagardoaren-txapelketa-erremontari\/\" \/>\n<meta property=\"og:locale\" content=\"es_ES\" \/>\n<meta property=\"og:type\" content=\"article\" \/>\n<meta property=\"og:title\" content=\"Aldabe y Barrenetxea IV (Oialume Zar) se clasifican para la gran final del Sagardoaren Txapelketa &quot;Erremontari&quot; | Oriamendi 2010\" \/>\n<meta property=\"og:description\" content=\"Jugar\u00e1n, el pr\u00f3ximo lunes, 16 de junio, ante Urriza-Larra\u00f1aga. En la semifinal, que se ha disputado este lunes, Kemen Aldabe y Endika Barrenetxea han ganado, en dos sets, 14-15 y 7-15, a Josetxo Ezkurra y a Aritz Juanenea. Kemen Aldabe y Endika Barrenetxea se han clasificado para la gran final de \u00abErremontari\u00bb de 2025, ayer, [&hellip;]\" \/>\n<meta property=\"og:url\" content=\"https:\/\/oriamendi.eus\/es\/2025\/06\/10\/aldabe-y-barrenetxea-iv-oialume-zar-se-clasifican-para-la-gran-final-del-sagardoaren-txapelketa-erremontari\/\" \/>\n<meta property=\"og:site_name\" content=\"Oriamendi 2010\" \/>\n<meta property=\"article:publisher\" content=\"https:\/\/www.facebook.com\/oriamendi2010remonte\/\" \/>\n<meta property=\"article:published_time\" content=\"2025-06-10T06:13:17+00:00\" \/>\n<meta property=\"og:image\" content=\"https:\/\/oriamendi.eus\/wp-content\/uploads\/2025\/06\/IMG_20250609_195542_2000_x_1334_pixel.jpg\" \/>\n\t<meta property=\"og:image:width\" content=\"1200\" \/>\n\t<meta property=\"og:image:height\" content=\"800\" \/>\n\t<meta property=\"og:image:type\" content=\"image\/jpeg\" \/>\n<meta name=\"author\" content=\"I\u00f1igo Go\u00f1i\" \/>\n<meta name=\"twitter:card\" content=\"summary_large_image\" \/>\n<meta name=\"twitter:creator\" content=\"@oriamendi2010\" \/>\n<meta name=\"twitter:site\" content=\"@oriamendi2010\" \/>\n<meta name=\"twitter:label1\" content=\"Escrito por\" \/>\n\t<meta name=\"twitter:data1\" content=\"I\u00f1igo Go\u00f1i\" \/>\n\t<meta name=\"twitter:label2\" content=\"Tiempo de lectura\" \/>\n\t<meta name=\"twitter:data2\" content=\"3 minutos\" \/>\n<script type=\"application\/ld+json\" class=\"yoast-schema-graph\">{\"@context\":\"https:\/\/schema.org\",\"@graph\":[{\"@type\":\"Article\",\"@id\":\"https:\/\/oriamendi.eus\/es\/2025\/06\/10\/aldabe-y-barrenetxea-iv-oialume-zar-se-clasifican-para-la-gran-final-del-sagardoaren-txapelketa-erremontari\/#article\",\"isPartOf\":{\"@id\":\"https:\/\/oriamendi.eus\/es\/2025\/06\/10\/aldabe-y-barrenetxea-iv-oialume-zar-se-clasifican-para-la-gran-final-del-sagardoaren-txapelketa-erremontari\/\"},\"author\":{\"name\":\"I\u00f1igo Go\u00f1i\",\"@id\":\"https:\/\/oriamendi.eus\/es\/#\/schema\/person\/c0bd06c6c747674306a5c82563e2339a\"},\"headline\":\"Aldabe y Barrenetxea IV (Oialume Zar) se clasifican para la gran final del Sagardoaren Txapelketa \u00abErremontari\u00bb\",\"datePublished\":\"2025-06-10T06:13:17+00:00\",\"dateModified\":\"2025-06-10T06:13:17+00:00\",\"mainEntityOfPage\":{\"@id\":\"https:\/\/oriamendi.eus\/es\/2025\/06\/10\/aldabe-y-barrenetxea-iv-oialume-zar-se-clasifican-para-la-gran-final-del-sagardoaren-txapelketa-erremontari\/\"},\"wordCount\":491,\"publisher\":{\"@id\":\"https:\/\/oriamendi.eus\/es\/#organization\"},\"articleSection\":[\"Sin categorizar\"],\"inLanguage\":\"es\"},{\"@type\":\"WebPage\",\"@id\":\"https:\/\/oriamendi.eus\/es\/2025\/06\/10\/aldabe-y-barrenetxea-iv-oialume-zar-se-clasifican-para-la-gran-final-del-sagardoaren-txapelketa-erremontari\/\",\"url\":\"https:\/\/oriamendi.eus\/es\/2025\/06\/10\/aldabe-y-barrenetxea-iv-oialume-zar-se-clasifican-para-la-gran-final-del-sagardoaren-txapelketa-erremontari\/\",\"name\":\"Aldabe y Barrenetxea IV (Oialume Zar) se clasifican para la gran final del Sagardoaren Txapelketa \\\"Erremontari\\\" | Oriamendi 2010\",\"isPartOf\":{\"@id\":\"https:\/\/oriamendi.eus\/es\/#website\"},\"datePublished\":\"2025-06-10T06:13:17+00:00\",\"dateModified\":\"2025-06-10T06:13:17+00:00\",\"breadcrumb\":{\"@id\":\"https:\/\/oriamendi.eus\/es\/2025\/06\/10\/aldabe-y-barrenetxea-iv-oialume-zar-se-clasifican-para-la-gran-final-del-sagardoaren-txapelketa-erremontari\/#breadcrumb\"},\"inLanguage\":\"es\",\"potentialAction\":[{\"@type\":\"ReadAction\",\"target\":[\"https:\/\/oriamendi.eus\/es\/2025\/06\/10\/aldabe-y-barrenetxea-iv-oialume-zar-se-clasifican-para-la-gran-final-del-sagardoaren-txapelketa-erremontari\/\"]}]},{\"@type\":\"BreadcrumbList\",\"@id\":\"https:\/\/oriamendi.eus\/es\/2025\/06\/10\/aldabe-y-barrenetxea-iv-oialume-zar-se-clasifican-para-la-gran-final-del-sagardoaren-txapelketa-erremontari\/#breadcrumb\",\"itemListElement\":[{\"@type\":\"ListItem\",\"position\":1,\"name\":\"Portada\",\"item\":\"https:\/\/oriamendi.eus\/es\/\"},{\"@type\":\"ListItem\",\"position\":2,\"name\":\"Aldabe y Barrenetxea IV (Oialume Zar) se clasifican para la gran final del Sagardoaren Txapelketa \u00abErremontari\u00bb\"}]},{\"@type\":\"WebSite\",\"@id\":\"https:\/\/oriamendi.eus\/es\/#website\",\"url\":\"https:\/\/oriamendi.eus\/es\/\",\"name\":\"Oriamendi\",\"description\":\"Remonte en Galarreta. Hernani. Gipuzkoa\",\"publisher\":{\"@id\":\"https:\/\/oriamendi.eus\/es\/#organization\"},\"potentialAction\":[{\"@type\":\"SearchAction\",\"target\":{\"@type\":\"EntryPoint\",\"urlTemplate\":\"https:\/\/oriamendi.eus\/es\/?s={search_term_string}\"},\"query-input\":\"required name=search_term_string\"}],\"inLanguage\":\"es\"},{\"@type\":\"Organization\",\"@id\":\"https:\/\/oriamendi.eus\/es\/#organization\",\"name\":\"Oriamendi\",\"url\":\"https:\/\/oriamendi.eus\/es\/\",\"logo\":{\"@type\":\"ImageObject\",\"inLanguage\":\"es\",\"@id\":\"https:\/\/oriamendi.eus\/es\/#\/schema\/logo\/image\/\",\"url\":\"https:\/\/oriamendi.eus\/wp-content\/uploads\/2020\/06\/logo-oriamendi.png\",\"contentUrl\":\"https:\/\/oriamendi.eus\/wp-content\/uploads\/2020\/06\/logo-oriamendi.png\",\"width\":300,\"height\":90,\"caption\":\"Oriamendi\"},\"image\":{\"@id\":\"https:\/\/oriamendi.eus\/es\/#\/schema\/logo\/image\/\"},\"sameAs\":[\"https:\/\/www.facebook.com\/oriamendi2010remonte\/\",\"https:\/\/twitter.com\/oriamendi2010\",\"https:\/\/www.instagram.com\/galarretajaialai\/\",\"https:\/\/www.youtube.com\/channel\/UC8gVNzQqB1iwnC-_rI-ihmA\/featured\"]},{\"@type\":\"Person\",\"@id\":\"https:\/\/oriamendi.eus\/es\/#\/schema\/person\/c0bd06c6c747674306a5c82563e2339a\",\"name\":\"I\u00f1igo Go\u00f1i\",\"image\":{\"@type\":\"ImageObject\",\"inLanguage\":\"es\",\"@id\":\"https:\/\/oriamendi.eus\/es\/#\/schema\/person\/image\/\",\"url\":\"https:\/\/secure.gravatar.com\/avatar\/fbb07ffc7b803bbfcc2b6419c06abd3a?s=96&d=mm&r=g\",\"contentUrl\":\"https:\/\/secure.gravatar.com\/avatar\/fbb07ffc7b803bbfcc2b6419c06abd3a?s=96&d=mm&r=g\",\"caption\":\"I\u00f1igo Go\u00f1i\"},\"url\":\"https:\/\/oriamendi.eus\/es\/author\/om-berriak\/\"}]}<\/script>\n<!-- \/ Yoast SEO plugin. -->","yoast_head_json":{"title":"Aldabe y Barrenetxea IV (Oialume Zar) se clasifican para la gran final del Sagardoaren Txapelketa \"Erremontari\" | Oriamendi 2010","robots":{"index":"index","follow":"follow","max-snippet":"max-snippet:-1","max-image-preview":"max-image-preview:large","max-video-preview":"max-video-preview:-1"},"canonical":"https:\/\/oriamendi.eus\/es\/2025\/06\/10\/aldabe-y-barrenetxea-iv-oialume-zar-se-clasifican-para-la-gran-final-del-sagardoaren-txapelketa-erremontari\/","og_locale":"es_ES","og_type":"article","og_title":"Aldabe y Barrenetxea IV (Oialume Zar) se clasifican para la gran final del Sagardoaren Txapelketa \"Erremontari\" | Oriamendi 2010","og_description":"Jugar\u00e1n, el pr\u00f3ximo lunes, 16 de junio, ante Urriza-Larra\u00f1aga. En la semifinal, que se ha disputado este lunes, Kemen Aldabe y Endika Barrenetxea han ganado, en dos sets, 14-15 y 7-15, a Josetxo Ezkurra y a Aritz Juanenea. Kemen Aldabe y Endika Barrenetxea se han clasificado para la gran final de \u00abErremontari\u00bb de 2025, ayer, [&hellip;]","og_url":"https:\/\/oriamendi.eus\/es\/2025\/06\/10\/aldabe-y-barrenetxea-iv-oialume-zar-se-clasifican-para-la-gran-final-del-sagardoaren-txapelketa-erremontari\/","og_site_name":"Oriamendi 2010","article_publisher":"https:\/\/www.facebook.com\/oriamendi2010remonte\/","article_published_time":"2025-06-10T06:13:17+00:00","og_image":[{"width":1200,"height":800,"url":"https:\/\/oriamendi.eus\/wp-content\/uploads\/2025\/06\/IMG_20250609_195542_2000_x_1334_pixel.jpg","type":"image\/jpeg"}],"author":"I\u00f1igo Go\u00f1i","twitter_card":"summary_large_image","twitter_creator":"@oriamendi2010","twitter_site":"@oriamendi2010","twitter_misc":{"Escrito por":"I\u00f1igo Go\u00f1i","Tiempo de lectura":"3 minutos"},"schema":{"@context":"https:\/\/schema.org","@graph":[{"@type":"Article","@id":"https:\/\/oriamendi.eus\/es\/2025\/06\/10\/aldabe-y-barrenetxea-iv-oialume-zar-se-clasifican-para-la-gran-final-del-sagardoaren-txapelketa-erremontari\/#article","isPartOf":{"@id":"https:\/\/oriamendi.eus\/es\/2025\/06\/10\/aldabe-y-barrenetxea-iv-oialume-zar-se-clasifican-para-la-gran-final-del-sagardoaren-txapelketa-erremontari\/"},"author":{"name":"I\u00f1igo Go\u00f1i","@id":"https:\/\/oriamendi.eus\/es\/#\/schema\/person\/c0bd06c6c747674306a5c82563e2339a"},"headline":"Aldabe y Barrenetxea IV (Oialume Zar) se clasifican para la gran final del Sagardoaren Txapelketa \u00abErremontari\u00bb","datePublished":"2025-06-10T06:13:17+00:00","dateModified":"2025-06-10T06:13:17+00:00","mainEntityOfPage":{"@id":"https:\/\/oriamendi.eus\/es\/2025\/06\/10\/aldabe-y-barrenetxea-iv-oialume-zar-se-clasifican-para-la-gran-final-del-sagardoaren-txapelketa-erremontari\/"},"wordCount":491,"publisher":{"@id":"https:\/\/oriamendi.eus\/es\/#organization"},"articleSection":["Sin categorizar"],"inLanguage":"es"},{"@type":"WebPage","@id":"https:\/\/oriamendi.eus\/es\/2025\/06\/10\/aldabe-y-barrenetxea-iv-oialume-zar-se-clasifican-para-la-gran-final-del-sagardoaren-txapelketa-erremontari\/","url":"https:\/\/oriamendi.eus\/es\/2025\/06\/10\/aldabe-y-barrenetxea-iv-oialume-zar-se-clasifican-para-la-gran-final-del-sagardoaren-txapelketa-erremontari\/","name":"Aldabe y Barrenetxea IV (Oialume Zar) se clasifican para la gran final del Sagardoaren Txapelketa \"Erremontari\" | Oriamendi 2010","isPartOf":{"@id":"https:\/\/oriamendi.eus\/es\/#website"},"datePublished":"2025-06-10T06:13:17+00:00","dateModified":"2025-06-10T06:13:17+00:00","breadcrumb":{"@id":"https:\/\/oriamendi.eus\/es\/2025\/06\/10\/aldabe-y-barrenetxea-iv-oialume-zar-se-clasifican-para-la-gran-final-del-sagardoaren-txapelketa-erremontari\/#breadcrumb"},"inLanguage":"es","potentialAction":[{"@type":"ReadAction","target":["https:\/\/oriamendi.eus\/es\/2025\/06\/10\/aldabe-y-barrenetxea-iv-oialume-zar-se-clasifican-para-la-gran-final-del-sagardoaren-txapelketa-erremontari\/"]}]},{"@type":"BreadcrumbList","@id":"https:\/\/oriamendi.eus\/es\/2025\/06\/10\/aldabe-y-barrenetxea-iv-oialume-zar-se-clasifican-para-la-gran-final-del-sagardoaren-txapelketa-erremontari\/#breadcrumb","itemListElement":[{"@type":"ListItem","position":1,"name":"Portada","item":"https:\/\/oriamendi.eus\/es\/"},{"@type":"ListItem","position":2,"name":"Aldabe y Barrenetxea IV (Oialume Zar) se clasifican para la gran final del Sagardoaren Txapelketa \u00abErremontari\u00bb"}]},{"@type":"WebSite","@id":"https:\/\/oriamendi.eus\/es\/#website","url":"https:\/\/oriamendi.eus\/es\/","name":"Oriamendi","description":"Remonte en Galarreta. Hernani. Gipuzkoa","publisher":{"@id":"https:\/\/oriamendi.eus\/es\/#organization"},"potentialAction":[{"@type":"SearchAction","target":{"@type":"EntryPoint","urlTemplate":"https:\/\/oriamendi.eus\/es\/?s={search_term_string}"},"query-input":"required name=search_term_string"}],"inLanguage":"es"},{"@type":"Organization","@id":"https:\/\/oriamendi.eus\/es\/#organization","name":"Oriamendi","url":"https:\/\/oriamendi.eus\/es\/","logo":{"@type":"ImageObject","inLanguage":"es","@id":"https:\/\/oriamendi.eus\/es\/#\/schema\/logo\/image\/","url":"https:\/\/oriamendi.eus\/wp-content\/uploads\/2020\/06\/logo-oriamendi.png","contentUrl":"https:\/\/oriamendi.eus\/wp-content\/uploads\/2020\/06\/logo-oriamendi.png","width":300,"height":90,"caption":"Oriamendi"},"image":{"@id":"https:\/\/oriamendi.eus\/es\/#\/schema\/logo\/image\/"},"sameAs":["https:\/\/www.facebook.com\/oriamendi2010remonte\/","https:\/\/twitter.com\/oriamendi2010","https:\/\/www.instagram.com\/galarretajaialai\/","https:\/\/www.youtube.com\/channel\/UC8gVNzQqB1iwnC-_rI-ihmA\/featured"]},{"@type":"Person","@id":"https:\/\/oriamendi.eus\/es\/#\/schema\/person\/c0bd06c6c747674306a5c82563e2339a","name":"I\u00f1igo Go\u00f1i","image":{"@type":"ImageObject","inLanguage":"es","@id":"https:\/\/oriamendi.eus\/es\/#\/schema\/person\/image\/","url":"https:\/\/secure.gravatar.com\/avatar\/fbb07ffc7b803bbfcc2b6419c06abd3a?s=96&d=mm&r=g","contentUrl":"https:\/\/secure.gravatar.com\/avatar\/fbb07ffc7b803bbfcc2b6419c06abd3a?s=96&d=mm&r=g","caption":"I\u00f1igo Go\u00f1i"},"url":"https:\/\/oriamendi.eus\/es\/author\/om-berriak\/"}]}},"_links":{"self":[{"href":"https:\/\/oriamendi.eus\/es\/wp-json\/wp\/v2\/posts\/8822"}],"collection":[{"href":"https:\/\/oriamendi.eus\/es\/wp-json\/wp\/v2\/posts"}],"about":[{"href":"https:\/\/oriamendi.eus\/es\/wp-json\/wp\/v2\/types\/post"}],"author":[{"embeddable":true,"href":"https:\/\/oriamendi.eus\/es\/wp-json\/wp\/v2\/users\/5"}],"replies":[{"embeddable":true,"href":"https:\/\/oriamendi.eus\/es\/wp-json\/wp\/v2\/comments?post=8822"}],"version-history":[{"count":1,"href":"https:\/\/oriamendi.eus\/es\/wp-json\/wp\/v2\/posts\/8822\/revisions"}],"predecessor-version":[{"id":8823,"href":"https:\/\/oriamendi.eus\/es\/wp-json\/wp\/v2\/posts\/8822\/revisions\/8823"}],"wp:featuredmedia":[{"embeddable":true,"href":"https:\/\/oriamendi.eus\/es\/wp-json\/wp\/v2\/media\/8818"}],"wp:attachment":[{"href":"https:\/\/oriamendi.eus\/es\/wp-json\/wp\/v2\/media?parent=8822"}],"wp:term":[{"taxonomy":"category","embeddable":true,"href":"https:\/\/oriamendi.eus\/es\/wp-json\/wp\/v2\/categories?post=8822"},{"taxonomy":"post_tag","embeddable":true,"href":"https:\/\/oriamendi.eus\/es\/wp-json\/wp\/v2\/tags?post=8822"}],"curies":[{"name":"wp","href":"https:\/\/api.w.org\/{rel}","templated":true}]}}