                                        
                                        
                                        
                                        
                                        
                                        
                                        
                                        
                                        
                                        
                                        
                                        
                                        
                                        
                                        
                                        
                                        
                                        
{"id":8784,"date":"2025-05-23T08:07:46","date_gmt":"2025-05-23T06:07:46","guid":{"rendered":"https:\/\/oriamendi.eus\/?p=8784"},"modified":"2025-05-23T08:07:46","modified_gmt":"2025-05-23T06:07:46","slug":"todo-por-decidir-en-la-ultima-jornada-en-galarreta","status":"publish","type":"post","link":"https:\/\/oriamendi.eus\/es\/2025\/05\/23\/todo-por-decidir-en-la-ultima-jornada-en-galarreta\/","title":{"rendered":"Todo por decidir en la \u00faltima jornada en Galarreta"},"content":{"rendered":"<p data-start=\"233\" data-end=\"345\">Tres parejas aspiran al primer puesto, y otras tres podr\u00edan quedar eliminadas; emoci\u00f3n y tensi\u00f3n al m\u00e1ximo nivel<\/p>\n<p data-start=\"347\" data-end=\"830\">El <strong data-start=\"350\" data-end=\"387\">Campeonato de Remonte de la Sidra<\/strong> entra en su jornada final de liguilla, y lo hace sin nada decidido.<br data-start=\"455\" data-end=\"458\" \/>Esta tarde de lunes, los dos partidos que se disputar\u00e1n en el front\u00f3n Galarreta determinar\u00e1n qu\u00e9 pareja se clasifica directamente para la gran final, cu\u00e1les acceder\u00e1n al playoff o a la semifinal\u2026 y cu\u00e1l se despedir\u00e1 del campeonato. Pero m\u00e1s all\u00e1 de la emoci\u00f3n competitiva, un dato destaca por encima de todos: <strong data-start=\"768\" data-end=\"829\">hay tres parejas con opciones reales de quedar eliminadas<\/strong>.<\/p>\n<h3 data-start=\"832\" data-end=\"876\">Clasificaci\u00f3n antes de la \u00faltima jornada<\/h3>\n<ul data-start=\"878\" data-end=\"1132\">\n<li data-start=\"878\" data-end=\"922\">\n<p data-start=\"880\" data-end=\"922\">Urriza &#8211; Larra\u00f1aga (Petritegi): 8 puntos<\/p>\n<\/li>\n<li data-start=\"923\" data-end=\"996\">\n<p data-start=\"925\" data-end=\"996\">Ezkurra II &#8211; Juanenea (Bereziartua): 8 puntos (<em data-start=\"972\" data-end=\"993\">liguilla completada<\/em>)<\/p>\n<\/li>\n<li data-start=\"997\" data-end=\"1048\">\n<p data-start=\"999\" data-end=\"1048\">Aldabe &#8211; Barrenetxea IV (Oialume Zar): 7 puntos<\/p>\n<\/li>\n<li data-start=\"1049\" data-end=\"1089\">\n<p data-start=\"1051\" data-end=\"1089\">Ansa II &#8211; Zubiri (Aburuza): 7 puntos<\/p>\n<\/li>\n<li data-start=\"1090\" data-end=\"1132\">\n<p data-start=\"1092\" data-end=\"1132\">Segurola &#8211; Azpiroz (Alorrenea): 2 puntos<\/p>\n<\/li>\n<\/ul>\n<h3 data-start=\"1134\" data-end=\"1168\">Partidos del lunes 26 de mayo:<\/h3>\n<ul data-start=\"1170\" data-end=\"1324\">\n<li data-start=\"1170\" data-end=\"1242\">\n<p data-start=\"1172\" data-end=\"1242\"><strong data-start=\"1172\" data-end=\"1202\">Ansa II &#8211; Zubiri (Aburuza)<\/strong> vs <strong data-start=\"1206\" data-end=\"1240\">Urriza &#8211; Larra\u00f1aga (Petritegi)<\/strong><\/p>\n<\/li>\n<li data-start=\"1243\" data-end=\"1324\">\n<p data-start=\"1245\" data-end=\"1324\"><strong data-start=\"1245\" data-end=\"1279\">Segurola &#8211; Azpiroz (Alorrenea)<\/strong> vs <strong data-start=\"1283\" data-end=\"1324\">Aldabe &#8211; Barrenetxea IV (Oialume Zar)<\/strong><\/p>\n<\/li>\n<\/ul>\n<h3 data-start=\"1326\" data-end=\"1357\">Tres aspirantes al liderato<\/h3>\n<p data-start=\"1359\" data-end=\"1503\">Ezkurra II y Juanenea han finalizado ya su participaci\u00f3n con 8 puntos, pero <strong data-start=\"1435\" data-end=\"1475\">hasta tres parejas pueden superarles<\/strong> y colocarse en lo m\u00e1s alto:<\/p>\n<ul data-start=\"1505\" data-end=\"1950\">\n<li data-start=\"1505\" data-end=\"1612\">\n<p data-start=\"1507\" data-end=\"1612\">Si <strong data-start=\"1510\" data-end=\"1532\">Urriza y Larra\u00f1aga<\/strong> vencen por 2-0, sumar\u00e1n 12 puntos y se clasificar\u00e1n directamente para la final.<\/p>\n<\/li>\n<li data-start=\"1613\" data-end=\"1768\">\n<p data-start=\"1615\" data-end=\"1768\">Si <strong data-start=\"1618\" data-end=\"1635\">Ansa y Zubiri<\/strong> logran un 2-0 y 4 puntos, podr\u00edan llegar a 11 y superar al d\u00fao de Bereziartua, siempre que Urriza-Larra\u00f1aga no sumen lo mismo o m\u00e1s.<\/p>\n<\/li>\n<li data-start=\"1769\" data-end=\"1950\">\n<p data-start=\"1771\" data-end=\"1950\">En caso de que <strong data-start=\"1786\" data-end=\"1813\">Aldabe y Barrenetxea IV<\/strong> ganen con solvencia y obtengan tambi\u00e9n 4 puntos, alcanzar\u00edan los 11 y, seg\u00fan el resultado del otro partido, podr\u00edan incluso ser l\u00edderes.<\/p>\n<\/li>\n<\/ul>\n<p data-start=\"1952\" data-end=\"2207\">Cabe recordar que <strong data-start=\"1970\" data-end=\"2016\">si dos parejas terminan empatadas a puntos<\/strong>, el criterio de desempate es el <strong data-start=\"2049\" data-end=\"2101\">resultado del enfrentamiento directo entre ambas<\/strong>. Por lo tanto, los puntos de hoy no son lo \u00fanico que importa: tambi\u00e9n es crucial <strong data-start=\"2183\" data-end=\"2206\">qui\u00e9n vence a qui\u00e9n<\/strong>.<\/p>\n<h3 data-start=\"2209\" data-end=\"2251\">Riesgo de eliminaci\u00f3n: tres candidatas<\/h3>\n<p data-start=\"2253\" data-end=\"2403\">Aunque solo una pareja quedar\u00e1 matem\u00e1ticamente fuera, <strong data-start=\"2307\" data-end=\"2356\">hay tres que podr\u00edan ocupar ese \u00faltimo puesto<\/strong>, dependiendo de los resultados y puntuaciones:<\/p>\n<ul data-start=\"2405\" data-end=\"2696\">\n<li data-start=\"2405\" data-end=\"2522\">\n<p data-start=\"2407\" data-end=\"2522\"><strong data-start=\"2407\" data-end=\"2429\">Segurola &#8211; Azpiroz<\/strong>: en 36 de los escenarios posibles acaban \u00faltimos; es decir, su margen de maniobra es m\u00ednimo.<\/p>\n<\/li>\n<li data-start=\"2523\" data-end=\"2638\">\n<p data-start=\"2525\" data-end=\"2638\"><strong data-start=\"2525\" data-end=\"2552\">Aldabe &#8211; Barrenetxea IV<\/strong>: podr\u00edan acabar eliminados en 6 casos, especialmente si obtienen puntuaci\u00f3n negativa.<\/p>\n<\/li>\n<li data-start=\"2639\" data-end=\"2696\">\n<p data-start=\"2641\" data-end=\"2696\"><strong data-start=\"2641\" data-end=\"2661\">Ansa II &#8211; Zubiri<\/strong>: en 2 escenarios terminan \u00faltimos.<\/p>\n<\/li>\n<\/ul>\n<p data-start=\"2698\" data-end=\"2843\">Si se produjera un triple empate a 6 puntos, el criterio de desempate pasar\u00eda a ser el <strong data-start=\"2785\" data-end=\"2842\">total de tantos conseguidos a lo largo del campeonato<\/strong>.<\/p>\n<h3 data-start=\"2845\" data-end=\"2862\">Todo en juego<\/h3>\n<p data-start=\"2864\" data-end=\"2966\">Los dos partidos que se jugar\u00e1n esta tarde en Galarreta decidir\u00e1n qui\u00e9n avanza y qui\u00e9n se queda fuera:<\/p>\n<ul data-start=\"2967\" data-end=\"3331\">\n<li data-start=\"2967\" data-end=\"3116\">\n<p data-start=\"2969\" data-end=\"3116\">En el primero, <strong data-start=\"2984\" data-end=\"3049\">Ansa y Zubiri se juegan tanto el liderato como su continuidad<\/strong> ante <strong data-start=\"3055\" data-end=\"3077\">Urriza y Larra\u00f1aga<\/strong>, que tambi\u00e9n aspiran al primer puesto.<\/p>\n<\/li>\n<li data-start=\"3117\" data-end=\"3331\">\n<p data-start=\"3119\" data-end=\"3331\">En el segundo, <strong data-start=\"3134\" data-end=\"3191\">Segurola y Azpiroz se aferran a su \u00faltima oportunidad<\/strong> frente a <strong data-start=\"3201\" data-end=\"3228\">Aldabe y Barrenetxea IV<\/strong>, pero una simple victoria no les basta: <strong data-start=\"3269\" data-end=\"3305\">necesitan tambi\u00e9n un buen tanteo<\/strong> para forzar el desempate.<\/p>\n<\/li>\n<\/ul>\n<p data-start=\"3333\" data-end=\"3618\">Los partidos comenzar\u00e1n a las 18:00 en Galarreta y se emitir\u00e1n por ETB1 a partir de las 22:30.<br data-start=\"3427\" data-end=\"3430\" \/><strong data-start=\"3430\" data-end=\"3468\">Emoci\u00f3n, tensi\u00f3n y m\u00e1xima igualdad<\/strong>. Esta edici\u00f3n del campeonato ha demostrado que, incluso en una liguilla, <strong data-start=\"3542\" data-end=\"3617\">cada tanto cuenta y cada jornada puede ser decisiva como una gran final<\/strong>.<\/p>\n","protected":false},"excerpt":{"rendered":"<p>Tres parejas aspiran al primer puesto, y otras tres podr\u00edan quedar eliminadas; emoci\u00f3n y tensi\u00f3n al m\u00e1ximo nivel El Campeonato de Remonte de la Sidra entra en su jornada final de liguilla, y lo hace sin nada decidido.Esta tarde de lunes, los dos partidos que se disputar\u00e1n en el front\u00f3n Galarreta determinar\u00e1n qu\u00e9 pareja se [&hellip;]<\/p>\n","protected":false},"author":3,"featured_media":8782,"comment_status":"closed","ping_status":"open","sticky":false,"template":"","format":"standard","meta":{"_et_pb_use_builder":"","_et_pb_old_content":"","_et_gb_content_width":"","footnotes":""},"categories":[1],"tags":[],"yoast_head":"<!-- This site is optimized with the Yoast SEO plugin v21.8 - https:\/\/yoast.com\/wordpress\/plugins\/seo\/ -->\n<title>Todo por decidir en la \u00faltima jornada en Galarreta | Oriamendi 2010<\/title>\n<meta name=\"robots\" content=\"index, follow, max-snippet:-1, max-image-preview:large, max-video-preview:-1\" \/>\n<link rel=\"canonical\" href=\"https:\/\/oriamendi.eus\/es\/2025\/05\/23\/todo-por-decidir-en-la-ultima-jornada-en-galarreta\/\" \/>\n<meta property=\"og:locale\" content=\"es_ES\" \/>\n<meta property=\"og:type\" content=\"article\" \/>\n<meta property=\"og:title\" content=\"Todo por decidir en la \u00faltima jornada en Galarreta | Oriamendi 2010\" \/>\n<meta property=\"og:description\" content=\"Tres parejas aspiran al primer puesto, y otras tres podr\u00edan quedar eliminadas; emoci\u00f3n y tensi\u00f3n al m\u00e1ximo nivel El Campeonato de Remonte de la Sidra entra en su jornada final de liguilla, y lo hace sin nada decidido.Esta tarde de lunes, los dos partidos que se disputar\u00e1n en el front\u00f3n Galarreta determinar\u00e1n qu\u00e9 pareja se [&hellip;]\" \/>\n<meta property=\"og:url\" content=\"https:\/\/oriamendi.eus\/es\/2025\/05\/23\/todo-por-decidir-en-la-ultima-jornada-en-galarreta\/\" \/>\n<meta property=\"og:site_name\" content=\"Oriamendi 2010\" \/>\n<meta property=\"article:publisher\" content=\"https:\/\/www.facebook.com\/oriamendi2010remonte\/\" \/>\n<meta property=\"article:published_time\" content=\"2025-05-23T06:07:46+00:00\" \/>\n<meta property=\"og:image\" content=\"https:\/\/oriamendi.eus\/wp-content\/uploads\/2025\/05\/ERREMONTARI-sailkapena.jpg\" \/>\n\t<meta property=\"og:image:width\" content=\"1200\" \/>\n\t<meta property=\"og:image:height\" content=\"800\" \/>\n\t<meta property=\"og:image:type\" content=\"image\/jpeg\" \/>\n<meta name=\"author\" content=\"Endika Barrenetxea\" \/>\n<meta name=\"twitter:card\" content=\"summary_large_image\" \/>\n<meta name=\"twitter:creator\" content=\"@oriamendi2010\" \/>\n<meta name=\"twitter:site\" content=\"@oriamendi2010\" \/>\n<meta name=\"twitter:label1\" content=\"Escrito por\" \/>\n\t<meta name=\"twitter:data1\" content=\"Endika Barrenetxea\" \/>\n\t<meta name=\"twitter:label2\" content=\"Tiempo de lectura\" \/>\n\t<meta name=\"twitter:data2\" content=\"3 minutos\" \/>\n<script type=\"application\/ld+json\" class=\"yoast-schema-graph\">{\"@context\":\"https:\/\/schema.org\",\"@graph\":[{\"@type\":\"Article\",\"@id\":\"https:\/\/oriamendi.eus\/es\/2025\/05\/23\/todo-por-decidir-en-la-ultima-jornada-en-galarreta\/#article\",\"isPartOf\":{\"@id\":\"https:\/\/oriamendi.eus\/es\/2025\/05\/23\/todo-por-decidir-en-la-ultima-jornada-en-galarreta\/\"},\"author\":{\"name\":\"Endika Barrenetxea\",\"@id\":\"https:\/\/oriamendi.eus\/es\/#\/schema\/person\/d50c13df7440d84706fe7d03941cc92f\"},\"headline\":\"Todo por decidir en la \u00faltima jornada en Galarreta\",\"datePublished\":\"2025-05-23T06:07:46+00:00\",\"dateModified\":\"2025-05-23T06:07:46+00:00\",\"mainEntityOfPage\":{\"@id\":\"https:\/\/oriamendi.eus\/es\/2025\/05\/23\/todo-por-decidir-en-la-ultima-jornada-en-galarreta\/\"},\"wordCount\":578,\"publisher\":{\"@id\":\"https:\/\/oriamendi.eus\/es\/#organization\"},\"articleSection\":[\"Sin categorizar\"],\"inLanguage\":\"es\"},{\"@type\":\"WebPage\",\"@id\":\"https:\/\/oriamendi.eus\/es\/2025\/05\/23\/todo-por-decidir-en-la-ultima-jornada-en-galarreta\/\",\"url\":\"https:\/\/oriamendi.eus\/es\/2025\/05\/23\/todo-por-decidir-en-la-ultima-jornada-en-galarreta\/\",\"name\":\"Todo por decidir en la \u00faltima jornada en Galarreta | Oriamendi 2010\",\"isPartOf\":{\"@id\":\"https:\/\/oriamendi.eus\/es\/#website\"},\"datePublished\":\"2025-05-23T06:07:46+00:00\",\"dateModified\":\"2025-05-23T06:07:46+00:00\",\"breadcrumb\":{\"@id\":\"https:\/\/oriamendi.eus\/es\/2025\/05\/23\/todo-por-decidir-en-la-ultima-jornada-en-galarreta\/#breadcrumb\"},\"inLanguage\":\"es\",\"potentialAction\":[{\"@type\":\"ReadAction\",\"target\":[\"https:\/\/oriamendi.eus\/es\/2025\/05\/23\/todo-por-decidir-en-la-ultima-jornada-en-galarreta\/\"]}]},{\"@type\":\"BreadcrumbList\",\"@id\":\"https:\/\/oriamendi.eus\/es\/2025\/05\/23\/todo-por-decidir-en-la-ultima-jornada-en-galarreta\/#breadcrumb\",\"itemListElement\":[{\"@type\":\"ListItem\",\"position\":1,\"name\":\"Portada\",\"item\":\"https:\/\/oriamendi.eus\/es\/\"},{\"@type\":\"ListItem\",\"position\":2,\"name\":\"Todo por decidir en la \u00faltima jornada en Galarreta\"}]},{\"@type\":\"WebSite\",\"@id\":\"https:\/\/oriamendi.eus\/es\/#website\",\"url\":\"https:\/\/oriamendi.eus\/es\/\",\"name\":\"Oriamendi\",\"description\":\"Remonte en Galarreta. Hernani. Gipuzkoa\",\"publisher\":{\"@id\":\"https:\/\/oriamendi.eus\/es\/#organization\"},\"potentialAction\":[{\"@type\":\"SearchAction\",\"target\":{\"@type\":\"EntryPoint\",\"urlTemplate\":\"https:\/\/oriamendi.eus\/es\/?s={search_term_string}\"},\"query-input\":\"required name=search_term_string\"}],\"inLanguage\":\"es\"},{\"@type\":\"Organization\",\"@id\":\"https:\/\/oriamendi.eus\/es\/#organization\",\"name\":\"Oriamendi\",\"url\":\"https:\/\/oriamendi.eus\/es\/\",\"logo\":{\"@type\":\"ImageObject\",\"inLanguage\":\"es\",\"@id\":\"https:\/\/oriamendi.eus\/es\/#\/schema\/logo\/image\/\",\"url\":\"https:\/\/oriamendi.eus\/wp-content\/uploads\/2020\/06\/logo-oriamendi.png\",\"contentUrl\":\"https:\/\/oriamendi.eus\/wp-content\/uploads\/2020\/06\/logo-oriamendi.png\",\"width\":300,\"height\":90,\"caption\":\"Oriamendi\"},\"image\":{\"@id\":\"https:\/\/oriamendi.eus\/es\/#\/schema\/logo\/image\/\"},\"sameAs\":[\"https:\/\/www.facebook.com\/oriamendi2010remonte\/\",\"https:\/\/twitter.com\/oriamendi2010\",\"https:\/\/www.instagram.com\/galarretajaialai\/\",\"https:\/\/www.youtube.com\/channel\/UC8gVNzQqB1iwnC-_rI-ihmA\/featured\"]},{\"@type\":\"Person\",\"@id\":\"https:\/\/oriamendi.eus\/es\/#\/schema\/person\/d50c13df7440d84706fe7d03941cc92f\",\"name\":\"Endika Barrenetxea\",\"image\":{\"@type\":\"ImageObject\",\"inLanguage\":\"es\",\"@id\":\"https:\/\/oriamendi.eus\/es\/#\/schema\/person\/image\/\",\"url\":\"https:\/\/secure.gravatar.com\/avatar\/26a16205d858e579d56d8adc8addd712?s=96&d=mm&r=g\",\"contentUrl\":\"https:\/\/secure.gravatar.com\/avatar\/26a16205d858e579d56d8adc8addd712?s=96&d=mm&r=g\",\"caption\":\"Endika Barrenetxea\"},\"url\":\"https:\/\/oriamendi.eus\/es\/author\/om-kudeaketa\/\"}]}<\/script>\n<!-- \/ Yoast SEO plugin. -->","yoast_head_json":{"title":"Todo por decidir en la \u00faltima jornada en Galarreta | Oriamendi 2010","robots":{"index":"index","follow":"follow","max-snippet":"max-snippet:-1","max-image-preview":"max-image-preview:large","max-video-preview":"max-video-preview:-1"},"canonical":"https:\/\/oriamendi.eus\/es\/2025\/05\/23\/todo-por-decidir-en-la-ultima-jornada-en-galarreta\/","og_locale":"es_ES","og_type":"article","og_title":"Todo por decidir en la \u00faltima jornada en Galarreta | Oriamendi 2010","og_description":"Tres parejas aspiran al primer puesto, y otras tres podr\u00edan quedar eliminadas; emoci\u00f3n y tensi\u00f3n al m\u00e1ximo nivel El Campeonato de Remonte de la Sidra entra en su jornada final de liguilla, y lo hace sin nada decidido.Esta tarde de lunes, los dos partidos que se disputar\u00e1n en el front\u00f3n Galarreta determinar\u00e1n qu\u00e9 pareja se [&hellip;]","og_url":"https:\/\/oriamendi.eus\/es\/2025\/05\/23\/todo-por-decidir-en-la-ultima-jornada-en-galarreta\/","og_site_name":"Oriamendi 2010","article_publisher":"https:\/\/www.facebook.com\/oriamendi2010remonte\/","article_published_time":"2025-05-23T06:07:46+00:00","og_image":[{"width":1200,"height":800,"url":"https:\/\/oriamendi.eus\/wp-content\/uploads\/2025\/05\/ERREMONTARI-sailkapena.jpg","type":"image\/jpeg"}],"author":"Endika Barrenetxea","twitter_card":"summary_large_image","twitter_creator":"@oriamendi2010","twitter_site":"@oriamendi2010","twitter_misc":{"Escrito por":"Endika Barrenetxea","Tiempo de lectura":"3 minutos"},"schema":{"@context":"https:\/\/schema.org","@graph":[{"@type":"Article","@id":"https:\/\/oriamendi.eus\/es\/2025\/05\/23\/todo-por-decidir-en-la-ultima-jornada-en-galarreta\/#article","isPartOf":{"@id":"https:\/\/oriamendi.eus\/es\/2025\/05\/23\/todo-por-decidir-en-la-ultima-jornada-en-galarreta\/"},"author":{"name":"Endika Barrenetxea","@id":"https:\/\/oriamendi.eus\/es\/#\/schema\/person\/d50c13df7440d84706fe7d03941cc92f"},"headline":"Todo por decidir en la \u00faltima jornada en Galarreta","datePublished":"2025-05-23T06:07:46+00:00","dateModified":"2025-05-23T06:07:46+00:00","mainEntityOfPage":{"@id":"https:\/\/oriamendi.eus\/es\/2025\/05\/23\/todo-por-decidir-en-la-ultima-jornada-en-galarreta\/"},"wordCount":578,"publisher":{"@id":"https:\/\/oriamendi.eus\/es\/#organization"},"articleSection":["Sin categorizar"],"inLanguage":"es"},{"@type":"WebPage","@id":"https:\/\/oriamendi.eus\/es\/2025\/05\/23\/todo-por-decidir-en-la-ultima-jornada-en-galarreta\/","url":"https:\/\/oriamendi.eus\/es\/2025\/05\/23\/todo-por-decidir-en-la-ultima-jornada-en-galarreta\/","name":"Todo por decidir en la \u00faltima jornada en Galarreta | Oriamendi 2010","isPartOf":{"@id":"https:\/\/oriamendi.eus\/es\/#website"},"datePublished":"2025-05-23T06:07:46+00:00","dateModified":"2025-05-23T06:07:46+00:00","breadcrumb":{"@id":"https:\/\/oriamendi.eus\/es\/2025\/05\/23\/todo-por-decidir-en-la-ultima-jornada-en-galarreta\/#breadcrumb"},"inLanguage":"es","potentialAction":[{"@type":"ReadAction","target":["https:\/\/oriamendi.eus\/es\/2025\/05\/23\/todo-por-decidir-en-la-ultima-jornada-en-galarreta\/"]}]},{"@type":"BreadcrumbList","@id":"https:\/\/oriamendi.eus\/es\/2025\/05\/23\/todo-por-decidir-en-la-ultima-jornada-en-galarreta\/#breadcrumb","itemListElement":[{"@type":"ListItem","position":1,"name":"Portada","item":"https:\/\/oriamendi.eus\/es\/"},{"@type":"ListItem","position":2,"name":"Todo por decidir en la \u00faltima jornada en Galarreta"}]},{"@type":"WebSite","@id":"https:\/\/oriamendi.eus\/es\/#website","url":"https:\/\/oriamendi.eus\/es\/","name":"Oriamendi","description":"Remonte en Galarreta. Hernani. Gipuzkoa","publisher":{"@id":"https:\/\/oriamendi.eus\/es\/#organization"},"potentialAction":[{"@type":"SearchAction","target":{"@type":"EntryPoint","urlTemplate":"https:\/\/oriamendi.eus\/es\/?s={search_term_string}"},"query-input":"required name=search_term_string"}],"inLanguage":"es"},{"@type":"Organization","@id":"https:\/\/oriamendi.eus\/es\/#organization","name":"Oriamendi","url":"https:\/\/oriamendi.eus\/es\/","logo":{"@type":"ImageObject","inLanguage":"es","@id":"https:\/\/oriamendi.eus\/es\/#\/schema\/logo\/image\/","url":"https:\/\/oriamendi.eus\/wp-content\/uploads\/2020\/06\/logo-oriamendi.png","contentUrl":"https:\/\/oriamendi.eus\/wp-content\/uploads\/2020\/06\/logo-oriamendi.png","width":300,"height":90,"caption":"Oriamendi"},"image":{"@id":"https:\/\/oriamendi.eus\/es\/#\/schema\/logo\/image\/"},"sameAs":["https:\/\/www.facebook.com\/oriamendi2010remonte\/","https:\/\/twitter.com\/oriamendi2010","https:\/\/www.instagram.com\/galarretajaialai\/","https:\/\/www.youtube.com\/channel\/UC8gVNzQqB1iwnC-_rI-ihmA\/featured"]},{"@type":"Person","@id":"https:\/\/oriamendi.eus\/es\/#\/schema\/person\/d50c13df7440d84706fe7d03941cc92f","name":"Endika Barrenetxea","image":{"@type":"ImageObject","inLanguage":"es","@id":"https:\/\/oriamendi.eus\/es\/#\/schema\/person\/image\/","url":"https:\/\/secure.gravatar.com\/avatar\/26a16205d858e579d56d8adc8addd712?s=96&d=mm&r=g","contentUrl":"https:\/\/secure.gravatar.com\/avatar\/26a16205d858e579d56d8adc8addd712?s=96&d=mm&r=g","caption":"Endika Barrenetxea"},"url":"https:\/\/oriamendi.eus\/es\/author\/om-kudeaketa\/"}]}},"_links":{"self":[{"href":"https:\/\/oriamendi.eus\/es\/wp-json\/wp\/v2\/posts\/8784"}],"collection":[{"href":"https:\/\/oriamendi.eus\/es\/wp-json\/wp\/v2\/posts"}],"about":[{"href":"https:\/\/oriamendi.eus\/es\/wp-json\/wp\/v2\/types\/post"}],"author":[{"embeddable":true,"href":"https:\/\/oriamendi.eus\/es\/wp-json\/wp\/v2\/users\/3"}],"replies":[{"embeddable":true,"href":"https:\/\/oriamendi.eus\/es\/wp-json\/wp\/v2\/comments?post=8784"}],"version-history":[{"count":1,"href":"https:\/\/oriamendi.eus\/es\/wp-json\/wp\/v2\/posts\/8784\/revisions"}],"predecessor-version":[{"id":8785,"href":"https:\/\/oriamendi.eus\/es\/wp-json\/wp\/v2\/posts\/8784\/revisions\/8785"}],"wp:featuredmedia":[{"embeddable":true,"href":"https:\/\/oriamendi.eus\/es\/wp-json\/wp\/v2\/media\/8782"}],"wp:attachment":[{"href":"https:\/\/oriamendi.eus\/es\/wp-json\/wp\/v2\/media?parent=8784"}],"wp:term":[{"taxonomy":"category","embeddable":true,"href":"https:\/\/oriamendi.eus\/es\/wp-json\/wp\/v2\/categories?post=8784"},{"taxonomy":"post_tag","embeddable":true,"href":"https:\/\/oriamendi.eus\/es\/wp-json\/wp\/v2\/tags?post=8784"}],"curies":[{"name":"wp","href":"https:\/\/api.w.org\/{rel}","templated":true}]}}