                                        
                                        
                                        
                                        
                                        
                                        
                                        
                                        
                                        
                                        
                                        
                                        
                                        
                                        
                                        
                                        
                                        
                                        
{"id":8767,"date":"2025-05-13T08:28:22","date_gmt":"2025-05-13T06:28:22","guid":{"rendered":"https:\/\/oriamendi.eus\/?p=8767"},"modified":"2025-05-13T08:28:22","modified_gmt":"2025-05-13T06:28:22","slug":"urriza-larranaga-y-ezkurra-ii-juanenea-suman-cuatro-puntos-en-la-tercera-jornada-del-sagardoaren-txapelketa","status":"publish","type":"post","link":"https:\/\/oriamendi.eus\/es\/2025\/05\/13\/urriza-larranaga-y-ezkurra-ii-juanenea-suman-cuatro-puntos-en-la-tercera-jornada-del-sagardoaren-txapelketa\/","title":{"rendered":"Urriza-Larra\u00f1aga y Ezkurra II-Juanenea suman cuatro puntos en la tercera jornada del Sagardoaren Txapelketa"},"content":{"rendered":"<p><strong>Javi Urriza e Iban Larra\u00f1aga han ganado en dos sets, por 15-14 y 15-13, ante Segurola y Azpiroz, y Josetxo Ezkurra y Aritz Juanenea han superado, tambi\u00e9n en dos sets, por 15-13 y 15-12, a Aldabe y Barrenetxea IV. Con ocho puntos, Ezkurra II y Juanenea son l\u00edderes de \u00abErremontari\u00bb.<\/strong><\/p>\n<p>&nbsp;<\/p>\n<p>Javi Urriza e Iban Larra\u00f1aga han ganado a Be\u00f1at Segurola y Xabi Azpiroz, en dos sets, por 15-14 y 15-13, y\u00a0Josetxo Ezkurra y Aritz Juanenea han superado, tambi\u00e9n en dos sets, a Kemen Aldabe y Endika Barrenetxea, por 15-13 y 15-12, en la\u00a0tercera jornada del Sagardoaren Txapelketa \u00abErremontari\u00bb\u00a0de 2025, en Galarreta, en Hernani, este lunes. As\u00ed,\u00a0Urriza-Larra\u00f1aga y Ezkurra II-Juanenea han sumado cuatro puntos, y Segurola-Azpiroz y Aldabe-Barrenetxea IV, en cambio, no han puntuado; en la clasificaci\u00f3n del Sagardoaren Txapelketa,\u00a0Josetxo Ezkurra y Juanenea, con ocho puntos, son l\u00edderes, Aldabe y Barrenetxea IV son segundos con siete puntos, Urriza y Larra\u00f1aga y Ansa II y Zubiri tienen cuatro, y Segurola y Azpiroz cuentan con un punto.<\/p>\n<p>De esta manera,\u00a0en el primer partido de los dos que hemos presenciado en Galarreta, Urriza y Larra\u00f1aga, de Petritegi, con Aritz Altadill como capit\u00e1n, han mejorado sus prestaciones del pasado lunes, y, jugando a un nivel superior al mostrado, ante Aldabe y Barrenetxea IV, en su estreno en el campeonato, se han adjudicado un triunfo de gran importancia. En el primer set, el delantero iruindarra y el zaguero de Azkoitia han ganado por la m\u00ednima, 15-14; en el segundo, los cuatro protagonistas han jugado con m\u00e1s acierto, de forma m\u00e1s brillante, y, nuevamente, Urriza y Larra\u00f1aga han sabido llevarse el punto, en este caso por 15-13. Segurola y Azpiroz, de Alorrenea, con Igor Arruti en el cargo de capit\u00e1n, quedan en una situaci\u00f3n apurada, con un punto sumado en los dos partidos que han disputado.<\/p>\n<p>El segundo encuentro\u00a0ha sido de gran calidad, y ha tenido emoci\u00f3n, a pesar de que se ha resuelto tambi\u00e9n en dos sets. Ezkurra II y Juanenea, de Bereziartua, capitaneados por Patri Espinar, han comenzado mal, y perd\u00edan por 1-6 en el primer set, con Barrenetxea IV demostrando, una vez m\u00e1s, que es un maestro con el saque; pero el delantero de Santesteban y el zaguero de Saldias se han repuesto muy bien, y han logrado embolsarse el primer set, 15-13. En el segundo, que ha resultado espectacular y muy igualado, Aldabe y Barrenetxea IV, de Oialume Zar, con I\u00f1aki Lekuona como capit\u00e1n, lo han intentado de todas las maneras, pero Ezkurra II y Juanenea no han cedido, y han ganado por 15-12.<\/p>\n<p>&nbsp;<\/p>\n<div><b>Sailkapena<\/b><\/p>\n<p>1. Ezkurra II-Juanenea (Bereziartua) 8 puntu hiru partidu<\/p><\/div>\n<div>2. Aldabe-Barrenetxea IV (Oialume Zar) 7 puntu hiru partidu<br \/>\n3. Ansa II-Zubiri (Aburuza) 4 puntu bi partidu<br \/>\n4. Urriza-Larra\u00f1aga (Petritegi) 4 puntu bi partidu<br \/>\n5. Segurola-Azpiroz (Alorrenea) puntu bat bi partidu bat<\/div>\n","protected":false},"excerpt":{"rendered":"<p>Javi Urriza e Iban Larra\u00f1aga han ganado en dos sets, por 15-14 y 15-13, ante Segurola y Azpiroz, y Josetxo Ezkurra y Aritz Juanenea han superado, tambi\u00e9n en dos sets, por 15-13 y 15-12, a Aldabe y Barrenetxea IV. Con ocho puntos, Ezkurra II y Juanenea son l\u00edderes de \u00abErremontari\u00bb. &nbsp; Javi Urriza e Iban [&hellip;]<\/p>\n","protected":false},"author":5,"featured_media":8683,"comment_status":"closed","ping_status":"open","sticky":false,"template":"","format":"standard","meta":{"_et_pb_use_builder":"","_et_pb_old_content":"","_et_gb_content_width":"","footnotes":""},"categories":[1],"tags":[],"yoast_head":"<!-- This site is optimized with the Yoast SEO plugin v21.8 - https:\/\/yoast.com\/wordpress\/plugins\/seo\/ -->\n<title>Urriza-Larra\u00f1aga y Ezkurra II-Juanenea suman cuatro puntos en la tercera jornada del Sagardoaren Txapelketa | Oriamendi 2010<\/title>\n<meta name=\"robots\" content=\"index, follow, max-snippet:-1, max-image-preview:large, max-video-preview:-1\" \/>\n<link rel=\"canonical\" href=\"https:\/\/oriamendi.eus\/es\/2025\/05\/13\/urriza-larranaga-y-ezkurra-ii-juanenea-suman-cuatro-puntos-en-la-tercera-jornada-del-sagardoaren-txapelketa\/\" \/>\n<meta property=\"og:locale\" content=\"es_ES\" \/>\n<meta property=\"og:type\" content=\"article\" \/>\n<meta property=\"og:title\" content=\"Urriza-Larra\u00f1aga y Ezkurra II-Juanenea suman cuatro puntos en la tercera jornada del Sagardoaren Txapelketa | Oriamendi 2010\" \/>\n<meta property=\"og:description\" content=\"Javi Urriza e Iban Larra\u00f1aga han ganado en dos sets, por 15-14 y 15-13, ante Segurola y Azpiroz, y Josetxo Ezkurra y Aritz Juanenea han superado, tambi\u00e9n en dos sets, por 15-13 y 15-12, a Aldabe y Barrenetxea IV. Con ocho puntos, Ezkurra II y Juanenea son l\u00edderes de \u00abErremontari\u00bb. &nbsp; Javi Urriza e Iban [&hellip;]\" \/>\n<meta property=\"og:url\" content=\"https:\/\/oriamendi.eus\/es\/2025\/05\/13\/urriza-larranaga-y-ezkurra-ii-juanenea-suman-cuatro-puntos-en-la-tercera-jornada-del-sagardoaren-txapelketa\/\" \/>\n<meta property=\"og:site_name\" content=\"Oriamendi 2010\" \/>\n<meta property=\"article:publisher\" content=\"https:\/\/www.facebook.com\/oriamendi2010remonte\/\" \/>\n<meta property=\"article:published_time\" content=\"2025-05-13T06:28:22+00:00\" \/>\n<meta property=\"og:image\" content=\"https:\/\/oriamendi.eus\/wp-content\/uploads\/2025\/02\/Urrizaren-agurra.jpg\" \/>\n\t<meta property=\"og:image:width\" content=\"1200\" \/>\n\t<meta property=\"og:image:height\" content=\"800\" \/>\n\t<meta property=\"og:image:type\" content=\"image\/jpeg\" \/>\n<meta name=\"author\" content=\"I\u00f1igo Go\u00f1i\" \/>\n<meta name=\"twitter:card\" content=\"summary_large_image\" \/>\n<meta name=\"twitter:creator\" content=\"@oriamendi2010\" \/>\n<meta name=\"twitter:site\" content=\"@oriamendi2010\" \/>\n<meta name=\"twitter:label1\" content=\"Escrito por\" \/>\n\t<meta name=\"twitter:data1\" content=\"I\u00f1igo Go\u00f1i\" \/>\n\t<meta name=\"twitter:label2\" content=\"Tiempo de lectura\" \/>\n\t<meta name=\"twitter:data2\" content=\"3 minutos\" \/>\n<script type=\"application\/ld+json\" class=\"yoast-schema-graph\">{\"@context\":\"https:\/\/schema.org\",\"@graph\":[{\"@type\":\"Article\",\"@id\":\"https:\/\/oriamendi.eus\/es\/2025\/05\/13\/urriza-larranaga-y-ezkurra-ii-juanenea-suman-cuatro-puntos-en-la-tercera-jornada-del-sagardoaren-txapelketa\/#article\",\"isPartOf\":{\"@id\":\"https:\/\/oriamendi.eus\/es\/2025\/05\/13\/urriza-larranaga-y-ezkurra-ii-juanenea-suman-cuatro-puntos-en-la-tercera-jornada-del-sagardoaren-txapelketa\/\"},\"author\":{\"name\":\"I\u00f1igo Go\u00f1i\",\"@id\":\"https:\/\/oriamendi.eus\/es\/#\/schema\/person\/c0bd06c6c747674306a5c82563e2339a\"},\"headline\":\"Urriza-Larra\u00f1aga y Ezkurra II-Juanenea suman cuatro puntos en la tercera jornada del Sagardoaren Txapelketa\",\"datePublished\":\"2025-05-13T06:28:22+00:00\",\"dateModified\":\"2025-05-13T06:28:22+00:00\",\"mainEntityOfPage\":{\"@id\":\"https:\/\/oriamendi.eus\/es\/2025\/05\/13\/urriza-larranaga-y-ezkurra-ii-juanenea-suman-cuatro-puntos-en-la-tercera-jornada-del-sagardoaren-txapelketa\/\"},\"wordCount\":501,\"publisher\":{\"@id\":\"https:\/\/oriamendi.eus\/es\/#organization\"},\"articleSection\":[\"Sin categorizar\"],\"inLanguage\":\"es\"},{\"@type\":\"WebPage\",\"@id\":\"https:\/\/oriamendi.eus\/es\/2025\/05\/13\/urriza-larranaga-y-ezkurra-ii-juanenea-suman-cuatro-puntos-en-la-tercera-jornada-del-sagardoaren-txapelketa\/\",\"url\":\"https:\/\/oriamendi.eus\/es\/2025\/05\/13\/urriza-larranaga-y-ezkurra-ii-juanenea-suman-cuatro-puntos-en-la-tercera-jornada-del-sagardoaren-txapelketa\/\",\"name\":\"Urriza-Larra\u00f1aga y Ezkurra II-Juanenea suman cuatro puntos en la tercera jornada del Sagardoaren Txapelketa | Oriamendi 2010\",\"isPartOf\":{\"@id\":\"https:\/\/oriamendi.eus\/es\/#website\"},\"datePublished\":\"2025-05-13T06:28:22+00:00\",\"dateModified\":\"2025-05-13T06:28:22+00:00\",\"breadcrumb\":{\"@id\":\"https:\/\/oriamendi.eus\/es\/2025\/05\/13\/urriza-larranaga-y-ezkurra-ii-juanenea-suman-cuatro-puntos-en-la-tercera-jornada-del-sagardoaren-txapelketa\/#breadcrumb\"},\"inLanguage\":\"es\",\"potentialAction\":[{\"@type\":\"ReadAction\",\"target\":[\"https:\/\/oriamendi.eus\/es\/2025\/05\/13\/urriza-larranaga-y-ezkurra-ii-juanenea-suman-cuatro-puntos-en-la-tercera-jornada-del-sagardoaren-txapelketa\/\"]}]},{\"@type\":\"BreadcrumbList\",\"@id\":\"https:\/\/oriamendi.eus\/es\/2025\/05\/13\/urriza-larranaga-y-ezkurra-ii-juanenea-suman-cuatro-puntos-en-la-tercera-jornada-del-sagardoaren-txapelketa\/#breadcrumb\",\"itemListElement\":[{\"@type\":\"ListItem\",\"position\":1,\"name\":\"Portada\",\"item\":\"https:\/\/oriamendi.eus\/es\/\"},{\"@type\":\"ListItem\",\"position\":2,\"name\":\"Urriza-Larra\u00f1aga y Ezkurra II-Juanenea suman cuatro puntos en la tercera jornada del Sagardoaren Txapelketa\"}]},{\"@type\":\"WebSite\",\"@id\":\"https:\/\/oriamendi.eus\/es\/#website\",\"url\":\"https:\/\/oriamendi.eus\/es\/\",\"name\":\"Oriamendi\",\"description\":\"Remonte en Galarreta. Hernani. Gipuzkoa\",\"publisher\":{\"@id\":\"https:\/\/oriamendi.eus\/es\/#organization\"},\"potentialAction\":[{\"@type\":\"SearchAction\",\"target\":{\"@type\":\"EntryPoint\",\"urlTemplate\":\"https:\/\/oriamendi.eus\/es\/?s={search_term_string}\"},\"query-input\":\"required name=search_term_string\"}],\"inLanguage\":\"es\"},{\"@type\":\"Organization\",\"@id\":\"https:\/\/oriamendi.eus\/es\/#organization\",\"name\":\"Oriamendi\",\"url\":\"https:\/\/oriamendi.eus\/es\/\",\"logo\":{\"@type\":\"ImageObject\",\"inLanguage\":\"es\",\"@id\":\"https:\/\/oriamendi.eus\/es\/#\/schema\/logo\/image\/\",\"url\":\"https:\/\/oriamendi.eus\/wp-content\/uploads\/2020\/06\/logo-oriamendi.png\",\"contentUrl\":\"https:\/\/oriamendi.eus\/wp-content\/uploads\/2020\/06\/logo-oriamendi.png\",\"width\":300,\"height\":90,\"caption\":\"Oriamendi\"},\"image\":{\"@id\":\"https:\/\/oriamendi.eus\/es\/#\/schema\/logo\/image\/\"},\"sameAs\":[\"https:\/\/www.facebook.com\/oriamendi2010remonte\/\",\"https:\/\/twitter.com\/oriamendi2010\",\"https:\/\/www.instagram.com\/galarretajaialai\/\",\"https:\/\/www.youtube.com\/channel\/UC8gVNzQqB1iwnC-_rI-ihmA\/featured\"]},{\"@type\":\"Person\",\"@id\":\"https:\/\/oriamendi.eus\/es\/#\/schema\/person\/c0bd06c6c747674306a5c82563e2339a\",\"name\":\"I\u00f1igo Go\u00f1i\",\"image\":{\"@type\":\"ImageObject\",\"inLanguage\":\"es\",\"@id\":\"https:\/\/oriamendi.eus\/es\/#\/schema\/person\/image\/\",\"url\":\"https:\/\/secure.gravatar.com\/avatar\/fbb07ffc7b803bbfcc2b6419c06abd3a?s=96&d=mm&r=g\",\"contentUrl\":\"https:\/\/secure.gravatar.com\/avatar\/fbb07ffc7b803bbfcc2b6419c06abd3a?s=96&d=mm&r=g\",\"caption\":\"I\u00f1igo Go\u00f1i\"},\"url\":\"https:\/\/oriamendi.eus\/es\/author\/om-berriak\/\"}]}<\/script>\n<!-- \/ Yoast SEO plugin. -->","yoast_head_json":{"title":"Urriza-Larra\u00f1aga y Ezkurra II-Juanenea suman cuatro puntos en la tercera jornada del Sagardoaren Txapelketa | Oriamendi 2010","robots":{"index":"index","follow":"follow","max-snippet":"max-snippet:-1","max-image-preview":"max-image-preview:large","max-video-preview":"max-video-preview:-1"},"canonical":"https:\/\/oriamendi.eus\/es\/2025\/05\/13\/urriza-larranaga-y-ezkurra-ii-juanenea-suman-cuatro-puntos-en-la-tercera-jornada-del-sagardoaren-txapelketa\/","og_locale":"es_ES","og_type":"article","og_title":"Urriza-Larra\u00f1aga y Ezkurra II-Juanenea suman cuatro puntos en la tercera jornada del Sagardoaren Txapelketa | Oriamendi 2010","og_description":"Javi Urriza e Iban Larra\u00f1aga han ganado en dos sets, por 15-14 y 15-13, ante Segurola y Azpiroz, y Josetxo Ezkurra y Aritz Juanenea han superado, tambi\u00e9n en dos sets, por 15-13 y 15-12, a Aldabe y Barrenetxea IV. Con ocho puntos, Ezkurra II y Juanenea son l\u00edderes de \u00abErremontari\u00bb. &nbsp; Javi Urriza e Iban [&hellip;]","og_url":"https:\/\/oriamendi.eus\/es\/2025\/05\/13\/urriza-larranaga-y-ezkurra-ii-juanenea-suman-cuatro-puntos-en-la-tercera-jornada-del-sagardoaren-txapelketa\/","og_site_name":"Oriamendi 2010","article_publisher":"https:\/\/www.facebook.com\/oriamendi2010remonte\/","article_published_time":"2025-05-13T06:28:22+00:00","og_image":[{"width":1200,"height":800,"url":"https:\/\/oriamendi.eus\/wp-content\/uploads\/2025\/02\/Urrizaren-agurra.jpg","type":"image\/jpeg"}],"author":"I\u00f1igo Go\u00f1i","twitter_card":"summary_large_image","twitter_creator":"@oriamendi2010","twitter_site":"@oriamendi2010","twitter_misc":{"Escrito por":"I\u00f1igo Go\u00f1i","Tiempo de lectura":"3 minutos"},"schema":{"@context":"https:\/\/schema.org","@graph":[{"@type":"Article","@id":"https:\/\/oriamendi.eus\/es\/2025\/05\/13\/urriza-larranaga-y-ezkurra-ii-juanenea-suman-cuatro-puntos-en-la-tercera-jornada-del-sagardoaren-txapelketa\/#article","isPartOf":{"@id":"https:\/\/oriamendi.eus\/es\/2025\/05\/13\/urriza-larranaga-y-ezkurra-ii-juanenea-suman-cuatro-puntos-en-la-tercera-jornada-del-sagardoaren-txapelketa\/"},"author":{"name":"I\u00f1igo Go\u00f1i","@id":"https:\/\/oriamendi.eus\/es\/#\/schema\/person\/c0bd06c6c747674306a5c82563e2339a"},"headline":"Urriza-Larra\u00f1aga y Ezkurra II-Juanenea suman cuatro puntos en la tercera jornada del Sagardoaren Txapelketa","datePublished":"2025-05-13T06:28:22+00:00","dateModified":"2025-05-13T06:28:22+00:00","mainEntityOfPage":{"@id":"https:\/\/oriamendi.eus\/es\/2025\/05\/13\/urriza-larranaga-y-ezkurra-ii-juanenea-suman-cuatro-puntos-en-la-tercera-jornada-del-sagardoaren-txapelketa\/"},"wordCount":501,"publisher":{"@id":"https:\/\/oriamendi.eus\/es\/#organization"},"articleSection":["Sin categorizar"],"inLanguage":"es"},{"@type":"WebPage","@id":"https:\/\/oriamendi.eus\/es\/2025\/05\/13\/urriza-larranaga-y-ezkurra-ii-juanenea-suman-cuatro-puntos-en-la-tercera-jornada-del-sagardoaren-txapelketa\/","url":"https:\/\/oriamendi.eus\/es\/2025\/05\/13\/urriza-larranaga-y-ezkurra-ii-juanenea-suman-cuatro-puntos-en-la-tercera-jornada-del-sagardoaren-txapelketa\/","name":"Urriza-Larra\u00f1aga y Ezkurra II-Juanenea suman cuatro puntos en la tercera jornada del Sagardoaren Txapelketa | Oriamendi 2010","isPartOf":{"@id":"https:\/\/oriamendi.eus\/es\/#website"},"datePublished":"2025-05-13T06:28:22+00:00","dateModified":"2025-05-13T06:28:22+00:00","breadcrumb":{"@id":"https:\/\/oriamendi.eus\/es\/2025\/05\/13\/urriza-larranaga-y-ezkurra-ii-juanenea-suman-cuatro-puntos-en-la-tercera-jornada-del-sagardoaren-txapelketa\/#breadcrumb"},"inLanguage":"es","potentialAction":[{"@type":"ReadAction","target":["https:\/\/oriamendi.eus\/es\/2025\/05\/13\/urriza-larranaga-y-ezkurra-ii-juanenea-suman-cuatro-puntos-en-la-tercera-jornada-del-sagardoaren-txapelketa\/"]}]},{"@type":"BreadcrumbList","@id":"https:\/\/oriamendi.eus\/es\/2025\/05\/13\/urriza-larranaga-y-ezkurra-ii-juanenea-suman-cuatro-puntos-en-la-tercera-jornada-del-sagardoaren-txapelketa\/#breadcrumb","itemListElement":[{"@type":"ListItem","position":1,"name":"Portada","item":"https:\/\/oriamendi.eus\/es\/"},{"@type":"ListItem","position":2,"name":"Urriza-Larra\u00f1aga y Ezkurra II-Juanenea suman cuatro puntos en la tercera jornada del Sagardoaren Txapelketa"}]},{"@type":"WebSite","@id":"https:\/\/oriamendi.eus\/es\/#website","url":"https:\/\/oriamendi.eus\/es\/","name":"Oriamendi","description":"Remonte en Galarreta. Hernani. Gipuzkoa","publisher":{"@id":"https:\/\/oriamendi.eus\/es\/#organization"},"potentialAction":[{"@type":"SearchAction","target":{"@type":"EntryPoint","urlTemplate":"https:\/\/oriamendi.eus\/es\/?s={search_term_string}"},"query-input":"required name=search_term_string"}],"inLanguage":"es"},{"@type":"Organization","@id":"https:\/\/oriamendi.eus\/es\/#organization","name":"Oriamendi","url":"https:\/\/oriamendi.eus\/es\/","logo":{"@type":"ImageObject","inLanguage":"es","@id":"https:\/\/oriamendi.eus\/es\/#\/schema\/logo\/image\/","url":"https:\/\/oriamendi.eus\/wp-content\/uploads\/2020\/06\/logo-oriamendi.png","contentUrl":"https:\/\/oriamendi.eus\/wp-content\/uploads\/2020\/06\/logo-oriamendi.png","width":300,"height":90,"caption":"Oriamendi"},"image":{"@id":"https:\/\/oriamendi.eus\/es\/#\/schema\/logo\/image\/"},"sameAs":["https:\/\/www.facebook.com\/oriamendi2010remonte\/","https:\/\/twitter.com\/oriamendi2010","https:\/\/www.instagram.com\/galarretajaialai\/","https:\/\/www.youtube.com\/channel\/UC8gVNzQqB1iwnC-_rI-ihmA\/featured"]},{"@type":"Person","@id":"https:\/\/oriamendi.eus\/es\/#\/schema\/person\/c0bd06c6c747674306a5c82563e2339a","name":"I\u00f1igo Go\u00f1i","image":{"@type":"ImageObject","inLanguage":"es","@id":"https:\/\/oriamendi.eus\/es\/#\/schema\/person\/image\/","url":"https:\/\/secure.gravatar.com\/avatar\/fbb07ffc7b803bbfcc2b6419c06abd3a?s=96&d=mm&r=g","contentUrl":"https:\/\/secure.gravatar.com\/avatar\/fbb07ffc7b803bbfcc2b6419c06abd3a?s=96&d=mm&r=g","caption":"I\u00f1igo Go\u00f1i"},"url":"https:\/\/oriamendi.eus\/es\/author\/om-berriak\/"}]}},"_links":{"self":[{"href":"https:\/\/oriamendi.eus\/es\/wp-json\/wp\/v2\/posts\/8767"}],"collection":[{"href":"https:\/\/oriamendi.eus\/es\/wp-json\/wp\/v2\/posts"}],"about":[{"href":"https:\/\/oriamendi.eus\/es\/wp-json\/wp\/v2\/types\/post"}],"author":[{"embeddable":true,"href":"https:\/\/oriamendi.eus\/es\/wp-json\/wp\/v2\/users\/5"}],"replies":[{"embeddable":true,"href":"https:\/\/oriamendi.eus\/es\/wp-json\/wp\/v2\/comments?post=8767"}],"version-history":[{"count":1,"href":"https:\/\/oriamendi.eus\/es\/wp-json\/wp\/v2\/posts\/8767\/revisions"}],"predecessor-version":[{"id":8768,"href":"https:\/\/oriamendi.eus\/es\/wp-json\/wp\/v2\/posts\/8767\/revisions\/8768"}],"wp:featuredmedia":[{"embeddable":true,"href":"https:\/\/oriamendi.eus\/es\/wp-json\/wp\/v2\/media\/8683"}],"wp:attachment":[{"href":"https:\/\/oriamendi.eus\/es\/wp-json\/wp\/v2\/media?parent=8767"}],"wp:term":[{"taxonomy":"category","embeddable":true,"href":"https:\/\/oriamendi.eus\/es\/wp-json\/wp\/v2\/categories?post=8767"},{"taxonomy":"post_tag","embeddable":true,"href":"https:\/\/oriamendi.eus\/es\/wp-json\/wp\/v2\/tags?post=8767"}],"curies":[{"name":"wp","href":"https:\/\/api.w.org\/{rel}","templated":true}]}}