                                        
                                        
                                        
                                        
                                        
                                        
                                        
                                        
                                        
                                        
                                        
                                        
                                        
                                        
                                        
                                        
                                        
                                        
{"id":8763,"date":"2025-05-06T08:36:45","date_gmt":"2025-05-06T06:36:45","guid":{"rendered":"https:\/\/oriamendi.eus\/?p=8763"},"modified":"2025-05-06T08:36:45","modified_gmt":"2025-05-06T06:36:45","slug":"aldabe-y-barrenetxea-iv-y-ansa-ii-y-zubiri-ganan-y-suman-cuatro-y-tres-puntos-en-erremontari","status":"publish","type":"post","link":"https:\/\/oriamendi.eus\/es\/2025\/05\/06\/aldabe-y-barrenetxea-iv-y-ansa-ii-y-zubiri-ganan-y-suman-cuatro-y-tres-puntos-en-erremontari\/","title":{"rendered":"Aldabe y Barrenetxea IV y Ansa II y Zubiri ganan, y suman cuatro y tres puntos, en \u00abErremontari\u00bb"},"content":{"rendered":"<p>En la segunda jornada del campeonato, Kemen Aldabe y Endika Barrenetxea han superado a Javi Urriza y a Iban Larra\u00f1aga en dos sets (6-15 y 12-15), en tanto que Imanol Ansa y Aritz Zubiri han ganado en tres sets ante Josetxo Ezkurra y Aritz Juanenea (10-15, 15-13 y 8-3).<\/p>\n<p>Kemen Aldabe y Endika Barrenetxea han ganado ante Javi Urriza e Iban Larra\u00f1aga, en dos sets, por 6-15 y 12-15, e\u00a0Imanol Ansa y Aritz Zubiri han superado a Josetxo Ezkurra y Aritz Juanenea, en tres sets, por 10-15, 15-13 y 8-3, en la\u00a0segunda jornada de \u00abErremontari\u00bb de 2025, en Galarreta, en Hernani, este lunes. De esta forma,\u00a0<a href=\"https:\/\/www.eitb.eus\/es\/deportes\/pelota\/detalle\/9960240\/clasificaciones-resultados-y-calendario-de-erremontari-2025\/\" data-nofollow=\"true\">para la clasificaci\u00f3n del Sagardoaren Txapelketa<\/a>, Aldabe y Barrenetxea IV, l\u00edderes, suman cuatro puntos, y ya tienen siete, en tanto que Ansa II y Zubiri obtienen tres, con lo que ya disponen de cuatro; Urriza y Larra\u00f1aga todav\u00eda no han puntuado, y Ezkurra II y Juanenea cuentan con cuatro puntos, con el de este lunes.<\/p>\n<p>As\u00ed,\u00a0en el primer partido de esta segunda jornada,\u00a0Aldabe y Barrenetxea IV, representantes de la sidrer\u00eda Oialume Zar y con I\u00f1aki Lekuona como capit\u00e1n, han superado con claridad a Urriza y a Larra\u00f1aga, de Petritegi, con Aritz Altadill como capit\u00e1n, que se estrenaban en el torneo. La superioridad del delantero de Lekunberri y del zaguero de Hernani ha sido patente en el primer set, que se han adjudicado con claridad; en el segundo set, Urriza, que ha pasado por un complicado trance personal en los \u00faltimos d\u00edas, ha podido entrar m\u00e1s en juego, y Larra\u00f1aga ha apoyado bien a su delantero, con lo que la igualdad ha sido mucho m\u00e1s grande. Al final,\u00a0Aldabe y Barrenetxea IV, que se encuentran en un gran momento, han asegurado un triunfo que los sit\u00faa en lo m\u00e1s alto de la clasificaci\u00f3n.<\/p>\n<p>En el segundo encuentro\u00a0disputado en Galarreta, Ansa II y Zubiri, de Aburuza, se han sobrepuesto a un flojo inicio, y se han embolsado un triunfo de mucho valor, ya que, con los tres puntos que han sumado, igualan a cuatro con Ezkurra II y Juanenea, Bereziartua. El delantero de Santesteban y el zaguero de Saldias, capitaneados por Patri Espinar, han ganado el primer set, por 10-15, y han comenzado muy fuerte sen el segundo, pero la reacci\u00f3n de Ansa II y de Zubiri, con Gorka Izagirre en el cargo de capit\u00e1n, ha sido sobresaliente.\u00a0En el set de desempate, el delantero de Urnieta y el zaguero de Goizueta se han mostrado m\u00e1s firmes que sus rivales, y no han dejado escapar la victoria.<\/p>\n","protected":false},"excerpt":{"rendered":"<p>En la segunda jornada del campeonato, Kemen Aldabe y Endika Barrenetxea han superado a Javi Urriza y a Iban Larra\u00f1aga en dos sets (6-15 y 12-15), en tanto que Imanol Ansa y Aritz Zubiri han ganado en tres sets ante Josetxo Ezkurra y Aritz Juanenea (10-15, 15-13 y 8-3). Kemen Aldabe y Endika Barrenetxea han [&hellip;]<\/p>\n","protected":false},"author":5,"featured_media":8761,"comment_status":"closed","ping_status":"open","sticky":false,"template":"","format":"standard","meta":{"_et_pb_use_builder":"","_et_pb_old_content":"","_et_gb_content_width":"","footnotes":""},"categories":[1],"tags":[],"yoast_head":"<!-- This site is optimized with the Yoast SEO plugin v21.8 - https:\/\/yoast.com\/wordpress\/plugins\/seo\/ -->\n<title>Aldabe y Barrenetxea IV y Ansa II y Zubiri ganan, y suman cuatro y tres puntos, en &quot;Erremontari&quot; | Oriamendi 2010<\/title>\n<meta name=\"robots\" content=\"index, follow, max-snippet:-1, max-image-preview:large, max-video-preview:-1\" \/>\n<link rel=\"canonical\" href=\"https:\/\/oriamendi.eus\/es\/2025\/05\/06\/aldabe-y-barrenetxea-iv-y-ansa-ii-y-zubiri-ganan-y-suman-cuatro-y-tres-puntos-en-erremontari\/\" \/>\n<meta property=\"og:locale\" content=\"es_ES\" \/>\n<meta property=\"og:type\" content=\"article\" \/>\n<meta property=\"og:title\" content=\"Aldabe y Barrenetxea IV y Ansa II y Zubiri ganan, y suman cuatro y tres puntos, en &quot;Erremontari&quot; | Oriamendi 2010\" \/>\n<meta property=\"og:description\" content=\"En la segunda jornada del campeonato, Kemen Aldabe y Endika Barrenetxea han superado a Javi Urriza y a Iban Larra\u00f1aga en dos sets (6-15 y 12-15), en tanto que Imanol Ansa y Aritz Zubiri han ganado en tres sets ante Josetxo Ezkurra y Aritz Juanenea (10-15, 15-13 y 8-3). Kemen Aldabe y Endika Barrenetxea han [&hellip;]\" \/>\n<meta property=\"og:url\" content=\"https:\/\/oriamendi.eus\/es\/2025\/05\/06\/aldabe-y-barrenetxea-iv-y-ansa-ii-y-zubiri-ganan-y-suman-cuatro-y-tres-puntos-en-erremontari\/\" \/>\n<meta property=\"og:site_name\" content=\"Oriamendi 2010\" \/>\n<meta property=\"article:publisher\" content=\"https:\/\/www.facebook.com\/oriamendi2010remonte\/\" \/>\n<meta property=\"article:published_time\" content=\"2025-05-06T06:36:45+00:00\" \/>\n<meta property=\"og:image\" content=\"https:\/\/oriamendi.eus\/wp-content\/uploads\/2025\/05\/erremontea.jpg\" \/>\n\t<meta property=\"og:image:width\" content=\"607\" \/>\n\t<meta property=\"og:image:height\" content=\"355\" \/>\n\t<meta property=\"og:image:type\" content=\"image\/jpeg\" \/>\n<meta name=\"author\" content=\"I\u00f1igo Go\u00f1i\" \/>\n<meta name=\"twitter:card\" content=\"summary_large_image\" \/>\n<meta name=\"twitter:creator\" content=\"@oriamendi2010\" \/>\n<meta name=\"twitter:site\" content=\"@oriamendi2010\" \/>\n<meta name=\"twitter:label1\" content=\"Escrito por\" \/>\n\t<meta name=\"twitter:data1\" content=\"I\u00f1igo Go\u00f1i\" \/>\n\t<meta name=\"twitter:label2\" content=\"Tiempo de lectura\" \/>\n\t<meta name=\"twitter:data2\" content=\"3 minutos\" \/>\n<script type=\"application\/ld+json\" class=\"yoast-schema-graph\">{\"@context\":\"https:\/\/schema.org\",\"@graph\":[{\"@type\":\"Article\",\"@id\":\"https:\/\/oriamendi.eus\/es\/2025\/05\/06\/aldabe-y-barrenetxea-iv-y-ansa-ii-y-zubiri-ganan-y-suman-cuatro-y-tres-puntos-en-erremontari\/#article\",\"isPartOf\":{\"@id\":\"https:\/\/oriamendi.eus\/es\/2025\/05\/06\/aldabe-y-barrenetxea-iv-y-ansa-ii-y-zubiri-ganan-y-suman-cuatro-y-tres-puntos-en-erremontari\/\"},\"author\":{\"name\":\"I\u00f1igo Go\u00f1i\",\"@id\":\"https:\/\/oriamendi.eus\/es\/#\/schema\/person\/c0bd06c6c747674306a5c82563e2339a\"},\"headline\":\"Aldabe y Barrenetxea IV y Ansa II y Zubiri ganan, y suman cuatro y tres puntos, en \u00abErremontari\u00bb\",\"datePublished\":\"2025-05-06T06:36:45+00:00\",\"dateModified\":\"2025-05-06T06:36:45+00:00\",\"mainEntityOfPage\":{\"@id\":\"https:\/\/oriamendi.eus\/es\/2025\/05\/06\/aldabe-y-barrenetxea-iv-y-ansa-ii-y-zubiri-ganan-y-suman-cuatro-y-tres-puntos-en-erremontari\/\"},\"wordCount\":464,\"publisher\":{\"@id\":\"https:\/\/oriamendi.eus\/es\/#organization\"},\"articleSection\":[\"Sin categorizar\"],\"inLanguage\":\"es\"},{\"@type\":\"WebPage\",\"@id\":\"https:\/\/oriamendi.eus\/es\/2025\/05\/06\/aldabe-y-barrenetxea-iv-y-ansa-ii-y-zubiri-ganan-y-suman-cuatro-y-tres-puntos-en-erremontari\/\",\"url\":\"https:\/\/oriamendi.eus\/es\/2025\/05\/06\/aldabe-y-barrenetxea-iv-y-ansa-ii-y-zubiri-ganan-y-suman-cuatro-y-tres-puntos-en-erremontari\/\",\"name\":\"Aldabe y Barrenetxea IV y Ansa II y Zubiri ganan, y suman cuatro y tres puntos, en \\\"Erremontari\\\" | Oriamendi 2010\",\"isPartOf\":{\"@id\":\"https:\/\/oriamendi.eus\/es\/#website\"},\"datePublished\":\"2025-05-06T06:36:45+00:00\",\"dateModified\":\"2025-05-06T06:36:45+00:00\",\"breadcrumb\":{\"@id\":\"https:\/\/oriamendi.eus\/es\/2025\/05\/06\/aldabe-y-barrenetxea-iv-y-ansa-ii-y-zubiri-ganan-y-suman-cuatro-y-tres-puntos-en-erremontari\/#breadcrumb\"},\"inLanguage\":\"es\",\"potentialAction\":[{\"@type\":\"ReadAction\",\"target\":[\"https:\/\/oriamendi.eus\/es\/2025\/05\/06\/aldabe-y-barrenetxea-iv-y-ansa-ii-y-zubiri-ganan-y-suman-cuatro-y-tres-puntos-en-erremontari\/\"]}]},{\"@type\":\"BreadcrumbList\",\"@id\":\"https:\/\/oriamendi.eus\/es\/2025\/05\/06\/aldabe-y-barrenetxea-iv-y-ansa-ii-y-zubiri-ganan-y-suman-cuatro-y-tres-puntos-en-erremontari\/#breadcrumb\",\"itemListElement\":[{\"@type\":\"ListItem\",\"position\":1,\"name\":\"Portada\",\"item\":\"https:\/\/oriamendi.eus\/es\/\"},{\"@type\":\"ListItem\",\"position\":2,\"name\":\"Aldabe y Barrenetxea IV y Ansa II y Zubiri ganan, y suman cuatro y tres puntos, en \u00abErremontari\u00bb\"}]},{\"@type\":\"WebSite\",\"@id\":\"https:\/\/oriamendi.eus\/es\/#website\",\"url\":\"https:\/\/oriamendi.eus\/es\/\",\"name\":\"Oriamendi\",\"description\":\"Remonte en Galarreta. Hernani. Gipuzkoa\",\"publisher\":{\"@id\":\"https:\/\/oriamendi.eus\/es\/#organization\"},\"potentialAction\":[{\"@type\":\"SearchAction\",\"target\":{\"@type\":\"EntryPoint\",\"urlTemplate\":\"https:\/\/oriamendi.eus\/es\/?s={search_term_string}\"},\"query-input\":\"required name=search_term_string\"}],\"inLanguage\":\"es\"},{\"@type\":\"Organization\",\"@id\":\"https:\/\/oriamendi.eus\/es\/#organization\",\"name\":\"Oriamendi\",\"url\":\"https:\/\/oriamendi.eus\/es\/\",\"logo\":{\"@type\":\"ImageObject\",\"inLanguage\":\"es\",\"@id\":\"https:\/\/oriamendi.eus\/es\/#\/schema\/logo\/image\/\",\"url\":\"https:\/\/oriamendi.eus\/wp-content\/uploads\/2020\/06\/logo-oriamendi.png\",\"contentUrl\":\"https:\/\/oriamendi.eus\/wp-content\/uploads\/2020\/06\/logo-oriamendi.png\",\"width\":300,\"height\":90,\"caption\":\"Oriamendi\"},\"image\":{\"@id\":\"https:\/\/oriamendi.eus\/es\/#\/schema\/logo\/image\/\"},\"sameAs\":[\"https:\/\/www.facebook.com\/oriamendi2010remonte\/\",\"https:\/\/twitter.com\/oriamendi2010\",\"https:\/\/www.instagram.com\/galarretajaialai\/\",\"https:\/\/www.youtube.com\/channel\/UC8gVNzQqB1iwnC-_rI-ihmA\/featured\"]},{\"@type\":\"Person\",\"@id\":\"https:\/\/oriamendi.eus\/es\/#\/schema\/person\/c0bd06c6c747674306a5c82563e2339a\",\"name\":\"I\u00f1igo Go\u00f1i\",\"image\":{\"@type\":\"ImageObject\",\"inLanguage\":\"es\",\"@id\":\"https:\/\/oriamendi.eus\/es\/#\/schema\/person\/image\/\",\"url\":\"https:\/\/secure.gravatar.com\/avatar\/fbb07ffc7b803bbfcc2b6419c06abd3a?s=96&d=mm&r=g\",\"contentUrl\":\"https:\/\/secure.gravatar.com\/avatar\/fbb07ffc7b803bbfcc2b6419c06abd3a?s=96&d=mm&r=g\",\"caption\":\"I\u00f1igo Go\u00f1i\"},\"url\":\"https:\/\/oriamendi.eus\/es\/author\/om-berriak\/\"}]}<\/script>\n<!-- \/ Yoast SEO plugin. -->","yoast_head_json":{"title":"Aldabe y Barrenetxea IV y Ansa II y Zubiri ganan, y suman cuatro y tres puntos, en \"Erremontari\" | Oriamendi 2010","robots":{"index":"index","follow":"follow","max-snippet":"max-snippet:-1","max-image-preview":"max-image-preview:large","max-video-preview":"max-video-preview:-1"},"canonical":"https:\/\/oriamendi.eus\/es\/2025\/05\/06\/aldabe-y-barrenetxea-iv-y-ansa-ii-y-zubiri-ganan-y-suman-cuatro-y-tres-puntos-en-erremontari\/","og_locale":"es_ES","og_type":"article","og_title":"Aldabe y Barrenetxea IV y Ansa II y Zubiri ganan, y suman cuatro y tres puntos, en \"Erremontari\" | Oriamendi 2010","og_description":"En la segunda jornada del campeonato, Kemen Aldabe y Endika Barrenetxea han superado a Javi Urriza y a Iban Larra\u00f1aga en dos sets (6-15 y 12-15), en tanto que Imanol Ansa y Aritz Zubiri han ganado en tres sets ante Josetxo Ezkurra y Aritz Juanenea (10-15, 15-13 y 8-3). Kemen Aldabe y Endika Barrenetxea han [&hellip;]","og_url":"https:\/\/oriamendi.eus\/es\/2025\/05\/06\/aldabe-y-barrenetxea-iv-y-ansa-ii-y-zubiri-ganan-y-suman-cuatro-y-tres-puntos-en-erremontari\/","og_site_name":"Oriamendi 2010","article_publisher":"https:\/\/www.facebook.com\/oriamendi2010remonte\/","article_published_time":"2025-05-06T06:36:45+00:00","og_image":[{"width":607,"height":355,"url":"https:\/\/oriamendi.eus\/wp-content\/uploads\/2025\/05\/erremontea.jpg","type":"image\/jpeg"}],"author":"I\u00f1igo Go\u00f1i","twitter_card":"summary_large_image","twitter_creator":"@oriamendi2010","twitter_site":"@oriamendi2010","twitter_misc":{"Escrito por":"I\u00f1igo Go\u00f1i","Tiempo de lectura":"3 minutos"},"schema":{"@context":"https:\/\/schema.org","@graph":[{"@type":"Article","@id":"https:\/\/oriamendi.eus\/es\/2025\/05\/06\/aldabe-y-barrenetxea-iv-y-ansa-ii-y-zubiri-ganan-y-suman-cuatro-y-tres-puntos-en-erremontari\/#article","isPartOf":{"@id":"https:\/\/oriamendi.eus\/es\/2025\/05\/06\/aldabe-y-barrenetxea-iv-y-ansa-ii-y-zubiri-ganan-y-suman-cuatro-y-tres-puntos-en-erremontari\/"},"author":{"name":"I\u00f1igo Go\u00f1i","@id":"https:\/\/oriamendi.eus\/es\/#\/schema\/person\/c0bd06c6c747674306a5c82563e2339a"},"headline":"Aldabe y Barrenetxea IV y Ansa II y Zubiri ganan, y suman cuatro y tres puntos, en \u00abErremontari\u00bb","datePublished":"2025-05-06T06:36:45+00:00","dateModified":"2025-05-06T06:36:45+00:00","mainEntityOfPage":{"@id":"https:\/\/oriamendi.eus\/es\/2025\/05\/06\/aldabe-y-barrenetxea-iv-y-ansa-ii-y-zubiri-ganan-y-suman-cuatro-y-tres-puntos-en-erremontari\/"},"wordCount":464,"publisher":{"@id":"https:\/\/oriamendi.eus\/es\/#organization"},"articleSection":["Sin categorizar"],"inLanguage":"es"},{"@type":"WebPage","@id":"https:\/\/oriamendi.eus\/es\/2025\/05\/06\/aldabe-y-barrenetxea-iv-y-ansa-ii-y-zubiri-ganan-y-suman-cuatro-y-tres-puntos-en-erremontari\/","url":"https:\/\/oriamendi.eus\/es\/2025\/05\/06\/aldabe-y-barrenetxea-iv-y-ansa-ii-y-zubiri-ganan-y-suman-cuatro-y-tres-puntos-en-erremontari\/","name":"Aldabe y Barrenetxea IV y Ansa II y Zubiri ganan, y suman cuatro y tres puntos, en \"Erremontari\" | Oriamendi 2010","isPartOf":{"@id":"https:\/\/oriamendi.eus\/es\/#website"},"datePublished":"2025-05-06T06:36:45+00:00","dateModified":"2025-05-06T06:36:45+00:00","breadcrumb":{"@id":"https:\/\/oriamendi.eus\/es\/2025\/05\/06\/aldabe-y-barrenetxea-iv-y-ansa-ii-y-zubiri-ganan-y-suman-cuatro-y-tres-puntos-en-erremontari\/#breadcrumb"},"inLanguage":"es","potentialAction":[{"@type":"ReadAction","target":["https:\/\/oriamendi.eus\/es\/2025\/05\/06\/aldabe-y-barrenetxea-iv-y-ansa-ii-y-zubiri-ganan-y-suman-cuatro-y-tres-puntos-en-erremontari\/"]}]},{"@type":"BreadcrumbList","@id":"https:\/\/oriamendi.eus\/es\/2025\/05\/06\/aldabe-y-barrenetxea-iv-y-ansa-ii-y-zubiri-ganan-y-suman-cuatro-y-tres-puntos-en-erremontari\/#breadcrumb","itemListElement":[{"@type":"ListItem","position":1,"name":"Portada","item":"https:\/\/oriamendi.eus\/es\/"},{"@type":"ListItem","position":2,"name":"Aldabe y Barrenetxea IV y Ansa II y Zubiri ganan, y suman cuatro y tres puntos, en \u00abErremontari\u00bb"}]},{"@type":"WebSite","@id":"https:\/\/oriamendi.eus\/es\/#website","url":"https:\/\/oriamendi.eus\/es\/","name":"Oriamendi","description":"Remonte en Galarreta. Hernani. Gipuzkoa","publisher":{"@id":"https:\/\/oriamendi.eus\/es\/#organization"},"potentialAction":[{"@type":"SearchAction","target":{"@type":"EntryPoint","urlTemplate":"https:\/\/oriamendi.eus\/es\/?s={search_term_string}"},"query-input":"required name=search_term_string"}],"inLanguage":"es"},{"@type":"Organization","@id":"https:\/\/oriamendi.eus\/es\/#organization","name":"Oriamendi","url":"https:\/\/oriamendi.eus\/es\/","logo":{"@type":"ImageObject","inLanguage":"es","@id":"https:\/\/oriamendi.eus\/es\/#\/schema\/logo\/image\/","url":"https:\/\/oriamendi.eus\/wp-content\/uploads\/2020\/06\/logo-oriamendi.png","contentUrl":"https:\/\/oriamendi.eus\/wp-content\/uploads\/2020\/06\/logo-oriamendi.png","width":300,"height":90,"caption":"Oriamendi"},"image":{"@id":"https:\/\/oriamendi.eus\/es\/#\/schema\/logo\/image\/"},"sameAs":["https:\/\/www.facebook.com\/oriamendi2010remonte\/","https:\/\/twitter.com\/oriamendi2010","https:\/\/www.instagram.com\/galarretajaialai\/","https:\/\/www.youtube.com\/channel\/UC8gVNzQqB1iwnC-_rI-ihmA\/featured"]},{"@type":"Person","@id":"https:\/\/oriamendi.eus\/es\/#\/schema\/person\/c0bd06c6c747674306a5c82563e2339a","name":"I\u00f1igo Go\u00f1i","image":{"@type":"ImageObject","inLanguage":"es","@id":"https:\/\/oriamendi.eus\/es\/#\/schema\/person\/image\/","url":"https:\/\/secure.gravatar.com\/avatar\/fbb07ffc7b803bbfcc2b6419c06abd3a?s=96&d=mm&r=g","contentUrl":"https:\/\/secure.gravatar.com\/avatar\/fbb07ffc7b803bbfcc2b6419c06abd3a?s=96&d=mm&r=g","caption":"I\u00f1igo Go\u00f1i"},"url":"https:\/\/oriamendi.eus\/es\/author\/om-berriak\/"}]}},"_links":{"self":[{"href":"https:\/\/oriamendi.eus\/es\/wp-json\/wp\/v2\/posts\/8763"}],"collection":[{"href":"https:\/\/oriamendi.eus\/es\/wp-json\/wp\/v2\/posts"}],"about":[{"href":"https:\/\/oriamendi.eus\/es\/wp-json\/wp\/v2\/types\/post"}],"author":[{"embeddable":true,"href":"https:\/\/oriamendi.eus\/es\/wp-json\/wp\/v2\/users\/5"}],"replies":[{"embeddable":true,"href":"https:\/\/oriamendi.eus\/es\/wp-json\/wp\/v2\/comments?post=8763"}],"version-history":[{"count":1,"href":"https:\/\/oriamendi.eus\/es\/wp-json\/wp\/v2\/posts\/8763\/revisions"}],"predecessor-version":[{"id":8764,"href":"https:\/\/oriamendi.eus\/es\/wp-json\/wp\/v2\/posts\/8763\/revisions\/8764"}],"wp:featuredmedia":[{"embeddable":true,"href":"https:\/\/oriamendi.eus\/es\/wp-json\/wp\/v2\/media\/8761"}],"wp:attachment":[{"href":"https:\/\/oriamendi.eus\/es\/wp-json\/wp\/v2\/media?parent=8763"}],"wp:term":[{"taxonomy":"category","embeddable":true,"href":"https:\/\/oriamendi.eus\/es\/wp-json\/wp\/v2\/categories?post=8763"},{"taxonomy":"post_tag","embeddable":true,"href":"https:\/\/oriamendi.eus\/es\/wp-json\/wp\/v2\/tags?post=8763"}],"curies":[{"name":"wp","href":"https:\/\/api.w.org\/{rel}","templated":true}]}}