                                        
                                        
                                        
                                        
                                        
                                        
                                        
                                        
                                        
                                        
                                        
                                        
                                        
                                        
                                        
                                        
                                        
                                        
{"id":8757,"date":"2025-04-29T09:06:16","date_gmt":"2025-04-29T07:06:16","guid":{"rendered":"https:\/\/oriamendi.eus\/?p=8757"},"modified":"2025-04-29T09:06:16","modified_gmt":"2025-04-29T07:06:16","slug":"galarretan-erremonteko-izarrek-argitu-zuten-hernaniko-frontoia","status":"publish","type":"post","link":"https:\/\/oriamendi.eus\/es\/2025\/04\/29\/galarretan-erremonteko-izarrek-argitu-zuten-hernaniko-frontoia\/","title":{"rendered":"Galarretan erremonteko izarrek argitu zuten Hernaniko frontoia"},"content":{"rendered":"<p><strong>Aldabe-Barrenetxea IV y Ezkurra II-Juanenea logran la victoria 1-2 ante Ansa II-Zubi y Segurola-Azpiroz<\/strong><\/p>\n<p>En el Sagardoaren Txapelketa no hubo apag\u00f3n y las estrellas de remonte alumbraron Galarreta en una primera jornada que no se olvidar\u00e1 f\u00e1cilmente.<br \/>\nLa jornada no se suspendi\u00f3 y se vieron dos partidos espectaculares en Galarreta.<br \/>\nLa jornada estuvo marcada por el apag\u00f3n que dej\u00f3 sin luz a innumerables puntos de Euskal Herria, ya que se dud\u00f3 si disputar\u00edan o no el encuentro, pero finalmente, gracias al gran trabajo realizado por los trabajadores de Oriamendi 2010 y EITB, pudieron jugarlo.<br \/>\nEn el primer partido la pareja formada por Aldabe y Barrenetxea lograron la victoria por 2-1 (13-15, 15-4 y 8-3) ante Ansa y Zubiri. Por lo tanto, tres puntos sumados por Oialume Zar sagardotegia y uno por Aburuza.<br \/>\nEl segundo partido tuvo mucha similitud. Aqu\u00ed tambi\u00e9n ganaron los azules, Ezkurra y Juanenea, 2-1 (12-15, 15-6 y 8-5) ante Segurola y Azpiroz. Bereziartua suma tres puntos en la clasificaci\u00f3n y Alorrenea logr\u00f3 el punto.<br \/>\nAmbos partidos tuvieron la misma tendencia. Tras un primer set igualado y una victoria de los rojos, los azules dominaron los dos sets posteriores.<br \/>\nLos azules comenzaron muy bien el partido y, en el primer juego, lograron diferencias significativas; en el 11-6, daba la sensaci\u00f3n de que ese primer juego estaba pr\u00e1cticamente decidido, pero Ansa II y Zubiri (urnietarras y goizuetarras que representan a la sidrer\u00eda Aburuza, capitaneados por Gorka Izagirre) se recuperaron y, empatados a 13, anotaron los dos \u00faltimos tantos del juego, imponi\u00e9ndose por 15-13.<br \/>\nSin embargo, Ansa II y Zubiri no pudieron mantener ese ritmo, y en el segundo juego Aldabe y Barrenetxea no les dieron opci\u00f3n. Kemen Aldabe estuvo muy acertado en algunos remates y Endika Barrenetxea, durante todo el partido, hizo mucho da\u00f1o al aprovechar el saque. El segundo juego termin\u00f3 4-15, lo que reflej\u00f3 perfectamente lo que se vio en la cancha, y en el tercer juego tambi\u00e9n estuvieron mejor Aldabe y Barrenetxea IV; al final, el juego decisivo termin\u00f3 3-8.<br \/>\nEn el otro partido de la jornada, Ezkurra II y Juanenea perdieron el primer juego, 15-12, pero en el segundo se impusieron con facilidad por 6-15; en el tercer juego, el decisivo, se impusieron por 5-8 a sus rivales.<\/p>\n<p><strong>Clasificaci\u00f3n<\/strong><\/p>\n<p>1. Aldabe-Barrenetxea IV (Oialume Zar) 3 puntos<br \/>\n2. Ezkurra II-Juanenea (Bereziartua) 3 puntos<br \/>\n3. Segurola-Azpiroz (Alorrenea) 1 punto<br \/>\n4. Ansa II-Zubiri (Aburuza) 1 punto<\/p>\n","protected":false},"excerpt":{"rendered":"<p>Aldabe-Barrenetxea IV y Ezkurra II-Juanenea logran la victoria 1-2 ante Ansa II-Zubi y Segurola-Azpiroz En el Sagardoaren Txapelketa no hubo apag\u00f3n y las estrellas de remonte alumbraron Galarreta en una primera jornada que no se olvidar\u00e1 f\u00e1cilmente. La jornada no se suspendi\u00f3 y se vieron dos partidos espectaculares en Galarreta. La jornada estuvo marcada por [&hellip;]<\/p>\n","protected":false},"author":5,"featured_media":8755,"comment_status":"closed","ping_status":"open","sticky":false,"template":"","format":"standard","meta":{"_et_pb_use_builder":"","_et_pb_old_content":"","_et_gb_content_width":"","footnotes":""},"categories":[1],"tags":[],"yoast_head":"<!-- This site is optimized with the Yoast SEO plugin v21.8 - https:\/\/yoast.com\/wordpress\/plugins\/seo\/ -->\n<title>Galarretan erremonteko izarrek argitu zuten Hernaniko frontoia | Oriamendi 2010<\/title>\n<meta name=\"robots\" content=\"index, follow, max-snippet:-1, max-image-preview:large, max-video-preview:-1\" \/>\n<link rel=\"canonical\" href=\"https:\/\/oriamendi.eus\/es\/2025\/04\/29\/galarretan-erremonteko-izarrek-argitu-zuten-hernaniko-frontoia\/\" \/>\n<meta property=\"og:locale\" content=\"es_ES\" \/>\n<meta property=\"og:type\" content=\"article\" \/>\n<meta property=\"og:title\" content=\"Galarretan erremonteko izarrek argitu zuten Hernaniko frontoia | Oriamendi 2010\" \/>\n<meta property=\"og:description\" content=\"Aldabe-Barrenetxea IV y Ezkurra II-Juanenea logran la victoria 1-2 ante Ansa II-Zubi y Segurola-Azpiroz En el Sagardoaren Txapelketa no hubo apag\u00f3n y las estrellas de remonte alumbraron Galarreta en una primera jornada que no se olvidar\u00e1 f\u00e1cilmente. La jornada no se suspendi\u00f3 y se vieron dos partidos espectaculares en Galarreta. La jornada estuvo marcada por [&hellip;]\" \/>\n<meta property=\"og:url\" content=\"https:\/\/oriamendi.eus\/es\/2025\/04\/29\/galarretan-erremonteko-izarrek-argitu-zuten-hernaniko-frontoia\/\" \/>\n<meta property=\"og:site_name\" content=\"Oriamendi 2010\" \/>\n<meta property=\"article:publisher\" content=\"https:\/\/www.facebook.com\/oriamendi2010remonte\/\" \/>\n<meta property=\"article:published_time\" content=\"2025-04-29T07:06:16+00:00\" \/>\n<meta property=\"og:image\" content=\"https:\/\/oriamendi.eus\/wp-content\/uploads\/2025\/04\/1000070666.jpg\" \/>\n\t<meta property=\"og:image:width\" content=\"1200\" \/>\n\t<meta property=\"og:image:height\" content=\"800\" \/>\n\t<meta property=\"og:image:type\" content=\"image\/jpeg\" \/>\n<meta name=\"author\" content=\"I\u00f1igo Go\u00f1i\" \/>\n<meta name=\"twitter:card\" content=\"summary_large_image\" \/>\n<meta name=\"twitter:creator\" content=\"@oriamendi2010\" \/>\n<meta name=\"twitter:site\" content=\"@oriamendi2010\" \/>\n<meta name=\"twitter:label1\" content=\"Escrito por\" \/>\n\t<meta name=\"twitter:data1\" content=\"I\u00f1igo Go\u00f1i\" \/>\n\t<meta name=\"twitter:label2\" content=\"Tiempo de lectura\" \/>\n\t<meta name=\"twitter:data2\" content=\"3 minutos\" \/>\n<script type=\"application\/ld+json\" class=\"yoast-schema-graph\">{\"@context\":\"https:\/\/schema.org\",\"@graph\":[{\"@type\":\"Article\",\"@id\":\"https:\/\/oriamendi.eus\/es\/2025\/04\/29\/galarretan-erremonteko-izarrek-argitu-zuten-hernaniko-frontoia\/#article\",\"isPartOf\":{\"@id\":\"https:\/\/oriamendi.eus\/es\/2025\/04\/29\/galarretan-erremonteko-izarrek-argitu-zuten-hernaniko-frontoia\/\"},\"author\":{\"name\":\"I\u00f1igo Go\u00f1i\",\"@id\":\"https:\/\/oriamendi.eus\/es\/#\/schema\/person\/c0bd06c6c747674306a5c82563e2339a\"},\"headline\":\"Galarretan erremonteko izarrek argitu zuten Hernaniko frontoia\",\"datePublished\":\"2025-04-29T07:06:16+00:00\",\"dateModified\":\"2025-04-29T07:06:16+00:00\",\"mainEntityOfPage\":{\"@id\":\"https:\/\/oriamendi.eus\/es\/2025\/04\/29\/galarretan-erremonteko-izarrek-argitu-zuten-hernaniko-frontoia\/\"},\"wordCount\":409,\"publisher\":{\"@id\":\"https:\/\/oriamendi.eus\/es\/#organization\"},\"articleSection\":[\"Sin categorizar\"],\"inLanguage\":\"es\"},{\"@type\":\"WebPage\",\"@id\":\"https:\/\/oriamendi.eus\/es\/2025\/04\/29\/galarretan-erremonteko-izarrek-argitu-zuten-hernaniko-frontoia\/\",\"url\":\"https:\/\/oriamendi.eus\/es\/2025\/04\/29\/galarretan-erremonteko-izarrek-argitu-zuten-hernaniko-frontoia\/\",\"name\":\"Galarretan erremonteko izarrek argitu zuten Hernaniko frontoia | Oriamendi 2010\",\"isPartOf\":{\"@id\":\"https:\/\/oriamendi.eus\/es\/#website\"},\"datePublished\":\"2025-04-29T07:06:16+00:00\",\"dateModified\":\"2025-04-29T07:06:16+00:00\",\"breadcrumb\":{\"@id\":\"https:\/\/oriamendi.eus\/es\/2025\/04\/29\/galarretan-erremonteko-izarrek-argitu-zuten-hernaniko-frontoia\/#breadcrumb\"},\"inLanguage\":\"es\",\"potentialAction\":[{\"@type\":\"ReadAction\",\"target\":[\"https:\/\/oriamendi.eus\/es\/2025\/04\/29\/galarretan-erremonteko-izarrek-argitu-zuten-hernaniko-frontoia\/\"]}]},{\"@type\":\"BreadcrumbList\",\"@id\":\"https:\/\/oriamendi.eus\/es\/2025\/04\/29\/galarretan-erremonteko-izarrek-argitu-zuten-hernaniko-frontoia\/#breadcrumb\",\"itemListElement\":[{\"@type\":\"ListItem\",\"position\":1,\"name\":\"Portada\",\"item\":\"https:\/\/oriamendi.eus\/es\/\"},{\"@type\":\"ListItem\",\"position\":2,\"name\":\"Galarretan erremonteko izarrek argitu zuten Hernaniko frontoia\"}]},{\"@type\":\"WebSite\",\"@id\":\"https:\/\/oriamendi.eus\/es\/#website\",\"url\":\"https:\/\/oriamendi.eus\/es\/\",\"name\":\"Oriamendi\",\"description\":\"Remonte en Galarreta. Hernani. Gipuzkoa\",\"publisher\":{\"@id\":\"https:\/\/oriamendi.eus\/es\/#organization\"},\"potentialAction\":[{\"@type\":\"SearchAction\",\"target\":{\"@type\":\"EntryPoint\",\"urlTemplate\":\"https:\/\/oriamendi.eus\/es\/?s={search_term_string}\"},\"query-input\":\"required name=search_term_string\"}],\"inLanguage\":\"es\"},{\"@type\":\"Organization\",\"@id\":\"https:\/\/oriamendi.eus\/es\/#organization\",\"name\":\"Oriamendi\",\"url\":\"https:\/\/oriamendi.eus\/es\/\",\"logo\":{\"@type\":\"ImageObject\",\"inLanguage\":\"es\",\"@id\":\"https:\/\/oriamendi.eus\/es\/#\/schema\/logo\/image\/\",\"url\":\"https:\/\/oriamendi.eus\/wp-content\/uploads\/2020\/06\/logo-oriamendi.png\",\"contentUrl\":\"https:\/\/oriamendi.eus\/wp-content\/uploads\/2020\/06\/logo-oriamendi.png\",\"width\":300,\"height\":90,\"caption\":\"Oriamendi\"},\"image\":{\"@id\":\"https:\/\/oriamendi.eus\/es\/#\/schema\/logo\/image\/\"},\"sameAs\":[\"https:\/\/www.facebook.com\/oriamendi2010remonte\/\",\"https:\/\/twitter.com\/oriamendi2010\",\"https:\/\/www.instagram.com\/galarretajaialai\/\",\"https:\/\/www.youtube.com\/channel\/UC8gVNzQqB1iwnC-_rI-ihmA\/featured\"]},{\"@type\":\"Person\",\"@id\":\"https:\/\/oriamendi.eus\/es\/#\/schema\/person\/c0bd06c6c747674306a5c82563e2339a\",\"name\":\"I\u00f1igo Go\u00f1i\",\"image\":{\"@type\":\"ImageObject\",\"inLanguage\":\"es\",\"@id\":\"https:\/\/oriamendi.eus\/es\/#\/schema\/person\/image\/\",\"url\":\"https:\/\/secure.gravatar.com\/avatar\/fbb07ffc7b803bbfcc2b6419c06abd3a?s=96&d=mm&r=g\",\"contentUrl\":\"https:\/\/secure.gravatar.com\/avatar\/fbb07ffc7b803bbfcc2b6419c06abd3a?s=96&d=mm&r=g\",\"caption\":\"I\u00f1igo Go\u00f1i\"},\"url\":\"https:\/\/oriamendi.eus\/es\/author\/om-berriak\/\"}]}<\/script>\n<!-- \/ Yoast SEO plugin. -->","yoast_head_json":{"title":"Galarretan erremonteko izarrek argitu zuten Hernaniko frontoia | Oriamendi 2010","robots":{"index":"index","follow":"follow","max-snippet":"max-snippet:-1","max-image-preview":"max-image-preview:large","max-video-preview":"max-video-preview:-1"},"canonical":"https:\/\/oriamendi.eus\/es\/2025\/04\/29\/galarretan-erremonteko-izarrek-argitu-zuten-hernaniko-frontoia\/","og_locale":"es_ES","og_type":"article","og_title":"Galarretan erremonteko izarrek argitu zuten Hernaniko frontoia | Oriamendi 2010","og_description":"Aldabe-Barrenetxea IV y Ezkurra II-Juanenea logran la victoria 1-2 ante Ansa II-Zubi y Segurola-Azpiroz En el Sagardoaren Txapelketa no hubo apag\u00f3n y las estrellas de remonte alumbraron Galarreta en una primera jornada que no se olvidar\u00e1 f\u00e1cilmente. La jornada no se suspendi\u00f3 y se vieron dos partidos espectaculares en Galarreta. La jornada estuvo marcada por [&hellip;]","og_url":"https:\/\/oriamendi.eus\/es\/2025\/04\/29\/galarretan-erremonteko-izarrek-argitu-zuten-hernaniko-frontoia\/","og_site_name":"Oriamendi 2010","article_publisher":"https:\/\/www.facebook.com\/oriamendi2010remonte\/","article_published_time":"2025-04-29T07:06:16+00:00","og_image":[{"width":1200,"height":800,"url":"https:\/\/oriamendi.eus\/wp-content\/uploads\/2025\/04\/1000070666.jpg","type":"image\/jpeg"}],"author":"I\u00f1igo Go\u00f1i","twitter_card":"summary_large_image","twitter_creator":"@oriamendi2010","twitter_site":"@oriamendi2010","twitter_misc":{"Escrito por":"I\u00f1igo Go\u00f1i","Tiempo de lectura":"3 minutos"},"schema":{"@context":"https:\/\/schema.org","@graph":[{"@type":"Article","@id":"https:\/\/oriamendi.eus\/es\/2025\/04\/29\/galarretan-erremonteko-izarrek-argitu-zuten-hernaniko-frontoia\/#article","isPartOf":{"@id":"https:\/\/oriamendi.eus\/es\/2025\/04\/29\/galarretan-erremonteko-izarrek-argitu-zuten-hernaniko-frontoia\/"},"author":{"name":"I\u00f1igo Go\u00f1i","@id":"https:\/\/oriamendi.eus\/es\/#\/schema\/person\/c0bd06c6c747674306a5c82563e2339a"},"headline":"Galarretan erremonteko izarrek argitu zuten Hernaniko frontoia","datePublished":"2025-04-29T07:06:16+00:00","dateModified":"2025-04-29T07:06:16+00:00","mainEntityOfPage":{"@id":"https:\/\/oriamendi.eus\/es\/2025\/04\/29\/galarretan-erremonteko-izarrek-argitu-zuten-hernaniko-frontoia\/"},"wordCount":409,"publisher":{"@id":"https:\/\/oriamendi.eus\/es\/#organization"},"articleSection":["Sin categorizar"],"inLanguage":"es"},{"@type":"WebPage","@id":"https:\/\/oriamendi.eus\/es\/2025\/04\/29\/galarretan-erremonteko-izarrek-argitu-zuten-hernaniko-frontoia\/","url":"https:\/\/oriamendi.eus\/es\/2025\/04\/29\/galarretan-erremonteko-izarrek-argitu-zuten-hernaniko-frontoia\/","name":"Galarretan erremonteko izarrek argitu zuten Hernaniko frontoia | Oriamendi 2010","isPartOf":{"@id":"https:\/\/oriamendi.eus\/es\/#website"},"datePublished":"2025-04-29T07:06:16+00:00","dateModified":"2025-04-29T07:06:16+00:00","breadcrumb":{"@id":"https:\/\/oriamendi.eus\/es\/2025\/04\/29\/galarretan-erremonteko-izarrek-argitu-zuten-hernaniko-frontoia\/#breadcrumb"},"inLanguage":"es","potentialAction":[{"@type":"ReadAction","target":["https:\/\/oriamendi.eus\/es\/2025\/04\/29\/galarretan-erremonteko-izarrek-argitu-zuten-hernaniko-frontoia\/"]}]},{"@type":"BreadcrumbList","@id":"https:\/\/oriamendi.eus\/es\/2025\/04\/29\/galarretan-erremonteko-izarrek-argitu-zuten-hernaniko-frontoia\/#breadcrumb","itemListElement":[{"@type":"ListItem","position":1,"name":"Portada","item":"https:\/\/oriamendi.eus\/es\/"},{"@type":"ListItem","position":2,"name":"Galarretan erremonteko izarrek argitu zuten Hernaniko frontoia"}]},{"@type":"WebSite","@id":"https:\/\/oriamendi.eus\/es\/#website","url":"https:\/\/oriamendi.eus\/es\/","name":"Oriamendi","description":"Remonte en Galarreta. Hernani. Gipuzkoa","publisher":{"@id":"https:\/\/oriamendi.eus\/es\/#organization"},"potentialAction":[{"@type":"SearchAction","target":{"@type":"EntryPoint","urlTemplate":"https:\/\/oriamendi.eus\/es\/?s={search_term_string}"},"query-input":"required name=search_term_string"}],"inLanguage":"es"},{"@type":"Organization","@id":"https:\/\/oriamendi.eus\/es\/#organization","name":"Oriamendi","url":"https:\/\/oriamendi.eus\/es\/","logo":{"@type":"ImageObject","inLanguage":"es","@id":"https:\/\/oriamendi.eus\/es\/#\/schema\/logo\/image\/","url":"https:\/\/oriamendi.eus\/wp-content\/uploads\/2020\/06\/logo-oriamendi.png","contentUrl":"https:\/\/oriamendi.eus\/wp-content\/uploads\/2020\/06\/logo-oriamendi.png","width":300,"height":90,"caption":"Oriamendi"},"image":{"@id":"https:\/\/oriamendi.eus\/es\/#\/schema\/logo\/image\/"},"sameAs":["https:\/\/www.facebook.com\/oriamendi2010remonte\/","https:\/\/twitter.com\/oriamendi2010","https:\/\/www.instagram.com\/galarretajaialai\/","https:\/\/www.youtube.com\/channel\/UC8gVNzQqB1iwnC-_rI-ihmA\/featured"]},{"@type":"Person","@id":"https:\/\/oriamendi.eus\/es\/#\/schema\/person\/c0bd06c6c747674306a5c82563e2339a","name":"I\u00f1igo Go\u00f1i","image":{"@type":"ImageObject","inLanguage":"es","@id":"https:\/\/oriamendi.eus\/es\/#\/schema\/person\/image\/","url":"https:\/\/secure.gravatar.com\/avatar\/fbb07ffc7b803bbfcc2b6419c06abd3a?s=96&d=mm&r=g","contentUrl":"https:\/\/secure.gravatar.com\/avatar\/fbb07ffc7b803bbfcc2b6419c06abd3a?s=96&d=mm&r=g","caption":"I\u00f1igo Go\u00f1i"},"url":"https:\/\/oriamendi.eus\/es\/author\/om-berriak\/"}]}},"_links":{"self":[{"href":"https:\/\/oriamendi.eus\/es\/wp-json\/wp\/v2\/posts\/8757"}],"collection":[{"href":"https:\/\/oriamendi.eus\/es\/wp-json\/wp\/v2\/posts"}],"about":[{"href":"https:\/\/oriamendi.eus\/es\/wp-json\/wp\/v2\/types\/post"}],"author":[{"embeddable":true,"href":"https:\/\/oriamendi.eus\/es\/wp-json\/wp\/v2\/users\/5"}],"replies":[{"embeddable":true,"href":"https:\/\/oriamendi.eus\/es\/wp-json\/wp\/v2\/comments?post=8757"}],"version-history":[{"count":1,"href":"https:\/\/oriamendi.eus\/es\/wp-json\/wp\/v2\/posts\/8757\/revisions"}],"predecessor-version":[{"id":8758,"href":"https:\/\/oriamendi.eus\/es\/wp-json\/wp\/v2\/posts\/8757\/revisions\/8758"}],"wp:featuredmedia":[{"embeddable":true,"href":"https:\/\/oriamendi.eus\/es\/wp-json\/wp\/v2\/media\/8755"}],"wp:attachment":[{"href":"https:\/\/oriamendi.eus\/es\/wp-json\/wp\/v2\/media?parent=8757"}],"wp:term":[{"taxonomy":"category","embeddable":true,"href":"https:\/\/oriamendi.eus\/es\/wp-json\/wp\/v2\/categories?post=8757"},{"taxonomy":"post_tag","embeddable":true,"href":"https:\/\/oriamendi.eus\/es\/wp-json\/wp\/v2\/tags?post=8757"}],"curies":[{"name":"wp","href":"https:\/\/api.w.org\/{rel}","templated":true}]}}