                                        
                                        
                                        
                                        
                                        
                                        
                                        
                                        
                                        
                                        
                                        
                                        
                                        
                                        
                                        
                                        
                                        
                                        
{"id":8751,"date":"2025-04-24T22:28:49","date_gmt":"2025-04-24T20:28:49","guid":{"rendered":"https:\/\/oriamendi.eus\/?p=8751"},"modified":"2025-04-24T22:29:03","modified_gmt":"2025-04-24T20:29:03","slug":"erremontari-herriz-herri-el-remonte-llega-a-los-pueblos","status":"publish","type":"post","link":"https:\/\/oriamendi.eus\/es\/2025\/04\/24\/erremontari-herriz-herri-el-remonte-llega-a-los-pueblos\/","title":{"rendered":"Erremontari Herriz Herri: el remonte llega a los pueblos"},"content":{"rendered":"<p class=\"\" data-start=\"4050\" data-end=\"4292\">Durante el acto tambi\u00e9n se ha presentado el proyecto <strong data-start=\"4103\" data-end=\"4131\">Erremontari Herriz Herri<\/strong>, que llevar\u00e1 el remonte a <strong data-start=\"4158\" data-end=\"4193\">12 localidades de Euskal Herria<\/strong>, donde se disputar\u00e1n partidos con los pelotaris del campeonato y otros profesionales de Oriamendi.<\/p>\n<p class=\"\" data-start=\"4294\" data-end=\"4327\">Fechas y localidades confirmadas:<\/p>\n<ul data-start=\"4328\" data-end=\"4588\">\n<li class=\"\" data-start=\"4328\" data-end=\"4588\">\n<p class=\"\" data-start=\"4330\" data-end=\"4588\">Idiazabal (2 mayo), Zestoa (3 mayo), Derio (18 mayo), Bergara (24 mayo), Urnieta (1 junio), Lasarte (13 junio), Lekunberri (20 junio), Errenteria (21 junio), Hernani (19 septiembre), Altsasu (17 octubre), Arrigorriaga (19 octubre) y Zumarraga (14 diciembre).<\/p>\n<\/li>\n<\/ul>\n<p class=\"\" data-start=\"4590\" data-end=\"4762\">Adem\u00e1s, los habitantes de estos municipios podr\u00e1n asistir gratuitamente a una grabaci\u00f3n en directo del programa <strong data-start=\"4702\" data-end=\"4717\">Erremontari<\/strong> en Galarreta presentando su DNI en taquilla.<\/p>\n<p class=\"\" data-start=\"4764\" data-end=\"4800\">D\u00edas asignados para acceso gratuito:<\/p>\n<ul data-start=\"4801\" data-end=\"5115\">\n<li class=\"\" data-start=\"4801\" data-end=\"4835\">\n<p class=\"\" data-start=\"4803\" data-end=\"4835\"><strong data-start=\"4803\" data-end=\"4813\">5 mayo<\/strong>: Idiazabal y Zestoa<\/p>\n<\/li>\n<li class=\"\" data-start=\"4836\" data-end=\"4879\">\n<p class=\"\" data-start=\"4838\" data-end=\"4879\"><strong data-start=\"4838\" data-end=\"4849\">12 mayo<\/strong>: Aizarnazabal y Hondarribia<\/p>\n<\/li>\n<li class=\"\" data-start=\"4880\" data-end=\"4914\">\n<p class=\"\" data-start=\"4882\" data-end=\"4914\"><strong data-start=\"4882\" data-end=\"4893\">19 mayo<\/strong>: Derio y Zumarraga<\/p>\n<\/li>\n<li class=\"\" data-start=\"4915\" data-end=\"4949\">\n<p class=\"\" data-start=\"4917\" data-end=\"4949\"><strong data-start=\"4917\" data-end=\"4928\">26 mayo<\/strong>: Bergara y Altsasu<\/p>\n<\/li>\n<li class=\"\" data-start=\"4950\" data-end=\"5012\">\n<p class=\"\" data-start=\"4952\" data-end=\"5012\"><strong data-start=\"4952\" data-end=\"4963\">3 junio<\/strong>: Errenteria, Donostia, Galdakao y Arrigorriaga<\/p>\n<\/li>\n<li class=\"\" data-start=\"5013\" data-end=\"5037\">\n<p class=\"\" data-start=\"5015\" data-end=\"5037\"><strong data-start=\"5015\" data-end=\"5026\">9 junio<\/strong>: Urnieta<\/p>\n<\/li>\n<li class=\"\" data-start=\"5038\" data-end=\"5115\">\n<p class=\"\" data-start=\"5040\" data-end=\"5115\">Y tambi\u00e9n en lunes espec\u00edficos: Hernani, Lekunberri, Lasarte-Oria y Andoain<\/p>\n<\/li>\n<\/ul>\n<p><img fetchpriority=\"high\" fetchpriority=\"high\" decoding=\"async\" class=\"alignleft size-medium wp-image-8745\" src=\"https:\/\/oriamendi.eus\/wp-content\/uploads\/2025\/04\/Herriz-herri-300x200.jpeg\" alt=\"\" width=\"300\" height=\"200\" \/><\/p>\n","protected":false},"excerpt":{"rendered":"<p>Durante el acto tambi\u00e9n se ha presentado el proyecto Erremontari Herriz Herri, que llevar\u00e1 el remonte a 12 localidades de Euskal Herria, donde se disputar\u00e1n partidos con los pelotaris del campeonato y otros profesionales de Oriamendi. Fechas y localidades confirmadas: Idiazabal (2 mayo), Zestoa (3 mayo), Derio (18 mayo), Bergara (24 mayo), Urnieta (1 junio), [&hellip;]<\/p>\n","protected":false},"author":3,"featured_media":8747,"comment_status":"closed","ping_status":"open","sticky":false,"template":"","format":"standard","meta":{"_et_pb_use_builder":"","_et_pb_old_content":"","_et_gb_content_width":"","footnotes":""},"categories":[1],"tags":[],"yoast_head":"<!-- This site is optimized with the Yoast SEO plugin v21.8 - https:\/\/yoast.com\/wordpress\/plugins\/seo\/ -->\n<title>Erremontari Herriz Herri: el remonte llega a los pueblos | Oriamendi 2010<\/title>\n<meta name=\"robots\" content=\"index, follow, max-snippet:-1, max-image-preview:large, max-video-preview:-1\" \/>\n<link rel=\"canonical\" href=\"https:\/\/oriamendi.eus\/es\/2025\/04\/24\/erremontari-herriz-herri-el-remonte-llega-a-los-pueblos\/\" \/>\n<meta property=\"og:locale\" content=\"es_ES\" \/>\n<meta property=\"og:type\" content=\"article\" \/>\n<meta property=\"og:title\" content=\"Erremontari Herriz Herri: el remonte llega a los pueblos | Oriamendi 2010\" \/>\n<meta property=\"og:description\" content=\"Durante el acto tambi\u00e9n se ha presentado el proyecto Erremontari Herriz Herri, que llevar\u00e1 el remonte a 12 localidades de Euskal Herria, donde se disputar\u00e1n partidos con los pelotaris del campeonato y otros profesionales de Oriamendi. Fechas y localidades confirmadas: Idiazabal (2 mayo), Zestoa (3 mayo), Derio (18 mayo), Bergara (24 mayo), Urnieta (1 junio), [&hellip;]\" \/>\n<meta property=\"og:url\" content=\"https:\/\/oriamendi.eus\/es\/2025\/04\/24\/erremontari-herriz-herri-el-remonte-llega-a-los-pueblos\/\" \/>\n<meta property=\"og:site_name\" content=\"Oriamendi 2010\" \/>\n<meta property=\"article:publisher\" content=\"https:\/\/www.facebook.com\/oriamendi2010remonte\/\" \/>\n<meta property=\"article:published_time\" content=\"2025-04-24T20:28:49+00:00\" \/>\n<meta property=\"article:modified_time\" content=\"2025-04-24T20:29:03+00:00\" \/>\n<meta property=\"og:image\" content=\"https:\/\/oriamendi.eus\/wp-content\/uploads\/2025\/04\/EHH_Prensta-Dosierra_02-arrastrado.jpg\" \/>\n\t<meta property=\"og:image:width\" content=\"841\" \/>\n\t<meta property=\"og:image:height\" content=\"595\" \/>\n\t<meta property=\"og:image:type\" content=\"image\/jpeg\" \/>\n<meta name=\"author\" content=\"Endika Barrenetxea\" \/>\n<meta name=\"twitter:card\" content=\"summary_large_image\" \/>\n<meta name=\"twitter:creator\" content=\"@oriamendi2010\" \/>\n<meta name=\"twitter:site\" content=\"@oriamendi2010\" \/>\n<meta name=\"twitter:label1\" content=\"Escrito por\" \/>\n\t<meta name=\"twitter:data1\" content=\"Endika Barrenetxea\" \/>\n\t<meta name=\"twitter:label2\" content=\"Tiempo de lectura\" \/>\n\t<meta name=\"twitter:data2\" content=\"2 minutos\" \/>\n<script type=\"application\/ld+json\" class=\"yoast-schema-graph\">{\"@context\":\"https:\/\/schema.org\",\"@graph\":[{\"@type\":\"Article\",\"@id\":\"https:\/\/oriamendi.eus\/es\/2025\/04\/24\/erremontari-herriz-herri-el-remonte-llega-a-los-pueblos\/#article\",\"isPartOf\":{\"@id\":\"https:\/\/oriamendi.eus\/es\/2025\/04\/24\/erremontari-herriz-herri-el-remonte-llega-a-los-pueblos\/\"},\"author\":{\"name\":\"Endika Barrenetxea\",\"@id\":\"https:\/\/oriamendi.eus\/es\/#\/schema\/person\/d50c13df7440d84706fe7d03941cc92f\"},\"headline\":\"Erremontari Herriz Herri: el remonte llega a los pueblos\",\"datePublished\":\"2025-04-24T20:28:49+00:00\",\"dateModified\":\"2025-04-24T20:29:03+00:00\",\"mainEntityOfPage\":{\"@id\":\"https:\/\/oriamendi.eus\/es\/2025\/04\/24\/erremontari-herriz-herri-el-remonte-llega-a-los-pueblos\/\"},\"wordCount\":144,\"publisher\":{\"@id\":\"https:\/\/oriamendi.eus\/es\/#organization\"},\"articleSection\":[\"Sin categorizar\"],\"inLanguage\":\"es\"},{\"@type\":\"WebPage\",\"@id\":\"https:\/\/oriamendi.eus\/es\/2025\/04\/24\/erremontari-herriz-herri-el-remonte-llega-a-los-pueblos\/\",\"url\":\"https:\/\/oriamendi.eus\/es\/2025\/04\/24\/erremontari-herriz-herri-el-remonte-llega-a-los-pueblos\/\",\"name\":\"Erremontari Herriz Herri: el remonte llega a los pueblos | Oriamendi 2010\",\"isPartOf\":{\"@id\":\"https:\/\/oriamendi.eus\/es\/#website\"},\"datePublished\":\"2025-04-24T20:28:49+00:00\",\"dateModified\":\"2025-04-24T20:29:03+00:00\",\"breadcrumb\":{\"@id\":\"https:\/\/oriamendi.eus\/es\/2025\/04\/24\/erremontari-herriz-herri-el-remonte-llega-a-los-pueblos\/#breadcrumb\"},\"inLanguage\":\"es\",\"potentialAction\":[{\"@type\":\"ReadAction\",\"target\":[\"https:\/\/oriamendi.eus\/es\/2025\/04\/24\/erremontari-herriz-herri-el-remonte-llega-a-los-pueblos\/\"]}]},{\"@type\":\"BreadcrumbList\",\"@id\":\"https:\/\/oriamendi.eus\/es\/2025\/04\/24\/erremontari-herriz-herri-el-remonte-llega-a-los-pueblos\/#breadcrumb\",\"itemListElement\":[{\"@type\":\"ListItem\",\"position\":1,\"name\":\"Portada\",\"item\":\"https:\/\/oriamendi.eus\/es\/\"},{\"@type\":\"ListItem\",\"position\":2,\"name\":\"Erremontari Herriz Herri: el remonte llega a los pueblos\"}]},{\"@type\":\"WebSite\",\"@id\":\"https:\/\/oriamendi.eus\/es\/#website\",\"url\":\"https:\/\/oriamendi.eus\/es\/\",\"name\":\"Oriamendi\",\"description\":\"Remonte en Galarreta. Hernani. Gipuzkoa\",\"publisher\":{\"@id\":\"https:\/\/oriamendi.eus\/es\/#organization\"},\"potentialAction\":[{\"@type\":\"SearchAction\",\"target\":{\"@type\":\"EntryPoint\",\"urlTemplate\":\"https:\/\/oriamendi.eus\/es\/?s={search_term_string}\"},\"query-input\":\"required name=search_term_string\"}],\"inLanguage\":\"es\"},{\"@type\":\"Organization\",\"@id\":\"https:\/\/oriamendi.eus\/es\/#organization\",\"name\":\"Oriamendi\",\"url\":\"https:\/\/oriamendi.eus\/es\/\",\"logo\":{\"@type\":\"ImageObject\",\"inLanguage\":\"es\",\"@id\":\"https:\/\/oriamendi.eus\/es\/#\/schema\/logo\/image\/\",\"url\":\"https:\/\/oriamendi.eus\/wp-content\/uploads\/2020\/06\/logo-oriamendi.png\",\"contentUrl\":\"https:\/\/oriamendi.eus\/wp-content\/uploads\/2020\/06\/logo-oriamendi.png\",\"width\":300,\"height\":90,\"caption\":\"Oriamendi\"},\"image\":{\"@id\":\"https:\/\/oriamendi.eus\/es\/#\/schema\/logo\/image\/\"},\"sameAs\":[\"https:\/\/www.facebook.com\/oriamendi2010remonte\/\",\"https:\/\/twitter.com\/oriamendi2010\",\"https:\/\/www.instagram.com\/galarretajaialai\/\",\"https:\/\/www.youtube.com\/channel\/UC8gVNzQqB1iwnC-_rI-ihmA\/featured\"]},{\"@type\":\"Person\",\"@id\":\"https:\/\/oriamendi.eus\/es\/#\/schema\/person\/d50c13df7440d84706fe7d03941cc92f\",\"name\":\"Endika Barrenetxea\",\"image\":{\"@type\":\"ImageObject\",\"inLanguage\":\"es\",\"@id\":\"https:\/\/oriamendi.eus\/es\/#\/schema\/person\/image\/\",\"url\":\"https:\/\/secure.gravatar.com\/avatar\/26a16205d858e579d56d8adc8addd712?s=96&d=mm&r=g\",\"contentUrl\":\"https:\/\/secure.gravatar.com\/avatar\/26a16205d858e579d56d8adc8addd712?s=96&d=mm&r=g\",\"caption\":\"Endika Barrenetxea\"},\"url\":\"https:\/\/oriamendi.eus\/es\/author\/om-kudeaketa\/\"}]}<\/script>\n<!-- \/ Yoast SEO plugin. -->","yoast_head_json":{"title":"Erremontari Herriz Herri: el remonte llega a los pueblos | Oriamendi 2010","robots":{"index":"index","follow":"follow","max-snippet":"max-snippet:-1","max-image-preview":"max-image-preview:large","max-video-preview":"max-video-preview:-1"},"canonical":"https:\/\/oriamendi.eus\/es\/2025\/04\/24\/erremontari-herriz-herri-el-remonte-llega-a-los-pueblos\/","og_locale":"es_ES","og_type":"article","og_title":"Erremontari Herriz Herri: el remonte llega a los pueblos | Oriamendi 2010","og_description":"Durante el acto tambi\u00e9n se ha presentado el proyecto Erremontari Herriz Herri, que llevar\u00e1 el remonte a 12 localidades de Euskal Herria, donde se disputar\u00e1n partidos con los pelotaris del campeonato y otros profesionales de Oriamendi. Fechas y localidades confirmadas: Idiazabal (2 mayo), Zestoa (3 mayo), Derio (18 mayo), Bergara (24 mayo), Urnieta (1 junio), [&hellip;]","og_url":"https:\/\/oriamendi.eus\/es\/2025\/04\/24\/erremontari-herriz-herri-el-remonte-llega-a-los-pueblos\/","og_site_name":"Oriamendi 2010","article_publisher":"https:\/\/www.facebook.com\/oriamendi2010remonte\/","article_published_time":"2025-04-24T20:28:49+00:00","article_modified_time":"2025-04-24T20:29:03+00:00","og_image":[{"width":841,"height":595,"url":"https:\/\/oriamendi.eus\/wp-content\/uploads\/2025\/04\/EHH_Prensta-Dosierra_02-arrastrado.jpg","type":"image\/jpeg"}],"author":"Endika Barrenetxea","twitter_card":"summary_large_image","twitter_creator":"@oriamendi2010","twitter_site":"@oriamendi2010","twitter_misc":{"Escrito por":"Endika Barrenetxea","Tiempo de lectura":"2 minutos"},"schema":{"@context":"https:\/\/schema.org","@graph":[{"@type":"Article","@id":"https:\/\/oriamendi.eus\/es\/2025\/04\/24\/erremontari-herriz-herri-el-remonte-llega-a-los-pueblos\/#article","isPartOf":{"@id":"https:\/\/oriamendi.eus\/es\/2025\/04\/24\/erremontari-herriz-herri-el-remonte-llega-a-los-pueblos\/"},"author":{"name":"Endika Barrenetxea","@id":"https:\/\/oriamendi.eus\/es\/#\/schema\/person\/d50c13df7440d84706fe7d03941cc92f"},"headline":"Erremontari Herriz Herri: el remonte llega a los pueblos","datePublished":"2025-04-24T20:28:49+00:00","dateModified":"2025-04-24T20:29:03+00:00","mainEntityOfPage":{"@id":"https:\/\/oriamendi.eus\/es\/2025\/04\/24\/erremontari-herriz-herri-el-remonte-llega-a-los-pueblos\/"},"wordCount":144,"publisher":{"@id":"https:\/\/oriamendi.eus\/es\/#organization"},"articleSection":["Sin categorizar"],"inLanguage":"es"},{"@type":"WebPage","@id":"https:\/\/oriamendi.eus\/es\/2025\/04\/24\/erremontari-herriz-herri-el-remonte-llega-a-los-pueblos\/","url":"https:\/\/oriamendi.eus\/es\/2025\/04\/24\/erremontari-herriz-herri-el-remonte-llega-a-los-pueblos\/","name":"Erremontari Herriz Herri: el remonte llega a los pueblos | Oriamendi 2010","isPartOf":{"@id":"https:\/\/oriamendi.eus\/es\/#website"},"datePublished":"2025-04-24T20:28:49+00:00","dateModified":"2025-04-24T20:29:03+00:00","breadcrumb":{"@id":"https:\/\/oriamendi.eus\/es\/2025\/04\/24\/erremontari-herriz-herri-el-remonte-llega-a-los-pueblos\/#breadcrumb"},"inLanguage":"es","potentialAction":[{"@type":"ReadAction","target":["https:\/\/oriamendi.eus\/es\/2025\/04\/24\/erremontari-herriz-herri-el-remonte-llega-a-los-pueblos\/"]}]},{"@type":"BreadcrumbList","@id":"https:\/\/oriamendi.eus\/es\/2025\/04\/24\/erremontari-herriz-herri-el-remonte-llega-a-los-pueblos\/#breadcrumb","itemListElement":[{"@type":"ListItem","position":1,"name":"Portada","item":"https:\/\/oriamendi.eus\/es\/"},{"@type":"ListItem","position":2,"name":"Erremontari Herriz Herri: el remonte llega a los pueblos"}]},{"@type":"WebSite","@id":"https:\/\/oriamendi.eus\/es\/#website","url":"https:\/\/oriamendi.eus\/es\/","name":"Oriamendi","description":"Remonte en Galarreta. Hernani. Gipuzkoa","publisher":{"@id":"https:\/\/oriamendi.eus\/es\/#organization"},"potentialAction":[{"@type":"SearchAction","target":{"@type":"EntryPoint","urlTemplate":"https:\/\/oriamendi.eus\/es\/?s={search_term_string}"},"query-input":"required name=search_term_string"}],"inLanguage":"es"},{"@type":"Organization","@id":"https:\/\/oriamendi.eus\/es\/#organization","name":"Oriamendi","url":"https:\/\/oriamendi.eus\/es\/","logo":{"@type":"ImageObject","inLanguage":"es","@id":"https:\/\/oriamendi.eus\/es\/#\/schema\/logo\/image\/","url":"https:\/\/oriamendi.eus\/wp-content\/uploads\/2020\/06\/logo-oriamendi.png","contentUrl":"https:\/\/oriamendi.eus\/wp-content\/uploads\/2020\/06\/logo-oriamendi.png","width":300,"height":90,"caption":"Oriamendi"},"image":{"@id":"https:\/\/oriamendi.eus\/es\/#\/schema\/logo\/image\/"},"sameAs":["https:\/\/www.facebook.com\/oriamendi2010remonte\/","https:\/\/twitter.com\/oriamendi2010","https:\/\/www.instagram.com\/galarretajaialai\/","https:\/\/www.youtube.com\/channel\/UC8gVNzQqB1iwnC-_rI-ihmA\/featured"]},{"@type":"Person","@id":"https:\/\/oriamendi.eus\/es\/#\/schema\/person\/d50c13df7440d84706fe7d03941cc92f","name":"Endika Barrenetxea","image":{"@type":"ImageObject","inLanguage":"es","@id":"https:\/\/oriamendi.eus\/es\/#\/schema\/person\/image\/","url":"https:\/\/secure.gravatar.com\/avatar\/26a16205d858e579d56d8adc8addd712?s=96&d=mm&r=g","contentUrl":"https:\/\/secure.gravatar.com\/avatar\/26a16205d858e579d56d8adc8addd712?s=96&d=mm&r=g","caption":"Endika Barrenetxea"},"url":"https:\/\/oriamendi.eus\/es\/author\/om-kudeaketa\/"}]}},"_links":{"self":[{"href":"https:\/\/oriamendi.eus\/es\/wp-json\/wp\/v2\/posts\/8751"}],"collection":[{"href":"https:\/\/oriamendi.eus\/es\/wp-json\/wp\/v2\/posts"}],"about":[{"href":"https:\/\/oriamendi.eus\/es\/wp-json\/wp\/v2\/types\/post"}],"author":[{"embeddable":true,"href":"https:\/\/oriamendi.eus\/es\/wp-json\/wp\/v2\/users\/3"}],"replies":[{"embeddable":true,"href":"https:\/\/oriamendi.eus\/es\/wp-json\/wp\/v2\/comments?post=8751"}],"version-history":[{"count":1,"href":"https:\/\/oriamendi.eus\/es\/wp-json\/wp\/v2\/posts\/8751\/revisions"}],"predecessor-version":[{"id":8752,"href":"https:\/\/oriamendi.eus\/es\/wp-json\/wp\/v2\/posts\/8751\/revisions\/8752"}],"wp:featuredmedia":[{"embeddable":true,"href":"https:\/\/oriamendi.eus\/es\/wp-json\/wp\/v2\/media\/8747"}],"wp:attachment":[{"href":"https:\/\/oriamendi.eus\/es\/wp-json\/wp\/v2\/media?parent=8751"}],"wp:term":[{"taxonomy":"category","embeddable":true,"href":"https:\/\/oriamendi.eus\/es\/wp-json\/wp\/v2\/categories?post=8751"},{"taxonomy":"post_tag","embeddable":true,"href":"https:\/\/oriamendi.eus\/es\/wp-json\/wp\/v2\/tags?post=8751"}],"curies":[{"name":"wp","href":"https:\/\/api.w.org\/{rel}","templated":true}]}}