                                        
                                        
                                        
                                        
                                        
                                        
                                        
                                        
                                        
                                        
                                        
                                        
                                        
                                        
                                        
                                        
                                        
                                        
{"id":8749,"date":"2025-04-24T22:27:27","date_gmt":"2025-04-24T20:27:27","guid":{"rendered":"https:\/\/oriamendi.eus\/?p=8749"},"modified":"2025-04-24T22:27:27","modified_gmt":"2025-04-24T20:27:27","slug":"el-campeonato-sagardoaren-erremonte-txapelketa-impregnara-el-programa-erremontari-desde-este-lunes","status":"publish","type":"post","link":"https:\/\/oriamendi.eus\/es\/2025\/04\/24\/el-campeonato-sagardoaren-erremonte-txapelketa-impregnara-el-programa-erremontari-desde-este-lunes\/","title":{"rendered":"El Campeonato \u00abSagardoaren erremonte txapelketa\u00bb impregnar\u00e1 el programa Erremontari desde este lunes"},"content":{"rendered":"<h3 data-start=\"287\" data-end=\"413\"><strong>Cinco potentes parejas competir\u00e1n en el torneo, que contar\u00e1 con capitanes oficiales, entre ellos el exciclista Gorka Izagirre.<\/strong><\/h3>\n<h3 data-start=\"415\" data-end=\"518\"><strong>Los equipos representar\u00e1n a las sidrer\u00edas Oialume Zar, Aburuza, Bereziartua, Alorrenea y Petritegi.<\/strong><\/h3>\n<hr class=\"\" data-start=\"520\" data-end=\"523\" \/>\n<p class=\"\" data-start=\"525\" data-end=\"1008\">Oriamendi y EITB han presentado esta tarde, en el auditorio principal de la Fundaci\u00f3n Orona, el programa <strong data-start=\"630\" data-end=\"645\">Erremontari<\/strong>, que se emitir\u00e1 en ETB1 y que incluir\u00e1 una nueva edici\u00f3n del <strong data-start=\"707\" data-end=\"744\">Campeonato de la Sidra de Remonte<\/strong>. Durante el acto se han dado a conocer las parejas participantes, los capitanes y las sidrer\u00edas que representar\u00e1n. Tambi\u00e9n se ha presentado el proyecto <strong data-start=\"901\" data-end=\"929\">Erremontari Herriz Herri<\/strong>, con el objetivo de acercar el remonte a distintas localidades del territorio.<\/p>\n<p class=\"\" data-start=\"1010\" data-end=\"1294\">En la presentaci\u00f3n han estado presentes todos los pelotaris y capitanes, representantes de cada sagardotegi, as\u00ed como de los patrocinadores principales: Orona, Diario Vasco, Ayuntamiento de Hernani y Donostia Turismoa. Tambi\u00e9n ha asistido Joseba Urkiola, director de deportes de EITB.<\/p>\n<hr class=\"\" data-start=\"1296\" data-end=\"1299\" \/>\n<h3 class=\"\" data-start=\"1301\" data-end=\"1339\">Cinco parejas, cinco sidrer\u00edas<\/h3>\n<p class=\"\" data-start=\"1341\" data-end=\"1405\">Los equipos que participar\u00e1n en esta edici\u00f3n est\u00e1n formados por:<\/p>\n<ul data-start=\"1407\" data-end=\"2159\">\n<li class=\"\" data-start=\"1407\" data-end=\"1611\">\n<p class=\"\" data-start=\"1409\" data-end=\"1611\"><strong data-start=\"1409\" data-end=\"1424\">Oialume Zar<\/strong>: Aldabe y Barrenetxea IV, capitaneados por I\u00f1aki Lekuona. Barrenetxea, que nunca ha ganado este campeonato representando la sagardotegi gestionada por su familia, buscar\u00e1 hacer historia.<\/p>\n<\/li>\n<li class=\"\" data-start=\"1615\" data-end=\"1688\">\n<p class=\"\" data-start=\"1617\" data-end=\"1688\"><strong data-start=\"1617\" data-end=\"1632\">Bereziartua<\/strong>: Ezkurra II y Juanenea, con Patri Espinar como capit\u00e1n.<\/p>\n<\/li>\n<li class=\"\" data-start=\"1692\" data-end=\"2015\">\n<p class=\"\" data-start=\"1694\" data-end=\"2015\"><strong data-start=\"1694\" data-end=\"1705\">Aburuza<\/strong>: Ansa II y Zubiri estar\u00e1n bajo la direcci\u00f3n de <strong data-start=\"1753\" data-end=\"1771\">Gorka Izagirre<\/strong>, exciclista profesional, en una de las grandes novedades de esta edici\u00f3n. \u201cEs una experiencia completamente nueva para m\u00ed \u2014ha declarado Izagirre\u2014. Intentar\u00e9 aportar mi visi\u00f3n como deportista en este formato tan especial como es <em data-start=\"2000\" data-end=\"2013\">Erremontari<\/em>\u201d.<\/p>\n<\/li>\n<li class=\"\" data-start=\"2017\" data-end=\"2083\">\n<p class=\"\" data-start=\"2019\" data-end=\"2083\"><strong data-start=\"2019\" data-end=\"2032\">Alorrenea<\/strong>: Segurola y Azpiroz, con Igor Arruti como capit\u00e1n.<\/p>\n<\/li>\n<li class=\"\" data-start=\"2087\" data-end=\"2159\">\n<p class=\"\" data-start=\"2089\" data-end=\"2159\"><strong data-start=\"2089\" data-end=\"2102\">Petritegi<\/strong>: Urriza y Larra\u00f1aga, con Aritz Altadill en la direcci\u00f3n.<\/p>\n<\/li>\n<\/ul>\n<p class=\"\" data-start=\"2161\" data-end=\"2265\">Cabe destacar que el a\u00f1o pasado fue la pareja de Urriza y Martirena la que otorg\u00f3 la victoria a Aburuza.<\/p>\n<hr class=\"\" data-start=\"2267\" data-end=\"2270\" \/>\n<h3 class=\"\" data-start=\"2272\" data-end=\"2313\">El \u00faltimo campeonato de Javier Urriza<\/h3>\n<p class=\"\" data-start=\"2315\" data-end=\"2515\">Esta edici\u00f3n ser\u00e1 especialmente emotiva: <strong data-start=\"2356\" data-end=\"2421\">Javier Urriza disputar\u00e1 su \u00faltimo campeonato como profesional<\/strong>, cerrando as\u00ed una etapa brillante y dejando una huella imborrable en la historia del remonte.<\/p>\n<p class=\"\" data-start=\"2517\" data-end=\"2650\">Adem\u00e1s, la reducci\u00f3n de seis a cinco parejas refuerza la competitividad, elevando significativamente el nivel t\u00e9cnico del campeonato.<\/p>\n<hr class=\"\" data-start=\"2652\" data-end=\"2655\" \/>\n<h3 class=\"\" data-start=\"2657\" data-end=\"2696\">Calendario y sistema de competici\u00f3n<\/h3>\n<p class=\"\" data-start=\"2698\" data-end=\"2914\">El campeonato comenzar\u00e1 el <strong data-start=\"2725\" data-end=\"2746\">lunes 28 de abril<\/strong> y la gran final se disputar\u00e1 el <strong data-start=\"2779\" data-end=\"2800\">lunes 16 de junio<\/strong>. Todos los partidos se jugar\u00e1n <strong data-start=\"2832\" data-end=\"2873\">a las 18:00 h en el front\u00f3n Galarreta<\/strong> y se emitir\u00e1n en <strong data-start=\"2891\" data-end=\"2913\">ETB1 a las 22:30 h<\/strong>.<\/p>\n<p class=\"\" data-start=\"2916\" data-end=\"2933\">Fase de liguilla:<\/p>\n<ul data-start=\"2934\" data-end=\"3099\">\n<li class=\"\" data-start=\"2934\" data-end=\"2974\">\n<p class=\"\" data-start=\"2936\" data-end=\"2974\">Fechas: abril 28, mayo 5, 12, 19 y 26.<\/p>\n<\/li>\n<li class=\"\" data-start=\"2975\" data-end=\"3099\">\n<p class=\"\" data-start=\"2977\" data-end=\"3099\">Sistema de puntuaci\u00f3n: 2-0 (4 puntos), 2-1 (3 puntos), 1-2 (1 punto), 0-2 (0 puntos), menos de 15 tantos (punto negativo).<\/p>\n<\/li>\n<\/ul>\n<p class=\"\" data-start=\"3101\" data-end=\"3112\">Fase final:<\/p>\n<ul data-start=\"3113\" data-end=\"3284\">\n<li class=\"\" data-start=\"3113\" data-end=\"3156\">\n<p class=\"\" data-start=\"3115\" data-end=\"3156\"><strong data-start=\"3115\" data-end=\"3137\">Playoff (3\u00ba vs 4\u00ba)<\/strong>: martes 3 de junio<\/p>\n<\/li>\n<li class=\"\" data-start=\"3157\" data-end=\"3220\">\n<p class=\"\" data-start=\"3159\" data-end=\"3220\"><strong data-start=\"3159\" data-end=\"3202\">Finalaurrea (2\u00ba vs ganador del playoff)<\/strong>: lunes 9 de junio<\/p>\n<\/li>\n<li class=\"\" data-start=\"3221\" data-end=\"3284\">\n<p class=\"\" data-start=\"3223\" data-end=\"3284\"><strong data-start=\"3223\" data-end=\"3265\">Finala (1\u00ba vs ganador del finalaurrea)<\/strong>: lunes 16 de junio<\/p>\n<\/li>\n<\/ul>\n<hr class=\"\" data-start=\"3286\" data-end=\"3289\" \/>\n<h3 class=\"\" data-start=\"3291\" data-end=\"3330\">Tecnolog\u00eda y recursos audiovisuales<\/h3>\n<p class=\"\" data-start=\"3332\" data-end=\"3415\"><em data-start=\"3332\" data-end=\"3345\">Erremontari<\/em> seguir\u00e1 siendo el programa de pelota m\u00e1s avanzado tecnol\u00f3gicamente:<\/p>\n<ul data-start=\"3416\" data-end=\"3828\">\n<li class=\"\" data-start=\"3416\" data-end=\"3530\">\n<p class=\"\" data-start=\"3418\" data-end=\"3530\">Se mantiene el sistema de <strong data-start=\"3444\" data-end=\"3457\">\u201cwarning\u201d<\/strong> (30 segundos para el saque, con penalizaci\u00f3n en caso de incumplimiento).<\/p>\n<\/li>\n<li class=\"\" data-start=\"3531\" data-end=\"3625\">\n<p class=\"\" data-start=\"3533\" data-end=\"3625\">Se incorporan <strong data-start=\"3547\" data-end=\"3562\">puls\u00f3metros<\/strong> para monitorizar en directo el estado f\u00edsico de los pelotaris.<\/p>\n<\/li>\n<li class=\"\" data-start=\"3626\" data-end=\"3716\">\n<p class=\"\" data-start=\"3628\" data-end=\"3716\">Todos llevar\u00e1n <strong data-start=\"3643\" data-end=\"3657\">micr\u00f3fonos<\/strong>, permitiendo al espectador o\u00edr estrategias y comunicaci\u00f3n.<\/p>\n<\/li>\n<li class=\"\" data-start=\"3717\" data-end=\"3828\">\n<p class=\"\" data-start=\"3719\" data-end=\"3828\">Se han desarrollado <strong data-start=\"3739\" data-end=\"3766\">nuevos dise\u00f1os visuales<\/strong> y camisetas \u00fanicas para cada pareja, dise\u00f1adas por Oriamendi.<\/p>\n<\/li>\n<\/ul>\n<p><img fetchpriority=\"high\" fetchpriority=\"high\" decoding=\"async\" class=\"alignleft size-medium wp-image-8741\" src=\"https:\/\/oriamendi.eus\/wp-content\/uploads\/2025\/04\/DSC0141-300x200.jpeg\" alt=\"\" width=\"300\" height=\"200\" \/><\/p>\n","protected":false},"excerpt":{"rendered":"<p>Cinco potentes parejas competir\u00e1n en el torneo, que contar\u00e1 con capitanes oficiales, entre ellos el exciclista Gorka Izagirre. Los equipos representar\u00e1n a las sidrer\u00edas Oialume Zar, Aburuza, Bereziartua, Alorrenea y Petritegi. Oriamendi y EITB han presentado esta tarde, en el auditorio principal de la Fundaci\u00f3n Orona, el programa Erremontari, que se emitir\u00e1 en ETB1 y [&hellip;]<\/p>\n","protected":false},"author":3,"featured_media":8739,"comment_status":"closed","ping_status":"open","sticky":false,"template":"","format":"standard","meta":{"_et_pb_use_builder":"","_et_pb_old_content":"","_et_gb_content_width":"","footnotes":""},"categories":[1],"tags":[],"yoast_head":"<!-- This site is optimized with the Yoast SEO plugin v21.8 - https:\/\/yoast.com\/wordpress\/plugins\/seo\/ -->\n<title>El Campeonato &quot;Sagardoaren erremonte txapelketa&quot; impregnar\u00e1 el programa Erremontari desde este lunes | Oriamendi 2010<\/title>\n<meta name=\"robots\" content=\"index, follow, max-snippet:-1, max-image-preview:large, max-video-preview:-1\" \/>\n<link rel=\"canonical\" href=\"https:\/\/oriamendi.eus\/es\/2025\/04\/24\/el-campeonato-sagardoaren-erremonte-txapelketa-impregnara-el-programa-erremontari-desde-este-lunes\/\" \/>\n<meta property=\"og:locale\" content=\"es_ES\" \/>\n<meta property=\"og:type\" content=\"article\" \/>\n<meta property=\"og:title\" content=\"El Campeonato &quot;Sagardoaren erremonte txapelketa&quot; impregnar\u00e1 el programa Erremontari desde este lunes | Oriamendi 2010\" \/>\n<meta property=\"og:description\" content=\"Cinco potentes parejas competir\u00e1n en el torneo, que contar\u00e1 con capitanes oficiales, entre ellos el exciclista Gorka Izagirre. Los equipos representar\u00e1n a las sidrer\u00edas Oialume Zar, Aburuza, Bereziartua, Alorrenea y Petritegi. Oriamendi y EITB han presentado esta tarde, en el auditorio principal de la Fundaci\u00f3n Orona, el programa Erremontari, que se emitir\u00e1 en ETB1 y [&hellip;]\" \/>\n<meta property=\"og:url\" content=\"https:\/\/oriamendi.eus\/es\/2025\/04\/24\/el-campeonato-sagardoaren-erremonte-txapelketa-impregnara-el-programa-erremontari-desde-este-lunes\/\" \/>\n<meta property=\"og:site_name\" content=\"Oriamendi 2010\" \/>\n<meta property=\"article:publisher\" content=\"https:\/\/www.facebook.com\/oriamendi2010remonte\/\" \/>\n<meta property=\"article:published_time\" content=\"2025-04-24T20:27:27+00:00\" \/>\n<meta property=\"og:image\" content=\"https:\/\/oriamendi.eus\/wp-content\/uploads\/2025\/04\/slider_Erremontari.jpg\" \/>\n\t<meta property=\"og:image:width\" content=\"1200\" \/>\n\t<meta property=\"og:image:height\" content=\"632\" \/>\n\t<meta property=\"og:image:type\" content=\"image\/jpeg\" \/>\n<meta name=\"author\" content=\"Endika Barrenetxea\" \/>\n<meta name=\"twitter:card\" content=\"summary_large_image\" \/>\n<meta name=\"twitter:creator\" content=\"@oriamendi2010\" \/>\n<meta name=\"twitter:site\" content=\"@oriamendi2010\" \/>\n<meta name=\"twitter:label1\" content=\"Escrito por\" \/>\n\t<meta name=\"twitter:data1\" content=\"Endika Barrenetxea\" \/>\n\t<meta name=\"twitter:label2\" content=\"Tiempo de lectura\" \/>\n\t<meta name=\"twitter:data2\" content=\"3 minutos\" \/>\n<script type=\"application\/ld+json\" class=\"yoast-schema-graph\">{\"@context\":\"https:\/\/schema.org\",\"@graph\":[{\"@type\":\"Article\",\"@id\":\"https:\/\/oriamendi.eus\/es\/2025\/04\/24\/el-campeonato-sagardoaren-erremonte-txapelketa-impregnara-el-programa-erremontari-desde-este-lunes\/#article\",\"isPartOf\":{\"@id\":\"https:\/\/oriamendi.eus\/es\/2025\/04\/24\/el-campeonato-sagardoaren-erremonte-txapelketa-impregnara-el-programa-erremontari-desde-este-lunes\/\"},\"author\":{\"name\":\"Endika Barrenetxea\",\"@id\":\"https:\/\/oriamendi.eus\/es\/#\/schema\/person\/d50c13df7440d84706fe7d03941cc92f\"},\"headline\":\"El Campeonato \u00abSagardoaren erremonte txapelketa\u00bb impregnar\u00e1 el programa Erremontari desde este lunes\",\"datePublished\":\"2025-04-24T20:27:27+00:00\",\"dateModified\":\"2025-04-24T20:27:27+00:00\",\"mainEntityOfPage\":{\"@id\":\"https:\/\/oriamendi.eus\/es\/2025\/04\/24\/el-campeonato-sagardoaren-erremonte-txapelketa-impregnara-el-programa-erremontari-desde-este-lunes\/\"},\"wordCount\":548,\"publisher\":{\"@id\":\"https:\/\/oriamendi.eus\/es\/#organization\"},\"articleSection\":[\"Sin categorizar\"],\"inLanguage\":\"es\"},{\"@type\":\"WebPage\",\"@id\":\"https:\/\/oriamendi.eus\/es\/2025\/04\/24\/el-campeonato-sagardoaren-erremonte-txapelketa-impregnara-el-programa-erremontari-desde-este-lunes\/\",\"url\":\"https:\/\/oriamendi.eus\/es\/2025\/04\/24\/el-campeonato-sagardoaren-erremonte-txapelketa-impregnara-el-programa-erremontari-desde-este-lunes\/\",\"name\":\"El Campeonato \\\"Sagardoaren erremonte txapelketa\\\" impregnar\u00e1 el programa Erremontari desde este lunes | Oriamendi 2010\",\"isPartOf\":{\"@id\":\"https:\/\/oriamendi.eus\/es\/#website\"},\"datePublished\":\"2025-04-24T20:27:27+00:00\",\"dateModified\":\"2025-04-24T20:27:27+00:00\",\"breadcrumb\":{\"@id\":\"https:\/\/oriamendi.eus\/es\/2025\/04\/24\/el-campeonato-sagardoaren-erremonte-txapelketa-impregnara-el-programa-erremontari-desde-este-lunes\/#breadcrumb\"},\"inLanguage\":\"es\",\"potentialAction\":[{\"@type\":\"ReadAction\",\"target\":[\"https:\/\/oriamendi.eus\/es\/2025\/04\/24\/el-campeonato-sagardoaren-erremonte-txapelketa-impregnara-el-programa-erremontari-desde-este-lunes\/\"]}]},{\"@type\":\"BreadcrumbList\",\"@id\":\"https:\/\/oriamendi.eus\/es\/2025\/04\/24\/el-campeonato-sagardoaren-erremonte-txapelketa-impregnara-el-programa-erremontari-desde-este-lunes\/#breadcrumb\",\"itemListElement\":[{\"@type\":\"ListItem\",\"position\":1,\"name\":\"Portada\",\"item\":\"https:\/\/oriamendi.eus\/es\/\"},{\"@type\":\"ListItem\",\"position\":2,\"name\":\"El Campeonato \u00abSagardoaren erremonte txapelketa\u00bb impregnar\u00e1 el programa Erremontari desde este lunes\"}]},{\"@type\":\"WebSite\",\"@id\":\"https:\/\/oriamendi.eus\/es\/#website\",\"url\":\"https:\/\/oriamendi.eus\/es\/\",\"name\":\"Oriamendi\",\"description\":\"Remonte en Galarreta. Hernani. Gipuzkoa\",\"publisher\":{\"@id\":\"https:\/\/oriamendi.eus\/es\/#organization\"},\"potentialAction\":[{\"@type\":\"SearchAction\",\"target\":{\"@type\":\"EntryPoint\",\"urlTemplate\":\"https:\/\/oriamendi.eus\/es\/?s={search_term_string}\"},\"query-input\":\"required name=search_term_string\"}],\"inLanguage\":\"es\"},{\"@type\":\"Organization\",\"@id\":\"https:\/\/oriamendi.eus\/es\/#organization\",\"name\":\"Oriamendi\",\"url\":\"https:\/\/oriamendi.eus\/es\/\",\"logo\":{\"@type\":\"ImageObject\",\"inLanguage\":\"es\",\"@id\":\"https:\/\/oriamendi.eus\/es\/#\/schema\/logo\/image\/\",\"url\":\"https:\/\/oriamendi.eus\/wp-content\/uploads\/2020\/06\/logo-oriamendi.png\",\"contentUrl\":\"https:\/\/oriamendi.eus\/wp-content\/uploads\/2020\/06\/logo-oriamendi.png\",\"width\":300,\"height\":90,\"caption\":\"Oriamendi\"},\"image\":{\"@id\":\"https:\/\/oriamendi.eus\/es\/#\/schema\/logo\/image\/\"},\"sameAs\":[\"https:\/\/www.facebook.com\/oriamendi2010remonte\/\",\"https:\/\/twitter.com\/oriamendi2010\",\"https:\/\/www.instagram.com\/galarretajaialai\/\",\"https:\/\/www.youtube.com\/channel\/UC8gVNzQqB1iwnC-_rI-ihmA\/featured\"]},{\"@type\":\"Person\",\"@id\":\"https:\/\/oriamendi.eus\/es\/#\/schema\/person\/d50c13df7440d84706fe7d03941cc92f\",\"name\":\"Endika Barrenetxea\",\"image\":{\"@type\":\"ImageObject\",\"inLanguage\":\"es\",\"@id\":\"https:\/\/oriamendi.eus\/es\/#\/schema\/person\/image\/\",\"url\":\"https:\/\/secure.gravatar.com\/avatar\/26a16205d858e579d56d8adc8addd712?s=96&d=mm&r=g\",\"contentUrl\":\"https:\/\/secure.gravatar.com\/avatar\/26a16205d858e579d56d8adc8addd712?s=96&d=mm&r=g\",\"caption\":\"Endika Barrenetxea\"},\"url\":\"https:\/\/oriamendi.eus\/es\/author\/om-kudeaketa\/\"}]}<\/script>\n<!-- \/ Yoast SEO plugin. -->","yoast_head_json":{"title":"El Campeonato \"Sagardoaren erremonte txapelketa\" impregnar\u00e1 el programa Erremontari desde este lunes | Oriamendi 2010","robots":{"index":"index","follow":"follow","max-snippet":"max-snippet:-1","max-image-preview":"max-image-preview:large","max-video-preview":"max-video-preview:-1"},"canonical":"https:\/\/oriamendi.eus\/es\/2025\/04\/24\/el-campeonato-sagardoaren-erremonte-txapelketa-impregnara-el-programa-erremontari-desde-este-lunes\/","og_locale":"es_ES","og_type":"article","og_title":"El Campeonato \"Sagardoaren erremonte txapelketa\" impregnar\u00e1 el programa Erremontari desde este lunes | Oriamendi 2010","og_description":"Cinco potentes parejas competir\u00e1n en el torneo, que contar\u00e1 con capitanes oficiales, entre ellos el exciclista Gorka Izagirre. Los equipos representar\u00e1n a las sidrer\u00edas Oialume Zar, Aburuza, Bereziartua, Alorrenea y Petritegi. Oriamendi y EITB han presentado esta tarde, en el auditorio principal de la Fundaci\u00f3n Orona, el programa Erremontari, que se emitir\u00e1 en ETB1 y [&hellip;]","og_url":"https:\/\/oriamendi.eus\/es\/2025\/04\/24\/el-campeonato-sagardoaren-erremonte-txapelketa-impregnara-el-programa-erremontari-desde-este-lunes\/","og_site_name":"Oriamendi 2010","article_publisher":"https:\/\/www.facebook.com\/oriamendi2010remonte\/","article_published_time":"2025-04-24T20:27:27+00:00","og_image":[{"width":1200,"height":632,"url":"https:\/\/oriamendi.eus\/wp-content\/uploads\/2025\/04\/slider_Erremontari.jpg","type":"image\/jpeg"}],"author":"Endika Barrenetxea","twitter_card":"summary_large_image","twitter_creator":"@oriamendi2010","twitter_site":"@oriamendi2010","twitter_misc":{"Escrito por":"Endika Barrenetxea","Tiempo de lectura":"3 minutos"},"schema":{"@context":"https:\/\/schema.org","@graph":[{"@type":"Article","@id":"https:\/\/oriamendi.eus\/es\/2025\/04\/24\/el-campeonato-sagardoaren-erremonte-txapelketa-impregnara-el-programa-erremontari-desde-este-lunes\/#article","isPartOf":{"@id":"https:\/\/oriamendi.eus\/es\/2025\/04\/24\/el-campeonato-sagardoaren-erremonte-txapelketa-impregnara-el-programa-erremontari-desde-este-lunes\/"},"author":{"name":"Endika Barrenetxea","@id":"https:\/\/oriamendi.eus\/es\/#\/schema\/person\/d50c13df7440d84706fe7d03941cc92f"},"headline":"El Campeonato \u00abSagardoaren erremonte txapelketa\u00bb impregnar\u00e1 el programa Erremontari desde este lunes","datePublished":"2025-04-24T20:27:27+00:00","dateModified":"2025-04-24T20:27:27+00:00","mainEntityOfPage":{"@id":"https:\/\/oriamendi.eus\/es\/2025\/04\/24\/el-campeonato-sagardoaren-erremonte-txapelketa-impregnara-el-programa-erremontari-desde-este-lunes\/"},"wordCount":548,"publisher":{"@id":"https:\/\/oriamendi.eus\/es\/#organization"},"articleSection":["Sin categorizar"],"inLanguage":"es"},{"@type":"WebPage","@id":"https:\/\/oriamendi.eus\/es\/2025\/04\/24\/el-campeonato-sagardoaren-erremonte-txapelketa-impregnara-el-programa-erremontari-desde-este-lunes\/","url":"https:\/\/oriamendi.eus\/es\/2025\/04\/24\/el-campeonato-sagardoaren-erremonte-txapelketa-impregnara-el-programa-erremontari-desde-este-lunes\/","name":"El Campeonato \"Sagardoaren erremonte txapelketa\" impregnar\u00e1 el programa Erremontari desde este lunes | Oriamendi 2010","isPartOf":{"@id":"https:\/\/oriamendi.eus\/es\/#website"},"datePublished":"2025-04-24T20:27:27+00:00","dateModified":"2025-04-24T20:27:27+00:00","breadcrumb":{"@id":"https:\/\/oriamendi.eus\/es\/2025\/04\/24\/el-campeonato-sagardoaren-erremonte-txapelketa-impregnara-el-programa-erremontari-desde-este-lunes\/#breadcrumb"},"inLanguage":"es","potentialAction":[{"@type":"ReadAction","target":["https:\/\/oriamendi.eus\/es\/2025\/04\/24\/el-campeonato-sagardoaren-erremonte-txapelketa-impregnara-el-programa-erremontari-desde-este-lunes\/"]}]},{"@type":"BreadcrumbList","@id":"https:\/\/oriamendi.eus\/es\/2025\/04\/24\/el-campeonato-sagardoaren-erremonte-txapelketa-impregnara-el-programa-erremontari-desde-este-lunes\/#breadcrumb","itemListElement":[{"@type":"ListItem","position":1,"name":"Portada","item":"https:\/\/oriamendi.eus\/es\/"},{"@type":"ListItem","position":2,"name":"El Campeonato \u00abSagardoaren erremonte txapelketa\u00bb impregnar\u00e1 el programa Erremontari desde este lunes"}]},{"@type":"WebSite","@id":"https:\/\/oriamendi.eus\/es\/#website","url":"https:\/\/oriamendi.eus\/es\/","name":"Oriamendi","description":"Remonte en Galarreta. Hernani. Gipuzkoa","publisher":{"@id":"https:\/\/oriamendi.eus\/es\/#organization"},"potentialAction":[{"@type":"SearchAction","target":{"@type":"EntryPoint","urlTemplate":"https:\/\/oriamendi.eus\/es\/?s={search_term_string}"},"query-input":"required name=search_term_string"}],"inLanguage":"es"},{"@type":"Organization","@id":"https:\/\/oriamendi.eus\/es\/#organization","name":"Oriamendi","url":"https:\/\/oriamendi.eus\/es\/","logo":{"@type":"ImageObject","inLanguage":"es","@id":"https:\/\/oriamendi.eus\/es\/#\/schema\/logo\/image\/","url":"https:\/\/oriamendi.eus\/wp-content\/uploads\/2020\/06\/logo-oriamendi.png","contentUrl":"https:\/\/oriamendi.eus\/wp-content\/uploads\/2020\/06\/logo-oriamendi.png","width":300,"height":90,"caption":"Oriamendi"},"image":{"@id":"https:\/\/oriamendi.eus\/es\/#\/schema\/logo\/image\/"},"sameAs":["https:\/\/www.facebook.com\/oriamendi2010remonte\/","https:\/\/twitter.com\/oriamendi2010","https:\/\/www.instagram.com\/galarretajaialai\/","https:\/\/www.youtube.com\/channel\/UC8gVNzQqB1iwnC-_rI-ihmA\/featured"]},{"@type":"Person","@id":"https:\/\/oriamendi.eus\/es\/#\/schema\/person\/d50c13df7440d84706fe7d03941cc92f","name":"Endika Barrenetxea","image":{"@type":"ImageObject","inLanguage":"es","@id":"https:\/\/oriamendi.eus\/es\/#\/schema\/person\/image\/","url":"https:\/\/secure.gravatar.com\/avatar\/26a16205d858e579d56d8adc8addd712?s=96&d=mm&r=g","contentUrl":"https:\/\/secure.gravatar.com\/avatar\/26a16205d858e579d56d8adc8addd712?s=96&d=mm&r=g","caption":"Endika Barrenetxea"},"url":"https:\/\/oriamendi.eus\/es\/author\/om-kudeaketa\/"}]}},"_links":{"self":[{"href":"https:\/\/oriamendi.eus\/es\/wp-json\/wp\/v2\/posts\/8749"}],"collection":[{"href":"https:\/\/oriamendi.eus\/es\/wp-json\/wp\/v2\/posts"}],"about":[{"href":"https:\/\/oriamendi.eus\/es\/wp-json\/wp\/v2\/types\/post"}],"author":[{"embeddable":true,"href":"https:\/\/oriamendi.eus\/es\/wp-json\/wp\/v2\/users\/3"}],"replies":[{"embeddable":true,"href":"https:\/\/oriamendi.eus\/es\/wp-json\/wp\/v2\/comments?post=8749"}],"version-history":[{"count":1,"href":"https:\/\/oriamendi.eus\/es\/wp-json\/wp\/v2\/posts\/8749\/revisions"}],"predecessor-version":[{"id":8750,"href":"https:\/\/oriamendi.eus\/es\/wp-json\/wp\/v2\/posts\/8749\/revisions\/8750"}],"wp:featuredmedia":[{"embeddable":true,"href":"https:\/\/oriamendi.eus\/es\/wp-json\/wp\/v2\/media\/8739"}],"wp:attachment":[{"href":"https:\/\/oriamendi.eus\/es\/wp-json\/wp\/v2\/media?parent=8749"}],"wp:term":[{"taxonomy":"category","embeddable":true,"href":"https:\/\/oriamendi.eus\/es\/wp-json\/wp\/v2\/categories?post=8749"},{"taxonomy":"post_tag","embeddable":true,"href":"https:\/\/oriamendi.eus\/es\/wp-json\/wp\/v2\/tags?post=8749"}],"curies":[{"name":"wp","href":"https:\/\/api.w.org\/{rel}","templated":true}]}}