                                        
                                        
                                        
                                        
                                        
                                        
                                        
                                        
                                        
                                        
                                        
                                        
                                        
                                        
                                        
                                        
                                        
                                        
{"id":8716,"date":"2025-03-23T11:54:26","date_gmt":"2025-03-23T10:54:26","guid":{"rendered":"https:\/\/oriamendi.eus\/?p=8716"},"modified":"2025-03-23T11:54:26","modified_gmt":"2025-03-23T10:54:26","slug":"los-goikoetxea-se-clasifican-para-la-final-del-torneo-berria","status":"publish","type":"post","link":"https:\/\/oriamendi.eus\/es\/2025\/03\/23\/los-goikoetxea-se-clasifican-para-la-final-del-torneo-berria\/","title":{"rendered":"Los Goikoetxea se clasifican para la final del torneo Berria"},"content":{"rendered":"<p><strong>En una semifinal emocionante se han impuesto 1-2 (15-14, 14-15 y 6-8) ante Susperregi y Apezetxea<\/strong><\/p>\n<p>Goikoetxea V y Goikoetxea VI se han clasificado para la final del Torneo Berria tras superar en la semifinal a Susperregi y Apezetxea. En un partido inigualable han ganado 1-2 con parciales de 15-14, 14-15 y 6-8. Adem\u00e1s, en el \u00faltimo set perd\u00edan 6-3, pero han logrado la clasificaci\u00f3n gracias a un parcial final de 0-5. La emoci\u00f3n ha sido m\u00e1xima durante todo el partido. En la final se enfrentar\u00e1n a Gurrutxaga y Eskudero.<br \/>\nAdem\u00e1s de mucha emoci\u00f3n y paridad, el ambiente en el front\u00f3n ha sido inmejorable. Galarreta ha habido un gran ambiente y han ofrecido un gran espect\u00e1culo los cuatro remontistas. La afici\u00f3n lo han agradecido, ya que sus cuatro semifinalistas han demostrado su nivel de juego.<br \/>\nCualquiera de las dos parejas pod\u00eda haber logrado la clasificaci\u00f3n por c\u00f3mo ha ido la semifinal. En el primer set Susperregi y Apezetxea han llevado el mando, pero al final los azules se han acercado mucho. A\u00fan as\u00ed, los colorados han logrado poner el 1-0 en el marcador tras un error de Goikoetxea VI.<br \/>\nEl segundo set ha sido similar, pero en este caso los azules han llevado las riendas en todo momento. Han tenido una ventaja de tres tantos en el 7-10 pero Susperregi y Apezetxea se han adelantado 11-10. Sin embargo, en los \u00faltimos tantos los Goikoetxea volvieron a mandar y en un buen tanto final ganaron 14-15 y pusieron el empate a uno en el marcador.<br \/>\nEl decisivo tercer y \u00faltimo set ha comenzado con el mando de los rojos. Se han adelantado 6-3, pero los \u00faltimos cinco tantos han sido obra de los Goikoetxea. El seis iguales ha sido el mejor tanto del partido y los dos \u00faltimos los ha hecho Goikoetxea V con buenas pelotazos atr\u00e1s. Los azules han celebrado saltando la clasificaci\u00f3n para la final. Los cuatro pelotaris han tenido unos n\u00fameros muy parecidos tanto atr\u00e1s como delante.<\/p>\n<div><strong>Aldabe y Barrenetxea IV ganan con facilidad a Ansa II y Juanenea<\/strong><\/div>\n<div><\/div>\n<div>Barrenetxea IV ha vuelto con mucha fuerza y muy fresco de la lesi\u00f3n. En su segundo partido volvi\u00f3 a ganar con facilidad acompa\u00f1ado por un Aldabe que no para de crecer. Se impusieron 0-2 (10-15 y 7-15) a Ansa II y Juanenea. El primer fue m\u00e1s igualado, pero se rompi\u00f3 al final a favor de los azules. El segundo set no tuvo igualdad y Aldabe y Barrenetxea se impusieron con facilidad con un parcial de 7-15.<\/div>\n<div>\n<div>El primer partido del festival fue m\u00e1s igualado. Los tres set fueron muy parejos. Segurola y Martirena ganaron 7-8 en el set decisivo despu\u00e9s de ir perdiendo 7-3. Un \u00faltimo parcial de 0-5 decidi\u00f3 el choque. Los dos primeros set tambi\u00e9n fueron igualados. El primero se lo llevaron Jabalera y Azpiroz por 15-12, pero en el segundo empataron los azules 13-15.<\/div>\n<\/div>\n<div><\/div>\n","protected":false},"excerpt":{"rendered":"<p>En una semifinal emocionante se han impuesto 1-2 (15-14, 14-15 y 6-8) ante Susperregi y Apezetxea Goikoetxea V y Goikoetxea VI se han clasificado para la final del Torneo Berria tras superar en la semifinal a Susperregi y Apezetxea. En un partido inigualable han ganado 1-2 con parciales de 15-14, 14-15 y 6-8. Adem\u00e1s, en [&hellip;]<\/p>\n","protected":false},"author":5,"featured_media":8657,"comment_status":"closed","ping_status":"open","sticky":false,"template":"","format":"standard","meta":{"_et_pb_use_builder":"","_et_pb_old_content":"","_et_gb_content_width":"","footnotes":""},"categories":[1],"tags":[],"yoast_head":"<!-- This site is optimized with the Yoast SEO plugin v21.8 - https:\/\/yoast.com\/wordpress\/plugins\/seo\/ -->\n<title>Los Goikoetxea se clasifican para la final del torneo Berria | Oriamendi 2010<\/title>\n<meta name=\"robots\" content=\"index, follow, max-snippet:-1, max-image-preview:large, max-video-preview:-1\" \/>\n<link rel=\"canonical\" href=\"https:\/\/oriamendi.eus\/es\/2025\/03\/23\/los-goikoetxea-se-clasifican-para-la-final-del-torneo-berria\/\" \/>\n<meta property=\"og:locale\" content=\"es_ES\" \/>\n<meta property=\"og:type\" content=\"article\" \/>\n<meta property=\"og:title\" content=\"Los Goikoetxea se clasifican para la final del torneo Berria | Oriamendi 2010\" \/>\n<meta property=\"og:description\" content=\"En una semifinal emocionante se han impuesto 1-2 (15-14, 14-15 y 6-8) ante Susperregi y Apezetxea Goikoetxea V y Goikoetxea VI se han clasificado para la final del Torneo Berria tras superar en la semifinal a Susperregi y Apezetxea. En un partido inigualable han ganado 1-2 con parciales de 15-14, 14-15 y 6-8. Adem\u00e1s, en [&hellip;]\" \/>\n<meta property=\"og:url\" content=\"https:\/\/oriamendi.eus\/es\/2025\/03\/23\/los-goikoetxea-se-clasifican-para-la-final-del-torneo-berria\/\" \/>\n<meta property=\"og:site_name\" content=\"Oriamendi 2010\" \/>\n<meta property=\"article:publisher\" content=\"https:\/\/www.facebook.com\/oriamendi2010remonte\/\" \/>\n<meta property=\"article:published_time\" content=\"2025-03-23T10:54:26+00:00\" \/>\n<meta property=\"og:image\" content=\"https:\/\/oriamendi.eus\/wp-content\/uploads\/2025\/02\/IMG_20250218_174929_2000_x_1335_pixel-1.jpg\" \/>\n\t<meta property=\"og:image:width\" content=\"1200\" \/>\n\t<meta property=\"og:image:height\" content=\"801\" \/>\n\t<meta property=\"og:image:type\" content=\"image\/jpeg\" \/>\n<meta name=\"author\" content=\"I\u00f1igo Go\u00f1i\" \/>\n<meta name=\"twitter:card\" content=\"summary_large_image\" \/>\n<meta name=\"twitter:creator\" content=\"@oriamendi2010\" \/>\n<meta name=\"twitter:site\" content=\"@oriamendi2010\" \/>\n<meta name=\"twitter:label1\" content=\"Escrito por\" \/>\n\t<meta name=\"twitter:data1\" content=\"I\u00f1igo Go\u00f1i\" \/>\n\t<meta name=\"twitter:label2\" content=\"Tiempo de lectura\" \/>\n\t<meta name=\"twitter:data2\" content=\"3 minutos\" \/>\n<script type=\"application\/ld+json\" class=\"yoast-schema-graph\">{\"@context\":\"https:\/\/schema.org\",\"@graph\":[{\"@type\":\"Article\",\"@id\":\"https:\/\/oriamendi.eus\/es\/2025\/03\/23\/los-goikoetxea-se-clasifican-para-la-final-del-torneo-berria\/#article\",\"isPartOf\":{\"@id\":\"https:\/\/oriamendi.eus\/es\/2025\/03\/23\/los-goikoetxea-se-clasifican-para-la-final-del-torneo-berria\/\"},\"author\":{\"name\":\"I\u00f1igo Go\u00f1i\",\"@id\":\"https:\/\/oriamendi.eus\/es\/#\/schema\/person\/c0bd06c6c747674306a5c82563e2339a\"},\"headline\":\"Los Goikoetxea se clasifican para la final del torneo Berria\",\"datePublished\":\"2025-03-23T10:54:26+00:00\",\"dateModified\":\"2025-03-23T10:54:26+00:00\",\"mainEntityOfPage\":{\"@id\":\"https:\/\/oriamendi.eus\/es\/2025\/03\/23\/los-goikoetxea-se-clasifican-para-la-final-del-torneo-berria\/\"},\"wordCount\":513,\"publisher\":{\"@id\":\"https:\/\/oriamendi.eus\/es\/#organization\"},\"articleSection\":[\"Sin categorizar\"],\"inLanguage\":\"es\"},{\"@type\":\"WebPage\",\"@id\":\"https:\/\/oriamendi.eus\/es\/2025\/03\/23\/los-goikoetxea-se-clasifican-para-la-final-del-torneo-berria\/\",\"url\":\"https:\/\/oriamendi.eus\/es\/2025\/03\/23\/los-goikoetxea-se-clasifican-para-la-final-del-torneo-berria\/\",\"name\":\"Los Goikoetxea se clasifican para la final del torneo Berria | Oriamendi 2010\",\"isPartOf\":{\"@id\":\"https:\/\/oriamendi.eus\/es\/#website\"},\"datePublished\":\"2025-03-23T10:54:26+00:00\",\"dateModified\":\"2025-03-23T10:54:26+00:00\",\"breadcrumb\":{\"@id\":\"https:\/\/oriamendi.eus\/es\/2025\/03\/23\/los-goikoetxea-se-clasifican-para-la-final-del-torneo-berria\/#breadcrumb\"},\"inLanguage\":\"es\",\"potentialAction\":[{\"@type\":\"ReadAction\",\"target\":[\"https:\/\/oriamendi.eus\/es\/2025\/03\/23\/los-goikoetxea-se-clasifican-para-la-final-del-torneo-berria\/\"]}]},{\"@type\":\"BreadcrumbList\",\"@id\":\"https:\/\/oriamendi.eus\/es\/2025\/03\/23\/los-goikoetxea-se-clasifican-para-la-final-del-torneo-berria\/#breadcrumb\",\"itemListElement\":[{\"@type\":\"ListItem\",\"position\":1,\"name\":\"Portada\",\"item\":\"https:\/\/oriamendi.eus\/es\/\"},{\"@type\":\"ListItem\",\"position\":2,\"name\":\"Los Goikoetxea se clasifican para la final del torneo Berria\"}]},{\"@type\":\"WebSite\",\"@id\":\"https:\/\/oriamendi.eus\/es\/#website\",\"url\":\"https:\/\/oriamendi.eus\/es\/\",\"name\":\"Oriamendi\",\"description\":\"Remonte en Galarreta. Hernani. Gipuzkoa\",\"publisher\":{\"@id\":\"https:\/\/oriamendi.eus\/es\/#organization\"},\"potentialAction\":[{\"@type\":\"SearchAction\",\"target\":{\"@type\":\"EntryPoint\",\"urlTemplate\":\"https:\/\/oriamendi.eus\/es\/?s={search_term_string}\"},\"query-input\":\"required name=search_term_string\"}],\"inLanguage\":\"es\"},{\"@type\":\"Organization\",\"@id\":\"https:\/\/oriamendi.eus\/es\/#organization\",\"name\":\"Oriamendi\",\"url\":\"https:\/\/oriamendi.eus\/es\/\",\"logo\":{\"@type\":\"ImageObject\",\"inLanguage\":\"es\",\"@id\":\"https:\/\/oriamendi.eus\/es\/#\/schema\/logo\/image\/\",\"url\":\"https:\/\/oriamendi.eus\/wp-content\/uploads\/2020\/06\/logo-oriamendi.png\",\"contentUrl\":\"https:\/\/oriamendi.eus\/wp-content\/uploads\/2020\/06\/logo-oriamendi.png\",\"width\":300,\"height\":90,\"caption\":\"Oriamendi\"},\"image\":{\"@id\":\"https:\/\/oriamendi.eus\/es\/#\/schema\/logo\/image\/\"},\"sameAs\":[\"https:\/\/www.facebook.com\/oriamendi2010remonte\/\",\"https:\/\/twitter.com\/oriamendi2010\",\"https:\/\/www.instagram.com\/galarretajaialai\/\",\"https:\/\/www.youtube.com\/channel\/UC8gVNzQqB1iwnC-_rI-ihmA\/featured\"]},{\"@type\":\"Person\",\"@id\":\"https:\/\/oriamendi.eus\/es\/#\/schema\/person\/c0bd06c6c747674306a5c82563e2339a\",\"name\":\"I\u00f1igo Go\u00f1i\",\"image\":{\"@type\":\"ImageObject\",\"inLanguage\":\"es\",\"@id\":\"https:\/\/oriamendi.eus\/es\/#\/schema\/person\/image\/\",\"url\":\"https:\/\/secure.gravatar.com\/avatar\/fbb07ffc7b803bbfcc2b6419c06abd3a?s=96&d=mm&r=g\",\"contentUrl\":\"https:\/\/secure.gravatar.com\/avatar\/fbb07ffc7b803bbfcc2b6419c06abd3a?s=96&d=mm&r=g\",\"caption\":\"I\u00f1igo Go\u00f1i\"},\"url\":\"https:\/\/oriamendi.eus\/es\/author\/om-berriak\/\"}]}<\/script>\n<!-- \/ Yoast SEO plugin. -->","yoast_head_json":{"title":"Los Goikoetxea se clasifican para la final del torneo Berria | Oriamendi 2010","robots":{"index":"index","follow":"follow","max-snippet":"max-snippet:-1","max-image-preview":"max-image-preview:large","max-video-preview":"max-video-preview:-1"},"canonical":"https:\/\/oriamendi.eus\/es\/2025\/03\/23\/los-goikoetxea-se-clasifican-para-la-final-del-torneo-berria\/","og_locale":"es_ES","og_type":"article","og_title":"Los Goikoetxea se clasifican para la final del torneo Berria | Oriamendi 2010","og_description":"En una semifinal emocionante se han impuesto 1-2 (15-14, 14-15 y 6-8) ante Susperregi y Apezetxea Goikoetxea V y Goikoetxea VI se han clasificado para la final del Torneo Berria tras superar en la semifinal a Susperregi y Apezetxea. En un partido inigualable han ganado 1-2 con parciales de 15-14, 14-15 y 6-8. Adem\u00e1s, en [&hellip;]","og_url":"https:\/\/oriamendi.eus\/es\/2025\/03\/23\/los-goikoetxea-se-clasifican-para-la-final-del-torneo-berria\/","og_site_name":"Oriamendi 2010","article_publisher":"https:\/\/www.facebook.com\/oriamendi2010remonte\/","article_published_time":"2025-03-23T10:54:26+00:00","og_image":[{"width":1200,"height":801,"url":"https:\/\/oriamendi.eus\/wp-content\/uploads\/2025\/02\/IMG_20250218_174929_2000_x_1335_pixel-1.jpg","type":"image\/jpeg"}],"author":"I\u00f1igo Go\u00f1i","twitter_card":"summary_large_image","twitter_creator":"@oriamendi2010","twitter_site":"@oriamendi2010","twitter_misc":{"Escrito por":"I\u00f1igo Go\u00f1i","Tiempo de lectura":"3 minutos"},"schema":{"@context":"https:\/\/schema.org","@graph":[{"@type":"Article","@id":"https:\/\/oriamendi.eus\/es\/2025\/03\/23\/los-goikoetxea-se-clasifican-para-la-final-del-torneo-berria\/#article","isPartOf":{"@id":"https:\/\/oriamendi.eus\/es\/2025\/03\/23\/los-goikoetxea-se-clasifican-para-la-final-del-torneo-berria\/"},"author":{"name":"I\u00f1igo Go\u00f1i","@id":"https:\/\/oriamendi.eus\/es\/#\/schema\/person\/c0bd06c6c747674306a5c82563e2339a"},"headline":"Los Goikoetxea se clasifican para la final del torneo Berria","datePublished":"2025-03-23T10:54:26+00:00","dateModified":"2025-03-23T10:54:26+00:00","mainEntityOfPage":{"@id":"https:\/\/oriamendi.eus\/es\/2025\/03\/23\/los-goikoetxea-se-clasifican-para-la-final-del-torneo-berria\/"},"wordCount":513,"publisher":{"@id":"https:\/\/oriamendi.eus\/es\/#organization"},"articleSection":["Sin categorizar"],"inLanguage":"es"},{"@type":"WebPage","@id":"https:\/\/oriamendi.eus\/es\/2025\/03\/23\/los-goikoetxea-se-clasifican-para-la-final-del-torneo-berria\/","url":"https:\/\/oriamendi.eus\/es\/2025\/03\/23\/los-goikoetxea-se-clasifican-para-la-final-del-torneo-berria\/","name":"Los Goikoetxea se clasifican para la final del torneo Berria | Oriamendi 2010","isPartOf":{"@id":"https:\/\/oriamendi.eus\/es\/#website"},"datePublished":"2025-03-23T10:54:26+00:00","dateModified":"2025-03-23T10:54:26+00:00","breadcrumb":{"@id":"https:\/\/oriamendi.eus\/es\/2025\/03\/23\/los-goikoetxea-se-clasifican-para-la-final-del-torneo-berria\/#breadcrumb"},"inLanguage":"es","potentialAction":[{"@type":"ReadAction","target":["https:\/\/oriamendi.eus\/es\/2025\/03\/23\/los-goikoetxea-se-clasifican-para-la-final-del-torneo-berria\/"]}]},{"@type":"BreadcrumbList","@id":"https:\/\/oriamendi.eus\/es\/2025\/03\/23\/los-goikoetxea-se-clasifican-para-la-final-del-torneo-berria\/#breadcrumb","itemListElement":[{"@type":"ListItem","position":1,"name":"Portada","item":"https:\/\/oriamendi.eus\/es\/"},{"@type":"ListItem","position":2,"name":"Los Goikoetxea se clasifican para la final del torneo Berria"}]},{"@type":"WebSite","@id":"https:\/\/oriamendi.eus\/es\/#website","url":"https:\/\/oriamendi.eus\/es\/","name":"Oriamendi","description":"Remonte en Galarreta. Hernani. Gipuzkoa","publisher":{"@id":"https:\/\/oriamendi.eus\/es\/#organization"},"potentialAction":[{"@type":"SearchAction","target":{"@type":"EntryPoint","urlTemplate":"https:\/\/oriamendi.eus\/es\/?s={search_term_string}"},"query-input":"required name=search_term_string"}],"inLanguage":"es"},{"@type":"Organization","@id":"https:\/\/oriamendi.eus\/es\/#organization","name":"Oriamendi","url":"https:\/\/oriamendi.eus\/es\/","logo":{"@type":"ImageObject","inLanguage":"es","@id":"https:\/\/oriamendi.eus\/es\/#\/schema\/logo\/image\/","url":"https:\/\/oriamendi.eus\/wp-content\/uploads\/2020\/06\/logo-oriamendi.png","contentUrl":"https:\/\/oriamendi.eus\/wp-content\/uploads\/2020\/06\/logo-oriamendi.png","width":300,"height":90,"caption":"Oriamendi"},"image":{"@id":"https:\/\/oriamendi.eus\/es\/#\/schema\/logo\/image\/"},"sameAs":["https:\/\/www.facebook.com\/oriamendi2010remonte\/","https:\/\/twitter.com\/oriamendi2010","https:\/\/www.instagram.com\/galarretajaialai\/","https:\/\/www.youtube.com\/channel\/UC8gVNzQqB1iwnC-_rI-ihmA\/featured"]},{"@type":"Person","@id":"https:\/\/oriamendi.eus\/es\/#\/schema\/person\/c0bd06c6c747674306a5c82563e2339a","name":"I\u00f1igo Go\u00f1i","image":{"@type":"ImageObject","inLanguage":"es","@id":"https:\/\/oriamendi.eus\/es\/#\/schema\/person\/image\/","url":"https:\/\/secure.gravatar.com\/avatar\/fbb07ffc7b803bbfcc2b6419c06abd3a?s=96&d=mm&r=g","contentUrl":"https:\/\/secure.gravatar.com\/avatar\/fbb07ffc7b803bbfcc2b6419c06abd3a?s=96&d=mm&r=g","caption":"I\u00f1igo Go\u00f1i"},"url":"https:\/\/oriamendi.eus\/es\/author\/om-berriak\/"}]}},"_links":{"self":[{"href":"https:\/\/oriamendi.eus\/es\/wp-json\/wp\/v2\/posts\/8716"}],"collection":[{"href":"https:\/\/oriamendi.eus\/es\/wp-json\/wp\/v2\/posts"}],"about":[{"href":"https:\/\/oriamendi.eus\/es\/wp-json\/wp\/v2\/types\/post"}],"author":[{"embeddable":true,"href":"https:\/\/oriamendi.eus\/es\/wp-json\/wp\/v2\/users\/5"}],"replies":[{"embeddable":true,"href":"https:\/\/oriamendi.eus\/es\/wp-json\/wp\/v2\/comments?post=8716"}],"version-history":[{"count":1,"href":"https:\/\/oriamendi.eus\/es\/wp-json\/wp\/v2\/posts\/8716\/revisions"}],"predecessor-version":[{"id":8717,"href":"https:\/\/oriamendi.eus\/es\/wp-json\/wp\/v2\/posts\/8716\/revisions\/8717"}],"wp:featuredmedia":[{"embeddable":true,"href":"https:\/\/oriamendi.eus\/es\/wp-json\/wp\/v2\/media\/8657"}],"wp:attachment":[{"href":"https:\/\/oriamendi.eus\/es\/wp-json\/wp\/v2\/media?parent=8716"}],"wp:term":[{"taxonomy":"category","embeddable":true,"href":"https:\/\/oriamendi.eus\/es\/wp-json\/wp\/v2\/categories?post=8716"},{"taxonomy":"post_tag","embeddable":true,"href":"https:\/\/oriamendi.eus\/es\/wp-json\/wp\/v2\/tags?post=8716"}],"curies":[{"name":"wp","href":"https:\/\/api.w.org\/{rel}","templated":true}]}}