                                        
                                        
                                        
                                        
                                        
                                        
                                        
                                        
                                        
                                        
                                        
                                        
                                        
                                        
                                        
                                        
                                        
                                        
{"id":8707,"date":"2025-03-13T15:14:44","date_gmt":"2025-03-13T14:14:44","guid":{"rendered":"https:\/\/oriamendi.eus\/?p=8707"},"modified":"2025-03-13T15:14:44","modified_gmt":"2025-03-13T14:14:44","slug":"endika-barrenetxea-listo-para-volver-a-la-cancha","status":"publish","type":"post","link":"https:\/\/oriamendi.eus\/es\/2025\/03\/13\/endika-barrenetxea-listo-para-volver-a-la-cancha\/","title":{"rendered":"Endika Barrenetxea: Listo para volver a la cancha"},"content":{"rendered":"<p style=\"font-weight: 400\">Tras un mes y medio alejado de las canchas debido a una lesi\u00f3n en la rodilla, Endika Barrenetxea, est\u00e1 preparado para regresar. Despu\u00e9s de un intenso proceso de rehabilitaci\u00f3n en el centro AMMMA, donde ha trabajado en la recuperaci\u00f3n de la movilidad y el tono muscular de su pierna derecha, est\u00e1 listo para enfrentarse a un nuevo desaf\u00edo.<\/p>\n<p style=\"font-weight: 400\"><strong>Entrevista:<\/strong><\/p>\n<p style=\"font-weight: 400\"><strong>\u00bfC\u00f3mo te sientes al volver a la cancha despu\u00e9s de tu recuperaci\u00f3n?<\/strong><br \/>\n<em>Me siento muy feliz, contento y entusiasmado. No pensaba que echar\u00eda tanto de menos la competici\u00f3n, y volver con un partido de este calibre me tiene muy motivado.<\/em><\/p>\n<p style=\"font-weight: 400\"><strong>\u00bfC\u00f3mo ha sido el proceso de rehabilitaci\u00f3n en el centro AMMMA?<\/strong><br \/>\n<em>Ha sido intenso. Hemos trabajado mucho en la recuperaci\u00f3n de la movilidad de la rodilla y en restablecer el tono muscular de mi pierna derecha. En unas 12 sesiones hemos logrado grandes avances.<\/em><\/p>\n<p style=\"font-weight: 400\"><strong>\u00bfQu\u00e9 esperas del partido contra Urriza y Larre\u00f1aga?<\/strong><br \/>\n<em>Ser\u00e1 un partido muy complicado. Ambos son jugadores muy experimentados con grandes facultades t\u00e9cnicas. Me exigir\u00e1 al 100%, pero he entrenado intensamente para estar a la altura.<\/em><\/p>\n<p style=\"font-weight: 400\"><strong>\u00bfQu\u00e9 mensaje te gustar\u00eda dar a tus aficionados?<\/strong><br \/>\n<em>Quiero agradecer a todas las personas que me han animado y apoyado. Me he sentido muy arropado y todo el apoyo que he recibido ha sido fundamental para mi regreso.<\/em><\/p>\n<p style=\"font-weight: 400\"><strong><em>\u00a0<\/em><\/strong><\/p>\n","protected":false},"excerpt":{"rendered":"<p>Tras un mes y medio alejado de las canchas debido a una lesi\u00f3n en la rodilla, Endika Barrenetxea, est\u00e1 preparado para regresar. Despu\u00e9s de un intenso proceso de rehabilitaci\u00f3n en el centro AMMMA, donde ha trabajado en la recuperaci\u00f3n de la movilidad y el tono muscular de su pierna derecha, est\u00e1 listo para enfrentarse a [&hellip;]<\/p>\n","protected":false},"author":3,"featured_media":8705,"comment_status":"closed","ping_status":"open","sticky":false,"template":"","format":"standard","meta":{"_et_pb_use_builder":"","_et_pb_old_content":"","_et_gb_content_width":"","footnotes":""},"categories":[1],"tags":[],"yoast_head":"<!-- This site is optimized with the Yoast SEO plugin v21.8 - https:\/\/yoast.com\/wordpress\/plugins\/seo\/ -->\n<title>Endika Barrenetxea: Listo para volver a la cancha | Oriamendi 2010<\/title>\n<meta name=\"robots\" content=\"index, follow, max-snippet:-1, max-image-preview:large, max-video-preview:-1\" \/>\n<link rel=\"canonical\" href=\"https:\/\/oriamendi.eus\/es\/2025\/03\/13\/endika-barrenetxea-listo-para-volver-a-la-cancha\/\" \/>\n<meta property=\"og:locale\" content=\"es_ES\" \/>\n<meta property=\"og:type\" content=\"article\" \/>\n<meta property=\"og:title\" content=\"Endika Barrenetxea: Listo para volver a la cancha | Oriamendi 2010\" \/>\n<meta property=\"og:description\" content=\"Tras un mes y medio alejado de las canchas debido a una lesi\u00f3n en la rodilla, Endika Barrenetxea, est\u00e1 preparado para regresar. Despu\u00e9s de un intenso proceso de rehabilitaci\u00f3n en el centro AMMMA, donde ha trabajado en la recuperaci\u00f3n de la movilidad y el tono muscular de su pierna derecha, est\u00e1 listo para enfrentarse a [&hellip;]\" \/>\n<meta property=\"og:url\" content=\"https:\/\/oriamendi.eus\/es\/2025\/03\/13\/endika-barrenetxea-listo-para-volver-a-la-cancha\/\" \/>\n<meta property=\"og:site_name\" content=\"Oriamendi 2010\" \/>\n<meta property=\"article:publisher\" content=\"https:\/\/www.facebook.com\/oriamendi2010remonte\/\" \/>\n<meta property=\"article:published_time\" content=\"2025-03-13T14:14:44+00:00\" \/>\n<meta property=\"og:image\" content=\"https:\/\/oriamendi.eus\/wp-content\/uploads\/2025\/03\/Barrenetxea-IV.jpg\" \/>\n\t<meta property=\"og:image:width\" content=\"1200\" \/>\n\t<meta property=\"og:image:height\" content=\"875\" \/>\n\t<meta property=\"og:image:type\" content=\"image\/jpeg\" \/>\n<meta name=\"author\" content=\"Endika Barrenetxea\" \/>\n<meta name=\"twitter:card\" content=\"summary_large_image\" \/>\n<meta name=\"twitter:creator\" content=\"@oriamendi2010\" \/>\n<meta name=\"twitter:site\" content=\"@oriamendi2010\" \/>\n<meta name=\"twitter:label1\" content=\"Escrito por\" \/>\n\t<meta name=\"twitter:data1\" content=\"Endika Barrenetxea\" \/>\n\t<meta name=\"twitter:label2\" content=\"Tiempo de lectura\" \/>\n\t<meta name=\"twitter:data2\" content=\"2 minutos\" \/>\n<script type=\"application\/ld+json\" class=\"yoast-schema-graph\">{\"@context\":\"https:\/\/schema.org\",\"@graph\":[{\"@type\":\"Article\",\"@id\":\"https:\/\/oriamendi.eus\/es\/2025\/03\/13\/endika-barrenetxea-listo-para-volver-a-la-cancha\/#article\",\"isPartOf\":{\"@id\":\"https:\/\/oriamendi.eus\/es\/2025\/03\/13\/endika-barrenetxea-listo-para-volver-a-la-cancha\/\"},\"author\":{\"name\":\"Endika Barrenetxea\",\"@id\":\"https:\/\/oriamendi.eus\/es\/#\/schema\/person\/d50c13df7440d84706fe7d03941cc92f\"},\"headline\":\"Endika Barrenetxea: Listo para volver a la cancha\",\"datePublished\":\"2025-03-13T14:14:44+00:00\",\"dateModified\":\"2025-03-13T14:14:44+00:00\",\"mainEntityOfPage\":{\"@id\":\"https:\/\/oriamendi.eus\/es\/2025\/03\/13\/endika-barrenetxea-listo-para-volver-a-la-cancha\/\"},\"wordCount\":238,\"publisher\":{\"@id\":\"https:\/\/oriamendi.eus\/es\/#organization\"},\"articleSection\":[\"Sin categorizar\"],\"inLanguage\":\"es\"},{\"@type\":\"WebPage\",\"@id\":\"https:\/\/oriamendi.eus\/es\/2025\/03\/13\/endika-barrenetxea-listo-para-volver-a-la-cancha\/\",\"url\":\"https:\/\/oriamendi.eus\/es\/2025\/03\/13\/endika-barrenetxea-listo-para-volver-a-la-cancha\/\",\"name\":\"Endika Barrenetxea: Listo para volver a la cancha | Oriamendi 2010\",\"isPartOf\":{\"@id\":\"https:\/\/oriamendi.eus\/es\/#website\"},\"datePublished\":\"2025-03-13T14:14:44+00:00\",\"dateModified\":\"2025-03-13T14:14:44+00:00\",\"breadcrumb\":{\"@id\":\"https:\/\/oriamendi.eus\/es\/2025\/03\/13\/endika-barrenetxea-listo-para-volver-a-la-cancha\/#breadcrumb\"},\"inLanguage\":\"es\",\"potentialAction\":[{\"@type\":\"ReadAction\",\"target\":[\"https:\/\/oriamendi.eus\/es\/2025\/03\/13\/endika-barrenetxea-listo-para-volver-a-la-cancha\/\"]}]},{\"@type\":\"BreadcrumbList\",\"@id\":\"https:\/\/oriamendi.eus\/es\/2025\/03\/13\/endika-barrenetxea-listo-para-volver-a-la-cancha\/#breadcrumb\",\"itemListElement\":[{\"@type\":\"ListItem\",\"position\":1,\"name\":\"Portada\",\"item\":\"https:\/\/oriamendi.eus\/es\/\"},{\"@type\":\"ListItem\",\"position\":2,\"name\":\"Endika Barrenetxea: Listo para volver a la cancha\"}]},{\"@type\":\"WebSite\",\"@id\":\"https:\/\/oriamendi.eus\/es\/#website\",\"url\":\"https:\/\/oriamendi.eus\/es\/\",\"name\":\"Oriamendi\",\"description\":\"Remonte en Galarreta. Hernani. Gipuzkoa\",\"publisher\":{\"@id\":\"https:\/\/oriamendi.eus\/es\/#organization\"},\"potentialAction\":[{\"@type\":\"SearchAction\",\"target\":{\"@type\":\"EntryPoint\",\"urlTemplate\":\"https:\/\/oriamendi.eus\/es\/?s={search_term_string}\"},\"query-input\":\"required name=search_term_string\"}],\"inLanguage\":\"es\"},{\"@type\":\"Organization\",\"@id\":\"https:\/\/oriamendi.eus\/es\/#organization\",\"name\":\"Oriamendi\",\"url\":\"https:\/\/oriamendi.eus\/es\/\",\"logo\":{\"@type\":\"ImageObject\",\"inLanguage\":\"es\",\"@id\":\"https:\/\/oriamendi.eus\/es\/#\/schema\/logo\/image\/\",\"url\":\"https:\/\/oriamendi.eus\/wp-content\/uploads\/2020\/06\/logo-oriamendi.png\",\"contentUrl\":\"https:\/\/oriamendi.eus\/wp-content\/uploads\/2020\/06\/logo-oriamendi.png\",\"width\":300,\"height\":90,\"caption\":\"Oriamendi\"},\"image\":{\"@id\":\"https:\/\/oriamendi.eus\/es\/#\/schema\/logo\/image\/\"},\"sameAs\":[\"https:\/\/www.facebook.com\/oriamendi2010remonte\/\",\"https:\/\/twitter.com\/oriamendi2010\",\"https:\/\/www.instagram.com\/galarretajaialai\/\",\"https:\/\/www.youtube.com\/channel\/UC8gVNzQqB1iwnC-_rI-ihmA\/featured\"]},{\"@type\":\"Person\",\"@id\":\"https:\/\/oriamendi.eus\/es\/#\/schema\/person\/d50c13df7440d84706fe7d03941cc92f\",\"name\":\"Endika Barrenetxea\",\"image\":{\"@type\":\"ImageObject\",\"inLanguage\":\"es\",\"@id\":\"https:\/\/oriamendi.eus\/es\/#\/schema\/person\/image\/\",\"url\":\"https:\/\/secure.gravatar.com\/avatar\/26a16205d858e579d56d8adc8addd712?s=96&d=mm&r=g\",\"contentUrl\":\"https:\/\/secure.gravatar.com\/avatar\/26a16205d858e579d56d8adc8addd712?s=96&d=mm&r=g\",\"caption\":\"Endika Barrenetxea\"},\"url\":\"https:\/\/oriamendi.eus\/es\/author\/om-kudeaketa\/\"}]}<\/script>\n<!-- \/ Yoast SEO plugin. -->","yoast_head_json":{"title":"Endika Barrenetxea: Listo para volver a la cancha | Oriamendi 2010","robots":{"index":"index","follow":"follow","max-snippet":"max-snippet:-1","max-image-preview":"max-image-preview:large","max-video-preview":"max-video-preview:-1"},"canonical":"https:\/\/oriamendi.eus\/es\/2025\/03\/13\/endika-barrenetxea-listo-para-volver-a-la-cancha\/","og_locale":"es_ES","og_type":"article","og_title":"Endika Barrenetxea: Listo para volver a la cancha | Oriamendi 2010","og_description":"Tras un mes y medio alejado de las canchas debido a una lesi\u00f3n en la rodilla, Endika Barrenetxea, est\u00e1 preparado para regresar. Despu\u00e9s de un intenso proceso de rehabilitaci\u00f3n en el centro AMMMA, donde ha trabajado en la recuperaci\u00f3n de la movilidad y el tono muscular de su pierna derecha, est\u00e1 listo para enfrentarse a [&hellip;]","og_url":"https:\/\/oriamendi.eus\/es\/2025\/03\/13\/endika-barrenetxea-listo-para-volver-a-la-cancha\/","og_site_name":"Oriamendi 2010","article_publisher":"https:\/\/www.facebook.com\/oriamendi2010remonte\/","article_published_time":"2025-03-13T14:14:44+00:00","og_image":[{"width":1200,"height":875,"url":"https:\/\/oriamendi.eus\/wp-content\/uploads\/2025\/03\/Barrenetxea-IV.jpg","type":"image\/jpeg"}],"author":"Endika Barrenetxea","twitter_card":"summary_large_image","twitter_creator":"@oriamendi2010","twitter_site":"@oriamendi2010","twitter_misc":{"Escrito por":"Endika Barrenetxea","Tiempo de lectura":"2 minutos"},"schema":{"@context":"https:\/\/schema.org","@graph":[{"@type":"Article","@id":"https:\/\/oriamendi.eus\/es\/2025\/03\/13\/endika-barrenetxea-listo-para-volver-a-la-cancha\/#article","isPartOf":{"@id":"https:\/\/oriamendi.eus\/es\/2025\/03\/13\/endika-barrenetxea-listo-para-volver-a-la-cancha\/"},"author":{"name":"Endika Barrenetxea","@id":"https:\/\/oriamendi.eus\/es\/#\/schema\/person\/d50c13df7440d84706fe7d03941cc92f"},"headline":"Endika Barrenetxea: Listo para volver a la cancha","datePublished":"2025-03-13T14:14:44+00:00","dateModified":"2025-03-13T14:14:44+00:00","mainEntityOfPage":{"@id":"https:\/\/oriamendi.eus\/es\/2025\/03\/13\/endika-barrenetxea-listo-para-volver-a-la-cancha\/"},"wordCount":238,"publisher":{"@id":"https:\/\/oriamendi.eus\/es\/#organization"},"articleSection":["Sin categorizar"],"inLanguage":"es"},{"@type":"WebPage","@id":"https:\/\/oriamendi.eus\/es\/2025\/03\/13\/endika-barrenetxea-listo-para-volver-a-la-cancha\/","url":"https:\/\/oriamendi.eus\/es\/2025\/03\/13\/endika-barrenetxea-listo-para-volver-a-la-cancha\/","name":"Endika Barrenetxea: Listo para volver a la cancha | Oriamendi 2010","isPartOf":{"@id":"https:\/\/oriamendi.eus\/es\/#website"},"datePublished":"2025-03-13T14:14:44+00:00","dateModified":"2025-03-13T14:14:44+00:00","breadcrumb":{"@id":"https:\/\/oriamendi.eus\/es\/2025\/03\/13\/endika-barrenetxea-listo-para-volver-a-la-cancha\/#breadcrumb"},"inLanguage":"es","potentialAction":[{"@type":"ReadAction","target":["https:\/\/oriamendi.eus\/es\/2025\/03\/13\/endika-barrenetxea-listo-para-volver-a-la-cancha\/"]}]},{"@type":"BreadcrumbList","@id":"https:\/\/oriamendi.eus\/es\/2025\/03\/13\/endika-barrenetxea-listo-para-volver-a-la-cancha\/#breadcrumb","itemListElement":[{"@type":"ListItem","position":1,"name":"Portada","item":"https:\/\/oriamendi.eus\/es\/"},{"@type":"ListItem","position":2,"name":"Endika Barrenetxea: Listo para volver a la cancha"}]},{"@type":"WebSite","@id":"https:\/\/oriamendi.eus\/es\/#website","url":"https:\/\/oriamendi.eus\/es\/","name":"Oriamendi","description":"Remonte en Galarreta. Hernani. Gipuzkoa","publisher":{"@id":"https:\/\/oriamendi.eus\/es\/#organization"},"potentialAction":[{"@type":"SearchAction","target":{"@type":"EntryPoint","urlTemplate":"https:\/\/oriamendi.eus\/es\/?s={search_term_string}"},"query-input":"required name=search_term_string"}],"inLanguage":"es"},{"@type":"Organization","@id":"https:\/\/oriamendi.eus\/es\/#organization","name":"Oriamendi","url":"https:\/\/oriamendi.eus\/es\/","logo":{"@type":"ImageObject","inLanguage":"es","@id":"https:\/\/oriamendi.eus\/es\/#\/schema\/logo\/image\/","url":"https:\/\/oriamendi.eus\/wp-content\/uploads\/2020\/06\/logo-oriamendi.png","contentUrl":"https:\/\/oriamendi.eus\/wp-content\/uploads\/2020\/06\/logo-oriamendi.png","width":300,"height":90,"caption":"Oriamendi"},"image":{"@id":"https:\/\/oriamendi.eus\/es\/#\/schema\/logo\/image\/"},"sameAs":["https:\/\/www.facebook.com\/oriamendi2010remonte\/","https:\/\/twitter.com\/oriamendi2010","https:\/\/www.instagram.com\/galarretajaialai\/","https:\/\/www.youtube.com\/channel\/UC8gVNzQqB1iwnC-_rI-ihmA\/featured"]},{"@type":"Person","@id":"https:\/\/oriamendi.eus\/es\/#\/schema\/person\/d50c13df7440d84706fe7d03941cc92f","name":"Endika Barrenetxea","image":{"@type":"ImageObject","inLanguage":"es","@id":"https:\/\/oriamendi.eus\/es\/#\/schema\/person\/image\/","url":"https:\/\/secure.gravatar.com\/avatar\/26a16205d858e579d56d8adc8addd712?s=96&d=mm&r=g","contentUrl":"https:\/\/secure.gravatar.com\/avatar\/26a16205d858e579d56d8adc8addd712?s=96&d=mm&r=g","caption":"Endika Barrenetxea"},"url":"https:\/\/oriamendi.eus\/es\/author\/om-kudeaketa\/"}]}},"_links":{"self":[{"href":"https:\/\/oriamendi.eus\/es\/wp-json\/wp\/v2\/posts\/8707"}],"collection":[{"href":"https:\/\/oriamendi.eus\/es\/wp-json\/wp\/v2\/posts"}],"about":[{"href":"https:\/\/oriamendi.eus\/es\/wp-json\/wp\/v2\/types\/post"}],"author":[{"embeddable":true,"href":"https:\/\/oriamendi.eus\/es\/wp-json\/wp\/v2\/users\/3"}],"replies":[{"embeddable":true,"href":"https:\/\/oriamendi.eus\/es\/wp-json\/wp\/v2\/comments?post=8707"}],"version-history":[{"count":1,"href":"https:\/\/oriamendi.eus\/es\/wp-json\/wp\/v2\/posts\/8707\/revisions"}],"predecessor-version":[{"id":8708,"href":"https:\/\/oriamendi.eus\/es\/wp-json\/wp\/v2\/posts\/8707\/revisions\/8708"}],"wp:featuredmedia":[{"embeddable":true,"href":"https:\/\/oriamendi.eus\/es\/wp-json\/wp\/v2\/media\/8705"}],"wp:attachment":[{"href":"https:\/\/oriamendi.eus\/es\/wp-json\/wp\/v2\/media?parent=8707"}],"wp:term":[{"taxonomy":"category","embeddable":true,"href":"https:\/\/oriamendi.eus\/es\/wp-json\/wp\/v2\/categories?post=8707"},{"taxonomy":"post_tag","embeddable":true,"href":"https:\/\/oriamendi.eus\/es\/wp-json\/wp\/v2\/tags?post=8707"}],"curies":[{"name":"wp","href":"https:\/\/api.w.org\/{rel}","templated":true}]}}