                                        
                                        
                                        
                                        
                                        
                                        
                                        
                                        
                                        
                                        
                                        
                                        
                                        
                                        
                                        
                                        
                                        
                                        
{"id":8694,"date":"2025-03-01T20:15:55","date_gmt":"2025-03-01T19:15:55","guid":{"rendered":"https:\/\/oriamendi.eus\/?p=8694"},"modified":"2025-03-01T20:15:55","modified_gmt":"2025-03-01T19:15:55","slug":"urriza-suma-tres-de-tres-en-su-despedida","status":"publish","type":"post","link":"https:\/\/oriamendi.eus\/es\/2025\/03\/01\/urriza-suma-tres-de-tres-en-su-despedida\/","title":{"rendered":"Urriza suma tres de tres en su despedida"},"content":{"rendered":"<div><b>Junto con Azpiroz ganan 1-2 (13-15, 15-13 y 4-8) a Ansa II y Juanenea<\/b><\/div>\n<div><\/div>\n<div>Urriza sigue sin conocer la derrota en sus \u00faltimos partidos como remontista. Suma tres de tres victorias desde que ha comenzado a jugar sus \u00faltimos once partidos. Esta vez estuvo acompa\u00f1ado por Azpiroz en la zaga y se impusieron 1-2, con parciales de 13-15, 15-13 y 4-8 a Ansa II y Juanenea. Como ya sucediera la semana pasada el partido se fue al set decisivo de nuevo en un gran partido de todos los remontistas.<\/div>\n<div>El primer set fue el m\u00e1s bonito de todos. Se jug\u00f3 muy bien, pero Urriza estuvo un pelda\u00f1o por encima de los dem\u00e1s. Hizo hasta nueve tantos por ning\u00fan fallo y decidi\u00f3 el set con una cortada preciosa en el 13-15 que cerr\u00f3 el set. Ansa y Juanenea estuvieron serios y jugando a buen nivel, pero no pudieron ganar el primer parcial.<\/div>\n<div>Si lo hicieron en el segundo, aunque con sufrimiento. Se les puso de cara el set con un marcador claro de 14-5, pero los azules fueron acerc\u00e1ndose hasta que se pusieron a un tanto, 14-13, al final pudieron cerrarlo, pero perdieron confianza y se not\u00f3 en el set decisivo.<\/div>\n<div>En el \u00faltimo parcial los colorados regalaron m\u00e1s ante un Urriza y Azpiroz que no regalaron nada. Esa constancia les hizo ganar el set por 4-8 despu\u00e9s de ir empatados a cuatro. Dos errores de Ansa fueron claves en ese \u00faltimo parcial.<\/div>\n<div>Eso s\u00ed, a pesar de errores puntuales el partido fue precioso. Se jug\u00f3 a gran nivel y se not\u00f3 que adelante se med\u00edan los dos mejores delanteros. Urriza jug\u00f3 el mejor partido de los que ha disputado en la despedida. Estuvo r\u00e1pido, con confianza, incisivo y subi\u00f3 el nivel cuando m\u00e1s exigente se puso el envite.<\/div>\n<div><\/div>\n<div><b>Aldabe y Martirena se imponen a Jabalera y Larra\u00f1aga<\/b><\/div>\n<div><\/div>\n<div>En el primer partido Aldabe y Martirena ganaron 2-0 (15-13 y 15-10) a Jabalera y Larra\u00f1aga. El festival comenz\u00f3 d ela mejor forma con cuatro remontistas enchufados. Se nota que se est\u00e1n jugando plazas para el Erremontari y los cuatro rindieron a gran nivel, aunque los colorados estuvieron algo mejor.<\/div>\n","protected":false},"excerpt":{"rendered":"<p>Junto con Azpiroz ganan 1-2 (13-15, 15-13 y 4-8) a Ansa II y Juanenea Urriza sigue sin conocer la derrota en sus \u00faltimos partidos como remontista. Suma tres de tres victorias desde que ha comenzado a jugar sus \u00faltimos once partidos. Esta vez estuvo acompa\u00f1ado por Azpiroz en la zaga y se impusieron 1-2, con [&hellip;]<\/p>\n","protected":false},"author":5,"featured_media":7236,"comment_status":"closed","ping_status":"open","sticky":false,"template":"","format":"standard","meta":{"_et_pb_use_builder":"","_et_pb_old_content":"","_et_gb_content_width":"","footnotes":""},"categories":[1],"tags":[],"yoast_head":"<!-- This site is optimized with the Yoast SEO plugin v21.8 - https:\/\/yoast.com\/wordpress\/plugins\/seo\/ -->\n<title>Urriza suma tres de tres en su despedida | Oriamendi 2010<\/title>\n<meta name=\"robots\" content=\"index, follow, max-snippet:-1, max-image-preview:large, max-video-preview:-1\" \/>\n<link rel=\"canonical\" href=\"https:\/\/oriamendi.eus\/es\/2025\/03\/01\/urriza-suma-tres-de-tres-en-su-despedida\/\" \/>\n<meta property=\"og:locale\" content=\"es_ES\" \/>\n<meta property=\"og:type\" content=\"article\" \/>\n<meta property=\"og:title\" content=\"Urriza suma tres de tres en su despedida | Oriamendi 2010\" \/>\n<meta property=\"og:description\" content=\"Junto con Azpiroz ganan 1-2 (13-15, 15-13 y 4-8) a Ansa II y Juanenea Urriza sigue sin conocer la derrota en sus \u00faltimos partidos como remontista. Suma tres de tres victorias desde que ha comenzado a jugar sus \u00faltimos once partidos. Esta vez estuvo acompa\u00f1ado por Azpiroz en la zaga y se impusieron 1-2, con [&hellip;]\" \/>\n<meta property=\"og:url\" content=\"https:\/\/oriamendi.eus\/es\/2025\/03\/01\/urriza-suma-tres-de-tres-en-su-despedida\/\" \/>\n<meta property=\"og:site_name\" content=\"Oriamendi 2010\" \/>\n<meta property=\"article:publisher\" content=\"https:\/\/www.facebook.com\/oriamendi2010remonte\/\" \/>\n<meta property=\"article:published_time\" content=\"2025-03-01T19:15:55+00:00\" \/>\n<meta property=\"og:image\" content=\"https:\/\/oriamendi.eus\/wp-content\/uploads\/2023\/06\/IMG_20230605_190838_2000_x_1333_pixel.jpg\" \/>\n\t<meta property=\"og:image:width\" content=\"1200\" \/>\n\t<meta property=\"og:image:height\" content=\"800\" \/>\n\t<meta property=\"og:image:type\" content=\"image\/jpeg\" \/>\n<meta name=\"author\" content=\"I\u00f1igo Go\u00f1i\" \/>\n<meta name=\"twitter:card\" content=\"summary_large_image\" \/>\n<meta name=\"twitter:creator\" content=\"@oriamendi2010\" \/>\n<meta name=\"twitter:site\" content=\"@oriamendi2010\" \/>\n<meta name=\"twitter:label1\" content=\"Escrito por\" \/>\n\t<meta name=\"twitter:data1\" content=\"I\u00f1igo Go\u00f1i\" \/>\n\t<meta name=\"twitter:label2\" content=\"Tiempo de lectura\" \/>\n\t<meta name=\"twitter:data2\" content=\"2 minutos\" \/>\n<script type=\"application\/ld+json\" class=\"yoast-schema-graph\">{\"@context\":\"https:\/\/schema.org\",\"@graph\":[{\"@type\":\"Article\",\"@id\":\"https:\/\/oriamendi.eus\/es\/2025\/03\/01\/urriza-suma-tres-de-tres-en-su-despedida\/#article\",\"isPartOf\":{\"@id\":\"https:\/\/oriamendi.eus\/es\/2025\/03\/01\/urriza-suma-tres-de-tres-en-su-despedida\/\"},\"author\":{\"name\":\"I\u00f1igo Go\u00f1i\",\"@id\":\"https:\/\/oriamendi.eus\/es\/#\/schema\/person\/c0bd06c6c747674306a5c82563e2339a\"},\"headline\":\"Urriza suma tres de tres en su despedida\",\"datePublished\":\"2025-03-01T19:15:55+00:00\",\"dateModified\":\"2025-03-01T19:15:55+00:00\",\"mainEntityOfPage\":{\"@id\":\"https:\/\/oriamendi.eus\/es\/2025\/03\/01\/urriza-suma-tres-de-tres-en-su-despedida\/\"},\"wordCount\":379,\"publisher\":{\"@id\":\"https:\/\/oriamendi.eus\/es\/#organization\"},\"articleSection\":[\"Sin categorizar\"],\"inLanguage\":\"es\"},{\"@type\":\"WebPage\",\"@id\":\"https:\/\/oriamendi.eus\/es\/2025\/03\/01\/urriza-suma-tres-de-tres-en-su-despedida\/\",\"url\":\"https:\/\/oriamendi.eus\/es\/2025\/03\/01\/urriza-suma-tres-de-tres-en-su-despedida\/\",\"name\":\"Urriza suma tres de tres en su despedida | Oriamendi 2010\",\"isPartOf\":{\"@id\":\"https:\/\/oriamendi.eus\/es\/#website\"},\"datePublished\":\"2025-03-01T19:15:55+00:00\",\"dateModified\":\"2025-03-01T19:15:55+00:00\",\"breadcrumb\":{\"@id\":\"https:\/\/oriamendi.eus\/es\/2025\/03\/01\/urriza-suma-tres-de-tres-en-su-despedida\/#breadcrumb\"},\"inLanguage\":\"es\",\"potentialAction\":[{\"@type\":\"ReadAction\",\"target\":[\"https:\/\/oriamendi.eus\/es\/2025\/03\/01\/urriza-suma-tres-de-tres-en-su-despedida\/\"]}]},{\"@type\":\"BreadcrumbList\",\"@id\":\"https:\/\/oriamendi.eus\/es\/2025\/03\/01\/urriza-suma-tres-de-tres-en-su-despedida\/#breadcrumb\",\"itemListElement\":[{\"@type\":\"ListItem\",\"position\":1,\"name\":\"Portada\",\"item\":\"https:\/\/oriamendi.eus\/es\/\"},{\"@type\":\"ListItem\",\"position\":2,\"name\":\"Urriza suma tres de tres en su despedida\"}]},{\"@type\":\"WebSite\",\"@id\":\"https:\/\/oriamendi.eus\/es\/#website\",\"url\":\"https:\/\/oriamendi.eus\/es\/\",\"name\":\"Oriamendi\",\"description\":\"Remonte en Galarreta. Hernani. Gipuzkoa\",\"publisher\":{\"@id\":\"https:\/\/oriamendi.eus\/es\/#organization\"},\"potentialAction\":[{\"@type\":\"SearchAction\",\"target\":{\"@type\":\"EntryPoint\",\"urlTemplate\":\"https:\/\/oriamendi.eus\/es\/?s={search_term_string}\"},\"query-input\":\"required name=search_term_string\"}],\"inLanguage\":\"es\"},{\"@type\":\"Organization\",\"@id\":\"https:\/\/oriamendi.eus\/es\/#organization\",\"name\":\"Oriamendi\",\"url\":\"https:\/\/oriamendi.eus\/es\/\",\"logo\":{\"@type\":\"ImageObject\",\"inLanguage\":\"es\",\"@id\":\"https:\/\/oriamendi.eus\/es\/#\/schema\/logo\/image\/\",\"url\":\"https:\/\/oriamendi.eus\/wp-content\/uploads\/2020\/06\/logo-oriamendi.png\",\"contentUrl\":\"https:\/\/oriamendi.eus\/wp-content\/uploads\/2020\/06\/logo-oriamendi.png\",\"width\":300,\"height\":90,\"caption\":\"Oriamendi\"},\"image\":{\"@id\":\"https:\/\/oriamendi.eus\/es\/#\/schema\/logo\/image\/\"},\"sameAs\":[\"https:\/\/www.facebook.com\/oriamendi2010remonte\/\",\"https:\/\/twitter.com\/oriamendi2010\",\"https:\/\/www.instagram.com\/galarretajaialai\/\",\"https:\/\/www.youtube.com\/channel\/UC8gVNzQqB1iwnC-_rI-ihmA\/featured\"]},{\"@type\":\"Person\",\"@id\":\"https:\/\/oriamendi.eus\/es\/#\/schema\/person\/c0bd06c6c747674306a5c82563e2339a\",\"name\":\"I\u00f1igo Go\u00f1i\",\"image\":{\"@type\":\"ImageObject\",\"inLanguage\":\"es\",\"@id\":\"https:\/\/oriamendi.eus\/es\/#\/schema\/person\/image\/\",\"url\":\"https:\/\/secure.gravatar.com\/avatar\/fbb07ffc7b803bbfcc2b6419c06abd3a?s=96&d=mm&r=g\",\"contentUrl\":\"https:\/\/secure.gravatar.com\/avatar\/fbb07ffc7b803bbfcc2b6419c06abd3a?s=96&d=mm&r=g\",\"caption\":\"I\u00f1igo Go\u00f1i\"},\"url\":\"https:\/\/oriamendi.eus\/es\/author\/om-berriak\/\"}]}<\/script>\n<!-- \/ Yoast SEO plugin. -->","yoast_head_json":{"title":"Urriza suma tres de tres en su despedida | Oriamendi 2010","robots":{"index":"index","follow":"follow","max-snippet":"max-snippet:-1","max-image-preview":"max-image-preview:large","max-video-preview":"max-video-preview:-1"},"canonical":"https:\/\/oriamendi.eus\/es\/2025\/03\/01\/urriza-suma-tres-de-tres-en-su-despedida\/","og_locale":"es_ES","og_type":"article","og_title":"Urriza suma tres de tres en su despedida | Oriamendi 2010","og_description":"Junto con Azpiroz ganan 1-2 (13-15, 15-13 y 4-8) a Ansa II y Juanenea Urriza sigue sin conocer la derrota en sus \u00faltimos partidos como remontista. Suma tres de tres victorias desde que ha comenzado a jugar sus \u00faltimos once partidos. Esta vez estuvo acompa\u00f1ado por Azpiroz en la zaga y se impusieron 1-2, con [&hellip;]","og_url":"https:\/\/oriamendi.eus\/es\/2025\/03\/01\/urriza-suma-tres-de-tres-en-su-despedida\/","og_site_name":"Oriamendi 2010","article_publisher":"https:\/\/www.facebook.com\/oriamendi2010remonte\/","article_published_time":"2025-03-01T19:15:55+00:00","og_image":[{"width":1200,"height":800,"url":"https:\/\/oriamendi.eus\/wp-content\/uploads\/2023\/06\/IMG_20230605_190838_2000_x_1333_pixel.jpg","type":"image\/jpeg"}],"author":"I\u00f1igo Go\u00f1i","twitter_card":"summary_large_image","twitter_creator":"@oriamendi2010","twitter_site":"@oriamendi2010","twitter_misc":{"Escrito por":"I\u00f1igo Go\u00f1i","Tiempo de lectura":"2 minutos"},"schema":{"@context":"https:\/\/schema.org","@graph":[{"@type":"Article","@id":"https:\/\/oriamendi.eus\/es\/2025\/03\/01\/urriza-suma-tres-de-tres-en-su-despedida\/#article","isPartOf":{"@id":"https:\/\/oriamendi.eus\/es\/2025\/03\/01\/urriza-suma-tres-de-tres-en-su-despedida\/"},"author":{"name":"I\u00f1igo Go\u00f1i","@id":"https:\/\/oriamendi.eus\/es\/#\/schema\/person\/c0bd06c6c747674306a5c82563e2339a"},"headline":"Urriza suma tres de tres en su despedida","datePublished":"2025-03-01T19:15:55+00:00","dateModified":"2025-03-01T19:15:55+00:00","mainEntityOfPage":{"@id":"https:\/\/oriamendi.eus\/es\/2025\/03\/01\/urriza-suma-tres-de-tres-en-su-despedida\/"},"wordCount":379,"publisher":{"@id":"https:\/\/oriamendi.eus\/es\/#organization"},"articleSection":["Sin categorizar"],"inLanguage":"es"},{"@type":"WebPage","@id":"https:\/\/oriamendi.eus\/es\/2025\/03\/01\/urriza-suma-tres-de-tres-en-su-despedida\/","url":"https:\/\/oriamendi.eus\/es\/2025\/03\/01\/urriza-suma-tres-de-tres-en-su-despedida\/","name":"Urriza suma tres de tres en su despedida | Oriamendi 2010","isPartOf":{"@id":"https:\/\/oriamendi.eus\/es\/#website"},"datePublished":"2025-03-01T19:15:55+00:00","dateModified":"2025-03-01T19:15:55+00:00","breadcrumb":{"@id":"https:\/\/oriamendi.eus\/es\/2025\/03\/01\/urriza-suma-tres-de-tres-en-su-despedida\/#breadcrumb"},"inLanguage":"es","potentialAction":[{"@type":"ReadAction","target":["https:\/\/oriamendi.eus\/es\/2025\/03\/01\/urriza-suma-tres-de-tres-en-su-despedida\/"]}]},{"@type":"BreadcrumbList","@id":"https:\/\/oriamendi.eus\/es\/2025\/03\/01\/urriza-suma-tres-de-tres-en-su-despedida\/#breadcrumb","itemListElement":[{"@type":"ListItem","position":1,"name":"Portada","item":"https:\/\/oriamendi.eus\/es\/"},{"@type":"ListItem","position":2,"name":"Urriza suma tres de tres en su despedida"}]},{"@type":"WebSite","@id":"https:\/\/oriamendi.eus\/es\/#website","url":"https:\/\/oriamendi.eus\/es\/","name":"Oriamendi","description":"Remonte en Galarreta. Hernani. Gipuzkoa","publisher":{"@id":"https:\/\/oriamendi.eus\/es\/#organization"},"potentialAction":[{"@type":"SearchAction","target":{"@type":"EntryPoint","urlTemplate":"https:\/\/oriamendi.eus\/es\/?s={search_term_string}"},"query-input":"required name=search_term_string"}],"inLanguage":"es"},{"@type":"Organization","@id":"https:\/\/oriamendi.eus\/es\/#organization","name":"Oriamendi","url":"https:\/\/oriamendi.eus\/es\/","logo":{"@type":"ImageObject","inLanguage":"es","@id":"https:\/\/oriamendi.eus\/es\/#\/schema\/logo\/image\/","url":"https:\/\/oriamendi.eus\/wp-content\/uploads\/2020\/06\/logo-oriamendi.png","contentUrl":"https:\/\/oriamendi.eus\/wp-content\/uploads\/2020\/06\/logo-oriamendi.png","width":300,"height":90,"caption":"Oriamendi"},"image":{"@id":"https:\/\/oriamendi.eus\/es\/#\/schema\/logo\/image\/"},"sameAs":["https:\/\/www.facebook.com\/oriamendi2010remonte\/","https:\/\/twitter.com\/oriamendi2010","https:\/\/www.instagram.com\/galarretajaialai\/","https:\/\/www.youtube.com\/channel\/UC8gVNzQqB1iwnC-_rI-ihmA\/featured"]},{"@type":"Person","@id":"https:\/\/oriamendi.eus\/es\/#\/schema\/person\/c0bd06c6c747674306a5c82563e2339a","name":"I\u00f1igo Go\u00f1i","image":{"@type":"ImageObject","inLanguage":"es","@id":"https:\/\/oriamendi.eus\/es\/#\/schema\/person\/image\/","url":"https:\/\/secure.gravatar.com\/avatar\/fbb07ffc7b803bbfcc2b6419c06abd3a?s=96&d=mm&r=g","contentUrl":"https:\/\/secure.gravatar.com\/avatar\/fbb07ffc7b803bbfcc2b6419c06abd3a?s=96&d=mm&r=g","caption":"I\u00f1igo Go\u00f1i"},"url":"https:\/\/oriamendi.eus\/es\/author\/om-berriak\/"}]}},"_links":{"self":[{"href":"https:\/\/oriamendi.eus\/es\/wp-json\/wp\/v2\/posts\/8694"}],"collection":[{"href":"https:\/\/oriamendi.eus\/es\/wp-json\/wp\/v2\/posts"}],"about":[{"href":"https:\/\/oriamendi.eus\/es\/wp-json\/wp\/v2\/types\/post"}],"author":[{"embeddable":true,"href":"https:\/\/oriamendi.eus\/es\/wp-json\/wp\/v2\/users\/5"}],"replies":[{"embeddable":true,"href":"https:\/\/oriamendi.eus\/es\/wp-json\/wp\/v2\/comments?post=8694"}],"version-history":[{"count":1,"href":"https:\/\/oriamendi.eus\/es\/wp-json\/wp\/v2\/posts\/8694\/revisions"}],"predecessor-version":[{"id":8695,"href":"https:\/\/oriamendi.eus\/es\/wp-json\/wp\/v2\/posts\/8694\/revisions\/8695"}],"wp:featuredmedia":[{"embeddable":true,"href":"https:\/\/oriamendi.eus\/es\/wp-json\/wp\/v2\/media\/7236"}],"wp:attachment":[{"href":"https:\/\/oriamendi.eus\/es\/wp-json\/wp\/v2\/media?parent=8694"}],"wp:term":[{"taxonomy":"category","embeddable":true,"href":"https:\/\/oriamendi.eus\/es\/wp-json\/wp\/v2\/categories?post=8694"},{"taxonomy":"post_tag","embeddable":true,"href":"https:\/\/oriamendi.eus\/es\/wp-json\/wp\/v2\/tags?post=8694"}],"curies":[{"name":"wp","href":"https:\/\/api.w.org\/{rel}","templated":true}]}}