                                        
                                        
                                        
                                        
                                        
                                        
                                        
                                        
                                        
                                        
                                        
                                        
                                        
                                        
                                        
                                        
                                        
                                        
{"id":8682,"date":"2025-02-28T14:07:00","date_gmt":"2025-02-28T13:07:00","guid":{"rendered":"https:\/\/oriamendi.eus\/?p=8682"},"modified":"2025-02-28T14:07:00","modified_gmt":"2025-02-28T13:07:00","slug":"cada-partido-es-un-paso-mas-hacia-el-adios-pero-quiero-sentirme-competitivo-hasta-el-final","status":"publish","type":"post","link":"https:\/\/oriamendi.eus\/es\/2025\/02\/28\/cada-partido-es-un-paso-mas-hacia-el-adios-pero-quiero-sentirme-competitivo-hasta-el-final\/","title":{"rendered":"Cada partido es un paso m\u00e1s hacia el adi\u00f3s, pero quiero sentirme competitivo hasta el final"},"content":{"rendered":"<p><span lang=\"EU\"><strong>Javier, ya has disputado los primeros partidos de tu \u00faltima temporada como profesional y has logrado ganar ambos. \u00bfC\u00f3mo has vivido estos encuentros iniciales?\u00a0<\/strong><u><\/u><u><\/u><\/span> <span lang=\"EU\"><i>Con ilusi\u00f3n pero con cierta incertidumbre. Vengo de un paron largo y me esta costando coger el ritmo, pero a la vez soy cada vez mas consciente de que esto se acaba y trato de saborearlo al maximo. Aunque el rendimiento todavia no es el que quisiera, estoy disfrutando cada partido y cada entrenamiento.<\/i><\/span><\/p>\n<p><span lang=\"EU\"><strong>\u00bfSientes que el objetivo es intentar ganar todos los partidos de tu despedida? \u00bfTe has marcado esa meta personal o simplemente los est\u00e1s afrontando con la idea de disfrutarlos al m\u00e1ximo?<\/strong> <i>No siento que deba ganarlos todos, para nada, pero si quiero dar un buen nivel y sentirme competitivo hasta el final. El objetivo es saborearlo y difrutarlo al m\u00e1ximo, pero dando un nivel de juego optimo. Si adem\u00e1s van llegando victorias como hasta ahora, fantastico, pero no me obsesiona ganar.<\/i><\/span><\/p>\n<p><span lang=\"EU\"><strong>\u00bfQu\u00e9 sensaciones te han dejado en la cancha? \u00bfHas notado una diferencia en la intensidad o en la forma en la que te enfrentas a cada partido sabiendo que son los \u00faltimos?<\/strong> <i>Las sensaciones no son las mejores porque vengo de un paron de mes y medio y cada vez cuesta mas rearrancar. Pero siento que voy mejorando cada dia y espero estar a un buen nivel pronto. La intensidad es la de siempre, la m\u00e1xima posible, pero la mentalidad es diferente sabiendo que el final esta muy cerca. Trato de saborear todos los peque\u00f1os detalles.<\/i><\/span><\/p>\n<p><span lang=\"EU\"><strong>Est\u00e1s enfrent\u00e1ndote a algunos de los mejores pelotaris actuales. \u00bfHas notado que juegan de una manera diferente contra ti en esta \u00faltima etapa? \u00bfSientes un extra de competitividad en los rivales?<\/strong><em> Los rivales, al igual que yo, no perdonan y tratan de ganarte ahora y siempre. Si que siento que a muchos les hace ilusi\u00f3n jugar conmigo o contra mi en alguno de estos ultimos partidos. Me estoy sintiendo muy arropado por todos los compa\u00f1eros.<\/em><\/span><\/p>\n<p><span lang=\"EU\"><strong>A lo largo de estos encuentros, \u00bfc\u00f3mo te has sentido f\u00edsicamente? \u00bfHas tenido que hacer ajustes en tu preparaci\u00f3n para mantener el nivel en esta recta final?<\/strong><\/span><em><span lang=\"EU\"> Tras el paron por las vacaciones programadas, estoy en una especie de pretemporada. Estoy apretando para mejorar fisicamente y llegar a erremontari lo mejor posible. Cada vez me cuesta mas coger y mantener el ritmo de los jovenes, pero la ilusion por terminar bien puede con todo.<\/span><\/em><\/p>\n<p><span lang=\"EU\"><strong>A\u00fan tienes varios partidos por delante, incluidos el del 11 de abril en el Front\u00f3n Labrit y el del 28 de junio en Galarreta. \u00bfC\u00f3mo est\u00e1s preparando estas fechas tan importantes?<\/strong> <i>De momento tengo mas en mente la del Labrit, porque la fecha se va acercando y quiero que la gente disfrute y vea un buen espectaculo. Estoy entrenando fuerte para llegar lo mejor posible y dar un buen nivel.<\/i><\/span><\/p>\n<p><span lang=\"EU\"><strong>El partido en Labrit ser\u00e1 especial por jugarse en Iru\u00f1a, tu ciudad natal. \u00bfC\u00f3mo esperas vivir ese momento frente a tu gente?<\/strong> <i>Va a ser un d\u00eda muy emotivo, con la gente de casa y en un fronton muy especial para mi. Creo que la gente va a disfrutar del espectaculo del remonte y me temo que sera dificil contener las emociones.<\/i><\/span><\/p>\n<p><span lang=\"EU\"><strong>Sabemos que se est\u00e1n vendiendo muchas entradas para estos encuentros. \u00bfQu\u00e9 mensaje dar\u00edas a los aficionados que a\u00fan no han comprado su entrada para que no se pierdan este momento hist\u00f3rico?<\/strong> <i>Va a ser una fiesta del remonte, un d\u00eda muy especial. Se que se van a montar dos partidos de m\u00e1ximo nivel y el ambientazo va a estar asegurado. Ser\u00e1 como un mini sanferm\u00edn y ojal\u00e1 lo puedan disfrutar todos los amantes de la pelota!<\/i><\/span><\/p>\n","protected":false},"excerpt":{"rendered":"<p>Javier, ya has disputado los primeros partidos de tu \u00faltima temporada como profesional y has logrado ganar ambos. \u00bfC\u00f3mo has vivido estos encuentros iniciales?\u00a0 Con ilusi\u00f3n pero con cierta incertidumbre. Vengo de un paron largo y me esta costando coger el ritmo, pero a la vez soy cada vez mas consciente de que esto se [&hellip;]<\/p>\n","protected":false},"author":3,"featured_media":8683,"comment_status":"closed","ping_status":"open","sticky":false,"template":"","format":"standard","meta":{"_et_pb_use_builder":"","_et_pb_old_content":"","_et_gb_content_width":"","footnotes":""},"categories":[1],"tags":[],"yoast_head":"<!-- This site is optimized with the Yoast SEO plugin v21.8 - https:\/\/yoast.com\/wordpress\/plugins\/seo\/ -->\n<title>Cada partido es un paso m\u00e1s hacia el adi\u00f3s, pero quiero sentirme competitivo hasta el final | Oriamendi 2010<\/title>\n<meta name=\"robots\" content=\"index, follow, max-snippet:-1, max-image-preview:large, max-video-preview:-1\" \/>\n<link rel=\"canonical\" href=\"https:\/\/oriamendi.eus\/es\/2025\/02\/28\/cada-partido-es-un-paso-mas-hacia-el-adios-pero-quiero-sentirme-competitivo-hasta-el-final\/\" \/>\n<meta property=\"og:locale\" content=\"es_ES\" \/>\n<meta property=\"og:type\" content=\"article\" \/>\n<meta property=\"og:title\" content=\"Cada partido es un paso m\u00e1s hacia el adi\u00f3s, pero quiero sentirme competitivo hasta el final | Oriamendi 2010\" \/>\n<meta property=\"og:description\" content=\"Javier, ya has disputado los primeros partidos de tu \u00faltima temporada como profesional y has logrado ganar ambos. \u00bfC\u00f3mo has vivido estos encuentros iniciales?\u00a0 Con ilusi\u00f3n pero con cierta incertidumbre. Vengo de un paron largo y me esta costando coger el ritmo, pero a la vez soy cada vez mas consciente de que esto se [&hellip;]\" \/>\n<meta property=\"og:url\" content=\"https:\/\/oriamendi.eus\/es\/2025\/02\/28\/cada-partido-es-un-paso-mas-hacia-el-adios-pero-quiero-sentirme-competitivo-hasta-el-final\/\" \/>\n<meta property=\"og:site_name\" content=\"Oriamendi 2010\" \/>\n<meta property=\"article:publisher\" content=\"https:\/\/www.facebook.com\/oriamendi2010remonte\/\" \/>\n<meta property=\"article:published_time\" content=\"2025-02-28T13:07:00+00:00\" \/>\n<meta property=\"og:image\" content=\"https:\/\/oriamendi.eus\/wp-content\/uploads\/2025\/02\/Urrizaren-agurra.jpg\" \/>\n\t<meta property=\"og:image:width\" content=\"1200\" \/>\n\t<meta property=\"og:image:height\" content=\"800\" \/>\n\t<meta property=\"og:image:type\" content=\"image\/jpeg\" \/>\n<meta name=\"author\" content=\"Endika Barrenetxea\" \/>\n<meta name=\"twitter:card\" content=\"summary_large_image\" \/>\n<meta name=\"twitter:creator\" content=\"@oriamendi2010\" \/>\n<meta name=\"twitter:site\" content=\"@oriamendi2010\" \/>\n<meta name=\"twitter:label1\" content=\"Escrito por\" \/>\n\t<meta name=\"twitter:data1\" content=\"Endika Barrenetxea\" \/>\n\t<meta name=\"twitter:label2\" content=\"Tiempo de lectura\" \/>\n\t<meta name=\"twitter:data2\" content=\"4 minutos\" \/>\n<script type=\"application\/ld+json\" class=\"yoast-schema-graph\">{\"@context\":\"https:\/\/schema.org\",\"@graph\":[{\"@type\":\"Article\",\"@id\":\"https:\/\/oriamendi.eus\/es\/2025\/02\/28\/cada-partido-es-un-paso-mas-hacia-el-adios-pero-quiero-sentirme-competitivo-hasta-el-final\/#article\",\"isPartOf\":{\"@id\":\"https:\/\/oriamendi.eus\/es\/2025\/02\/28\/cada-partido-es-un-paso-mas-hacia-el-adios-pero-quiero-sentirme-competitivo-hasta-el-final\/\"},\"author\":{\"name\":\"Endika Barrenetxea\",\"@id\":\"https:\/\/oriamendi.eus\/es\/#\/schema\/person\/d50c13df7440d84706fe7d03941cc92f\"},\"headline\":\"Cada partido es un paso m\u00e1s hacia el adi\u00f3s, pero quiero sentirme competitivo hasta el final\",\"datePublished\":\"2025-02-28T13:07:00+00:00\",\"dateModified\":\"2025-02-28T13:07:00+00:00\",\"mainEntityOfPage\":{\"@id\":\"https:\/\/oriamendi.eus\/es\/2025\/02\/28\/cada-partido-es-un-paso-mas-hacia-el-adios-pero-quiero-sentirme-competitivo-hasta-el-final\/\"},\"wordCount\":657,\"publisher\":{\"@id\":\"https:\/\/oriamendi.eus\/es\/#organization\"},\"articleSection\":[\"Sin categorizar\"],\"inLanguage\":\"es\"},{\"@type\":\"WebPage\",\"@id\":\"https:\/\/oriamendi.eus\/es\/2025\/02\/28\/cada-partido-es-un-paso-mas-hacia-el-adios-pero-quiero-sentirme-competitivo-hasta-el-final\/\",\"url\":\"https:\/\/oriamendi.eus\/es\/2025\/02\/28\/cada-partido-es-un-paso-mas-hacia-el-adios-pero-quiero-sentirme-competitivo-hasta-el-final\/\",\"name\":\"Cada partido es un paso m\u00e1s hacia el adi\u00f3s, pero quiero sentirme competitivo hasta el final | Oriamendi 2010\",\"isPartOf\":{\"@id\":\"https:\/\/oriamendi.eus\/es\/#website\"},\"datePublished\":\"2025-02-28T13:07:00+00:00\",\"dateModified\":\"2025-02-28T13:07:00+00:00\",\"breadcrumb\":{\"@id\":\"https:\/\/oriamendi.eus\/es\/2025\/02\/28\/cada-partido-es-un-paso-mas-hacia-el-adios-pero-quiero-sentirme-competitivo-hasta-el-final\/#breadcrumb\"},\"inLanguage\":\"es\",\"potentialAction\":[{\"@type\":\"ReadAction\",\"target\":[\"https:\/\/oriamendi.eus\/es\/2025\/02\/28\/cada-partido-es-un-paso-mas-hacia-el-adios-pero-quiero-sentirme-competitivo-hasta-el-final\/\"]}]},{\"@type\":\"BreadcrumbList\",\"@id\":\"https:\/\/oriamendi.eus\/es\/2025\/02\/28\/cada-partido-es-un-paso-mas-hacia-el-adios-pero-quiero-sentirme-competitivo-hasta-el-final\/#breadcrumb\",\"itemListElement\":[{\"@type\":\"ListItem\",\"position\":1,\"name\":\"Portada\",\"item\":\"https:\/\/oriamendi.eus\/es\/\"},{\"@type\":\"ListItem\",\"position\":2,\"name\":\"Cada partido es un paso m\u00e1s hacia el adi\u00f3s, pero quiero sentirme competitivo hasta el final\"}]},{\"@type\":\"WebSite\",\"@id\":\"https:\/\/oriamendi.eus\/es\/#website\",\"url\":\"https:\/\/oriamendi.eus\/es\/\",\"name\":\"Oriamendi\",\"description\":\"Remonte en Galarreta. Hernani. Gipuzkoa\",\"publisher\":{\"@id\":\"https:\/\/oriamendi.eus\/es\/#organization\"},\"potentialAction\":[{\"@type\":\"SearchAction\",\"target\":{\"@type\":\"EntryPoint\",\"urlTemplate\":\"https:\/\/oriamendi.eus\/es\/?s={search_term_string}\"},\"query-input\":\"required name=search_term_string\"}],\"inLanguage\":\"es\"},{\"@type\":\"Organization\",\"@id\":\"https:\/\/oriamendi.eus\/es\/#organization\",\"name\":\"Oriamendi\",\"url\":\"https:\/\/oriamendi.eus\/es\/\",\"logo\":{\"@type\":\"ImageObject\",\"inLanguage\":\"es\",\"@id\":\"https:\/\/oriamendi.eus\/es\/#\/schema\/logo\/image\/\",\"url\":\"https:\/\/oriamendi.eus\/wp-content\/uploads\/2020\/06\/logo-oriamendi.png\",\"contentUrl\":\"https:\/\/oriamendi.eus\/wp-content\/uploads\/2020\/06\/logo-oriamendi.png\",\"width\":300,\"height\":90,\"caption\":\"Oriamendi\"},\"image\":{\"@id\":\"https:\/\/oriamendi.eus\/es\/#\/schema\/logo\/image\/\"},\"sameAs\":[\"https:\/\/www.facebook.com\/oriamendi2010remonte\/\",\"https:\/\/twitter.com\/oriamendi2010\",\"https:\/\/www.instagram.com\/galarretajaialai\/\",\"https:\/\/www.youtube.com\/channel\/UC8gVNzQqB1iwnC-_rI-ihmA\/featured\"]},{\"@type\":\"Person\",\"@id\":\"https:\/\/oriamendi.eus\/es\/#\/schema\/person\/d50c13df7440d84706fe7d03941cc92f\",\"name\":\"Endika Barrenetxea\",\"image\":{\"@type\":\"ImageObject\",\"inLanguage\":\"es\",\"@id\":\"https:\/\/oriamendi.eus\/es\/#\/schema\/person\/image\/\",\"url\":\"https:\/\/secure.gravatar.com\/avatar\/26a16205d858e579d56d8adc8addd712?s=96&d=mm&r=g\",\"contentUrl\":\"https:\/\/secure.gravatar.com\/avatar\/26a16205d858e579d56d8adc8addd712?s=96&d=mm&r=g\",\"caption\":\"Endika Barrenetxea\"},\"url\":\"https:\/\/oriamendi.eus\/es\/author\/om-kudeaketa\/\"}]}<\/script>\n<!-- \/ Yoast SEO plugin. -->","yoast_head_json":{"title":"Cada partido es un paso m\u00e1s hacia el adi\u00f3s, pero quiero sentirme competitivo hasta el final | Oriamendi 2010","robots":{"index":"index","follow":"follow","max-snippet":"max-snippet:-1","max-image-preview":"max-image-preview:large","max-video-preview":"max-video-preview:-1"},"canonical":"https:\/\/oriamendi.eus\/es\/2025\/02\/28\/cada-partido-es-un-paso-mas-hacia-el-adios-pero-quiero-sentirme-competitivo-hasta-el-final\/","og_locale":"es_ES","og_type":"article","og_title":"Cada partido es un paso m\u00e1s hacia el adi\u00f3s, pero quiero sentirme competitivo hasta el final | Oriamendi 2010","og_description":"Javier, ya has disputado los primeros partidos de tu \u00faltima temporada como profesional y has logrado ganar ambos. \u00bfC\u00f3mo has vivido estos encuentros iniciales?\u00a0 Con ilusi\u00f3n pero con cierta incertidumbre. Vengo de un paron largo y me esta costando coger el ritmo, pero a la vez soy cada vez mas consciente de que esto se [&hellip;]","og_url":"https:\/\/oriamendi.eus\/es\/2025\/02\/28\/cada-partido-es-un-paso-mas-hacia-el-adios-pero-quiero-sentirme-competitivo-hasta-el-final\/","og_site_name":"Oriamendi 2010","article_publisher":"https:\/\/www.facebook.com\/oriamendi2010remonte\/","article_published_time":"2025-02-28T13:07:00+00:00","og_image":[{"width":1200,"height":800,"url":"https:\/\/oriamendi.eus\/wp-content\/uploads\/2025\/02\/Urrizaren-agurra.jpg","type":"image\/jpeg"}],"author":"Endika Barrenetxea","twitter_card":"summary_large_image","twitter_creator":"@oriamendi2010","twitter_site":"@oriamendi2010","twitter_misc":{"Escrito por":"Endika Barrenetxea","Tiempo de lectura":"4 minutos"},"schema":{"@context":"https:\/\/schema.org","@graph":[{"@type":"Article","@id":"https:\/\/oriamendi.eus\/es\/2025\/02\/28\/cada-partido-es-un-paso-mas-hacia-el-adios-pero-quiero-sentirme-competitivo-hasta-el-final\/#article","isPartOf":{"@id":"https:\/\/oriamendi.eus\/es\/2025\/02\/28\/cada-partido-es-un-paso-mas-hacia-el-adios-pero-quiero-sentirme-competitivo-hasta-el-final\/"},"author":{"name":"Endika Barrenetxea","@id":"https:\/\/oriamendi.eus\/es\/#\/schema\/person\/d50c13df7440d84706fe7d03941cc92f"},"headline":"Cada partido es un paso m\u00e1s hacia el adi\u00f3s, pero quiero sentirme competitivo hasta el final","datePublished":"2025-02-28T13:07:00+00:00","dateModified":"2025-02-28T13:07:00+00:00","mainEntityOfPage":{"@id":"https:\/\/oriamendi.eus\/es\/2025\/02\/28\/cada-partido-es-un-paso-mas-hacia-el-adios-pero-quiero-sentirme-competitivo-hasta-el-final\/"},"wordCount":657,"publisher":{"@id":"https:\/\/oriamendi.eus\/es\/#organization"},"articleSection":["Sin categorizar"],"inLanguage":"es"},{"@type":"WebPage","@id":"https:\/\/oriamendi.eus\/es\/2025\/02\/28\/cada-partido-es-un-paso-mas-hacia-el-adios-pero-quiero-sentirme-competitivo-hasta-el-final\/","url":"https:\/\/oriamendi.eus\/es\/2025\/02\/28\/cada-partido-es-un-paso-mas-hacia-el-adios-pero-quiero-sentirme-competitivo-hasta-el-final\/","name":"Cada partido es un paso m\u00e1s hacia el adi\u00f3s, pero quiero sentirme competitivo hasta el final | Oriamendi 2010","isPartOf":{"@id":"https:\/\/oriamendi.eus\/es\/#website"},"datePublished":"2025-02-28T13:07:00+00:00","dateModified":"2025-02-28T13:07:00+00:00","breadcrumb":{"@id":"https:\/\/oriamendi.eus\/es\/2025\/02\/28\/cada-partido-es-un-paso-mas-hacia-el-adios-pero-quiero-sentirme-competitivo-hasta-el-final\/#breadcrumb"},"inLanguage":"es","potentialAction":[{"@type":"ReadAction","target":["https:\/\/oriamendi.eus\/es\/2025\/02\/28\/cada-partido-es-un-paso-mas-hacia-el-adios-pero-quiero-sentirme-competitivo-hasta-el-final\/"]}]},{"@type":"BreadcrumbList","@id":"https:\/\/oriamendi.eus\/es\/2025\/02\/28\/cada-partido-es-un-paso-mas-hacia-el-adios-pero-quiero-sentirme-competitivo-hasta-el-final\/#breadcrumb","itemListElement":[{"@type":"ListItem","position":1,"name":"Portada","item":"https:\/\/oriamendi.eus\/es\/"},{"@type":"ListItem","position":2,"name":"Cada partido es un paso m\u00e1s hacia el adi\u00f3s, pero quiero sentirme competitivo hasta el final"}]},{"@type":"WebSite","@id":"https:\/\/oriamendi.eus\/es\/#website","url":"https:\/\/oriamendi.eus\/es\/","name":"Oriamendi","description":"Remonte en Galarreta. Hernani. Gipuzkoa","publisher":{"@id":"https:\/\/oriamendi.eus\/es\/#organization"},"potentialAction":[{"@type":"SearchAction","target":{"@type":"EntryPoint","urlTemplate":"https:\/\/oriamendi.eus\/es\/?s={search_term_string}"},"query-input":"required name=search_term_string"}],"inLanguage":"es"},{"@type":"Organization","@id":"https:\/\/oriamendi.eus\/es\/#organization","name":"Oriamendi","url":"https:\/\/oriamendi.eus\/es\/","logo":{"@type":"ImageObject","inLanguage":"es","@id":"https:\/\/oriamendi.eus\/es\/#\/schema\/logo\/image\/","url":"https:\/\/oriamendi.eus\/wp-content\/uploads\/2020\/06\/logo-oriamendi.png","contentUrl":"https:\/\/oriamendi.eus\/wp-content\/uploads\/2020\/06\/logo-oriamendi.png","width":300,"height":90,"caption":"Oriamendi"},"image":{"@id":"https:\/\/oriamendi.eus\/es\/#\/schema\/logo\/image\/"},"sameAs":["https:\/\/www.facebook.com\/oriamendi2010remonte\/","https:\/\/twitter.com\/oriamendi2010","https:\/\/www.instagram.com\/galarretajaialai\/","https:\/\/www.youtube.com\/channel\/UC8gVNzQqB1iwnC-_rI-ihmA\/featured"]},{"@type":"Person","@id":"https:\/\/oriamendi.eus\/es\/#\/schema\/person\/d50c13df7440d84706fe7d03941cc92f","name":"Endika Barrenetxea","image":{"@type":"ImageObject","inLanguage":"es","@id":"https:\/\/oriamendi.eus\/es\/#\/schema\/person\/image\/","url":"https:\/\/secure.gravatar.com\/avatar\/26a16205d858e579d56d8adc8addd712?s=96&d=mm&r=g","contentUrl":"https:\/\/secure.gravatar.com\/avatar\/26a16205d858e579d56d8adc8addd712?s=96&d=mm&r=g","caption":"Endika Barrenetxea"},"url":"https:\/\/oriamendi.eus\/es\/author\/om-kudeaketa\/"}]}},"_links":{"self":[{"href":"https:\/\/oriamendi.eus\/es\/wp-json\/wp\/v2\/posts\/8682"}],"collection":[{"href":"https:\/\/oriamendi.eus\/es\/wp-json\/wp\/v2\/posts"}],"about":[{"href":"https:\/\/oriamendi.eus\/es\/wp-json\/wp\/v2\/types\/post"}],"author":[{"embeddable":true,"href":"https:\/\/oriamendi.eus\/es\/wp-json\/wp\/v2\/users\/3"}],"replies":[{"embeddable":true,"href":"https:\/\/oriamendi.eus\/es\/wp-json\/wp\/v2\/comments?post=8682"}],"version-history":[{"count":1,"href":"https:\/\/oriamendi.eus\/es\/wp-json\/wp\/v2\/posts\/8682\/revisions"}],"predecessor-version":[{"id":8685,"href":"https:\/\/oriamendi.eus\/es\/wp-json\/wp\/v2\/posts\/8682\/revisions\/8685"}],"wp:featuredmedia":[{"embeddable":true,"href":"https:\/\/oriamendi.eus\/es\/wp-json\/wp\/v2\/media\/8683"}],"wp:attachment":[{"href":"https:\/\/oriamendi.eus\/es\/wp-json\/wp\/v2\/media?parent=8682"}],"wp:term":[{"taxonomy":"category","embeddable":true,"href":"https:\/\/oriamendi.eus\/es\/wp-json\/wp\/v2\/categories?post=8682"},{"taxonomy":"post_tag","embeddable":true,"href":"https:\/\/oriamendi.eus\/es\/wp-json\/wp\/v2\/tags?post=8682"}],"curies":[{"name":"wp","href":"https:\/\/api.w.org\/{rel}","templated":true}]}}