                                        
                                        
                                        
                                        
                                        
                                        
                                        
                                        
                                        
                                        
                                        
                                        
                                        
                                        
                                        
                                        
                                        
                                        
{"id":8635,"date":"2025-01-27T13:43:31","date_gmt":"2025-01-27T12:43:31","guid":{"rendered":"https:\/\/oriamendi.eus\/?p=8635"},"modified":"2025-01-27T13:43:31","modified_gmt":"2025-01-27T12:43:31","slug":"javier-urriza-el-adios-a-una-leyenda-viva-del-remonte","status":"publish","type":"post","link":"https:\/\/oriamendi.eus\/es\/2025\/01\/27\/javier-urriza-el-adios-a-una-leyenda-viva-del-remonte\/","title":{"rendered":"Javier Urriza: el adi\u00f3s a una leyenda viva del remonte"},"content":{"rendered":"<ul style=\"font-weight: 400\">\n<li><strong>El remontista anuncia sus \u00faltimos once partidos, entre ellos, dos adioses: uno, en el front\u00f3n Labrit, y otro, en Galarreta.<\/strong><\/li>\n<li><strong>Toda la informaci\u00f3n as\u00ed como las entradas estar\u00e1n disponibles en la nueva p\u00e1gina web javierurriza.com habilitada expresamente para la ocasi\u00f3n.\u00a0\u00a0 <\/strong><\/li>\n<\/ul>\n<p style=\"font-weight: 400\"><em>Lunes, 27 de enero de 2025.<\/em><\/p>\n<p style=\"font-weight: 400\">Hoy, el mundo del remonte ha vivido un momento hist\u00f3rico con el anuncio oficial de la retirada de Javier Urriza, una de las figuras m\u00e1s ic\u00f3nicas de este deporte. La rueda de prensa, celebrada en las instalaciones de El Diario Vasco, en Donostia\/San Sebasti\u00e1n, ha reunido a pelotaris actuales y retirados, familiares, compa\u00f1eros y representantes del deporte vasco, quienes han sido testigos de una emotiva despedida marcada por el reconocimiento, la nostalgia y la admiraci\u00f3n hacia uno de los mejores jugadores de la historia.<\/p>\n<p style=\"font-weight: 400\"><strong>Un acto lleno de emociones y reconocimiento<\/strong><\/p>\n<p style=\"font-weight: 400\">La jornada ha comenzado a las 10:30 de la ma\u00f1ana en el Front\u00f3n Galarreta de Hernani, donde las y los asistentes han sido recibidos para posteriormente ser trasladados en autobuses a la sede del El Diario Vasco en Miramon. Desde el primer momento, se ha respirado un ambiente especial, propio de los grandes acontecimientos. En el lugar citado, a las 11:00 horas, se ha activado el streaming en el canal de YouTube \u2018Oriamendi Erremontea\u2019, permitiendo que miles de aficionados y aficionadas hayan podido seguir en directo este hist\u00f3rico momento.<\/p>\n<p style=\"font-weight: 400\">El acto ha sido abierto por Iosu Larrarte, responsable de Relaciones Institucionales de El Diario Vasco, quien ha destacado la importancia de Javier Urriza en la historia del deporte vasco y el honor de acoger este momento en su sede. A continuaci\u00f3n,\u00a0Joseba Urkiola, director de deportes de ETB, ha subrayado la relevancia de la figura de Urriza como referente para el remonte y ha agradecido su contribuci\u00f3n al crecimiento y reconocimiento de esta modalidad.<\/p>\n<p style=\"font-weight: 400\">Posteriormente, Jose Mari Barrenetxea, director de Oriamendi, ha realizado un emotivo repaso del impresionante palmar\u00e9s de Javier Urriza, ha destacado su condici\u00f3n f\u00edsica, su profesionalidad y su compromiso con el remonte y con la empresa. \u00abComo aficionado al remonte, nos has ofrecido tardes inolvidables. Ha sido todo un placer verte jugar\u00bb, ha expresado.<\/p>\n<p style=\"font-weight: 400\"><strong>El anuncio de su \u00faltima etapa<\/strong><\/p>\n<p style=\"font-weight: 400\">La gran expectaci\u00f3n ha culminado con la intervenci\u00f3n de Javier Urriza, quien con la voz entrecortada ha confirmado su retirada del remonte profesional tras 18 a\u00f1os de trayectoria, de los cuales, los 15 \u00faltimos los ha desarrollado con la empresa Oriamendi: \u201cEs una decisi\u00f3n dif\u00edcil, pero estoy convencido de que es el momento adecuado\u201d. Asimismo, ha agradecido de coraz\u00f3n a su familia, compa\u00f1eros, equipo t\u00e9cnico y a las y los aficionados as\u00ed como a la empresa Oriamendi por el apoyo incondicional que ha recibido durante toda su carrera deportiva.<\/p>\n<p style=\"font-weight: 400\">Urriza tambi\u00e9n ha anunciado que disputar\u00e1 el campeonato Erremontari como su \u00faltima competici\u00f3n, que culminar\u00e1 con un partido final el 28 de junio de 2025 en el Front\u00f3n Galarreta, una fecha que promete ser hist\u00f3rica.<\/p>\n<p style=\"font-weight: 400\">En su discurso, el remontista ha destacado los valores que el deporte le ha inculcado: constancia, disciplina y superaci\u00f3n personal. \u00abMe voy satisfecho, feliz por todo lo vivido y agradecido por todo lo conseguido\u00bb, ha concluido entre aplausos de las personas asistentes.<\/p>\n<p style=\"font-weight: 400\"><strong>Entrevistas destacadas<\/strong><\/p>\n<p style=\"font-weight: 400\"><strong>\u00a0<\/strong>Durante el evento, diferentes figuras del remonte han compartido sus impresiones sobre Javier Urriza. A continuaci\u00f3n, destacamos las palabras de algunos de los asistentes:<\/p>\n<p style=\"font-weight: 400\"><strong>Koteto Ezkurra (Considerado el mejor jugador de la historia del remonte)<\/strong><\/p>\n<ol style=\"font-weight: 400\">\n<li><strong>\u00bfCu\u00e1les son las principales virtudes de Javier Urriza?<\/strong><br \/>\n\u00abJavier es un pelotari muy completo, con habilidades t\u00e9cnicas, f\u00edsicas y una mentalidad ganadora impresionante. Su perseverancia y constancia lo han convertido en una referencia\u00bb.<\/li>\n<li><strong>\u00bfC\u00f3mo describir\u00edas su estilo de juego?<\/strong><br \/>\n\u00abSu juego defensivo es extraordinario. Siempre ha sido un jugador muy dif\u00edcil de superar, construyendo sus victorias desde una defensa impecable\u00bb.<\/li>\n<li><strong>\u00bfQu\u00e9 consejo le dar\u00edas para sus \u00faltimos meses como profesional?<\/strong><br \/>\n\u00abQue disfrute de cada partido, de cada momento. Estos \u00faltimos meses son una fiesta interna, y debe despedirse haciendo lo que ama\u00bb.<\/li>\n<\/ol>\n<p style=\"font-weight: 400\"><strong>Endika Barrenetxea (El mejor zaguero de la \u00faltima d\u00e9cada)<\/strong><\/p>\n<ol style=\"font-weight: 400\">\n<li><strong>\u00bfCu\u00e1l ha sido tu momento m\u00e1s especial junto a Urriza?<\/strong><br \/>\n\u00abGanar mi primera txapela junto a \u00e9l en 2012 ha sido inolvidable. Adem\u00e1s, nuestras finales individuales en 2016 y 2019 son recuerdos que siempre llevar\u00e9 conmigo\u00bb.<\/li>\n<li><strong>\u00bfQu\u00e9 significa Urriza para el remonte?<\/strong><br \/>\n\u00abEs un referente que transmite los mejores valores: profesionalidad, clase y respeto. Ha sido un ejemplo para nuestra generaci\u00f3n\u00bb.<\/li>\n<\/ol>\n<p style=\"font-weight: 400\"><strong>I\u00f1aki Lizaso (Excompa\u00f1ero y ganador de la primera txapela de Urriza en 2007)<\/strong><\/p>\n<ol style=\"font-weight: 400\">\n<li><strong>\u00bfC\u00f3mo era Javier al inicio de su carrera?<\/strong><br \/>\n\u00abEra un joven con mucha ilusi\u00f3n y fortaleza. Aunque ven\u00eda de otra modalidad, se adapt\u00f3 r\u00e1pidamente y demostr\u00f3 su val\u00eda desde el principio\u00bb.<\/li>\n<li><strong>\u00bfQu\u00e9 le aconsejar\u00edas en esta etapa final?<\/strong><br \/>\n\u00abQue disfrute y deje que las emociones fluyan. Que viva cada partido al m\u00e1ximo y se despida con la misma pasi\u00f3n con la que comenz\u00f3.\u00bb<\/li>\n<\/ol>\n<p style=\"font-weight: 400\"><strong>Seve Arcelus (Botillero de Javier Urriza)<\/strong><\/p>\n<ol style=\"font-weight: 400\">\n<li><strong>\u00bfQu\u00e9 diferencias ves en Urriza respecto a otros pelotaris?<\/strong><br \/>\n\u00abEs extremadamente disciplinado, competitivo y comprometido. Su humildad y profesionalidad lo han distinguido siempre\u00bb.<\/li>\n<li><strong>\u00bfC\u00f3mo crees que ser\u00e1 recordado?<\/strong><br \/>\n\u00abComo una leyenda del remonte: honesto, luchador y un ejemplo de competitividad y dedicaci\u00f3n\u00bb.<\/li>\n<\/ol>\n<p style=\"font-weight: 400\"><strong>Kike Elizalde (Intendente y mentor de Urriza en su transici\u00f3n al remonte<\/strong><strong>)<\/strong><\/p>\n<ol style=\"font-weight: 400\">\n<li><strong>\u00bfC\u00f3mo fue ense\u00f1ar a Javier en sus inicios?<\/strong><br \/>\n\u00abFue una gozada. Aprend\u00eda r\u00e1pidamente y mostr\u00f3 una adaptaci\u00f3n sorprendente a la modalidad del remonte en pocos meses\u00bb.<\/li>\n<li><strong>\u00bfQu\u00e9 destacar\u00edas de su estilo de juego?<\/strong><br \/>\n\u00abSu golpe de costado y su capacidad defensiva lo han convertido en uno de los pelotaris m\u00e1s completos de la historia\u00bb.<\/li>\n<\/ol>\n<p style=\"font-weight: 400\"><strong>Aritz Zubiri (Pelotari activo y compa\u00f1ero de Urriza)<\/strong><\/p>\n<ol style=\"font-weight: 400\">\n<li><strong>\u00bfC\u00f3mo describir\u00edas a Javier como compa\u00f1ero?<\/strong><br \/>\n\u00abSiempre ayuda en la cancha, anima a la pareja y saca lo mejor de cada uno. Ha sido un compa\u00f1ero excepcional\u00bb.<\/li>\n<li><strong>\u00bfQu\u00e9 impacto crees que tendr\u00e1 su retirada?<\/strong><br \/>\n\u00abEs un momento emotivo para todos. Deja un legado imborrable, y todos queremos que disfrute de su \u00faltima etapa como se merece\u00bb.<\/li>\n<\/ol>\n<p style=\"font-weight: 400\"><strong>Reconocimientos y despedida<\/strong><\/p>\n<p style=\"font-weight: 400\">Tras las palabras de Urriza, Xabier Gonz\u00e1lez, gerente de Oriamendi, ha tomado la palabra para agradecer al pelotari su contribuci\u00f3n al remonte y anunciar las iniciativas que la empresa ha preparado para honrar su legado. Entre ellas, ha destacado:<\/p>\n<ul style=\"font-weight: 400\">\n<li><strong>Los \u00faltimos 11 partidos de Javier Urriza<\/strong>:<\/li>\n<li style=\"list-style-type: none\">\n<ul>\n<li>8 de febrero, 22 de febrero, 1 de marzo, 15 de marzo, 29 de marzo, 11 de abril, 28 de abril, 5 de mayo, 19 de mayo, 26 de mayo y 28 de mayo.<\/li>\n<li>Diez de estos partidos se disputar\u00e1n en el Front\u00f3n Galarreta y uno, el del 11 de abril, en el Front\u00f3n Labrit de Iru\u00f1a, su localidad natal.<\/li>\n<\/ul>\n<\/li>\n<li><strong>La creaci\u00f3n de una p\u00e1gina web exclusiva<\/strong>,\u00a0<a href=\"http:\/\/www.javierurriza.com\/\" data-ogsc=\"\">www.javierurriza.com<\/a>, donde se recopila toda su trayectoria profesional y se podr\u00e1n adquirir entradas para sus \u00faltimos partidos.<\/li>\n<li><strong>Un bono especial<\/strong>: 50 \u20ac para mayores de 30 a\u00f1os y 25 \u20ac para personas entre 18 y 30 a\u00f1os, que permite asistir a cinco festivales a elecci\u00f3n con un 50% de descuento sobre el precio original.<\/li>\n<\/ul>\n<p style=\"font-weight: 400\"><strong>Un legado inolvidable<\/strong><\/p>\n<p style=\"font-weight: 400\">Con la retirada de Javier Urriza, una nueva generaci\u00f3n de pelotaris ha emergido con la responsabilidad y la ilusi\u00f3n de estar a la altura del legado que deja. Su ejemplo de profesionalidad y dedicaci\u00f3n ser\u00e1 la gu\u00eda para quienes buscan continuar escribiendo la historia del remonte.<\/p>\n<p style=\"font-weight: 400\">El camino hacia su despedida final, marcado por los \u00faltimos partidos de su carrera, promete ser una fant\u00e1stica celebraci\u00f3n del deporte y un inolvidable homenaje a una de las m\u00e1ximas leyendas de la historia de esta espectacular modalidad llamada remonte.<\/p>\n<p style=\"font-weight: 400\">\n","protected":false},"excerpt":{"rendered":"<p>El remontista anuncia sus \u00faltimos once partidos, entre ellos, dos adioses: uno, en el front\u00f3n Labrit, y otro, en Galarreta. Toda la informaci\u00f3n as\u00ed como las entradas estar\u00e1n disponibles en la nueva p\u00e1gina web javierurriza.com habilitada expresamente para la ocasi\u00f3n.\u00a0\u00a0 Lunes, 27 de enero de 2025. Hoy, el mundo del remonte ha vivido un momento [&hellip;]<\/p>\n","protected":false},"author":3,"featured_media":8627,"comment_status":"closed","ping_status":"open","sticky":false,"template":"","format":"standard","meta":{"_et_pb_use_builder":"","_et_pb_old_content":"","_et_gb_content_width":"","footnotes":""},"categories":[1],"tags":[],"yoast_head":"<!-- This site is optimized with the Yoast SEO plugin v21.8 - https:\/\/yoast.com\/wordpress\/plugins\/seo\/ -->\n<title>Javier Urriza: el adi\u00f3s a una leyenda viva del remonte | Oriamendi 2010<\/title>\n<meta name=\"robots\" content=\"index, follow, max-snippet:-1, max-image-preview:large, max-video-preview:-1\" \/>\n<link rel=\"canonical\" href=\"https:\/\/oriamendi.eus\/es\/2025\/01\/27\/javier-urriza-el-adios-a-una-leyenda-viva-del-remonte\/\" \/>\n<meta property=\"og:locale\" content=\"es_ES\" \/>\n<meta property=\"og:type\" content=\"article\" \/>\n<meta property=\"og:title\" content=\"Javier Urriza: el adi\u00f3s a una leyenda viva del remonte | Oriamendi 2010\" \/>\n<meta property=\"og:description\" content=\"El remontista anuncia sus \u00faltimos once partidos, entre ellos, dos adioses: uno, en el front\u00f3n Labrit, y otro, en Galarreta. Toda la informaci\u00f3n as\u00ed como las entradas estar\u00e1n disponibles en la nueva p\u00e1gina web javierurriza.com habilitada expresamente para la ocasi\u00f3n.\u00a0\u00a0 Lunes, 27 de enero de 2025. Hoy, el mundo del remonte ha vivido un momento [&hellip;]\" \/>\n<meta property=\"og:url\" content=\"https:\/\/oriamendi.eus\/es\/2025\/01\/27\/javier-urriza-el-adios-a-una-leyenda-viva-del-remonte\/\" \/>\n<meta property=\"og:site_name\" content=\"Oriamendi 2010\" \/>\n<meta property=\"article:publisher\" content=\"https:\/\/www.facebook.com\/oriamendi2010remonte\/\" \/>\n<meta property=\"article:published_time\" content=\"2025-01-27T12:43:31+00:00\" \/>\n<meta property=\"og:image\" content=\"https:\/\/oriamendi.eus\/wp-content\/uploads\/2025\/01\/Hori_Oihu.jpg\" \/>\n\t<meta property=\"og:image:width\" content=\"1200\" \/>\n\t<meta property=\"og:image:height\" content=\"675\" \/>\n\t<meta property=\"og:image:type\" content=\"image\/jpeg\" \/>\n<meta name=\"author\" content=\"Endika Barrenetxea\" \/>\n<meta name=\"twitter:card\" content=\"summary_large_image\" \/>\n<meta name=\"twitter:creator\" content=\"@oriamendi2010\" \/>\n<meta name=\"twitter:site\" content=\"@oriamendi2010\" \/>\n<meta name=\"twitter:label1\" content=\"Escrito por\" \/>\n\t<meta name=\"twitter:data1\" content=\"Endika Barrenetxea\" \/>\n\t<meta name=\"twitter:label2\" content=\"Tiempo de lectura\" \/>\n\t<meta name=\"twitter:data2\" content=\"6 minutos\" \/>\n<script type=\"application\/ld+json\" class=\"yoast-schema-graph\">{\"@context\":\"https:\/\/schema.org\",\"@graph\":[{\"@type\":\"Article\",\"@id\":\"https:\/\/oriamendi.eus\/es\/2025\/01\/27\/javier-urriza-el-adios-a-una-leyenda-viva-del-remonte\/#article\",\"isPartOf\":{\"@id\":\"https:\/\/oriamendi.eus\/es\/2025\/01\/27\/javier-urriza-el-adios-a-una-leyenda-viva-del-remonte\/\"},\"author\":{\"name\":\"Endika Barrenetxea\",\"@id\":\"https:\/\/oriamendi.eus\/es\/#\/schema\/person\/d50c13df7440d84706fe7d03941cc92f\"},\"headline\":\"Javier Urriza: el adi\u00f3s a una leyenda viva del remonte\",\"datePublished\":\"2025-01-27T12:43:31+00:00\",\"dateModified\":\"2025-01-27T12:43:31+00:00\",\"mainEntityOfPage\":{\"@id\":\"https:\/\/oriamendi.eus\/es\/2025\/01\/27\/javier-urriza-el-adios-a-una-leyenda-viva-del-remonte\/\"},\"wordCount\":1309,\"publisher\":{\"@id\":\"https:\/\/oriamendi.eus\/es\/#organization\"},\"articleSection\":[\"Sin categorizar\"],\"inLanguage\":\"es\"},{\"@type\":\"WebPage\",\"@id\":\"https:\/\/oriamendi.eus\/es\/2025\/01\/27\/javier-urriza-el-adios-a-una-leyenda-viva-del-remonte\/\",\"url\":\"https:\/\/oriamendi.eus\/es\/2025\/01\/27\/javier-urriza-el-adios-a-una-leyenda-viva-del-remonte\/\",\"name\":\"Javier Urriza: el adi\u00f3s a una leyenda viva del remonte | Oriamendi 2010\",\"isPartOf\":{\"@id\":\"https:\/\/oriamendi.eus\/es\/#website\"},\"datePublished\":\"2025-01-27T12:43:31+00:00\",\"dateModified\":\"2025-01-27T12:43:31+00:00\",\"breadcrumb\":{\"@id\":\"https:\/\/oriamendi.eus\/es\/2025\/01\/27\/javier-urriza-el-adios-a-una-leyenda-viva-del-remonte\/#breadcrumb\"},\"inLanguage\":\"es\",\"potentialAction\":[{\"@type\":\"ReadAction\",\"target\":[\"https:\/\/oriamendi.eus\/es\/2025\/01\/27\/javier-urriza-el-adios-a-una-leyenda-viva-del-remonte\/\"]}]},{\"@type\":\"BreadcrumbList\",\"@id\":\"https:\/\/oriamendi.eus\/es\/2025\/01\/27\/javier-urriza-el-adios-a-una-leyenda-viva-del-remonte\/#breadcrumb\",\"itemListElement\":[{\"@type\":\"ListItem\",\"position\":1,\"name\":\"Portada\",\"item\":\"https:\/\/oriamendi.eus\/es\/\"},{\"@type\":\"ListItem\",\"position\":2,\"name\":\"Javier Urriza: el adi\u00f3s a una leyenda viva del remonte\"}]},{\"@type\":\"WebSite\",\"@id\":\"https:\/\/oriamendi.eus\/es\/#website\",\"url\":\"https:\/\/oriamendi.eus\/es\/\",\"name\":\"Oriamendi\",\"description\":\"Remonte en Galarreta. Hernani. Gipuzkoa\",\"publisher\":{\"@id\":\"https:\/\/oriamendi.eus\/es\/#organization\"},\"potentialAction\":[{\"@type\":\"SearchAction\",\"target\":{\"@type\":\"EntryPoint\",\"urlTemplate\":\"https:\/\/oriamendi.eus\/es\/?s={search_term_string}\"},\"query-input\":\"required name=search_term_string\"}],\"inLanguage\":\"es\"},{\"@type\":\"Organization\",\"@id\":\"https:\/\/oriamendi.eus\/es\/#organization\",\"name\":\"Oriamendi\",\"url\":\"https:\/\/oriamendi.eus\/es\/\",\"logo\":{\"@type\":\"ImageObject\",\"inLanguage\":\"es\",\"@id\":\"https:\/\/oriamendi.eus\/es\/#\/schema\/logo\/image\/\",\"url\":\"https:\/\/oriamendi.eus\/wp-content\/uploads\/2020\/06\/logo-oriamendi.png\",\"contentUrl\":\"https:\/\/oriamendi.eus\/wp-content\/uploads\/2020\/06\/logo-oriamendi.png\",\"width\":300,\"height\":90,\"caption\":\"Oriamendi\"},\"image\":{\"@id\":\"https:\/\/oriamendi.eus\/es\/#\/schema\/logo\/image\/\"},\"sameAs\":[\"https:\/\/www.facebook.com\/oriamendi2010remonte\/\",\"https:\/\/twitter.com\/oriamendi2010\",\"https:\/\/www.instagram.com\/galarretajaialai\/\",\"https:\/\/www.youtube.com\/channel\/UC8gVNzQqB1iwnC-_rI-ihmA\/featured\"]},{\"@type\":\"Person\",\"@id\":\"https:\/\/oriamendi.eus\/es\/#\/schema\/person\/d50c13df7440d84706fe7d03941cc92f\",\"name\":\"Endika Barrenetxea\",\"image\":{\"@type\":\"ImageObject\",\"inLanguage\":\"es\",\"@id\":\"https:\/\/oriamendi.eus\/es\/#\/schema\/person\/image\/\",\"url\":\"https:\/\/secure.gravatar.com\/avatar\/26a16205d858e579d56d8adc8addd712?s=96&d=mm&r=g\",\"contentUrl\":\"https:\/\/secure.gravatar.com\/avatar\/26a16205d858e579d56d8adc8addd712?s=96&d=mm&r=g\",\"caption\":\"Endika Barrenetxea\"},\"url\":\"https:\/\/oriamendi.eus\/es\/author\/om-kudeaketa\/\"}]}<\/script>\n<!-- \/ Yoast SEO plugin. -->","yoast_head_json":{"title":"Javier Urriza: el adi\u00f3s a una leyenda viva del remonte | Oriamendi 2010","robots":{"index":"index","follow":"follow","max-snippet":"max-snippet:-1","max-image-preview":"max-image-preview:large","max-video-preview":"max-video-preview:-1"},"canonical":"https:\/\/oriamendi.eus\/es\/2025\/01\/27\/javier-urriza-el-adios-a-una-leyenda-viva-del-remonte\/","og_locale":"es_ES","og_type":"article","og_title":"Javier Urriza: el adi\u00f3s a una leyenda viva del remonte | Oriamendi 2010","og_description":"El remontista anuncia sus \u00faltimos once partidos, entre ellos, dos adioses: uno, en el front\u00f3n Labrit, y otro, en Galarreta. Toda la informaci\u00f3n as\u00ed como las entradas estar\u00e1n disponibles en la nueva p\u00e1gina web javierurriza.com habilitada expresamente para la ocasi\u00f3n.\u00a0\u00a0 Lunes, 27 de enero de 2025. Hoy, el mundo del remonte ha vivido un momento [&hellip;]","og_url":"https:\/\/oriamendi.eus\/es\/2025\/01\/27\/javier-urriza-el-adios-a-una-leyenda-viva-del-remonte\/","og_site_name":"Oriamendi 2010","article_publisher":"https:\/\/www.facebook.com\/oriamendi2010remonte\/","article_published_time":"2025-01-27T12:43:31+00:00","og_image":[{"width":1200,"height":675,"url":"https:\/\/oriamendi.eus\/wp-content\/uploads\/2025\/01\/Hori_Oihu.jpg","type":"image\/jpeg"}],"author":"Endika Barrenetxea","twitter_card":"summary_large_image","twitter_creator":"@oriamendi2010","twitter_site":"@oriamendi2010","twitter_misc":{"Escrito por":"Endika Barrenetxea","Tiempo de lectura":"6 minutos"},"schema":{"@context":"https:\/\/schema.org","@graph":[{"@type":"Article","@id":"https:\/\/oriamendi.eus\/es\/2025\/01\/27\/javier-urriza-el-adios-a-una-leyenda-viva-del-remonte\/#article","isPartOf":{"@id":"https:\/\/oriamendi.eus\/es\/2025\/01\/27\/javier-urriza-el-adios-a-una-leyenda-viva-del-remonte\/"},"author":{"name":"Endika Barrenetxea","@id":"https:\/\/oriamendi.eus\/es\/#\/schema\/person\/d50c13df7440d84706fe7d03941cc92f"},"headline":"Javier Urriza: el adi\u00f3s a una leyenda viva del remonte","datePublished":"2025-01-27T12:43:31+00:00","dateModified":"2025-01-27T12:43:31+00:00","mainEntityOfPage":{"@id":"https:\/\/oriamendi.eus\/es\/2025\/01\/27\/javier-urriza-el-adios-a-una-leyenda-viva-del-remonte\/"},"wordCount":1309,"publisher":{"@id":"https:\/\/oriamendi.eus\/es\/#organization"},"articleSection":["Sin categorizar"],"inLanguage":"es"},{"@type":"WebPage","@id":"https:\/\/oriamendi.eus\/es\/2025\/01\/27\/javier-urriza-el-adios-a-una-leyenda-viva-del-remonte\/","url":"https:\/\/oriamendi.eus\/es\/2025\/01\/27\/javier-urriza-el-adios-a-una-leyenda-viva-del-remonte\/","name":"Javier Urriza: el adi\u00f3s a una leyenda viva del remonte | Oriamendi 2010","isPartOf":{"@id":"https:\/\/oriamendi.eus\/es\/#website"},"datePublished":"2025-01-27T12:43:31+00:00","dateModified":"2025-01-27T12:43:31+00:00","breadcrumb":{"@id":"https:\/\/oriamendi.eus\/es\/2025\/01\/27\/javier-urriza-el-adios-a-una-leyenda-viva-del-remonte\/#breadcrumb"},"inLanguage":"es","potentialAction":[{"@type":"ReadAction","target":["https:\/\/oriamendi.eus\/es\/2025\/01\/27\/javier-urriza-el-adios-a-una-leyenda-viva-del-remonte\/"]}]},{"@type":"BreadcrumbList","@id":"https:\/\/oriamendi.eus\/es\/2025\/01\/27\/javier-urriza-el-adios-a-una-leyenda-viva-del-remonte\/#breadcrumb","itemListElement":[{"@type":"ListItem","position":1,"name":"Portada","item":"https:\/\/oriamendi.eus\/es\/"},{"@type":"ListItem","position":2,"name":"Javier Urriza: el adi\u00f3s a una leyenda viva del remonte"}]},{"@type":"WebSite","@id":"https:\/\/oriamendi.eus\/es\/#website","url":"https:\/\/oriamendi.eus\/es\/","name":"Oriamendi","description":"Remonte en Galarreta. Hernani. Gipuzkoa","publisher":{"@id":"https:\/\/oriamendi.eus\/es\/#organization"},"potentialAction":[{"@type":"SearchAction","target":{"@type":"EntryPoint","urlTemplate":"https:\/\/oriamendi.eus\/es\/?s={search_term_string}"},"query-input":"required name=search_term_string"}],"inLanguage":"es"},{"@type":"Organization","@id":"https:\/\/oriamendi.eus\/es\/#organization","name":"Oriamendi","url":"https:\/\/oriamendi.eus\/es\/","logo":{"@type":"ImageObject","inLanguage":"es","@id":"https:\/\/oriamendi.eus\/es\/#\/schema\/logo\/image\/","url":"https:\/\/oriamendi.eus\/wp-content\/uploads\/2020\/06\/logo-oriamendi.png","contentUrl":"https:\/\/oriamendi.eus\/wp-content\/uploads\/2020\/06\/logo-oriamendi.png","width":300,"height":90,"caption":"Oriamendi"},"image":{"@id":"https:\/\/oriamendi.eus\/es\/#\/schema\/logo\/image\/"},"sameAs":["https:\/\/www.facebook.com\/oriamendi2010remonte\/","https:\/\/twitter.com\/oriamendi2010","https:\/\/www.instagram.com\/galarretajaialai\/","https:\/\/www.youtube.com\/channel\/UC8gVNzQqB1iwnC-_rI-ihmA\/featured"]},{"@type":"Person","@id":"https:\/\/oriamendi.eus\/es\/#\/schema\/person\/d50c13df7440d84706fe7d03941cc92f","name":"Endika Barrenetxea","image":{"@type":"ImageObject","inLanguage":"es","@id":"https:\/\/oriamendi.eus\/es\/#\/schema\/person\/image\/","url":"https:\/\/secure.gravatar.com\/avatar\/26a16205d858e579d56d8adc8addd712?s=96&d=mm&r=g","contentUrl":"https:\/\/secure.gravatar.com\/avatar\/26a16205d858e579d56d8adc8addd712?s=96&d=mm&r=g","caption":"Endika Barrenetxea"},"url":"https:\/\/oriamendi.eus\/es\/author\/om-kudeaketa\/"}]}},"_links":{"self":[{"href":"https:\/\/oriamendi.eus\/es\/wp-json\/wp\/v2\/posts\/8635"}],"collection":[{"href":"https:\/\/oriamendi.eus\/es\/wp-json\/wp\/v2\/posts"}],"about":[{"href":"https:\/\/oriamendi.eus\/es\/wp-json\/wp\/v2\/types\/post"}],"author":[{"embeddable":true,"href":"https:\/\/oriamendi.eus\/es\/wp-json\/wp\/v2\/users\/3"}],"replies":[{"embeddable":true,"href":"https:\/\/oriamendi.eus\/es\/wp-json\/wp\/v2\/comments?post=8635"}],"version-history":[{"count":1,"href":"https:\/\/oriamendi.eus\/es\/wp-json\/wp\/v2\/posts\/8635\/revisions"}],"predecessor-version":[{"id":8636,"href":"https:\/\/oriamendi.eus\/es\/wp-json\/wp\/v2\/posts\/8635\/revisions\/8636"}],"wp:featuredmedia":[{"embeddable":true,"href":"https:\/\/oriamendi.eus\/es\/wp-json\/wp\/v2\/media\/8627"}],"wp:attachment":[{"href":"https:\/\/oriamendi.eus\/es\/wp-json\/wp\/v2\/media?parent=8635"}],"wp:term":[{"taxonomy":"category","embeddable":true,"href":"https:\/\/oriamendi.eus\/es\/wp-json\/wp\/v2\/categories?post=8635"},{"taxonomy":"post_tag","embeddable":true,"href":"https:\/\/oriamendi.eus\/es\/wp-json\/wp\/v2\/tags?post=8635"}],"curies":[{"name":"wp","href":"https:\/\/api.w.org\/{rel}","templated":true}]}}