                                        
                                        
                                        
                                        
                                        
                                        
                                        
                                        
                                        
                                        
                                        
                                        
                                        
                                        
                                        
                                        
                                        
                                        
{"id":8600,"date":"2025-01-25T19:50:48","date_gmt":"2025-01-25T18:50:48","guid":{"rendered":"https:\/\/oriamendi.eus\/?p=8600"},"modified":"2025-01-25T19:51:06","modified_gmt":"2025-01-25T18:51:06","slug":"ansa-ii-sigue-de-dulce-y-supera-a-un-buen-barrenetxea-iv","status":"publish","type":"post","link":"https:\/\/oriamendi.eus\/es\/2025\/01\/25\/ansa-ii-sigue-de-dulce-y-supera-a-un-buen-barrenetxea-iv\/","title":{"rendered":"Ansa II sigue de dulce y supera a un buen Barrenetxea IV"},"content":{"rendered":"<div>\n<div><b>El de Urnieta se impone 30-21 y es el primer clasificado a la final del Masters Kutxabank<\/b><\/div>\n<div><\/div>\n<\/div>\n<div>Imanol Ansa se ha clasificado a la final del Masters Kutxabank despu\u00e9s de ganar 30-21 a Endika Barrenetxea en el segundo partido del Masters Kutxabank. El delantero urnietarra sigue de dulce y ha ganado los dos partidos de la liguilla. Ha terminado con ocho puntos y ahora solo falta por conocer quien le va a acompa\u00f1ar en la final del pr\u00f3ximo 8 de febrero. Eso se sabr\u00e1 el s\u00e1bado 1 de febrero en el partido que enfrente a Azpiroz con Barrenetxea IV. Les separa un punto, pero el que gana pasar\u00e1 a la final y el perdedor de ese partido quedar\u00e1 eliminado.<\/div>\n<div>En el segundo partido de la liguilla Ansa gan\u00f3 30-21 en un partido muy bonito y muy bien jugado por ambos remontistas. Quiz\u00e1s la diferencia del final es m\u00e1s amplia de lo que se vio sobre la cancha. Barrenetxea nunca le perdi\u00f3 la cara al partido y estuvo metido hasta el tramo final. En el peloteo estuvo a la altura de Ansa, pero curiosamente la diferencia estuvo con el saque. Ansa hizo hasta diez tantos de saque por solo una falta. Por su parte, Barrenetxea hizo cuatro tantos de saque por dos faltas. Ah\u00ed estuvo la ventaja a favor de Ansa.<\/div>\n<div>En el peloteo hubo mucha lucha. Se dejaron el alma y la gente disfrut\u00f3 de un gran partido. Adem\u00e1s, Galarreta tuvo un d\u00eda m\u00e1s una buena entrada y la gente disfrut\u00f3 del espect\u00e1culo.<\/div>\n<div>A Ansa se le ve con mucha confianza. El partido comenz\u00f3 igualado, pero era Barrenetxea quien llevaba la iniciativa. Se adelant\u00f3 3-5, pero reaccion\u00f3 el campe\u00f3n. Con un parcial de 4-0 se puso 7-5. Era un toma y daca con mucha alternativas. Del 7-5 se pas\u00f3 a un 7-8, luego a un 12-8 peligroso para Barrenetxea. Hizo el 12-9 el hernaniarra y se march\u00f3 al vestuario por un peque\u00f1o tir\u00f3n en el gemelo. Llegaba justo al partido en esa zona, pero volvi\u00f3 reforzado del vestuario.<\/div>\n<div>El partido entr\u00f3 en una fase con ventajas de Ansa, 12-11, 14-11, 16-13, 20-15, pero no eran definitivas. Tras el 21-17 y con el partido avanzado el de Urnieta se puso con seis tantos de ventaja, 24-18, ya muy favorable en esa fase del partido. La frescura tambi\u00e9n tuco su importancia al final del choque. Ansa aceler\u00f3 algo m\u00e1s y del 25-20 se pas\u00f3 ya a un 28-20 casi definitivo. Hizo un tanto m\u00e1s el zaguero hernaniarra, 28-21, pero Ansa cerr\u00f3 el partido 30-21 casi sin cometer ning\u00fan error. Estuvo s\u00f3lido y acert\u00f3 m\u00e1s con el saque o al resto para meterse en una nueva final individual.<\/div>\n","protected":false},"excerpt":{"rendered":"<p>El de Urnieta se impone 30-21 y es el primer clasificado a la final del Masters Kutxabank Imanol Ansa se ha clasificado a la final del Masters Kutxabank despu\u00e9s de ganar 30-21 a Endika Barrenetxea en el segundo partido del Masters Kutxabank. El delantero urnietarra sigue de dulce y ha ganado los dos partidos de [&hellip;]<\/p>\n","protected":false},"author":5,"featured_media":8337,"comment_status":"closed","ping_status":"open","sticky":false,"template":"","format":"standard","meta":{"_et_pb_use_builder":"","_et_pb_old_content":"","_et_gb_content_width":"","footnotes":""},"categories":[1],"tags":[],"yoast_head":"<!-- This site is optimized with the Yoast SEO plugin v21.8 - https:\/\/yoast.com\/wordpress\/plugins\/seo\/ -->\n<title>Ansa II sigue de dulce y supera a un buen Barrenetxea IV | Oriamendi 2010<\/title>\n<meta name=\"robots\" content=\"index, follow, max-snippet:-1, max-image-preview:large, max-video-preview:-1\" \/>\n<link rel=\"canonical\" href=\"https:\/\/oriamendi.eus\/es\/2025\/01\/25\/ansa-ii-sigue-de-dulce-y-supera-a-un-buen-barrenetxea-iv\/\" \/>\n<meta property=\"og:locale\" content=\"es_ES\" \/>\n<meta property=\"og:type\" content=\"article\" \/>\n<meta property=\"og:title\" content=\"Ansa II sigue de dulce y supera a un buen Barrenetxea IV | Oriamendi 2010\" \/>\n<meta property=\"og:description\" content=\"El de Urnieta se impone 30-21 y es el primer clasificado a la final del Masters Kutxabank Imanol Ansa se ha clasificado a la final del Masters Kutxabank despu\u00e9s de ganar 30-21 a Endika Barrenetxea en el segundo partido del Masters Kutxabank. El delantero urnietarra sigue de dulce y ha ganado los dos partidos de [&hellip;]\" \/>\n<meta property=\"og:url\" content=\"https:\/\/oriamendi.eus\/es\/2025\/01\/25\/ansa-ii-sigue-de-dulce-y-supera-a-un-buen-barrenetxea-iv\/\" \/>\n<meta property=\"og:site_name\" content=\"Oriamendi 2010\" \/>\n<meta property=\"article:publisher\" content=\"https:\/\/www.facebook.com\/oriamendi2010remonte\/\" \/>\n<meta property=\"article:published_time\" content=\"2025-01-25T18:50:48+00:00\" \/>\n<meta property=\"article:modified_time\" content=\"2025-01-25T18:51:06+00:00\" \/>\n<meta property=\"og:image\" content=\"https:\/\/oriamendi.eus\/wp-content\/uploads\/2024\/09\/IMG_20240921_171542_2000_x_1333_pixel.jpg\" \/>\n\t<meta property=\"og:image:width\" content=\"1200\" \/>\n\t<meta property=\"og:image:height\" content=\"800\" \/>\n\t<meta property=\"og:image:type\" content=\"image\/jpeg\" \/>\n<meta name=\"author\" content=\"I\u00f1igo Go\u00f1i\" \/>\n<meta name=\"twitter:card\" content=\"summary_large_image\" \/>\n<meta name=\"twitter:creator\" content=\"@oriamendi2010\" \/>\n<meta name=\"twitter:site\" content=\"@oriamendi2010\" \/>\n<meta name=\"twitter:label1\" content=\"Escrito por\" \/>\n\t<meta name=\"twitter:data1\" content=\"I\u00f1igo Go\u00f1i\" \/>\n\t<meta name=\"twitter:label2\" content=\"Tiempo de lectura\" \/>\n\t<meta name=\"twitter:data2\" content=\"3 minutos\" \/>\n<script type=\"application\/ld+json\" class=\"yoast-schema-graph\">{\"@context\":\"https:\/\/schema.org\",\"@graph\":[{\"@type\":\"Article\",\"@id\":\"https:\/\/oriamendi.eus\/es\/2025\/01\/25\/ansa-ii-sigue-de-dulce-y-supera-a-un-buen-barrenetxea-iv\/#article\",\"isPartOf\":{\"@id\":\"https:\/\/oriamendi.eus\/es\/2025\/01\/25\/ansa-ii-sigue-de-dulce-y-supera-a-un-buen-barrenetxea-iv\/\"},\"author\":{\"name\":\"I\u00f1igo Go\u00f1i\",\"@id\":\"https:\/\/oriamendi.eus\/es\/#\/schema\/person\/c0bd06c6c747674306a5c82563e2339a\"},\"headline\":\"Ansa II sigue de dulce y supera a un buen Barrenetxea IV\",\"datePublished\":\"2025-01-25T18:50:48+00:00\",\"dateModified\":\"2025-01-25T18:51:06+00:00\",\"mainEntityOfPage\":{\"@id\":\"https:\/\/oriamendi.eus\/es\/2025\/01\/25\/ansa-ii-sigue-de-dulce-y-supera-a-un-buen-barrenetxea-iv\/\"},\"wordCount\":474,\"publisher\":{\"@id\":\"https:\/\/oriamendi.eus\/es\/#organization\"},\"articleSection\":[\"Sin categorizar\"],\"inLanguage\":\"es\"},{\"@type\":\"WebPage\",\"@id\":\"https:\/\/oriamendi.eus\/es\/2025\/01\/25\/ansa-ii-sigue-de-dulce-y-supera-a-un-buen-barrenetxea-iv\/\",\"url\":\"https:\/\/oriamendi.eus\/es\/2025\/01\/25\/ansa-ii-sigue-de-dulce-y-supera-a-un-buen-barrenetxea-iv\/\",\"name\":\"Ansa II sigue de dulce y supera a un buen Barrenetxea IV | Oriamendi 2010\",\"isPartOf\":{\"@id\":\"https:\/\/oriamendi.eus\/es\/#website\"},\"datePublished\":\"2025-01-25T18:50:48+00:00\",\"dateModified\":\"2025-01-25T18:51:06+00:00\",\"breadcrumb\":{\"@id\":\"https:\/\/oriamendi.eus\/es\/2025\/01\/25\/ansa-ii-sigue-de-dulce-y-supera-a-un-buen-barrenetxea-iv\/#breadcrumb\"},\"inLanguage\":\"es\",\"potentialAction\":[{\"@type\":\"ReadAction\",\"target\":[\"https:\/\/oriamendi.eus\/es\/2025\/01\/25\/ansa-ii-sigue-de-dulce-y-supera-a-un-buen-barrenetxea-iv\/\"]}]},{\"@type\":\"BreadcrumbList\",\"@id\":\"https:\/\/oriamendi.eus\/es\/2025\/01\/25\/ansa-ii-sigue-de-dulce-y-supera-a-un-buen-barrenetxea-iv\/#breadcrumb\",\"itemListElement\":[{\"@type\":\"ListItem\",\"position\":1,\"name\":\"Portada\",\"item\":\"https:\/\/oriamendi.eus\/es\/\"},{\"@type\":\"ListItem\",\"position\":2,\"name\":\"Ansa II sigue de dulce y supera a un buen Barrenetxea IV\"}]},{\"@type\":\"WebSite\",\"@id\":\"https:\/\/oriamendi.eus\/es\/#website\",\"url\":\"https:\/\/oriamendi.eus\/es\/\",\"name\":\"Oriamendi\",\"description\":\"Remonte en Galarreta. Hernani. Gipuzkoa\",\"publisher\":{\"@id\":\"https:\/\/oriamendi.eus\/es\/#organization\"},\"potentialAction\":[{\"@type\":\"SearchAction\",\"target\":{\"@type\":\"EntryPoint\",\"urlTemplate\":\"https:\/\/oriamendi.eus\/es\/?s={search_term_string}\"},\"query-input\":\"required name=search_term_string\"}],\"inLanguage\":\"es\"},{\"@type\":\"Organization\",\"@id\":\"https:\/\/oriamendi.eus\/es\/#organization\",\"name\":\"Oriamendi\",\"url\":\"https:\/\/oriamendi.eus\/es\/\",\"logo\":{\"@type\":\"ImageObject\",\"inLanguage\":\"es\",\"@id\":\"https:\/\/oriamendi.eus\/es\/#\/schema\/logo\/image\/\",\"url\":\"https:\/\/oriamendi.eus\/wp-content\/uploads\/2020\/06\/logo-oriamendi.png\",\"contentUrl\":\"https:\/\/oriamendi.eus\/wp-content\/uploads\/2020\/06\/logo-oriamendi.png\",\"width\":300,\"height\":90,\"caption\":\"Oriamendi\"},\"image\":{\"@id\":\"https:\/\/oriamendi.eus\/es\/#\/schema\/logo\/image\/\"},\"sameAs\":[\"https:\/\/www.facebook.com\/oriamendi2010remonte\/\",\"https:\/\/twitter.com\/oriamendi2010\",\"https:\/\/www.instagram.com\/galarretajaialai\/\",\"https:\/\/www.youtube.com\/channel\/UC8gVNzQqB1iwnC-_rI-ihmA\/featured\"]},{\"@type\":\"Person\",\"@id\":\"https:\/\/oriamendi.eus\/es\/#\/schema\/person\/c0bd06c6c747674306a5c82563e2339a\",\"name\":\"I\u00f1igo Go\u00f1i\",\"image\":{\"@type\":\"ImageObject\",\"inLanguage\":\"es\",\"@id\":\"https:\/\/oriamendi.eus\/es\/#\/schema\/person\/image\/\",\"url\":\"https:\/\/secure.gravatar.com\/avatar\/fbb07ffc7b803bbfcc2b6419c06abd3a?s=96&d=mm&r=g\",\"contentUrl\":\"https:\/\/secure.gravatar.com\/avatar\/fbb07ffc7b803bbfcc2b6419c06abd3a?s=96&d=mm&r=g\",\"caption\":\"I\u00f1igo Go\u00f1i\"},\"url\":\"https:\/\/oriamendi.eus\/es\/author\/om-berriak\/\"}]}<\/script>\n<!-- \/ Yoast SEO plugin. -->","yoast_head_json":{"title":"Ansa II sigue de dulce y supera a un buen Barrenetxea IV | Oriamendi 2010","robots":{"index":"index","follow":"follow","max-snippet":"max-snippet:-1","max-image-preview":"max-image-preview:large","max-video-preview":"max-video-preview:-1"},"canonical":"https:\/\/oriamendi.eus\/es\/2025\/01\/25\/ansa-ii-sigue-de-dulce-y-supera-a-un-buen-barrenetxea-iv\/","og_locale":"es_ES","og_type":"article","og_title":"Ansa II sigue de dulce y supera a un buen Barrenetxea IV | Oriamendi 2010","og_description":"El de Urnieta se impone 30-21 y es el primer clasificado a la final del Masters Kutxabank Imanol Ansa se ha clasificado a la final del Masters Kutxabank despu\u00e9s de ganar 30-21 a Endika Barrenetxea en el segundo partido del Masters Kutxabank. El delantero urnietarra sigue de dulce y ha ganado los dos partidos de [&hellip;]","og_url":"https:\/\/oriamendi.eus\/es\/2025\/01\/25\/ansa-ii-sigue-de-dulce-y-supera-a-un-buen-barrenetxea-iv\/","og_site_name":"Oriamendi 2010","article_publisher":"https:\/\/www.facebook.com\/oriamendi2010remonte\/","article_published_time":"2025-01-25T18:50:48+00:00","article_modified_time":"2025-01-25T18:51:06+00:00","og_image":[{"width":1200,"height":800,"url":"https:\/\/oriamendi.eus\/wp-content\/uploads\/2024\/09\/IMG_20240921_171542_2000_x_1333_pixel.jpg","type":"image\/jpeg"}],"author":"I\u00f1igo Go\u00f1i","twitter_card":"summary_large_image","twitter_creator":"@oriamendi2010","twitter_site":"@oriamendi2010","twitter_misc":{"Escrito por":"I\u00f1igo Go\u00f1i","Tiempo de lectura":"3 minutos"},"schema":{"@context":"https:\/\/schema.org","@graph":[{"@type":"Article","@id":"https:\/\/oriamendi.eus\/es\/2025\/01\/25\/ansa-ii-sigue-de-dulce-y-supera-a-un-buen-barrenetxea-iv\/#article","isPartOf":{"@id":"https:\/\/oriamendi.eus\/es\/2025\/01\/25\/ansa-ii-sigue-de-dulce-y-supera-a-un-buen-barrenetxea-iv\/"},"author":{"name":"I\u00f1igo Go\u00f1i","@id":"https:\/\/oriamendi.eus\/es\/#\/schema\/person\/c0bd06c6c747674306a5c82563e2339a"},"headline":"Ansa II sigue de dulce y supera a un buen Barrenetxea IV","datePublished":"2025-01-25T18:50:48+00:00","dateModified":"2025-01-25T18:51:06+00:00","mainEntityOfPage":{"@id":"https:\/\/oriamendi.eus\/es\/2025\/01\/25\/ansa-ii-sigue-de-dulce-y-supera-a-un-buen-barrenetxea-iv\/"},"wordCount":474,"publisher":{"@id":"https:\/\/oriamendi.eus\/es\/#organization"},"articleSection":["Sin categorizar"],"inLanguage":"es"},{"@type":"WebPage","@id":"https:\/\/oriamendi.eus\/es\/2025\/01\/25\/ansa-ii-sigue-de-dulce-y-supera-a-un-buen-barrenetxea-iv\/","url":"https:\/\/oriamendi.eus\/es\/2025\/01\/25\/ansa-ii-sigue-de-dulce-y-supera-a-un-buen-barrenetxea-iv\/","name":"Ansa II sigue de dulce y supera a un buen Barrenetxea IV | Oriamendi 2010","isPartOf":{"@id":"https:\/\/oriamendi.eus\/es\/#website"},"datePublished":"2025-01-25T18:50:48+00:00","dateModified":"2025-01-25T18:51:06+00:00","breadcrumb":{"@id":"https:\/\/oriamendi.eus\/es\/2025\/01\/25\/ansa-ii-sigue-de-dulce-y-supera-a-un-buen-barrenetxea-iv\/#breadcrumb"},"inLanguage":"es","potentialAction":[{"@type":"ReadAction","target":["https:\/\/oriamendi.eus\/es\/2025\/01\/25\/ansa-ii-sigue-de-dulce-y-supera-a-un-buen-barrenetxea-iv\/"]}]},{"@type":"BreadcrumbList","@id":"https:\/\/oriamendi.eus\/es\/2025\/01\/25\/ansa-ii-sigue-de-dulce-y-supera-a-un-buen-barrenetxea-iv\/#breadcrumb","itemListElement":[{"@type":"ListItem","position":1,"name":"Portada","item":"https:\/\/oriamendi.eus\/es\/"},{"@type":"ListItem","position":2,"name":"Ansa II sigue de dulce y supera a un buen Barrenetxea IV"}]},{"@type":"WebSite","@id":"https:\/\/oriamendi.eus\/es\/#website","url":"https:\/\/oriamendi.eus\/es\/","name":"Oriamendi","description":"Remonte en Galarreta. Hernani. Gipuzkoa","publisher":{"@id":"https:\/\/oriamendi.eus\/es\/#organization"},"potentialAction":[{"@type":"SearchAction","target":{"@type":"EntryPoint","urlTemplate":"https:\/\/oriamendi.eus\/es\/?s={search_term_string}"},"query-input":"required name=search_term_string"}],"inLanguage":"es"},{"@type":"Organization","@id":"https:\/\/oriamendi.eus\/es\/#organization","name":"Oriamendi","url":"https:\/\/oriamendi.eus\/es\/","logo":{"@type":"ImageObject","inLanguage":"es","@id":"https:\/\/oriamendi.eus\/es\/#\/schema\/logo\/image\/","url":"https:\/\/oriamendi.eus\/wp-content\/uploads\/2020\/06\/logo-oriamendi.png","contentUrl":"https:\/\/oriamendi.eus\/wp-content\/uploads\/2020\/06\/logo-oriamendi.png","width":300,"height":90,"caption":"Oriamendi"},"image":{"@id":"https:\/\/oriamendi.eus\/es\/#\/schema\/logo\/image\/"},"sameAs":["https:\/\/www.facebook.com\/oriamendi2010remonte\/","https:\/\/twitter.com\/oriamendi2010","https:\/\/www.instagram.com\/galarretajaialai\/","https:\/\/www.youtube.com\/channel\/UC8gVNzQqB1iwnC-_rI-ihmA\/featured"]},{"@type":"Person","@id":"https:\/\/oriamendi.eus\/es\/#\/schema\/person\/c0bd06c6c747674306a5c82563e2339a","name":"I\u00f1igo Go\u00f1i","image":{"@type":"ImageObject","inLanguage":"es","@id":"https:\/\/oriamendi.eus\/es\/#\/schema\/person\/image\/","url":"https:\/\/secure.gravatar.com\/avatar\/fbb07ffc7b803bbfcc2b6419c06abd3a?s=96&d=mm&r=g","contentUrl":"https:\/\/secure.gravatar.com\/avatar\/fbb07ffc7b803bbfcc2b6419c06abd3a?s=96&d=mm&r=g","caption":"I\u00f1igo Go\u00f1i"},"url":"https:\/\/oriamendi.eus\/es\/author\/om-berriak\/"}]}},"_links":{"self":[{"href":"https:\/\/oriamendi.eus\/es\/wp-json\/wp\/v2\/posts\/8600"}],"collection":[{"href":"https:\/\/oriamendi.eus\/es\/wp-json\/wp\/v2\/posts"}],"about":[{"href":"https:\/\/oriamendi.eus\/es\/wp-json\/wp\/v2\/types\/post"}],"author":[{"embeddable":true,"href":"https:\/\/oriamendi.eus\/es\/wp-json\/wp\/v2\/users\/5"}],"replies":[{"embeddable":true,"href":"https:\/\/oriamendi.eus\/es\/wp-json\/wp\/v2\/comments?post=8600"}],"version-history":[{"count":2,"href":"https:\/\/oriamendi.eus\/es\/wp-json\/wp\/v2\/posts\/8600\/revisions"}],"predecessor-version":[{"id":8602,"href":"https:\/\/oriamendi.eus\/es\/wp-json\/wp\/v2\/posts\/8600\/revisions\/8602"}],"wp:featuredmedia":[{"embeddable":true,"href":"https:\/\/oriamendi.eus\/es\/wp-json\/wp\/v2\/media\/8337"}],"wp:attachment":[{"href":"https:\/\/oriamendi.eus\/es\/wp-json\/wp\/v2\/media?parent=8600"}],"wp:term":[{"taxonomy":"category","embeddable":true,"href":"https:\/\/oriamendi.eus\/es\/wp-json\/wp\/v2\/categories?post=8600"},{"taxonomy":"post_tag","embeddable":true,"href":"https:\/\/oriamendi.eus\/es\/wp-json\/wp\/v2\/tags?post=8600"}],"curies":[{"name":"wp","href":"https:\/\/api.w.org\/{rel}","templated":true}]}}