                                        
                                        
                                        
                                        
                                        
                                        
                                        
                                        
                                        
                                        
                                        
                                        
                                        
                                        
                                        
                                        
                                        
                                        
{"id":8550,"date":"2025-01-22T10:56:04","date_gmt":"2025-01-22T09:56:04","guid":{"rendered":"https:\/\/oriamendi.eus\/?p=8550"},"modified":"2025-01-22T10:58:45","modified_gmt":"2025-01-22T09:58:45","slug":"javier-urriza-convoca-una-rueda-de-prensa-para-anunciar-una-decision-clave-en-su-carrera-profesional","status":"publish","type":"post","link":"https:\/\/oriamendi.eus\/es\/2025\/01\/22\/javier-urriza-convoca-una-rueda-de-prensa-para-anunciar-una-decision-clave-en-su-carrera-profesional\/","title":{"rendered":"Javier Urriza convoca una rueda de prensa para anunciar una decisi\u00f3n clave en su carrera profesional"},"content":{"rendered":"<p style=\"font-weight: 400\">Javier Urriza, una de las figuras m\u00e1s destacadas de la historia del remonte, convoca a los medios de comunicaci\u00f3n del Pa\u00eds Vasco y Navarra a una rueda de prensa que se celebrar\u00e1 el pr\u00f3ximo <strong>lunes, 27 de enero de 2025, a las 11:00 horas<\/strong>, en las oficinas de <strong>Diario Vasco<\/strong>, situadas en <strong>Miram\u00f3n, Donostia-San Sebasti\u00e1n<\/strong>.<\/p>\n<p style=\"font-weight: 400\">En esta ocasi\u00f3n, Javier Urriza abordar\u00e1 una de las decisiones m\u00e1s significativas y relevantes de su trayectoria profesional, marcando un momento crucial en su carrera. Este anuncio, que promete generar gran inter\u00e9s entre aficionados y expertos del remonte, se realiza en un contexto de reflexi\u00f3n y valoraci\u00f3n personal que pone de manifiesto la trascendencia de su decisi\u00f3n.<\/p>\n<p style=\"font-weight: 400\">Para garantizar una correcta organizaci\u00f3n del espacio y de la log\u00edstica, <strong><span data-ogsc=\"red\">es imprescindible que las personas interesadas soliciten previamente su acreditaci\u00f3n<\/span><\/strong><span data-ogsc=\"red\"> <strong>o comuniquen su asistencia con antelaci\u00f3n al contacto indicado m\u00e1s abajo.<\/strong><\/span><\/p>\n<p style=\"font-weight: 400\">Adem\u00e1s, queremos recordar que la sesi\u00f3n fotogr\u00e1fica <strong>no se podr\u00e1 realizar hasta que finalice la rueda de prensa<\/strong>, prevista para las <strong>11:30 horas aproximadamente<\/strong>. Hasta entonces, los fot\u00f3grafos deber\u00e1n respetar el desarrollo del evento y no interrumpir con capturas durante la presentaci\u00f3n.<\/p>\n<p style=\"font-weight: 400\"><strong>Asistentes destacados:<\/strong> Aparte de Javier Urriza, tambi\u00e9n asistir\u00e1n varios jugadores emblem\u00e1ticos del remonte como Koteto Ezkurra e I\u00f1aki Lizaso, figuras actuales de la modalidad como Iban Larra\u00f1aga y Endika Barrenetxea, familiares de Javier Urriza y personas clave que han contribuido a su carrera deportiva, como botilleros, f\u00edsicos y entrenadores. Este acto contar\u00e1 con una representaci\u00f3n significativa de quienes han acompa\u00f1ado a Javier a lo largo de su brillante trayectoria.<\/p>\n<p style=\"font-weight: 400\"><strong>Para quienes no puedan asistir presencialmente:<\/strong> Entendemos que algunos medios puedan tener dificultades para desplazarse. Por ello, la rueda de prensa ser\u00e1 transmitida en directo a trav\u00e9s del canal de YouTube <strong>Oriamendi Erremontea<\/strong>, garantizando que todos los medios interesados puedan acceder a la informaci\u00f3n en tiempo real.<\/p>\n<p style=\"font-weight: 400\"><strong>Datos del evento:<\/strong><\/p>\n<ul style=\"font-weight: 400\">\n<li><strong>Qu\u00e9:<\/strong> Rueda de prensa de Javier Urriza<\/li>\n<li><strong>Cu\u00e1ndo:<\/strong> Lunes, 27 de enero de 2025, 11:00 horas<\/li>\n<li><strong>D\u00f3nde:<\/strong> Oficinas de Diario Vasco, Miram\u00f3n, Donostia-San Sebasti\u00e1n<\/li>\n<\/ul>\n<p style=\"font-weight: 400\"><strong>Para m\u00e1s informaci\u00f3n y confirmaci\u00f3n de asistencia:<\/strong><\/p>\n<ul style=\"font-weight: 400\">\n<li><strong>Xabier Gonz\u00e1lez (Gerente de Oriamendi)<\/strong> \u2013 687 393 245 \u2013 <a href=\"mailto:info@oriamendi.eus\" data-ogsc=\"\" data-outlook-id=\"7711fb5d-5c95-4df3-8136-3e7e00b3ed27\">info@oriamendi.eus<\/a><\/li>\n<\/ul>\n<p style=\"font-weight: 400\">\n","protected":false},"excerpt":{"rendered":"<p>Javier Urriza, una de las figuras m\u00e1s destacadas de la historia del remonte, convoca a los medios de comunicaci\u00f3n del Pa\u00eds Vasco y Navarra a una rueda de prensa que se celebrar\u00e1 el pr\u00f3ximo lunes, 27 de enero de 2025, a las 11:00 horas, en las oficinas de Diario Vasco, situadas en Miram\u00f3n, Donostia-San Sebasti\u00e1n. [&hellip;]<\/p>\n","protected":false},"author":3,"featured_media":8548,"comment_status":"closed","ping_status":"open","sticky":false,"template":"","format":"standard","meta":{"_et_pb_use_builder":"","_et_pb_old_content":"","_et_gb_content_width":"","footnotes":""},"categories":[1],"tags":[],"yoast_head":"<!-- This site is optimized with the Yoast SEO plugin v21.8 - https:\/\/yoast.com\/wordpress\/plugins\/seo\/ -->\n<title>Javier Urriza convoca una rueda de prensa para anunciar una decisi\u00f3n clave en su carrera profesional | Oriamendi 2010<\/title>\n<meta name=\"robots\" content=\"index, follow, max-snippet:-1, max-image-preview:large, max-video-preview:-1\" \/>\n<link rel=\"canonical\" href=\"https:\/\/oriamendi.eus\/es\/2025\/01\/22\/javier-urriza-convoca-una-rueda-de-prensa-para-anunciar-una-decision-clave-en-su-carrera-profesional\/\" \/>\n<meta property=\"og:locale\" content=\"es_ES\" \/>\n<meta property=\"og:type\" content=\"article\" \/>\n<meta property=\"og:title\" content=\"Javier Urriza convoca una rueda de prensa para anunciar una decisi\u00f3n clave en su carrera profesional | Oriamendi 2010\" \/>\n<meta property=\"og:description\" content=\"Javier Urriza, una de las figuras m\u00e1s destacadas de la historia del remonte, convoca a los medios de comunicaci\u00f3n del Pa\u00eds Vasco y Navarra a una rueda de prensa que se celebrar\u00e1 el pr\u00f3ximo lunes, 27 de enero de 2025, a las 11:00 horas, en las oficinas de Diario Vasco, situadas en Miram\u00f3n, Donostia-San Sebasti\u00e1n. [&hellip;]\" \/>\n<meta property=\"og:url\" content=\"https:\/\/oriamendi.eus\/es\/2025\/01\/22\/javier-urriza-convoca-una-rueda-de-prensa-para-anunciar-una-decision-clave-en-su-carrera-profesional\/\" \/>\n<meta property=\"og:site_name\" content=\"Oriamendi 2010\" \/>\n<meta property=\"article:publisher\" content=\"https:\/\/www.facebook.com\/oriamendi2010remonte\/\" \/>\n<meta property=\"article:published_time\" content=\"2025-01-22T09:56:04+00:00\" \/>\n<meta property=\"article:modified_time\" content=\"2025-01-22T09:58:45+00:00\" \/>\n<meta property=\"og:image\" content=\"https:\/\/oriamendi.eus\/wp-content\/uploads\/2025\/01\/Hori_Ausnarketa.jpg\" \/>\n\t<meta property=\"og:image:width\" content=\"1200\" \/>\n\t<meta property=\"og:image:height\" content=\"675\" \/>\n\t<meta property=\"og:image:type\" content=\"image\/jpeg\" \/>\n<meta name=\"author\" content=\"Endika Barrenetxea\" \/>\n<meta name=\"twitter:card\" content=\"summary_large_image\" \/>\n<meta name=\"twitter:creator\" content=\"@oriamendi2010\" \/>\n<meta name=\"twitter:site\" content=\"@oriamendi2010\" \/>\n<meta name=\"twitter:label1\" content=\"Escrito por\" \/>\n\t<meta name=\"twitter:data1\" content=\"Endika Barrenetxea\" \/>\n\t<meta name=\"twitter:label2\" content=\"Tiempo de lectura\" \/>\n\t<meta name=\"twitter:data2\" content=\"2 minutos\" \/>\n<script type=\"application\/ld+json\" class=\"yoast-schema-graph\">{\"@context\":\"https:\/\/schema.org\",\"@graph\":[{\"@type\":\"Article\",\"@id\":\"https:\/\/oriamendi.eus\/es\/2025\/01\/22\/javier-urriza-convoca-una-rueda-de-prensa-para-anunciar-una-decision-clave-en-su-carrera-profesional\/#article\",\"isPartOf\":{\"@id\":\"https:\/\/oriamendi.eus\/es\/2025\/01\/22\/javier-urriza-convoca-una-rueda-de-prensa-para-anunciar-una-decision-clave-en-su-carrera-profesional\/\"},\"author\":{\"name\":\"Endika Barrenetxea\",\"@id\":\"https:\/\/oriamendi.eus\/es\/#\/schema\/person\/d50c13df7440d84706fe7d03941cc92f\"},\"headline\":\"Javier Urriza convoca una rueda de prensa para anunciar una decisi\u00f3n clave en su carrera profesional\",\"datePublished\":\"2025-01-22T09:56:04+00:00\",\"dateModified\":\"2025-01-22T09:58:45+00:00\",\"mainEntityOfPage\":{\"@id\":\"https:\/\/oriamendi.eus\/es\/2025\/01\/22\/javier-urriza-convoca-una-rueda-de-prensa-para-anunciar-una-decision-clave-en-su-carrera-profesional\/\"},\"wordCount\":395,\"publisher\":{\"@id\":\"https:\/\/oriamendi.eus\/es\/#organization\"},\"articleSection\":[\"Sin categorizar\"],\"inLanguage\":\"es\"},{\"@type\":\"WebPage\",\"@id\":\"https:\/\/oriamendi.eus\/es\/2025\/01\/22\/javier-urriza-convoca-una-rueda-de-prensa-para-anunciar-una-decision-clave-en-su-carrera-profesional\/\",\"url\":\"https:\/\/oriamendi.eus\/es\/2025\/01\/22\/javier-urriza-convoca-una-rueda-de-prensa-para-anunciar-una-decision-clave-en-su-carrera-profesional\/\",\"name\":\"Javier Urriza convoca una rueda de prensa para anunciar una decisi\u00f3n clave en su carrera profesional | Oriamendi 2010\",\"isPartOf\":{\"@id\":\"https:\/\/oriamendi.eus\/es\/#website\"},\"datePublished\":\"2025-01-22T09:56:04+00:00\",\"dateModified\":\"2025-01-22T09:58:45+00:00\",\"breadcrumb\":{\"@id\":\"https:\/\/oriamendi.eus\/es\/2025\/01\/22\/javier-urriza-convoca-una-rueda-de-prensa-para-anunciar-una-decision-clave-en-su-carrera-profesional\/#breadcrumb\"},\"inLanguage\":\"es\",\"potentialAction\":[{\"@type\":\"ReadAction\",\"target\":[\"https:\/\/oriamendi.eus\/es\/2025\/01\/22\/javier-urriza-convoca-una-rueda-de-prensa-para-anunciar-una-decision-clave-en-su-carrera-profesional\/\"]}]},{\"@type\":\"BreadcrumbList\",\"@id\":\"https:\/\/oriamendi.eus\/es\/2025\/01\/22\/javier-urriza-convoca-una-rueda-de-prensa-para-anunciar-una-decision-clave-en-su-carrera-profesional\/#breadcrumb\",\"itemListElement\":[{\"@type\":\"ListItem\",\"position\":1,\"name\":\"Portada\",\"item\":\"https:\/\/oriamendi.eus\/es\/\"},{\"@type\":\"ListItem\",\"position\":2,\"name\":\"Javier Urriza convoca una rueda de prensa para anunciar una decisi\u00f3n clave en su carrera profesional\"}]},{\"@type\":\"WebSite\",\"@id\":\"https:\/\/oriamendi.eus\/es\/#website\",\"url\":\"https:\/\/oriamendi.eus\/es\/\",\"name\":\"Oriamendi\",\"description\":\"Remonte en Galarreta. Hernani. Gipuzkoa\",\"publisher\":{\"@id\":\"https:\/\/oriamendi.eus\/es\/#organization\"},\"potentialAction\":[{\"@type\":\"SearchAction\",\"target\":{\"@type\":\"EntryPoint\",\"urlTemplate\":\"https:\/\/oriamendi.eus\/es\/?s={search_term_string}\"},\"query-input\":\"required name=search_term_string\"}],\"inLanguage\":\"es\"},{\"@type\":\"Organization\",\"@id\":\"https:\/\/oriamendi.eus\/es\/#organization\",\"name\":\"Oriamendi\",\"url\":\"https:\/\/oriamendi.eus\/es\/\",\"logo\":{\"@type\":\"ImageObject\",\"inLanguage\":\"es\",\"@id\":\"https:\/\/oriamendi.eus\/es\/#\/schema\/logo\/image\/\",\"url\":\"https:\/\/oriamendi.eus\/wp-content\/uploads\/2020\/06\/logo-oriamendi.png\",\"contentUrl\":\"https:\/\/oriamendi.eus\/wp-content\/uploads\/2020\/06\/logo-oriamendi.png\",\"width\":300,\"height\":90,\"caption\":\"Oriamendi\"},\"image\":{\"@id\":\"https:\/\/oriamendi.eus\/es\/#\/schema\/logo\/image\/\"},\"sameAs\":[\"https:\/\/www.facebook.com\/oriamendi2010remonte\/\",\"https:\/\/twitter.com\/oriamendi2010\",\"https:\/\/www.instagram.com\/galarretajaialai\/\",\"https:\/\/www.youtube.com\/channel\/UC8gVNzQqB1iwnC-_rI-ihmA\/featured\"]},{\"@type\":\"Person\",\"@id\":\"https:\/\/oriamendi.eus\/es\/#\/schema\/person\/d50c13df7440d84706fe7d03941cc92f\",\"name\":\"Endika Barrenetxea\",\"image\":{\"@type\":\"ImageObject\",\"inLanguage\":\"es\",\"@id\":\"https:\/\/oriamendi.eus\/es\/#\/schema\/person\/image\/\",\"url\":\"https:\/\/secure.gravatar.com\/avatar\/26a16205d858e579d56d8adc8addd712?s=96&d=mm&r=g\",\"contentUrl\":\"https:\/\/secure.gravatar.com\/avatar\/26a16205d858e579d56d8adc8addd712?s=96&d=mm&r=g\",\"caption\":\"Endika Barrenetxea\"},\"url\":\"https:\/\/oriamendi.eus\/es\/author\/om-kudeaketa\/\"}]}<\/script>\n<!-- \/ Yoast SEO plugin. -->","yoast_head_json":{"title":"Javier Urriza convoca una rueda de prensa para anunciar una decisi\u00f3n clave en su carrera profesional | Oriamendi 2010","robots":{"index":"index","follow":"follow","max-snippet":"max-snippet:-1","max-image-preview":"max-image-preview:large","max-video-preview":"max-video-preview:-1"},"canonical":"https:\/\/oriamendi.eus\/es\/2025\/01\/22\/javier-urriza-convoca-una-rueda-de-prensa-para-anunciar-una-decision-clave-en-su-carrera-profesional\/","og_locale":"es_ES","og_type":"article","og_title":"Javier Urriza convoca una rueda de prensa para anunciar una decisi\u00f3n clave en su carrera profesional | Oriamendi 2010","og_description":"Javier Urriza, una de las figuras m\u00e1s destacadas de la historia del remonte, convoca a los medios de comunicaci\u00f3n del Pa\u00eds Vasco y Navarra a una rueda de prensa que se celebrar\u00e1 el pr\u00f3ximo lunes, 27 de enero de 2025, a las 11:00 horas, en las oficinas de Diario Vasco, situadas en Miram\u00f3n, Donostia-San Sebasti\u00e1n. [&hellip;]","og_url":"https:\/\/oriamendi.eus\/es\/2025\/01\/22\/javier-urriza-convoca-una-rueda-de-prensa-para-anunciar-una-decision-clave-en-su-carrera-profesional\/","og_site_name":"Oriamendi 2010","article_publisher":"https:\/\/www.facebook.com\/oriamendi2010remonte\/","article_published_time":"2025-01-22T09:56:04+00:00","article_modified_time":"2025-01-22T09:58:45+00:00","og_image":[{"width":1200,"height":675,"url":"https:\/\/oriamendi.eus\/wp-content\/uploads\/2025\/01\/Hori_Ausnarketa.jpg","type":"image\/jpeg"}],"author":"Endika Barrenetxea","twitter_card":"summary_large_image","twitter_creator":"@oriamendi2010","twitter_site":"@oriamendi2010","twitter_misc":{"Escrito por":"Endika Barrenetxea","Tiempo de lectura":"2 minutos"},"schema":{"@context":"https:\/\/schema.org","@graph":[{"@type":"Article","@id":"https:\/\/oriamendi.eus\/es\/2025\/01\/22\/javier-urriza-convoca-una-rueda-de-prensa-para-anunciar-una-decision-clave-en-su-carrera-profesional\/#article","isPartOf":{"@id":"https:\/\/oriamendi.eus\/es\/2025\/01\/22\/javier-urriza-convoca-una-rueda-de-prensa-para-anunciar-una-decision-clave-en-su-carrera-profesional\/"},"author":{"name":"Endika Barrenetxea","@id":"https:\/\/oriamendi.eus\/es\/#\/schema\/person\/d50c13df7440d84706fe7d03941cc92f"},"headline":"Javier Urriza convoca una rueda de prensa para anunciar una decisi\u00f3n clave en su carrera profesional","datePublished":"2025-01-22T09:56:04+00:00","dateModified":"2025-01-22T09:58:45+00:00","mainEntityOfPage":{"@id":"https:\/\/oriamendi.eus\/es\/2025\/01\/22\/javier-urriza-convoca-una-rueda-de-prensa-para-anunciar-una-decision-clave-en-su-carrera-profesional\/"},"wordCount":395,"publisher":{"@id":"https:\/\/oriamendi.eus\/es\/#organization"},"articleSection":["Sin categorizar"],"inLanguage":"es"},{"@type":"WebPage","@id":"https:\/\/oriamendi.eus\/es\/2025\/01\/22\/javier-urriza-convoca-una-rueda-de-prensa-para-anunciar-una-decision-clave-en-su-carrera-profesional\/","url":"https:\/\/oriamendi.eus\/es\/2025\/01\/22\/javier-urriza-convoca-una-rueda-de-prensa-para-anunciar-una-decision-clave-en-su-carrera-profesional\/","name":"Javier Urriza convoca una rueda de prensa para anunciar una decisi\u00f3n clave en su carrera profesional | Oriamendi 2010","isPartOf":{"@id":"https:\/\/oriamendi.eus\/es\/#website"},"datePublished":"2025-01-22T09:56:04+00:00","dateModified":"2025-01-22T09:58:45+00:00","breadcrumb":{"@id":"https:\/\/oriamendi.eus\/es\/2025\/01\/22\/javier-urriza-convoca-una-rueda-de-prensa-para-anunciar-una-decision-clave-en-su-carrera-profesional\/#breadcrumb"},"inLanguage":"es","potentialAction":[{"@type":"ReadAction","target":["https:\/\/oriamendi.eus\/es\/2025\/01\/22\/javier-urriza-convoca-una-rueda-de-prensa-para-anunciar-una-decision-clave-en-su-carrera-profesional\/"]}]},{"@type":"BreadcrumbList","@id":"https:\/\/oriamendi.eus\/es\/2025\/01\/22\/javier-urriza-convoca-una-rueda-de-prensa-para-anunciar-una-decision-clave-en-su-carrera-profesional\/#breadcrumb","itemListElement":[{"@type":"ListItem","position":1,"name":"Portada","item":"https:\/\/oriamendi.eus\/es\/"},{"@type":"ListItem","position":2,"name":"Javier Urriza convoca una rueda de prensa para anunciar una decisi\u00f3n clave en su carrera profesional"}]},{"@type":"WebSite","@id":"https:\/\/oriamendi.eus\/es\/#website","url":"https:\/\/oriamendi.eus\/es\/","name":"Oriamendi","description":"Remonte en Galarreta. Hernani. Gipuzkoa","publisher":{"@id":"https:\/\/oriamendi.eus\/es\/#organization"},"potentialAction":[{"@type":"SearchAction","target":{"@type":"EntryPoint","urlTemplate":"https:\/\/oriamendi.eus\/es\/?s={search_term_string}"},"query-input":"required name=search_term_string"}],"inLanguage":"es"},{"@type":"Organization","@id":"https:\/\/oriamendi.eus\/es\/#organization","name":"Oriamendi","url":"https:\/\/oriamendi.eus\/es\/","logo":{"@type":"ImageObject","inLanguage":"es","@id":"https:\/\/oriamendi.eus\/es\/#\/schema\/logo\/image\/","url":"https:\/\/oriamendi.eus\/wp-content\/uploads\/2020\/06\/logo-oriamendi.png","contentUrl":"https:\/\/oriamendi.eus\/wp-content\/uploads\/2020\/06\/logo-oriamendi.png","width":300,"height":90,"caption":"Oriamendi"},"image":{"@id":"https:\/\/oriamendi.eus\/es\/#\/schema\/logo\/image\/"},"sameAs":["https:\/\/www.facebook.com\/oriamendi2010remonte\/","https:\/\/twitter.com\/oriamendi2010","https:\/\/www.instagram.com\/galarretajaialai\/","https:\/\/www.youtube.com\/channel\/UC8gVNzQqB1iwnC-_rI-ihmA\/featured"]},{"@type":"Person","@id":"https:\/\/oriamendi.eus\/es\/#\/schema\/person\/d50c13df7440d84706fe7d03941cc92f","name":"Endika Barrenetxea","image":{"@type":"ImageObject","inLanguage":"es","@id":"https:\/\/oriamendi.eus\/es\/#\/schema\/person\/image\/","url":"https:\/\/secure.gravatar.com\/avatar\/26a16205d858e579d56d8adc8addd712?s=96&d=mm&r=g","contentUrl":"https:\/\/secure.gravatar.com\/avatar\/26a16205d858e579d56d8adc8addd712?s=96&d=mm&r=g","caption":"Endika Barrenetxea"},"url":"https:\/\/oriamendi.eus\/es\/author\/om-kudeaketa\/"}]}},"_links":{"self":[{"href":"https:\/\/oriamendi.eus\/es\/wp-json\/wp\/v2\/posts\/8550"}],"collection":[{"href":"https:\/\/oriamendi.eus\/es\/wp-json\/wp\/v2\/posts"}],"about":[{"href":"https:\/\/oriamendi.eus\/es\/wp-json\/wp\/v2\/types\/post"}],"author":[{"embeddable":true,"href":"https:\/\/oriamendi.eus\/es\/wp-json\/wp\/v2\/users\/3"}],"replies":[{"embeddable":true,"href":"https:\/\/oriamendi.eus\/es\/wp-json\/wp\/v2\/comments?post=8550"}],"version-history":[{"count":2,"href":"https:\/\/oriamendi.eus\/es\/wp-json\/wp\/v2\/posts\/8550\/revisions"}],"predecessor-version":[{"id":8552,"href":"https:\/\/oriamendi.eus\/es\/wp-json\/wp\/v2\/posts\/8550\/revisions\/8552"}],"wp:featuredmedia":[{"embeddable":true,"href":"https:\/\/oriamendi.eus\/es\/wp-json\/wp\/v2\/media\/8548"}],"wp:attachment":[{"href":"https:\/\/oriamendi.eus\/es\/wp-json\/wp\/v2\/media?parent=8550"}],"wp:term":[{"taxonomy":"category","embeddable":true,"href":"https:\/\/oriamendi.eus\/es\/wp-json\/wp\/v2\/categories?post=8550"},{"taxonomy":"post_tag","embeddable":true,"href":"https:\/\/oriamendi.eus\/es\/wp-json\/wp\/v2\/tags?post=8550"}],"curies":[{"name":"wp","href":"https:\/\/api.w.org\/{rel}","templated":true}]}}