                                        
                                        
                                        
                                        
                                        
                                        
                                        
                                        
                                        
                                        
                                        
                                        
                                        
                                        
                                        
                                        
                                        
                                        
{"id":8525,"date":"2025-01-09T18:22:47","date_gmt":"2025-01-09T17:22:47","guid":{"rendered":"https:\/\/oriamendi.eus\/?p=8525"},"modified":"2025-01-09T18:22:47","modified_gmt":"2025-01-09T17:22:47","slug":"debutar-junto-a-mi-hermano-va-a-ser-especial-para-mi-y-mi-familia","status":"publish","type":"post","link":"https:\/\/oriamendi.eus\/es\/2025\/01\/09\/debutar-junto-a-mi-hermano-va-a-ser-especial-para-mi-y-mi-familia\/","title":{"rendered":"Debutar junto a mi hermano va a ser especial para m\u00ed y mi familia"},"content":{"rendered":"<p>Paulo Aiestaran Trevijano &#8216;Aiestaran VII (24 a\u00f1os, Hernani) debutar\u00e1 como profesional el s\u00e1bado, a partir de las 16:30 horas, formando pareja acompa\u00f1ado de su hermano Aitor. Los rivales ser\u00e1n Gurrutxaga y Eskudero.<\/p>\n<p><strong>Ser\u00e1 un d\u00eda especial para ti el del s\u00e1bado. \u00bfC\u00f3mo te encuentras?<\/strong><\/p>\n<p>De momento estoy tranquilo. S\u00e9 que al salir a la cancha me voy a poner nervioso, pero al menos las semanas anteriores han sido tranquilas. Tengo claro que tengo que seguir entrenando y trabajando. Pasado ma\u00f1ana cumplir\u00e9 un objetivo, pero es s\u00f3lo el principio. Con ese pensamiento cojo el debut y estoy con muchas ganas de seguir trabajando.<\/p>\n<p><strong>\u00bfCu\u00e1ndo supo que iba a debutar?<\/strong><\/p>\n<p>Todo fue r\u00e1pido. Hace tres o cuatro semanas me dijeron que iba a debutar. Llevo algo menos de un a\u00f1o entrenando serio y, aunque ha sido r\u00e1pido, recib\u00ed la noticia con muchas ganas. Es un paso importante en el camino.<\/p>\n<p><strong>Lleva pocos meses entrenando, pero \u00bfdesde cu\u00e1ndo le viene la afici\u00f3n?<\/strong><\/p>\n<p>De peque\u00f1os \u00edbamos muchas veces a Galarreta. \u00abHemos conocido el front\u00f3n desde ni\u00f1os, he estado jugando a mano y a cesta, y esa relaci\u00f3n la tenemos desde hace tiempo. Mi hermano (Aiestaran VI) tambi\u00e9n debut\u00f3 hace dos a\u00f1os y yo iba con \u00e9l de vez en cuando a dar unos pelotazos. Hasta ahora he jugado al f\u00fatbol, pero decid\u00ed que era el momento de cerrar esa etapa. Estaba con ganas de probar algo m\u00e1s y por eso decid\u00ed dedicarme m\u00e1s en serio a los entrenamientos de remonte.<\/p>\n<p><strong>\u00bfQu\u00e9 es lo que m\u00e1s le ha sorprendido?<\/strong><\/p>\n<p>La velocidad. En comparaci\u00f3n con los otros deportes del front\u00f3n, el remonte es mucho m\u00e1s r\u00e1pido. Desde fuera se ve eso, pero cuando est\u00e1s dentro hace m\u00e1s impresi\u00f3n. Cuando est\u00e1s pegado a la pared izquierda realmente ves el peligro que tienen esas pelotas. La pelota llega muy r\u00e1pido, y si no la devuelves r\u00e1pido, el siguiente la devolver\u00e1 m\u00e1s r\u00e1pido.<\/p>\n<p><strong>\u00bfCu\u00e1les son sus cualidades?<\/strong><\/p>\n<p>Como la mayor\u00eda de los novatos que venimos de la pelota, me desenvuelvo m\u00e1s f\u00e1cilmente en las posici\u00f3n de abajo. La de arriba exigen m\u00e1s, y esas pelotas de pared izquierda tambi\u00e9n cuestan. Todav\u00eda estoy completando las caracter\u00edsticas, porque para mejorar ciertas jugadas se necesitan a\u00f1os. De momento, de abajo me sale bastante r\u00e1pido la pelota de la cesta.<\/p>\n<p><strong>Desde ni\u00f1o has tenido la oportunidad de ver a muchos remontistas. \u00bfQui\u00e9n ha sido su referente?<\/strong><\/p>\n<p>Siempre me he fijado en los delanteros. Mis primeros recuerdos son de Koteto y Zeberio, pero ah\u00ed todav\u00eda era muy ni\u00f1o. Luego Urriza ha sido mi referente. He ido muchas veces a Galarreta a ver sus partidos, esa ilusi\u00f3n siempre la he mantenido. Me parece que ha hecho un recorrido incre\u00edble y me da pena ver que est\u00e1 a punto de terminar. Ha sido un gran referente para m\u00ed. No he tenido la oportunidad de coincidir con \u00e9l en la cancha, pero el hecho de que se haya juntado en el vestuario ya es mucho.<\/p>\n<p><strong>\u00bfCon qui\u00e9n ha estado entrenando estos meses?<\/strong><\/p>\n<p>La mayor\u00eda de las veces he entrenado con Apezetxea, Susperregi o mi hermano. Es decir, con remontistas que juegan en segunda.<\/p>\n<p><strong>Has mencionado un par de veces a tu hermano. Formar\u00e1s pareja con \u00e9l. Ser\u00e1 bonito, \u00bfverdad?<\/strong><\/p>\n<p>Ser\u00e1 especial. He recorrido el camino hasta ahora a su lado. Despu\u00e9s de la final de Parejas de 2023 decid\u00ed yo empezar m\u00e1s en serio, y empezamos a entrenar juntos. Formar pareja en el debut va a ser muy bonito para nosotros y para la familia.<\/p>\n<p><strong>\u00bfSobre el partido, qu\u00e9? \u00bfCon ganas de ganar?<\/strong><\/p>\n<p>Me gustar\u00eda hacer un partido bonito. Es verdad que una vez comenzados todos queremos ganar, pero en principio se trata de disfrutar. D\u00edas as\u00ed, por nervios, pueden ser de sufrir. Yo quiero ir tranquilo, mostrar el trabajo realizado en los entrenamientos, y disfrutar. No es un partido de campeonato, eso tambi\u00e9n facilitar\u00e1 el disfrute.<\/p>\n<p><strong>Mover\u00e1s a un poco de gente de la zona&#8230;<\/strong><\/p>\n<p>S\u00ed, vendr\u00e1n algunos. Eso tambi\u00e9n me genera un poco de tensi\u00f3n, llevo ya bastantes a\u00f1os sin competir en el front\u00f3n, y eso lo voy a notar. Sin embargo, intentaremos poner ese impulso de nuestra parte. Nos ayudar\u00e1.<\/p>\n<p><strong>\u00bfCu\u00e1l es su objetivo a partir de ahora?<\/strong><\/p>\n<p>Me parece que cada uno busco su m\u00e1ximo nivel<\/p>\n","protected":false},"excerpt":{"rendered":"<p>Paulo Aiestaran Trevijano &#8216;Aiestaran VII (24 a\u00f1os, Hernani) debutar\u00e1 como profesional el s\u00e1bado, a partir de las 16:30 horas, formando pareja acompa\u00f1ado de su hermano Aitor. Los rivales ser\u00e1n Gurrutxaga y Eskudero. Ser\u00e1 un d\u00eda especial para ti el del s\u00e1bado. \u00bfC\u00f3mo te encuentras? De momento estoy tranquilo. S\u00e9 que al salir a la cancha [&hellip;]<\/p>\n","protected":false},"author":5,"featured_media":8507,"comment_status":"closed","ping_status":"open","sticky":false,"template":"","format":"standard","meta":{"_et_pb_use_builder":"","_et_pb_old_content":"","_et_gb_content_width":"","footnotes":""},"categories":[1],"tags":[],"yoast_head":"<!-- This site is optimized with the Yoast SEO plugin v21.8 - https:\/\/yoast.com\/wordpress\/plugins\/seo\/ -->\n<title>Debutar junto a mi hermano va a ser especial para m\u00ed y mi familia | Oriamendi 2010<\/title>\n<meta name=\"robots\" content=\"index, follow, max-snippet:-1, max-image-preview:large, max-video-preview:-1\" \/>\n<link rel=\"canonical\" href=\"https:\/\/oriamendi.eus\/es\/2025\/01\/09\/debutar-junto-a-mi-hermano-va-a-ser-especial-para-mi-y-mi-familia\/\" \/>\n<meta property=\"og:locale\" content=\"es_ES\" \/>\n<meta property=\"og:type\" content=\"article\" \/>\n<meta property=\"og:title\" content=\"Debutar junto a mi hermano va a ser especial para m\u00ed y mi familia | Oriamendi 2010\" \/>\n<meta property=\"og:description\" content=\"Paulo Aiestaran Trevijano &#8216;Aiestaran VII (24 a\u00f1os, Hernani) debutar\u00e1 como profesional el s\u00e1bado, a partir de las 16:30 horas, formando pareja acompa\u00f1ado de su hermano Aitor. Los rivales ser\u00e1n Gurrutxaga y Eskudero. Ser\u00e1 un d\u00eda especial para ti el del s\u00e1bado. \u00bfC\u00f3mo te encuentras? De momento estoy tranquilo. S\u00e9 que al salir a la cancha [&hellip;]\" \/>\n<meta property=\"og:url\" content=\"https:\/\/oriamendi.eus\/es\/2025\/01\/09\/debutar-junto-a-mi-hermano-va-a-ser-especial-para-mi-y-mi-familia\/\" \/>\n<meta property=\"og:site_name\" content=\"Oriamendi 2010\" \/>\n<meta property=\"article:publisher\" content=\"https:\/\/www.facebook.com\/oriamendi2010remonte\/\" \/>\n<meta property=\"article:published_time\" content=\"2025-01-09T17:22:47+00:00\" \/>\n<meta property=\"og:image\" content=\"https:\/\/oriamendi.eus\/wp-content\/uploads\/2025\/01\/IMG_6248.jpeg\" \/>\n\t<meta property=\"og:image:width\" content=\"1200\" \/>\n\t<meta property=\"og:image:height\" content=\"1200\" \/>\n\t<meta property=\"og:image:type\" content=\"image\/jpeg\" \/>\n<meta name=\"author\" content=\"I\u00f1igo Go\u00f1i\" \/>\n<meta name=\"twitter:card\" content=\"summary_large_image\" \/>\n<meta name=\"twitter:creator\" content=\"@oriamendi2010\" \/>\n<meta name=\"twitter:site\" content=\"@oriamendi2010\" \/>\n<meta name=\"twitter:label1\" content=\"Escrito por\" \/>\n\t<meta name=\"twitter:data1\" content=\"I\u00f1igo Go\u00f1i\" \/>\n\t<meta name=\"twitter:label2\" content=\"Tiempo de lectura\" \/>\n\t<meta name=\"twitter:data2\" content=\"4 minutos\" \/>\n<script type=\"application\/ld+json\" class=\"yoast-schema-graph\">{\"@context\":\"https:\/\/schema.org\",\"@graph\":[{\"@type\":\"Article\",\"@id\":\"https:\/\/oriamendi.eus\/es\/2025\/01\/09\/debutar-junto-a-mi-hermano-va-a-ser-especial-para-mi-y-mi-familia\/#article\",\"isPartOf\":{\"@id\":\"https:\/\/oriamendi.eus\/es\/2025\/01\/09\/debutar-junto-a-mi-hermano-va-a-ser-especial-para-mi-y-mi-familia\/\"},\"author\":{\"name\":\"I\u00f1igo Go\u00f1i\",\"@id\":\"https:\/\/oriamendi.eus\/es\/#\/schema\/person\/c0bd06c6c747674306a5c82563e2339a\"},\"headline\":\"Debutar junto a mi hermano va a ser especial para m\u00ed y mi familia\",\"datePublished\":\"2025-01-09T17:22:47+00:00\",\"dateModified\":\"2025-01-09T17:22:47+00:00\",\"mainEntityOfPage\":{\"@id\":\"https:\/\/oriamendi.eus\/es\/2025\/01\/09\/debutar-junto-a-mi-hermano-va-a-ser-especial-para-mi-y-mi-familia\/\"},\"wordCount\":784,\"publisher\":{\"@id\":\"https:\/\/oriamendi.eus\/es\/#organization\"},\"articleSection\":[\"Sin categorizar\"],\"inLanguage\":\"es\"},{\"@type\":\"WebPage\",\"@id\":\"https:\/\/oriamendi.eus\/es\/2025\/01\/09\/debutar-junto-a-mi-hermano-va-a-ser-especial-para-mi-y-mi-familia\/\",\"url\":\"https:\/\/oriamendi.eus\/es\/2025\/01\/09\/debutar-junto-a-mi-hermano-va-a-ser-especial-para-mi-y-mi-familia\/\",\"name\":\"Debutar junto a mi hermano va a ser especial para m\u00ed y mi familia | Oriamendi 2010\",\"isPartOf\":{\"@id\":\"https:\/\/oriamendi.eus\/es\/#website\"},\"datePublished\":\"2025-01-09T17:22:47+00:00\",\"dateModified\":\"2025-01-09T17:22:47+00:00\",\"breadcrumb\":{\"@id\":\"https:\/\/oriamendi.eus\/es\/2025\/01\/09\/debutar-junto-a-mi-hermano-va-a-ser-especial-para-mi-y-mi-familia\/#breadcrumb\"},\"inLanguage\":\"es\",\"potentialAction\":[{\"@type\":\"ReadAction\",\"target\":[\"https:\/\/oriamendi.eus\/es\/2025\/01\/09\/debutar-junto-a-mi-hermano-va-a-ser-especial-para-mi-y-mi-familia\/\"]}]},{\"@type\":\"BreadcrumbList\",\"@id\":\"https:\/\/oriamendi.eus\/es\/2025\/01\/09\/debutar-junto-a-mi-hermano-va-a-ser-especial-para-mi-y-mi-familia\/#breadcrumb\",\"itemListElement\":[{\"@type\":\"ListItem\",\"position\":1,\"name\":\"Portada\",\"item\":\"https:\/\/oriamendi.eus\/es\/\"},{\"@type\":\"ListItem\",\"position\":2,\"name\":\"Debutar junto a mi hermano va a ser especial para m\u00ed y mi familia\"}]},{\"@type\":\"WebSite\",\"@id\":\"https:\/\/oriamendi.eus\/es\/#website\",\"url\":\"https:\/\/oriamendi.eus\/es\/\",\"name\":\"Oriamendi\",\"description\":\"Remonte en Galarreta. Hernani. Gipuzkoa\",\"publisher\":{\"@id\":\"https:\/\/oriamendi.eus\/es\/#organization\"},\"potentialAction\":[{\"@type\":\"SearchAction\",\"target\":{\"@type\":\"EntryPoint\",\"urlTemplate\":\"https:\/\/oriamendi.eus\/es\/?s={search_term_string}\"},\"query-input\":\"required name=search_term_string\"}],\"inLanguage\":\"es\"},{\"@type\":\"Organization\",\"@id\":\"https:\/\/oriamendi.eus\/es\/#organization\",\"name\":\"Oriamendi\",\"url\":\"https:\/\/oriamendi.eus\/es\/\",\"logo\":{\"@type\":\"ImageObject\",\"inLanguage\":\"es\",\"@id\":\"https:\/\/oriamendi.eus\/es\/#\/schema\/logo\/image\/\",\"url\":\"https:\/\/oriamendi.eus\/wp-content\/uploads\/2020\/06\/logo-oriamendi.png\",\"contentUrl\":\"https:\/\/oriamendi.eus\/wp-content\/uploads\/2020\/06\/logo-oriamendi.png\",\"width\":300,\"height\":90,\"caption\":\"Oriamendi\"},\"image\":{\"@id\":\"https:\/\/oriamendi.eus\/es\/#\/schema\/logo\/image\/\"},\"sameAs\":[\"https:\/\/www.facebook.com\/oriamendi2010remonte\/\",\"https:\/\/twitter.com\/oriamendi2010\",\"https:\/\/www.instagram.com\/galarretajaialai\/\",\"https:\/\/www.youtube.com\/channel\/UC8gVNzQqB1iwnC-_rI-ihmA\/featured\"]},{\"@type\":\"Person\",\"@id\":\"https:\/\/oriamendi.eus\/es\/#\/schema\/person\/c0bd06c6c747674306a5c82563e2339a\",\"name\":\"I\u00f1igo Go\u00f1i\",\"image\":{\"@type\":\"ImageObject\",\"inLanguage\":\"es\",\"@id\":\"https:\/\/oriamendi.eus\/es\/#\/schema\/person\/image\/\",\"url\":\"https:\/\/secure.gravatar.com\/avatar\/fbb07ffc7b803bbfcc2b6419c06abd3a?s=96&d=mm&r=g\",\"contentUrl\":\"https:\/\/secure.gravatar.com\/avatar\/fbb07ffc7b803bbfcc2b6419c06abd3a?s=96&d=mm&r=g\",\"caption\":\"I\u00f1igo Go\u00f1i\"},\"url\":\"https:\/\/oriamendi.eus\/es\/author\/om-berriak\/\"}]}<\/script>\n<!-- \/ Yoast SEO plugin. -->","yoast_head_json":{"title":"Debutar junto a mi hermano va a ser especial para m\u00ed y mi familia | Oriamendi 2010","robots":{"index":"index","follow":"follow","max-snippet":"max-snippet:-1","max-image-preview":"max-image-preview:large","max-video-preview":"max-video-preview:-1"},"canonical":"https:\/\/oriamendi.eus\/es\/2025\/01\/09\/debutar-junto-a-mi-hermano-va-a-ser-especial-para-mi-y-mi-familia\/","og_locale":"es_ES","og_type":"article","og_title":"Debutar junto a mi hermano va a ser especial para m\u00ed y mi familia | Oriamendi 2010","og_description":"Paulo Aiestaran Trevijano &#8216;Aiestaran VII (24 a\u00f1os, Hernani) debutar\u00e1 como profesional el s\u00e1bado, a partir de las 16:30 horas, formando pareja acompa\u00f1ado de su hermano Aitor. Los rivales ser\u00e1n Gurrutxaga y Eskudero. Ser\u00e1 un d\u00eda especial para ti el del s\u00e1bado. \u00bfC\u00f3mo te encuentras? De momento estoy tranquilo. S\u00e9 que al salir a la cancha [&hellip;]","og_url":"https:\/\/oriamendi.eus\/es\/2025\/01\/09\/debutar-junto-a-mi-hermano-va-a-ser-especial-para-mi-y-mi-familia\/","og_site_name":"Oriamendi 2010","article_publisher":"https:\/\/www.facebook.com\/oriamendi2010remonte\/","article_published_time":"2025-01-09T17:22:47+00:00","og_image":[{"width":1200,"height":1200,"url":"https:\/\/oriamendi.eus\/wp-content\/uploads\/2025\/01\/IMG_6248.jpeg","type":"image\/jpeg"}],"author":"I\u00f1igo Go\u00f1i","twitter_card":"summary_large_image","twitter_creator":"@oriamendi2010","twitter_site":"@oriamendi2010","twitter_misc":{"Escrito por":"I\u00f1igo Go\u00f1i","Tiempo de lectura":"4 minutos"},"schema":{"@context":"https:\/\/schema.org","@graph":[{"@type":"Article","@id":"https:\/\/oriamendi.eus\/es\/2025\/01\/09\/debutar-junto-a-mi-hermano-va-a-ser-especial-para-mi-y-mi-familia\/#article","isPartOf":{"@id":"https:\/\/oriamendi.eus\/es\/2025\/01\/09\/debutar-junto-a-mi-hermano-va-a-ser-especial-para-mi-y-mi-familia\/"},"author":{"name":"I\u00f1igo Go\u00f1i","@id":"https:\/\/oriamendi.eus\/es\/#\/schema\/person\/c0bd06c6c747674306a5c82563e2339a"},"headline":"Debutar junto a mi hermano va a ser especial para m\u00ed y mi familia","datePublished":"2025-01-09T17:22:47+00:00","dateModified":"2025-01-09T17:22:47+00:00","mainEntityOfPage":{"@id":"https:\/\/oriamendi.eus\/es\/2025\/01\/09\/debutar-junto-a-mi-hermano-va-a-ser-especial-para-mi-y-mi-familia\/"},"wordCount":784,"publisher":{"@id":"https:\/\/oriamendi.eus\/es\/#organization"},"articleSection":["Sin categorizar"],"inLanguage":"es"},{"@type":"WebPage","@id":"https:\/\/oriamendi.eus\/es\/2025\/01\/09\/debutar-junto-a-mi-hermano-va-a-ser-especial-para-mi-y-mi-familia\/","url":"https:\/\/oriamendi.eus\/es\/2025\/01\/09\/debutar-junto-a-mi-hermano-va-a-ser-especial-para-mi-y-mi-familia\/","name":"Debutar junto a mi hermano va a ser especial para m\u00ed y mi familia | Oriamendi 2010","isPartOf":{"@id":"https:\/\/oriamendi.eus\/es\/#website"},"datePublished":"2025-01-09T17:22:47+00:00","dateModified":"2025-01-09T17:22:47+00:00","breadcrumb":{"@id":"https:\/\/oriamendi.eus\/es\/2025\/01\/09\/debutar-junto-a-mi-hermano-va-a-ser-especial-para-mi-y-mi-familia\/#breadcrumb"},"inLanguage":"es","potentialAction":[{"@type":"ReadAction","target":["https:\/\/oriamendi.eus\/es\/2025\/01\/09\/debutar-junto-a-mi-hermano-va-a-ser-especial-para-mi-y-mi-familia\/"]}]},{"@type":"BreadcrumbList","@id":"https:\/\/oriamendi.eus\/es\/2025\/01\/09\/debutar-junto-a-mi-hermano-va-a-ser-especial-para-mi-y-mi-familia\/#breadcrumb","itemListElement":[{"@type":"ListItem","position":1,"name":"Portada","item":"https:\/\/oriamendi.eus\/es\/"},{"@type":"ListItem","position":2,"name":"Debutar junto a mi hermano va a ser especial para m\u00ed y mi familia"}]},{"@type":"WebSite","@id":"https:\/\/oriamendi.eus\/es\/#website","url":"https:\/\/oriamendi.eus\/es\/","name":"Oriamendi","description":"Remonte en Galarreta. Hernani. Gipuzkoa","publisher":{"@id":"https:\/\/oriamendi.eus\/es\/#organization"},"potentialAction":[{"@type":"SearchAction","target":{"@type":"EntryPoint","urlTemplate":"https:\/\/oriamendi.eus\/es\/?s={search_term_string}"},"query-input":"required name=search_term_string"}],"inLanguage":"es"},{"@type":"Organization","@id":"https:\/\/oriamendi.eus\/es\/#organization","name":"Oriamendi","url":"https:\/\/oriamendi.eus\/es\/","logo":{"@type":"ImageObject","inLanguage":"es","@id":"https:\/\/oriamendi.eus\/es\/#\/schema\/logo\/image\/","url":"https:\/\/oriamendi.eus\/wp-content\/uploads\/2020\/06\/logo-oriamendi.png","contentUrl":"https:\/\/oriamendi.eus\/wp-content\/uploads\/2020\/06\/logo-oriamendi.png","width":300,"height":90,"caption":"Oriamendi"},"image":{"@id":"https:\/\/oriamendi.eus\/es\/#\/schema\/logo\/image\/"},"sameAs":["https:\/\/www.facebook.com\/oriamendi2010remonte\/","https:\/\/twitter.com\/oriamendi2010","https:\/\/www.instagram.com\/galarretajaialai\/","https:\/\/www.youtube.com\/channel\/UC8gVNzQqB1iwnC-_rI-ihmA\/featured"]},{"@type":"Person","@id":"https:\/\/oriamendi.eus\/es\/#\/schema\/person\/c0bd06c6c747674306a5c82563e2339a","name":"I\u00f1igo Go\u00f1i","image":{"@type":"ImageObject","inLanguage":"es","@id":"https:\/\/oriamendi.eus\/es\/#\/schema\/person\/image\/","url":"https:\/\/secure.gravatar.com\/avatar\/fbb07ffc7b803bbfcc2b6419c06abd3a?s=96&d=mm&r=g","contentUrl":"https:\/\/secure.gravatar.com\/avatar\/fbb07ffc7b803bbfcc2b6419c06abd3a?s=96&d=mm&r=g","caption":"I\u00f1igo Go\u00f1i"},"url":"https:\/\/oriamendi.eus\/es\/author\/om-berriak\/"}]}},"_links":{"self":[{"href":"https:\/\/oriamendi.eus\/es\/wp-json\/wp\/v2\/posts\/8525"}],"collection":[{"href":"https:\/\/oriamendi.eus\/es\/wp-json\/wp\/v2\/posts"}],"about":[{"href":"https:\/\/oriamendi.eus\/es\/wp-json\/wp\/v2\/types\/post"}],"author":[{"embeddable":true,"href":"https:\/\/oriamendi.eus\/es\/wp-json\/wp\/v2\/users\/5"}],"replies":[{"embeddable":true,"href":"https:\/\/oriamendi.eus\/es\/wp-json\/wp\/v2\/comments?post=8525"}],"version-history":[{"count":1,"href":"https:\/\/oriamendi.eus\/es\/wp-json\/wp\/v2\/posts\/8525\/revisions"}],"predecessor-version":[{"id":8526,"href":"https:\/\/oriamendi.eus\/es\/wp-json\/wp\/v2\/posts\/8525\/revisions\/8526"}],"wp:featuredmedia":[{"embeddable":true,"href":"https:\/\/oriamendi.eus\/es\/wp-json\/wp\/v2\/media\/8507"}],"wp:attachment":[{"href":"https:\/\/oriamendi.eus\/es\/wp-json\/wp\/v2\/media?parent=8525"}],"wp:term":[{"taxonomy":"category","embeddable":true,"href":"https:\/\/oriamendi.eus\/es\/wp-json\/wp\/v2\/categories?post=8525"},{"taxonomy":"post_tag","embeddable":true,"href":"https:\/\/oriamendi.eus\/es\/wp-json\/wp\/v2\/tags?post=8525"}],"curies":[{"name":"wp","href":"https:\/\/api.w.org\/{rel}","templated":true}]}}