                                        
                                        
                                        
                                        
                                        
                                        
                                        
                                        
                                        
                                        
                                        
                                        
                                        
                                        
                                        
                                        
                                        
                                        
{"id":8496,"date":"2024-12-28T23:57:01","date_gmt":"2024-12-28T22:57:01","guid":{"rendered":"https:\/\/oriamendi.eus\/?p=8496"},"modified":"2024-12-28T23:57:01","modified_gmt":"2024-12-28T22:57:01","slug":"aldabe-y-aiestaran-vi-tambien-dominan-con-mano-de-hierro-la-final","status":"publish","type":"post","link":"https:\/\/oriamendi.eus\/es\/2024\/12\/28\/aldabe-y-aiestaran-vi-tambien-dominan-con-mano-de-hierro-la-final\/","title":{"rendered":"Aldabe y Aiestaran VI tambi\u00e9n dominan con mano de hierro la final"},"content":{"rendered":"<div>El festival comenz\u00f3 con la final de Segunda donde Aldabe y Aiestaran VI se calaron la txapela tras ganar a Jabalera y Apezetxea por 15-11 y 15-3. Dominaron la liguilla con mano de hierro e hicieron lo mismo en la final. Fueron muy superiores de principio a fin. En el primer set mantuvieron el tipo los azules, pero el segundo set fue fugaz. Aldabe ha demostrado ser el mejor pelotari del campeonato y lo confirm\u00f3 en la final. Aiestaran estuvo como en todo el campeonato inconmensurable. Hizo de todo y bien.<\/div>\n<div>El partido comenz\u00f3 igualado hasta el ocho iguales. Tras el 11-10 se escaparon 14-10 para cerrar el primer set 15-11.<\/div>\n<div><img fetchpriority=\"high\" fetchpriority=\"high\" decoding=\"async\" class=\"alignnone size-medium wp-image-8497\" src=\"https:\/\/oriamendi.eus\/wp-content\/uploads\/2024\/12\/IMG_20241228_185833_2000_x_1333_pixel-300x200.jpg\" alt=\"\" width=\"300\" height=\"200\" \/><\/div>\n<div>El segundo set fue un coser y cantar. En el 2-1 Apezetxea peg\u00f3 un gran pelotazo que toc\u00f3 la chapa de arriba y del 1-1 se pas\u00f3 a un 13-1. El parcial de 12-0 sentenci\u00f3. El 15-3 final lo dice todo.<\/div>\n<div>Aldabe termin\u00f3 con 11 tantos por ning\u00fan fallo. Aiestaran hizo tres tantos en el peloteo, dos fallos. Con el saque hizo siete tantos por una falta. En los azules, Jabalera hizo seis tantos por cuatro fallos. Apezetxea hizo cinco tantos por cuatro fallos. Sum\u00f3 solo un tanto de saque por una falta.<\/div>\n<div><\/div>\n<div><b>Marcador<\/b>: 5-0, 5-1, 6-1, 6-6, 7-6, 7-7, 8-7, 8-8, 10-8, 10-9, 11-9, 11-10, 14-10, 14-11, 15-11,<\/div>\n<div>1-0, 1-1, 13-1, 13-3, 15-3<\/div>\n","protected":false},"excerpt":{"rendered":"<p>El festival comenz\u00f3 con la final de Segunda donde Aldabe y Aiestaran VI se calaron la txapela tras ganar a Jabalera y Apezetxea por 15-11 y 15-3. Dominaron la liguilla con mano de hierro e hicieron lo mismo en la final. Fueron muy superiores de principio a fin. En el primer set mantuvieron el tipo [&hellip;]<\/p>\n","protected":false},"author":5,"featured_media":8499,"comment_status":"closed","ping_status":"open","sticky":false,"template":"","format":"standard","meta":{"_et_pb_use_builder":"","_et_pb_old_content":"","_et_gb_content_width":"","footnotes":""},"categories":[1],"tags":[],"yoast_head":"<!-- This site is optimized with the Yoast SEO plugin v21.8 - https:\/\/yoast.com\/wordpress\/plugins\/seo\/ -->\n<title>Aldabe y Aiestaran VI tambi\u00e9n dominan con mano de hierro la final | Oriamendi 2010<\/title>\n<meta name=\"robots\" content=\"index, follow, max-snippet:-1, max-image-preview:large, max-video-preview:-1\" \/>\n<link rel=\"canonical\" href=\"https:\/\/oriamendi.eus\/es\/2024\/12\/28\/aldabe-y-aiestaran-vi-tambien-dominan-con-mano-de-hierro-la-final\/\" \/>\n<meta property=\"og:locale\" content=\"es_ES\" \/>\n<meta property=\"og:type\" content=\"article\" \/>\n<meta property=\"og:title\" content=\"Aldabe y Aiestaran VI tambi\u00e9n dominan con mano de hierro la final | Oriamendi 2010\" \/>\n<meta property=\"og:description\" content=\"El festival comenz\u00f3 con la final de Segunda donde Aldabe y Aiestaran VI se calaron la txapela tras ganar a Jabalera y Apezetxea por 15-11 y 15-3. Dominaron la liguilla con mano de hierro e hicieron lo mismo en la final. Fueron muy superiores de principio a fin. En el primer set mantuvieron el tipo [&hellip;]\" \/>\n<meta property=\"og:url\" content=\"https:\/\/oriamendi.eus\/es\/2024\/12\/28\/aldabe-y-aiestaran-vi-tambien-dominan-con-mano-de-hierro-la-final\/\" \/>\n<meta property=\"og:site_name\" content=\"Oriamendi 2010\" \/>\n<meta property=\"article:publisher\" content=\"https:\/\/www.facebook.com\/oriamendi2010remonte\/\" \/>\n<meta property=\"article:published_time\" content=\"2024-12-28T22:57:01+00:00\" \/>\n<meta property=\"og:image\" content=\"https:\/\/oriamendi.eus\/wp-content\/uploads\/2024\/12\/IMG_20241228_204139_2000_x_1333_pixel.jpg\" \/>\n\t<meta property=\"og:image:width\" content=\"1200\" \/>\n\t<meta property=\"og:image:height\" content=\"800\" \/>\n\t<meta property=\"og:image:type\" content=\"image\/jpeg\" \/>\n<meta name=\"author\" content=\"I\u00f1igo Go\u00f1i\" \/>\n<meta name=\"twitter:card\" content=\"summary_large_image\" \/>\n<meta name=\"twitter:creator\" content=\"@oriamendi2010\" \/>\n<meta name=\"twitter:site\" content=\"@oriamendi2010\" \/>\n<meta name=\"twitter:label1\" content=\"Escrito por\" \/>\n\t<meta name=\"twitter:data1\" content=\"I\u00f1igo Go\u00f1i\" \/>\n\t<meta name=\"twitter:label2\" content=\"Tiempo de lectura\" \/>\n\t<meta name=\"twitter:data2\" content=\"2 minutos\" \/>\n<script type=\"application\/ld+json\" class=\"yoast-schema-graph\">{\"@context\":\"https:\/\/schema.org\",\"@graph\":[{\"@type\":\"Article\",\"@id\":\"https:\/\/oriamendi.eus\/es\/2024\/12\/28\/aldabe-y-aiestaran-vi-tambien-dominan-con-mano-de-hierro-la-final\/#article\",\"isPartOf\":{\"@id\":\"https:\/\/oriamendi.eus\/es\/2024\/12\/28\/aldabe-y-aiestaran-vi-tambien-dominan-con-mano-de-hierro-la-final\/\"},\"author\":{\"name\":\"I\u00f1igo Go\u00f1i\",\"@id\":\"https:\/\/oriamendi.eus\/es\/#\/schema\/person\/c0bd06c6c747674306a5c82563e2339a\"},\"headline\":\"Aldabe y Aiestaran VI tambi\u00e9n dominan con mano de hierro la final\",\"datePublished\":\"2024-12-28T22:57:01+00:00\",\"dateModified\":\"2024-12-28T22:57:01+00:00\",\"mainEntityOfPage\":{\"@id\":\"https:\/\/oriamendi.eus\/es\/2024\/12\/28\/aldabe-y-aiestaran-vi-tambien-dominan-con-mano-de-hierro-la-final\/\"},\"wordCount\":238,\"publisher\":{\"@id\":\"https:\/\/oriamendi.eus\/es\/#organization\"},\"articleSection\":[\"Sin categorizar\"],\"inLanguage\":\"es\"},{\"@type\":\"WebPage\",\"@id\":\"https:\/\/oriamendi.eus\/es\/2024\/12\/28\/aldabe-y-aiestaran-vi-tambien-dominan-con-mano-de-hierro-la-final\/\",\"url\":\"https:\/\/oriamendi.eus\/es\/2024\/12\/28\/aldabe-y-aiestaran-vi-tambien-dominan-con-mano-de-hierro-la-final\/\",\"name\":\"Aldabe y Aiestaran VI tambi\u00e9n dominan con mano de hierro la final | Oriamendi 2010\",\"isPartOf\":{\"@id\":\"https:\/\/oriamendi.eus\/es\/#website\"},\"datePublished\":\"2024-12-28T22:57:01+00:00\",\"dateModified\":\"2024-12-28T22:57:01+00:00\",\"breadcrumb\":{\"@id\":\"https:\/\/oriamendi.eus\/es\/2024\/12\/28\/aldabe-y-aiestaran-vi-tambien-dominan-con-mano-de-hierro-la-final\/#breadcrumb\"},\"inLanguage\":\"es\",\"potentialAction\":[{\"@type\":\"ReadAction\",\"target\":[\"https:\/\/oriamendi.eus\/es\/2024\/12\/28\/aldabe-y-aiestaran-vi-tambien-dominan-con-mano-de-hierro-la-final\/\"]}]},{\"@type\":\"BreadcrumbList\",\"@id\":\"https:\/\/oriamendi.eus\/es\/2024\/12\/28\/aldabe-y-aiestaran-vi-tambien-dominan-con-mano-de-hierro-la-final\/#breadcrumb\",\"itemListElement\":[{\"@type\":\"ListItem\",\"position\":1,\"name\":\"Portada\",\"item\":\"https:\/\/oriamendi.eus\/es\/\"},{\"@type\":\"ListItem\",\"position\":2,\"name\":\"Aldabe y Aiestaran VI tambi\u00e9n dominan con mano de hierro la final\"}]},{\"@type\":\"WebSite\",\"@id\":\"https:\/\/oriamendi.eus\/es\/#website\",\"url\":\"https:\/\/oriamendi.eus\/es\/\",\"name\":\"Oriamendi\",\"description\":\"Remonte en Galarreta. Hernani. Gipuzkoa\",\"publisher\":{\"@id\":\"https:\/\/oriamendi.eus\/es\/#organization\"},\"potentialAction\":[{\"@type\":\"SearchAction\",\"target\":{\"@type\":\"EntryPoint\",\"urlTemplate\":\"https:\/\/oriamendi.eus\/es\/?s={search_term_string}\"},\"query-input\":\"required name=search_term_string\"}],\"inLanguage\":\"es\"},{\"@type\":\"Organization\",\"@id\":\"https:\/\/oriamendi.eus\/es\/#organization\",\"name\":\"Oriamendi\",\"url\":\"https:\/\/oriamendi.eus\/es\/\",\"logo\":{\"@type\":\"ImageObject\",\"inLanguage\":\"es\",\"@id\":\"https:\/\/oriamendi.eus\/es\/#\/schema\/logo\/image\/\",\"url\":\"https:\/\/oriamendi.eus\/wp-content\/uploads\/2020\/06\/logo-oriamendi.png\",\"contentUrl\":\"https:\/\/oriamendi.eus\/wp-content\/uploads\/2020\/06\/logo-oriamendi.png\",\"width\":300,\"height\":90,\"caption\":\"Oriamendi\"},\"image\":{\"@id\":\"https:\/\/oriamendi.eus\/es\/#\/schema\/logo\/image\/\"},\"sameAs\":[\"https:\/\/www.facebook.com\/oriamendi2010remonte\/\",\"https:\/\/twitter.com\/oriamendi2010\",\"https:\/\/www.instagram.com\/galarretajaialai\/\",\"https:\/\/www.youtube.com\/channel\/UC8gVNzQqB1iwnC-_rI-ihmA\/featured\"]},{\"@type\":\"Person\",\"@id\":\"https:\/\/oriamendi.eus\/es\/#\/schema\/person\/c0bd06c6c747674306a5c82563e2339a\",\"name\":\"I\u00f1igo Go\u00f1i\",\"image\":{\"@type\":\"ImageObject\",\"inLanguage\":\"es\",\"@id\":\"https:\/\/oriamendi.eus\/es\/#\/schema\/person\/image\/\",\"url\":\"https:\/\/secure.gravatar.com\/avatar\/fbb07ffc7b803bbfcc2b6419c06abd3a?s=96&d=mm&r=g\",\"contentUrl\":\"https:\/\/secure.gravatar.com\/avatar\/fbb07ffc7b803bbfcc2b6419c06abd3a?s=96&d=mm&r=g\",\"caption\":\"I\u00f1igo Go\u00f1i\"},\"url\":\"https:\/\/oriamendi.eus\/es\/author\/om-berriak\/\"}]}<\/script>\n<!-- \/ Yoast SEO plugin. -->","yoast_head_json":{"title":"Aldabe y Aiestaran VI tambi\u00e9n dominan con mano de hierro la final | Oriamendi 2010","robots":{"index":"index","follow":"follow","max-snippet":"max-snippet:-1","max-image-preview":"max-image-preview:large","max-video-preview":"max-video-preview:-1"},"canonical":"https:\/\/oriamendi.eus\/es\/2024\/12\/28\/aldabe-y-aiestaran-vi-tambien-dominan-con-mano-de-hierro-la-final\/","og_locale":"es_ES","og_type":"article","og_title":"Aldabe y Aiestaran VI tambi\u00e9n dominan con mano de hierro la final | Oriamendi 2010","og_description":"El festival comenz\u00f3 con la final de Segunda donde Aldabe y Aiestaran VI se calaron la txapela tras ganar a Jabalera y Apezetxea por 15-11 y 15-3. Dominaron la liguilla con mano de hierro e hicieron lo mismo en la final. Fueron muy superiores de principio a fin. En el primer set mantuvieron el tipo [&hellip;]","og_url":"https:\/\/oriamendi.eus\/es\/2024\/12\/28\/aldabe-y-aiestaran-vi-tambien-dominan-con-mano-de-hierro-la-final\/","og_site_name":"Oriamendi 2010","article_publisher":"https:\/\/www.facebook.com\/oriamendi2010remonte\/","article_published_time":"2024-12-28T22:57:01+00:00","og_image":[{"width":1200,"height":800,"url":"https:\/\/oriamendi.eus\/wp-content\/uploads\/2024\/12\/IMG_20241228_204139_2000_x_1333_pixel.jpg","type":"image\/jpeg"}],"author":"I\u00f1igo Go\u00f1i","twitter_card":"summary_large_image","twitter_creator":"@oriamendi2010","twitter_site":"@oriamendi2010","twitter_misc":{"Escrito por":"I\u00f1igo Go\u00f1i","Tiempo de lectura":"2 minutos"},"schema":{"@context":"https:\/\/schema.org","@graph":[{"@type":"Article","@id":"https:\/\/oriamendi.eus\/es\/2024\/12\/28\/aldabe-y-aiestaran-vi-tambien-dominan-con-mano-de-hierro-la-final\/#article","isPartOf":{"@id":"https:\/\/oriamendi.eus\/es\/2024\/12\/28\/aldabe-y-aiestaran-vi-tambien-dominan-con-mano-de-hierro-la-final\/"},"author":{"name":"I\u00f1igo Go\u00f1i","@id":"https:\/\/oriamendi.eus\/es\/#\/schema\/person\/c0bd06c6c747674306a5c82563e2339a"},"headline":"Aldabe y Aiestaran VI tambi\u00e9n dominan con mano de hierro la final","datePublished":"2024-12-28T22:57:01+00:00","dateModified":"2024-12-28T22:57:01+00:00","mainEntityOfPage":{"@id":"https:\/\/oriamendi.eus\/es\/2024\/12\/28\/aldabe-y-aiestaran-vi-tambien-dominan-con-mano-de-hierro-la-final\/"},"wordCount":238,"publisher":{"@id":"https:\/\/oriamendi.eus\/es\/#organization"},"articleSection":["Sin categorizar"],"inLanguage":"es"},{"@type":"WebPage","@id":"https:\/\/oriamendi.eus\/es\/2024\/12\/28\/aldabe-y-aiestaran-vi-tambien-dominan-con-mano-de-hierro-la-final\/","url":"https:\/\/oriamendi.eus\/es\/2024\/12\/28\/aldabe-y-aiestaran-vi-tambien-dominan-con-mano-de-hierro-la-final\/","name":"Aldabe y Aiestaran VI tambi\u00e9n dominan con mano de hierro la final | Oriamendi 2010","isPartOf":{"@id":"https:\/\/oriamendi.eus\/es\/#website"},"datePublished":"2024-12-28T22:57:01+00:00","dateModified":"2024-12-28T22:57:01+00:00","breadcrumb":{"@id":"https:\/\/oriamendi.eus\/es\/2024\/12\/28\/aldabe-y-aiestaran-vi-tambien-dominan-con-mano-de-hierro-la-final\/#breadcrumb"},"inLanguage":"es","potentialAction":[{"@type":"ReadAction","target":["https:\/\/oriamendi.eus\/es\/2024\/12\/28\/aldabe-y-aiestaran-vi-tambien-dominan-con-mano-de-hierro-la-final\/"]}]},{"@type":"BreadcrumbList","@id":"https:\/\/oriamendi.eus\/es\/2024\/12\/28\/aldabe-y-aiestaran-vi-tambien-dominan-con-mano-de-hierro-la-final\/#breadcrumb","itemListElement":[{"@type":"ListItem","position":1,"name":"Portada","item":"https:\/\/oriamendi.eus\/es\/"},{"@type":"ListItem","position":2,"name":"Aldabe y Aiestaran VI tambi\u00e9n dominan con mano de hierro la final"}]},{"@type":"WebSite","@id":"https:\/\/oriamendi.eus\/es\/#website","url":"https:\/\/oriamendi.eus\/es\/","name":"Oriamendi","description":"Remonte en Galarreta. Hernani. Gipuzkoa","publisher":{"@id":"https:\/\/oriamendi.eus\/es\/#organization"},"potentialAction":[{"@type":"SearchAction","target":{"@type":"EntryPoint","urlTemplate":"https:\/\/oriamendi.eus\/es\/?s={search_term_string}"},"query-input":"required name=search_term_string"}],"inLanguage":"es"},{"@type":"Organization","@id":"https:\/\/oriamendi.eus\/es\/#organization","name":"Oriamendi","url":"https:\/\/oriamendi.eus\/es\/","logo":{"@type":"ImageObject","inLanguage":"es","@id":"https:\/\/oriamendi.eus\/es\/#\/schema\/logo\/image\/","url":"https:\/\/oriamendi.eus\/wp-content\/uploads\/2020\/06\/logo-oriamendi.png","contentUrl":"https:\/\/oriamendi.eus\/wp-content\/uploads\/2020\/06\/logo-oriamendi.png","width":300,"height":90,"caption":"Oriamendi"},"image":{"@id":"https:\/\/oriamendi.eus\/es\/#\/schema\/logo\/image\/"},"sameAs":["https:\/\/www.facebook.com\/oriamendi2010remonte\/","https:\/\/twitter.com\/oriamendi2010","https:\/\/www.instagram.com\/galarretajaialai\/","https:\/\/www.youtube.com\/channel\/UC8gVNzQqB1iwnC-_rI-ihmA\/featured"]},{"@type":"Person","@id":"https:\/\/oriamendi.eus\/es\/#\/schema\/person\/c0bd06c6c747674306a5c82563e2339a","name":"I\u00f1igo Go\u00f1i","image":{"@type":"ImageObject","inLanguage":"es","@id":"https:\/\/oriamendi.eus\/es\/#\/schema\/person\/image\/","url":"https:\/\/secure.gravatar.com\/avatar\/fbb07ffc7b803bbfcc2b6419c06abd3a?s=96&d=mm&r=g","contentUrl":"https:\/\/secure.gravatar.com\/avatar\/fbb07ffc7b803bbfcc2b6419c06abd3a?s=96&d=mm&r=g","caption":"I\u00f1igo Go\u00f1i"},"url":"https:\/\/oriamendi.eus\/es\/author\/om-berriak\/"}]}},"_links":{"self":[{"href":"https:\/\/oriamendi.eus\/es\/wp-json\/wp\/v2\/posts\/8496"}],"collection":[{"href":"https:\/\/oriamendi.eus\/es\/wp-json\/wp\/v2\/posts"}],"about":[{"href":"https:\/\/oriamendi.eus\/es\/wp-json\/wp\/v2\/types\/post"}],"author":[{"embeddable":true,"href":"https:\/\/oriamendi.eus\/es\/wp-json\/wp\/v2\/users\/5"}],"replies":[{"embeddable":true,"href":"https:\/\/oriamendi.eus\/es\/wp-json\/wp\/v2\/comments?post=8496"}],"version-history":[{"count":1,"href":"https:\/\/oriamendi.eus\/es\/wp-json\/wp\/v2\/posts\/8496\/revisions"}],"predecessor-version":[{"id":8501,"href":"https:\/\/oriamendi.eus\/es\/wp-json\/wp\/v2\/posts\/8496\/revisions\/8501"}],"wp:featuredmedia":[{"embeddable":true,"href":"https:\/\/oriamendi.eus\/es\/wp-json\/wp\/v2\/media\/8499"}],"wp:attachment":[{"href":"https:\/\/oriamendi.eus\/es\/wp-json\/wp\/v2\/media?parent=8496"}],"wp:term":[{"taxonomy":"category","embeddable":true,"href":"https:\/\/oriamendi.eus\/es\/wp-json\/wp\/v2\/categories?post=8496"},{"taxonomy":"post_tag","embeddable":true,"href":"https:\/\/oriamendi.eus\/es\/wp-json\/wp\/v2\/tags?post=8496"}],"curies":[{"name":"wp","href":"https:\/\/api.w.org\/{rel}","templated":true}]}}