                                        
                                        
                                        
                                        
                                        
                                        
                                        
                                        
                                        
                                        
                                        
                                        
                                        
                                        
                                        
                                        
                                        
                                        
{"id":8344,"date":"2024-09-28T19:42:20","date_gmt":"2024-09-28T17:42:20","guid":{"rendered":"https:\/\/oriamendi.eus\/?p=8344"},"modified":"2024-10-02T11:02:19","modified_gmt":"2024-10-02T09:02:19","slug":"ansa-ii-suma-su-segunda-txapela-de-campeon","status":"publish","type":"post","link":"https:\/\/oriamendi.eus\/es\/2024\/09\/28\/ansa-ii-suma-su-segunda-txapela-de-campeon\/","title":{"rendered":"Ansa II suma su segunda txapela de campe\u00f3n"},"content":{"rendered":"<div><b>Se impone 30-26 a Barrenetxea IV en la gran final del Torneo Eusko Label de remonte<\/b><\/div>\n<div><b>\u00a0<\/b><\/div>\n<div>\n<div>Imanol Ansa revalid\u00f3 el t\u00edtulo de campe\u00f3n individual de remonte tras imponerse 30-26 a Endika Barrenetxea en la gran final del Torneo Eusko Label. Suma su segunda txapela y se coloca con dos en el palmar\u00e9s empatado por ejemplo con el propio Barrenetxea IV, que no pudo ganar su tercera txapela. Por ahora la tercera txapela de un zaguero tendr\u00e1 que esperar.<\/div>\n<div>Un parcial de 14-3 para Ansa II result\u00f3 decisivo y le llev\u00f3 del 16-23 al 30-26. Barrenetxea parec\u00eda tener el control del partido, pero el delantero urnietarra comenz\u00f3 a arriesgar algo m\u00e1s y fue m\u00e1s agresivo al final. Eso tuvo premio. Una vez m\u00e1s demostr\u00f3 que f\u00edsicamente est\u00e1 preparado al 100% y termin\u00f3 el partido fresco y con mucha confianza. Barrenetxea sab\u00eda que tras el 16-23 Ansa iba a arriesgar y que se la jugar\u00eda al pelotazo ganador.<\/div>\n<div>Ante esa t\u00e1ctica, que le sali\u00f3 bien al urnietarra, el hernaniarra no pudo darle la vuelta y termin\u00f3 el partido con una falta de saque que se fue por pocos cent\u00edmetros. Barrenetxea tambi\u00e9n arriesg\u00f3, pero la suerte le fue esquiva. .<\/div>\n<div>El front\u00f3n hernaniarra tuvo un aspecto impresionante y un llenazo de los que hacen afici\u00f3n. Todo sali\u00f3 a la perfecci\u00f3n en cuanto a la organizaci\u00f3n. No hubo ning\u00fan contratiempo organizativo, el QR de las entradas evit\u00f3 colas y tampoco hubo problemas de aparcamiento. Ambos pelotaris tuvieron a su hinchada en las gradas, que les animaron sin cesar y en el aspecto deportivo la final tuvo emoci\u00f3n y fue muy disputada, entre dos remontistas que arriesgan y juegan a pocos pelotazos, a terminar el tanto. Eso hizo que tuviera momentos para ambos remontistas y como se dice en el argot pelotazale, fue un partido de tacadas. Ansa consigui\u00f3 templar los nervios y eso le dio ese plus que le hizo sumar una \u00faltima tacada clave.<\/div>\n<div><img fetchpriority=\"high\" fetchpriority=\"high\" decoding=\"async\" class=\"alignnone size-medium wp-image-8349\" src=\"https:\/\/oriamendi.eus\/wp-content\/uploads\/2024\/09\/IMG_20240928_192830_2000_x_1333_pixel-300x200.jpg\" alt=\"\" width=\"300\" height=\"200\" \/><\/div>\n<div>El partido no tuvo mucho peloteo y dur\u00f3 alrededor de una hora debido a las caracter\u00edsticas de ambos remontistas. Comenz\u00f3 igualado, pero Ansa II abri\u00f3 una bonita brecha de cinco tantos de ventaja en el 8-3. Tras el 9-5, Barrenetxea consigui\u00f3 romper a sudar y con un parcial de 3-12 se adelant\u00f3 11-15. Fue la primera tacada importante del choque, el segundo ser\u00eda letal.<\/div>\n<div>Ambos pelotaris se fueron a sentarse al primer descanso y Ansa se levant\u00f3 con m\u00e1s br\u00edo. Tuvo una peque\u00f1a reacci\u00f3n que le puso a un tanto, 15-16, pero Barrenetxea tuvo su mejor momento con el saque y con otro parcial de 1-7 se escap\u00f3 16-23. Ansa no estaba ni mucho menos KO y Barrenetxea lo sab\u00eda. El verse por detr\u00e1s pudo tranquilizar a Ansa y empez\u00f3 a sacar su mejor juego. Sab\u00eda que para remontar ten\u00eda que arriesgar m\u00e1s y as\u00ed fue. Mejor\u00f3 mucho con el saque, hasta entonces sufri\u00f3 mucho sin acertar a arrimar a la pared, y cuando ten\u00eda oportunidad terminaba el tanto a dos paredes.<\/div>\n<div>La desventaja de siete tantos fue acort\u00e1ndose poco a poco. Se pas\u00f3 al 20-23 y la final se volvi\u00f3 a apretar. Tras el 22-23 y Barrenetxea respir\u00f3 recuperando el saque en el 22-24, pero el partido ya hab\u00eda cambiado de direcci\u00f3n. El urnietarra puso el quinto empate en el marcador, en el 24 iguales y decidi\u00f3 el partido escap\u00e1ndose 29-25. Lo ten\u00eda cerca y hab\u00eda hecho lo m\u00e1s dif\u00edcil, solo quedaba rubricar la victoria. Barrenetxea hizo el 26, pero cerr\u00f3 el partido con su segunda falta de saque, por pocos cent\u00edmetros, que supuso el 30-26 definitivo.<\/div>\n<div>Al final ambos remontistas recibieron aplausos y el merecido homenaje por parte de una afici\u00f3n que disfrut\u00f3 de un ambiente inmejorable, de los que invitan a volver a Galarreta, agradecido por el duelo igualado y emocionante que ofrecieron. El front\u00f3n hernaniarra vivi\u00f3 un d\u00eda especial.<\/div>\n<div>Ansa en el papel de Barrenetxea hizo 8 tantos de saque por dos fallos de saque, por seis tantos de Barrenetxea y tres faltas de saque. En el peloteo el hernaniarra tambi\u00e9n cometi\u00f3 m\u00e1s fallos , cinco por tres, y a pesar de hacer m\u00e1s tantos y dominar m\u00e1s en el peloteo se le escap\u00f3 el partido y gan\u00f3 con merecimiento Ansa II.<\/div>\n<\/div>\n<div><\/div>\n<div><img decoding=\"async\" class=\"alignnone size-medium wp-image-8347\" src=\"https:\/\/oriamendi.eus\/wp-content\/uploads\/2024\/09\/IMG_20240928_192711_2000_x_1333_pixel-300x200.jpg\" alt=\"\" width=\"300\" height=\"200\" \/><\/div>\n<div><\/div>\n<div><b>Ansa II: \u00abAurretik edo atzetik joan, oso kontzentraturik jokatu dut denbora guztian\u00bb<\/b><\/div>\n<div><\/div>\n<div>\u00abSufrimendu guztiak merezi izatea ekartzen du txapelak, baina bideaz ez baduzu gozatzen garratz puntua izaten du eta nire kasuan asko gozatu dut. Nire helburua ez zen txapelan pentsatzea, baizik eta txapela irabazi eta nire ingurukoekin ospatzeko aukera izatea da aberasgarriena eta poza ematen didana. Nahiz eta 23-16 galtzen joan oso kontzentraturik nengoen eta tantoz tanto joan naiz galtzen edo irabazten joan. Hori etxetik nakarren buruan eta ez nun amaieran pentsatzen. 29garrena egin dudanean ez nekien 29garrena zenik markagailura begiratu dudan arte. Sakearekin asko sufritu dut, nahi bezala gurutzatu gabe. Errestoan ongi eutsi det Endikaren sakea. Finala ez da bete-betekoa izan, peloteorik gabe, izan da borrokatua baina bakoitzaren buruarekin. Txapela anaiari eta koadrilakoei eskaintzen diet. Aurten bereziki babestu didate eta anaiak esan zidan bigarren txapela jarraian irabazten banuen oso harro egongo zela\u00bb.<\/div>\n<div><\/div>\n<div><b>Barrenetxea IV: \u00abGeldialditik kale edo bale egitera irten da eta ongi irten zaio\u00bb<\/b><\/div>\n<div><\/div>\n<div>\u00abPartiduak 30era dira. 23raino egindakoak ez du balio gero ez baduzu partida ixten. Hasieran oso lotuta nengoen, gero partiduan sartu naiz eta 23-16koan esan diot Aritz Zubiriri bera lasaitu egingo zela eta nik tentsioa nabarituko nuela. Horrela izan da. Lasaitu egin da, hobeto sakatu du eta sake errestoan bi paretak bota eta sartu egin zaizka. Zorionak ematen dizkiot txapelagatik. Orain hurrengo txapelketa prestatu behar da. Gedlialdia eta gero bera hobeto atera da, animali zauritua bezala. Kale o bale irten da eta ongi irten zaio. Ez dago besterik\u00bb.<\/div>\n<div><\/div>\n<div><\/div>\n<div><\/div>\n<div><b>Marcador:\u00a0<\/b>0-1, 1-1, 1-2, 2-2, 3-2, 6-3, 8-3, 9-5, 9-7,9-9, 10-9, 10-10, 10-11, 10-12, 11-13, 11-14, 11-15, 14-16, 15-16, 15-17, 16-18, 16-20, 16-23, 22-23, 22-24, 23-24, 26-24, 26-25, 29-25, 29-26, 30-26.<\/div>\n<div><b>\u00a0<\/b><\/div>\n<div><b>PALMAR\u00c9S<\/b><\/div>\n<div><\/div>\n<div>\n<div>\n<div>\n<p><b>A\u00d1O CAMPE\u00d3N-SUBCAMPE\u00d3N<\/b><\/p>\n<p>1944 \u00c1BREGO-SALSAMENDI<br \/>\n1952 ARESO<br \/>\n1981 INTXAUSPE-ZESTAU<br \/>\n1986 AGERRE-INTXAUSPE<br \/>\n1987 INTXAUSPE-MUJIKA I<br \/>\n1988 MUJICA I-AIZPURU<br \/>\n1989 MATXIN II-INTXAUSPE<br \/>\n1990 MATXIN II-MUJIKA I<br \/>\n1991 MUJICA I-ELIZALDE<br \/>\n1992 MATXIN II-MUJIKA I<br \/>\n1993 AIZPURU-AGERRE<br \/>\n1994 MATXIN II-AIZPURU<br \/>\n1995 EZKURRA-AIZPURU<br \/>\n1996 EZKURRA-EIZAGIRRE<br \/>\n1997 EZKURRA-EIZAGIRRE<br \/>\n1998 EZKURRA-LIZASO<br \/>\n1999 EZKURRA-EIZAGIRRE<br \/>\n2000 LIZASO-EZKURRA<br \/>\n2001 EZKURRA-LIZASO<br \/>\n2002 EZKURRA-ZEBERIO II<br \/>\n2003 EIZAGIRRE-EZKURRA<br \/>\n2004 EZKURRA-LIZASO<br \/>\n2005 EZKURRA-LIZASO<br \/>\n2006 ZEBERIO II-URRUTIA I<br \/>\n2007 ZEBERIO II-EZKURRA<br \/>\n2008 URRUTIA I-ZEBERIO II<br \/>\n2009 URRUTIA I-ZEBERIO II<br \/>\n2010 EZKURRA-SAN MIGUEL<br \/>\n2011 EZKURRA-URRUTIA I<\/p>\n<\/div>\n<div>2012 URRIZA-ZEBERIO II<\/div>\n<div>2013 URRIZA-SAN MIGUEL<\/div>\n<div>2014 SAN MIGUEL-URRIZA<\/div>\n<div>2015 URRIZA-UTERGA<\/div>\n<div>2016 URRIZA-BARRENETXEA IV<\/div>\n<div>2017 URRIZA-UTERGA<\/div>\n<\/div>\n<div>2018 URRIZA-UTERGA<\/div>\n<div>2019 BARRENETXEA IV-URRIZA<\/div>\n<div>2020 URRIZA-ENDIKA<\/div>\n<div>2021 BARRENETXEA IV-URRIZA<\/div>\n<div>2022 URRIZA-BARRENETXEA IV<\/div>\n<\/div>\n<div>2023 ANSA II-JUANENEA<\/div>\n<div><b>2024 ANSA II-BARRENETXEA IV<\/b><\/div>\n","protected":false},"excerpt":{"rendered":"<p>Se impone 30-26 a Barrenetxea IV en la gran final del Torneo Eusko Label de remonte \u00a0 Imanol Ansa revalid\u00f3 el t\u00edtulo de campe\u00f3n individual de remonte tras imponerse 30-26 a Endika Barrenetxea en la gran final del Torneo Eusko Label. Suma su segunda txapela y se coloca con dos en el palmar\u00e9s empatado por [&hellip;]<\/p>\n","protected":false},"author":5,"featured_media":8345,"comment_status":"closed","ping_status":"open","sticky":false,"template":"","format":"standard","meta":{"_et_pb_use_builder":"","_et_pb_old_content":"","_et_gb_content_width":"","footnotes":""},"categories":[1],"tags":[],"yoast_head":"<!-- This site is optimized with the Yoast SEO plugin v21.8 - https:\/\/yoast.com\/wordpress\/plugins\/seo\/ -->\n<title>Ansa II suma su segunda txapela de campe\u00f3n | Oriamendi 2010<\/title>\n<meta name=\"robots\" content=\"index, follow, max-snippet:-1, max-image-preview:large, max-video-preview:-1\" \/>\n<link rel=\"canonical\" href=\"https:\/\/oriamendi.eus\/es\/2024\/09\/28\/ansa-ii-suma-su-segunda-txapela-de-campeon\/\" \/>\n<meta property=\"og:locale\" content=\"es_ES\" \/>\n<meta property=\"og:type\" content=\"article\" \/>\n<meta property=\"og:title\" content=\"Ansa II suma su segunda txapela de campe\u00f3n | Oriamendi 2010\" \/>\n<meta property=\"og:description\" content=\"Se impone 30-26 a Barrenetxea IV en la gran final del Torneo Eusko Label de remonte \u00a0 Imanol Ansa revalid\u00f3 el t\u00edtulo de campe\u00f3n individual de remonte tras imponerse 30-26 a Endika Barrenetxea en la gran final del Torneo Eusko Label. Suma su segunda txapela y se coloca con dos en el palmar\u00e9s empatado por [&hellip;]\" \/>\n<meta property=\"og:url\" content=\"https:\/\/oriamendi.eus\/es\/2024\/09\/28\/ansa-ii-suma-su-segunda-txapela-de-campeon\/\" \/>\n<meta property=\"og:site_name\" content=\"Oriamendi 2010\" \/>\n<meta property=\"article:publisher\" content=\"https:\/\/www.facebook.com\/oriamendi2010remonte\/\" \/>\n<meta property=\"article:published_time\" content=\"2024-09-28T17:42:20+00:00\" \/>\n<meta property=\"article:modified_time\" content=\"2024-10-02T09:02:19+00:00\" \/>\n<meta property=\"og:image\" content=\"https:\/\/oriamendi.eus\/wp-content\/uploads\/2024\/09\/IMG_20240928_192600_2000_x_1334_pixel.jpg\" \/>\n\t<meta property=\"og:image:width\" content=\"1200\" \/>\n\t<meta property=\"og:image:height\" content=\"800\" \/>\n\t<meta property=\"og:image:type\" content=\"image\/jpeg\" \/>\n<meta name=\"author\" content=\"I\u00f1igo Go\u00f1i\" \/>\n<meta name=\"twitter:card\" content=\"summary_large_image\" \/>\n<meta name=\"twitter:creator\" content=\"@oriamendi2010\" \/>\n<meta name=\"twitter:site\" content=\"@oriamendi2010\" \/>\n<meta name=\"twitter:label1\" content=\"Escrito por\" \/>\n\t<meta name=\"twitter:data1\" content=\"I\u00f1igo Go\u00f1i\" \/>\n\t<meta name=\"twitter:label2\" content=\"Tiempo de lectura\" \/>\n\t<meta name=\"twitter:data2\" content=\"6 minutos\" \/>\n<script type=\"application\/ld+json\" class=\"yoast-schema-graph\">{\"@context\":\"https:\/\/schema.org\",\"@graph\":[{\"@type\":\"Article\",\"@id\":\"https:\/\/oriamendi.eus\/es\/2024\/09\/28\/ansa-ii-suma-su-segunda-txapela-de-campeon\/#article\",\"isPartOf\":{\"@id\":\"https:\/\/oriamendi.eus\/es\/2024\/09\/28\/ansa-ii-suma-su-segunda-txapela-de-campeon\/\"},\"author\":{\"name\":\"I\u00f1igo Go\u00f1i\",\"@id\":\"https:\/\/oriamendi.eus\/es\/#\/schema\/person\/c0bd06c6c747674306a5c82563e2339a\"},\"headline\":\"Ansa II suma su segunda txapela de campe\u00f3n\",\"datePublished\":\"2024-09-28T17:42:20+00:00\",\"dateModified\":\"2024-10-02T09:02:19+00:00\",\"mainEntityOfPage\":{\"@id\":\"https:\/\/oriamendi.eus\/es\/2024\/09\/28\/ansa-ii-suma-su-segunda-txapela-de-campeon\/\"},\"wordCount\":1101,\"publisher\":{\"@id\":\"https:\/\/oriamendi.eus\/es\/#organization\"},\"articleSection\":[\"Sin categorizar\"],\"inLanguage\":\"es\"},{\"@type\":\"WebPage\",\"@id\":\"https:\/\/oriamendi.eus\/es\/2024\/09\/28\/ansa-ii-suma-su-segunda-txapela-de-campeon\/\",\"url\":\"https:\/\/oriamendi.eus\/es\/2024\/09\/28\/ansa-ii-suma-su-segunda-txapela-de-campeon\/\",\"name\":\"Ansa II suma su segunda txapela de campe\u00f3n | Oriamendi 2010\",\"isPartOf\":{\"@id\":\"https:\/\/oriamendi.eus\/es\/#website\"},\"datePublished\":\"2024-09-28T17:42:20+00:00\",\"dateModified\":\"2024-10-02T09:02:19+00:00\",\"breadcrumb\":{\"@id\":\"https:\/\/oriamendi.eus\/es\/2024\/09\/28\/ansa-ii-suma-su-segunda-txapela-de-campeon\/#breadcrumb\"},\"inLanguage\":\"es\",\"potentialAction\":[{\"@type\":\"ReadAction\",\"target\":[\"https:\/\/oriamendi.eus\/es\/2024\/09\/28\/ansa-ii-suma-su-segunda-txapela-de-campeon\/\"]}]},{\"@type\":\"BreadcrumbList\",\"@id\":\"https:\/\/oriamendi.eus\/es\/2024\/09\/28\/ansa-ii-suma-su-segunda-txapela-de-campeon\/#breadcrumb\",\"itemListElement\":[{\"@type\":\"ListItem\",\"position\":1,\"name\":\"Portada\",\"item\":\"https:\/\/oriamendi.eus\/es\/\"},{\"@type\":\"ListItem\",\"position\":2,\"name\":\"Ansa II suma su segunda txapela de campe\u00f3n\"}]},{\"@type\":\"WebSite\",\"@id\":\"https:\/\/oriamendi.eus\/es\/#website\",\"url\":\"https:\/\/oriamendi.eus\/es\/\",\"name\":\"Oriamendi\",\"description\":\"Remonte en Galarreta. Hernani. Gipuzkoa\",\"publisher\":{\"@id\":\"https:\/\/oriamendi.eus\/es\/#organization\"},\"potentialAction\":[{\"@type\":\"SearchAction\",\"target\":{\"@type\":\"EntryPoint\",\"urlTemplate\":\"https:\/\/oriamendi.eus\/es\/?s={search_term_string}\"},\"query-input\":\"required name=search_term_string\"}],\"inLanguage\":\"es\"},{\"@type\":\"Organization\",\"@id\":\"https:\/\/oriamendi.eus\/es\/#organization\",\"name\":\"Oriamendi\",\"url\":\"https:\/\/oriamendi.eus\/es\/\",\"logo\":{\"@type\":\"ImageObject\",\"inLanguage\":\"es\",\"@id\":\"https:\/\/oriamendi.eus\/es\/#\/schema\/logo\/image\/\",\"url\":\"https:\/\/oriamendi.eus\/wp-content\/uploads\/2020\/06\/logo-oriamendi.png\",\"contentUrl\":\"https:\/\/oriamendi.eus\/wp-content\/uploads\/2020\/06\/logo-oriamendi.png\",\"width\":300,\"height\":90,\"caption\":\"Oriamendi\"},\"image\":{\"@id\":\"https:\/\/oriamendi.eus\/es\/#\/schema\/logo\/image\/\"},\"sameAs\":[\"https:\/\/www.facebook.com\/oriamendi2010remonte\/\",\"https:\/\/twitter.com\/oriamendi2010\",\"https:\/\/www.instagram.com\/galarretajaialai\/\",\"https:\/\/www.youtube.com\/channel\/UC8gVNzQqB1iwnC-_rI-ihmA\/featured\"]},{\"@type\":\"Person\",\"@id\":\"https:\/\/oriamendi.eus\/es\/#\/schema\/person\/c0bd06c6c747674306a5c82563e2339a\",\"name\":\"I\u00f1igo Go\u00f1i\",\"image\":{\"@type\":\"ImageObject\",\"inLanguage\":\"es\",\"@id\":\"https:\/\/oriamendi.eus\/es\/#\/schema\/person\/image\/\",\"url\":\"https:\/\/secure.gravatar.com\/avatar\/fbb07ffc7b803bbfcc2b6419c06abd3a?s=96&d=mm&r=g\",\"contentUrl\":\"https:\/\/secure.gravatar.com\/avatar\/fbb07ffc7b803bbfcc2b6419c06abd3a?s=96&d=mm&r=g\",\"caption\":\"I\u00f1igo Go\u00f1i\"},\"url\":\"https:\/\/oriamendi.eus\/es\/author\/om-berriak\/\"}]}<\/script>\n<!-- \/ Yoast SEO plugin. -->","yoast_head_json":{"title":"Ansa II suma su segunda txapela de campe\u00f3n | Oriamendi 2010","robots":{"index":"index","follow":"follow","max-snippet":"max-snippet:-1","max-image-preview":"max-image-preview:large","max-video-preview":"max-video-preview:-1"},"canonical":"https:\/\/oriamendi.eus\/es\/2024\/09\/28\/ansa-ii-suma-su-segunda-txapela-de-campeon\/","og_locale":"es_ES","og_type":"article","og_title":"Ansa II suma su segunda txapela de campe\u00f3n | Oriamendi 2010","og_description":"Se impone 30-26 a Barrenetxea IV en la gran final del Torneo Eusko Label de remonte \u00a0 Imanol Ansa revalid\u00f3 el t\u00edtulo de campe\u00f3n individual de remonte tras imponerse 30-26 a Endika Barrenetxea en la gran final del Torneo Eusko Label. Suma su segunda txapela y se coloca con dos en el palmar\u00e9s empatado por [&hellip;]","og_url":"https:\/\/oriamendi.eus\/es\/2024\/09\/28\/ansa-ii-suma-su-segunda-txapela-de-campeon\/","og_site_name":"Oriamendi 2010","article_publisher":"https:\/\/www.facebook.com\/oriamendi2010remonte\/","article_published_time":"2024-09-28T17:42:20+00:00","article_modified_time":"2024-10-02T09:02:19+00:00","og_image":[{"width":1200,"height":800,"url":"https:\/\/oriamendi.eus\/wp-content\/uploads\/2024\/09\/IMG_20240928_192600_2000_x_1334_pixel.jpg","type":"image\/jpeg"}],"author":"I\u00f1igo Go\u00f1i","twitter_card":"summary_large_image","twitter_creator":"@oriamendi2010","twitter_site":"@oriamendi2010","twitter_misc":{"Escrito por":"I\u00f1igo Go\u00f1i","Tiempo de lectura":"6 minutos"},"schema":{"@context":"https:\/\/schema.org","@graph":[{"@type":"Article","@id":"https:\/\/oriamendi.eus\/es\/2024\/09\/28\/ansa-ii-suma-su-segunda-txapela-de-campeon\/#article","isPartOf":{"@id":"https:\/\/oriamendi.eus\/es\/2024\/09\/28\/ansa-ii-suma-su-segunda-txapela-de-campeon\/"},"author":{"name":"I\u00f1igo Go\u00f1i","@id":"https:\/\/oriamendi.eus\/es\/#\/schema\/person\/c0bd06c6c747674306a5c82563e2339a"},"headline":"Ansa II suma su segunda txapela de campe\u00f3n","datePublished":"2024-09-28T17:42:20+00:00","dateModified":"2024-10-02T09:02:19+00:00","mainEntityOfPage":{"@id":"https:\/\/oriamendi.eus\/es\/2024\/09\/28\/ansa-ii-suma-su-segunda-txapela-de-campeon\/"},"wordCount":1101,"publisher":{"@id":"https:\/\/oriamendi.eus\/es\/#organization"},"articleSection":["Sin categorizar"],"inLanguage":"es"},{"@type":"WebPage","@id":"https:\/\/oriamendi.eus\/es\/2024\/09\/28\/ansa-ii-suma-su-segunda-txapela-de-campeon\/","url":"https:\/\/oriamendi.eus\/es\/2024\/09\/28\/ansa-ii-suma-su-segunda-txapela-de-campeon\/","name":"Ansa II suma su segunda txapela de campe\u00f3n | Oriamendi 2010","isPartOf":{"@id":"https:\/\/oriamendi.eus\/es\/#website"},"datePublished":"2024-09-28T17:42:20+00:00","dateModified":"2024-10-02T09:02:19+00:00","breadcrumb":{"@id":"https:\/\/oriamendi.eus\/es\/2024\/09\/28\/ansa-ii-suma-su-segunda-txapela-de-campeon\/#breadcrumb"},"inLanguage":"es","potentialAction":[{"@type":"ReadAction","target":["https:\/\/oriamendi.eus\/es\/2024\/09\/28\/ansa-ii-suma-su-segunda-txapela-de-campeon\/"]}]},{"@type":"BreadcrumbList","@id":"https:\/\/oriamendi.eus\/es\/2024\/09\/28\/ansa-ii-suma-su-segunda-txapela-de-campeon\/#breadcrumb","itemListElement":[{"@type":"ListItem","position":1,"name":"Portada","item":"https:\/\/oriamendi.eus\/es\/"},{"@type":"ListItem","position":2,"name":"Ansa II suma su segunda txapela de campe\u00f3n"}]},{"@type":"WebSite","@id":"https:\/\/oriamendi.eus\/es\/#website","url":"https:\/\/oriamendi.eus\/es\/","name":"Oriamendi","description":"Remonte en Galarreta. Hernani. Gipuzkoa","publisher":{"@id":"https:\/\/oriamendi.eus\/es\/#organization"},"potentialAction":[{"@type":"SearchAction","target":{"@type":"EntryPoint","urlTemplate":"https:\/\/oriamendi.eus\/es\/?s={search_term_string}"},"query-input":"required name=search_term_string"}],"inLanguage":"es"},{"@type":"Organization","@id":"https:\/\/oriamendi.eus\/es\/#organization","name":"Oriamendi","url":"https:\/\/oriamendi.eus\/es\/","logo":{"@type":"ImageObject","inLanguage":"es","@id":"https:\/\/oriamendi.eus\/es\/#\/schema\/logo\/image\/","url":"https:\/\/oriamendi.eus\/wp-content\/uploads\/2020\/06\/logo-oriamendi.png","contentUrl":"https:\/\/oriamendi.eus\/wp-content\/uploads\/2020\/06\/logo-oriamendi.png","width":300,"height":90,"caption":"Oriamendi"},"image":{"@id":"https:\/\/oriamendi.eus\/es\/#\/schema\/logo\/image\/"},"sameAs":["https:\/\/www.facebook.com\/oriamendi2010remonte\/","https:\/\/twitter.com\/oriamendi2010","https:\/\/www.instagram.com\/galarretajaialai\/","https:\/\/www.youtube.com\/channel\/UC8gVNzQqB1iwnC-_rI-ihmA\/featured"]},{"@type":"Person","@id":"https:\/\/oriamendi.eus\/es\/#\/schema\/person\/c0bd06c6c747674306a5c82563e2339a","name":"I\u00f1igo Go\u00f1i","image":{"@type":"ImageObject","inLanguage":"es","@id":"https:\/\/oriamendi.eus\/es\/#\/schema\/person\/image\/","url":"https:\/\/secure.gravatar.com\/avatar\/fbb07ffc7b803bbfcc2b6419c06abd3a?s=96&d=mm&r=g","contentUrl":"https:\/\/secure.gravatar.com\/avatar\/fbb07ffc7b803bbfcc2b6419c06abd3a?s=96&d=mm&r=g","caption":"I\u00f1igo Go\u00f1i"},"url":"https:\/\/oriamendi.eus\/es\/author\/om-berriak\/"}]}},"_links":{"self":[{"href":"https:\/\/oriamendi.eus\/es\/wp-json\/wp\/v2\/posts\/8344"}],"collection":[{"href":"https:\/\/oriamendi.eus\/es\/wp-json\/wp\/v2\/posts"}],"about":[{"href":"https:\/\/oriamendi.eus\/es\/wp-json\/wp\/v2\/types\/post"}],"author":[{"embeddable":true,"href":"https:\/\/oriamendi.eus\/es\/wp-json\/wp\/v2\/users\/5"}],"replies":[{"embeddable":true,"href":"https:\/\/oriamendi.eus\/es\/wp-json\/wp\/v2\/comments?post=8344"}],"version-history":[{"count":3,"href":"https:\/\/oriamendi.eus\/es\/wp-json\/wp\/v2\/posts\/8344\/revisions"}],"predecessor-version":[{"id":8356,"href":"https:\/\/oriamendi.eus\/es\/wp-json\/wp\/v2\/posts\/8344\/revisions\/8356"}],"wp:featuredmedia":[{"embeddable":true,"href":"https:\/\/oriamendi.eus\/es\/wp-json\/wp\/v2\/media\/8345"}],"wp:attachment":[{"href":"https:\/\/oriamendi.eus\/es\/wp-json\/wp\/v2\/media?parent=8344"}],"wp:term":[{"taxonomy":"category","embeddable":true,"href":"https:\/\/oriamendi.eus\/es\/wp-json\/wp\/v2\/categories?post=8344"},{"taxonomy":"post_tag","embeddable":true,"href":"https:\/\/oriamendi.eus\/es\/wp-json\/wp\/v2\/tags?post=8344"}],"curies":[{"name":"wp","href":"https:\/\/api.w.org\/{rel}","templated":true}]}}