                                        
                                        
                                        
                                        
                                        
                                        
                                        
                                        
                                        
                                        
                                        
                                        
                                        
                                        
                                        
                                        
                                        
                                        
{"id":8336,"date":"2024-09-21T18:23:41","date_gmt":"2024-09-21T16:23:41","guid":{"rendered":"https:\/\/oriamendi.eus\/?p=8336"},"modified":"2024-09-21T18:23:41","modified_gmt":"2024-09-21T16:23:41","slug":"ansa-ii-sera-el-rival-de-barrenetxea-iv-en-la-final-del-torneo-eusko-label","status":"publish","type":"post","link":"https:\/\/oriamendi.eus\/es\/2024\/09\/21\/ansa-ii-sera-el-rival-de-barrenetxea-iv-en-la-final-del-torneo-eusko-label\/","title":{"rendered":"Ansa II ser\u00e1 el rival de Barrenetxea IV en la final del Torneo Eusko Label"},"content":{"rendered":"<div><b>El de Urnieta se impone 30-22 a Urriza en la semifinal del campeonato individual<\/b><\/div>\n<div><b>\u00a0<\/b><\/div>\n<div>Imanol Ansa podr\u00e1 defender el t\u00edtulo de campe\u00f3n individual de remonte en la final del Torneo Eusko Label, despu\u00e9s de vencer 30-22 a Javier Urriza en la semifinal disputado en Galarreta. Por lo tanto, el de Urnieta ser\u00e1 el rival de Barrenetxea IV en la gran final del pr\u00f3ximo s\u00e1bado 28 de septiembre.<\/div>\n<div>Ansa II gan\u00f3 el a\u00f1o pasado el campeonato individual y en invierno hizo lo propio en el Master. Ahora llega a la final y a pesar de que la c\u00e1tedra todav\u00eda no conf\u00eda en \u00e9l al 100% volvi\u00f3 a demostrar que en la actualidad es el remontista a batir. A pesar de que Urriza le pas\u00f3 por encima en el primer partido de la liguilla, en la semifinal fue superior a su rival. Demostr\u00f3 estar, una vez m\u00e1s, mejor que nadie f\u00edsicamente y su crecimiento en el aspecto mental es ya un hecho. Nunca se viene abajo y sabe rendir al m\u00e1ximo en los partidos importantes. Eso solo lo hacen los campeones y Ansa ya lo es por m\u00e9rito propio. Y eso que el dinero sali\u00f3 100 a 70 a favor de Urriza. El recuerdo reciente del partido entre ambos pes\u00f3 mucho.<\/div>\n<div>Ansa II empez\u00f3 ganando 1-0, pero Urriza le pas\u00f3 1-3. Era un toma y daca constante y nadie se impon\u00eda. La igualdad en la primera parte del partido era m\u00e1xima.<\/div>\n<div>El marcador ense\u00f1aba empates constantes a 1, a 3, a 4, a 5, a 6, a 7, a 8, a 10, a 11, a 12, a 13, a 14 y a 15. Adem\u00e1s, las alternativas en el marcador eran la t\u00f3nica generalizada del choque, sin que nadie cogiera ventajas de m\u00e1s de dos tantos de distancia. Trece empates en la primera mitad del encuentro, lo que evidenciaba la igualdad existente.<\/div>\n<div>Eso s\u00ed, no hab\u00eda mucho peloteo. En la segunda parte cambi\u00f3 la decoraci\u00f3n del partido. Ansa sigui\u00f3 fresco de piernas y empez\u00f3 a acertar m\u00e1s con el saque. Eso hizo que llegara la primera ventaja seria de cuatro tantos de ventaja en el 20-16. Y por primera vez la c\u00e1tedra le daba el cr\u00e9dito que se merec\u00eda y cambiaba el color del dinero a favor del urnietarra.<\/div>\n<div>Urriza intentaba acercarse en el marcador, pero Ansa no se dejaba atrapar. Controlaba bien la peque\u00f1a renta y la aumentaba a cinco en el 23-18 y a seis en el 26-20. El de Pamplona hizo una intentona para apretar m\u00e1s el marcador y se acerc\u00f3 26-22. El siguiente tanto fue decisivo. Quiz\u00e1s fue decisivo. Urriza tuvo en su mano el 23, pero Ansa se defendi\u00f3 bien y cuando pas\u00f3 a atacar Urriza no pudo llevar un bote corrido que puso un 27-22 que hizo mucho da\u00f1o al ocho veces campe\u00f3n.<\/div>\n<div>Ansa se fue directo al cart\u00f3n 30 y con todo merecimiento pas\u00f3 a la final tras hora y tres minutos de partido. En la segunda mitad del partido tuvo las cosas m\u00e1s claras y fue mejor al saque, al resto y en el peloteo, ante un Urriza que no pudo aguantar el ritmo de Ansa II. A ver quien se atreve ahora a dar como favorito a Barrenetxea en la final del pr\u00f3ximo s\u00e1bado.<\/div>\n","protected":false},"excerpt":{"rendered":"<p>El de Urnieta se impone 30-22 a Urriza en la semifinal del campeonato individual \u00a0 Imanol Ansa podr\u00e1 defender el t\u00edtulo de campe\u00f3n individual de remonte en la final del Torneo Eusko Label, despu\u00e9s de vencer 30-22 a Javier Urriza en la semifinal disputado en Galarreta. Por lo tanto, el de Urnieta ser\u00e1 el rival [&hellip;]<\/p>\n","protected":false},"author":5,"featured_media":8337,"comment_status":"closed","ping_status":"open","sticky":false,"template":"","format":"standard","meta":{"_et_pb_use_builder":"","_et_pb_old_content":"","_et_gb_content_width":"","footnotes":""},"categories":[1],"tags":[],"yoast_head":"<!-- This site is optimized with the Yoast SEO plugin v21.8 - https:\/\/yoast.com\/wordpress\/plugins\/seo\/ -->\n<title>Ansa II ser\u00e1 el rival de Barrenetxea IV en la final del Torneo Eusko Label | Oriamendi 2010<\/title>\n<meta name=\"robots\" content=\"index, follow, max-snippet:-1, max-image-preview:large, max-video-preview:-1\" \/>\n<link rel=\"canonical\" href=\"https:\/\/oriamendi.eus\/es\/2024\/09\/21\/ansa-ii-sera-el-rival-de-barrenetxea-iv-en-la-final-del-torneo-eusko-label\/\" \/>\n<meta property=\"og:locale\" content=\"es_ES\" \/>\n<meta property=\"og:type\" content=\"article\" \/>\n<meta property=\"og:title\" content=\"Ansa II ser\u00e1 el rival de Barrenetxea IV en la final del Torneo Eusko Label | Oriamendi 2010\" \/>\n<meta property=\"og:description\" content=\"El de Urnieta se impone 30-22 a Urriza en la semifinal del campeonato individual \u00a0 Imanol Ansa podr\u00e1 defender el t\u00edtulo de campe\u00f3n individual de remonte en la final del Torneo Eusko Label, despu\u00e9s de vencer 30-22 a Javier Urriza en la semifinal disputado en Galarreta. Por lo tanto, el de Urnieta ser\u00e1 el rival [&hellip;]\" \/>\n<meta property=\"og:url\" content=\"https:\/\/oriamendi.eus\/es\/2024\/09\/21\/ansa-ii-sera-el-rival-de-barrenetxea-iv-en-la-final-del-torneo-eusko-label\/\" \/>\n<meta property=\"og:site_name\" content=\"Oriamendi 2010\" \/>\n<meta property=\"article:publisher\" content=\"https:\/\/www.facebook.com\/oriamendi2010remonte\/\" \/>\n<meta property=\"article:published_time\" content=\"2024-09-21T16:23:41+00:00\" \/>\n<meta property=\"og:image\" content=\"https:\/\/oriamendi.eus\/wp-content\/uploads\/2024\/09\/IMG_20240921_171542_2000_x_1333_pixel.jpg\" \/>\n\t<meta property=\"og:image:width\" content=\"1200\" \/>\n\t<meta property=\"og:image:height\" content=\"800\" \/>\n\t<meta property=\"og:image:type\" content=\"image\/jpeg\" \/>\n<meta name=\"author\" content=\"I\u00f1igo Go\u00f1i\" \/>\n<meta name=\"twitter:card\" content=\"summary_large_image\" \/>\n<meta name=\"twitter:creator\" content=\"@oriamendi2010\" \/>\n<meta name=\"twitter:site\" content=\"@oriamendi2010\" \/>\n<meta name=\"twitter:label1\" content=\"Escrito por\" \/>\n\t<meta name=\"twitter:data1\" content=\"I\u00f1igo Go\u00f1i\" \/>\n\t<meta name=\"twitter:label2\" content=\"Tiempo de lectura\" \/>\n\t<meta name=\"twitter:data2\" content=\"3 minutos\" \/>\n<script type=\"application\/ld+json\" class=\"yoast-schema-graph\">{\"@context\":\"https:\/\/schema.org\",\"@graph\":[{\"@type\":\"Article\",\"@id\":\"https:\/\/oriamendi.eus\/es\/2024\/09\/21\/ansa-ii-sera-el-rival-de-barrenetxea-iv-en-la-final-del-torneo-eusko-label\/#article\",\"isPartOf\":{\"@id\":\"https:\/\/oriamendi.eus\/es\/2024\/09\/21\/ansa-ii-sera-el-rival-de-barrenetxea-iv-en-la-final-del-torneo-eusko-label\/\"},\"author\":{\"name\":\"I\u00f1igo Go\u00f1i\",\"@id\":\"https:\/\/oriamendi.eus\/es\/#\/schema\/person\/c0bd06c6c747674306a5c82563e2339a\"},\"headline\":\"Ansa II ser\u00e1 el rival de Barrenetxea IV en la final del Torneo Eusko Label\",\"datePublished\":\"2024-09-21T16:23:41+00:00\",\"dateModified\":\"2024-09-21T16:23:41+00:00\",\"mainEntityOfPage\":{\"@id\":\"https:\/\/oriamendi.eus\/es\/2024\/09\/21\/ansa-ii-sera-el-rival-de-barrenetxea-iv-en-la-final-del-torneo-eusko-label\/\"},\"wordCount\":570,\"publisher\":{\"@id\":\"https:\/\/oriamendi.eus\/es\/#organization\"},\"articleSection\":[\"Sin categorizar\"],\"inLanguage\":\"es\"},{\"@type\":\"WebPage\",\"@id\":\"https:\/\/oriamendi.eus\/es\/2024\/09\/21\/ansa-ii-sera-el-rival-de-barrenetxea-iv-en-la-final-del-torneo-eusko-label\/\",\"url\":\"https:\/\/oriamendi.eus\/es\/2024\/09\/21\/ansa-ii-sera-el-rival-de-barrenetxea-iv-en-la-final-del-torneo-eusko-label\/\",\"name\":\"Ansa II ser\u00e1 el rival de Barrenetxea IV en la final del Torneo Eusko Label | Oriamendi 2010\",\"isPartOf\":{\"@id\":\"https:\/\/oriamendi.eus\/es\/#website\"},\"datePublished\":\"2024-09-21T16:23:41+00:00\",\"dateModified\":\"2024-09-21T16:23:41+00:00\",\"breadcrumb\":{\"@id\":\"https:\/\/oriamendi.eus\/es\/2024\/09\/21\/ansa-ii-sera-el-rival-de-barrenetxea-iv-en-la-final-del-torneo-eusko-label\/#breadcrumb\"},\"inLanguage\":\"es\",\"potentialAction\":[{\"@type\":\"ReadAction\",\"target\":[\"https:\/\/oriamendi.eus\/es\/2024\/09\/21\/ansa-ii-sera-el-rival-de-barrenetxea-iv-en-la-final-del-torneo-eusko-label\/\"]}]},{\"@type\":\"BreadcrumbList\",\"@id\":\"https:\/\/oriamendi.eus\/es\/2024\/09\/21\/ansa-ii-sera-el-rival-de-barrenetxea-iv-en-la-final-del-torneo-eusko-label\/#breadcrumb\",\"itemListElement\":[{\"@type\":\"ListItem\",\"position\":1,\"name\":\"Portada\",\"item\":\"https:\/\/oriamendi.eus\/es\/\"},{\"@type\":\"ListItem\",\"position\":2,\"name\":\"Ansa II ser\u00e1 el rival de Barrenetxea IV en la final del Torneo Eusko Label\"}]},{\"@type\":\"WebSite\",\"@id\":\"https:\/\/oriamendi.eus\/es\/#website\",\"url\":\"https:\/\/oriamendi.eus\/es\/\",\"name\":\"Oriamendi\",\"description\":\"Remonte en Galarreta. Hernani. Gipuzkoa\",\"publisher\":{\"@id\":\"https:\/\/oriamendi.eus\/es\/#organization\"},\"potentialAction\":[{\"@type\":\"SearchAction\",\"target\":{\"@type\":\"EntryPoint\",\"urlTemplate\":\"https:\/\/oriamendi.eus\/es\/?s={search_term_string}\"},\"query-input\":\"required name=search_term_string\"}],\"inLanguage\":\"es\"},{\"@type\":\"Organization\",\"@id\":\"https:\/\/oriamendi.eus\/es\/#organization\",\"name\":\"Oriamendi\",\"url\":\"https:\/\/oriamendi.eus\/es\/\",\"logo\":{\"@type\":\"ImageObject\",\"inLanguage\":\"es\",\"@id\":\"https:\/\/oriamendi.eus\/es\/#\/schema\/logo\/image\/\",\"url\":\"https:\/\/oriamendi.eus\/wp-content\/uploads\/2020\/06\/logo-oriamendi.png\",\"contentUrl\":\"https:\/\/oriamendi.eus\/wp-content\/uploads\/2020\/06\/logo-oriamendi.png\",\"width\":300,\"height\":90,\"caption\":\"Oriamendi\"},\"image\":{\"@id\":\"https:\/\/oriamendi.eus\/es\/#\/schema\/logo\/image\/\"},\"sameAs\":[\"https:\/\/www.facebook.com\/oriamendi2010remonte\/\",\"https:\/\/twitter.com\/oriamendi2010\",\"https:\/\/www.instagram.com\/galarretajaialai\/\",\"https:\/\/www.youtube.com\/channel\/UC8gVNzQqB1iwnC-_rI-ihmA\/featured\"]},{\"@type\":\"Person\",\"@id\":\"https:\/\/oriamendi.eus\/es\/#\/schema\/person\/c0bd06c6c747674306a5c82563e2339a\",\"name\":\"I\u00f1igo Go\u00f1i\",\"image\":{\"@type\":\"ImageObject\",\"inLanguage\":\"es\",\"@id\":\"https:\/\/oriamendi.eus\/es\/#\/schema\/person\/image\/\",\"url\":\"https:\/\/secure.gravatar.com\/avatar\/fbb07ffc7b803bbfcc2b6419c06abd3a?s=96&d=mm&r=g\",\"contentUrl\":\"https:\/\/secure.gravatar.com\/avatar\/fbb07ffc7b803bbfcc2b6419c06abd3a?s=96&d=mm&r=g\",\"caption\":\"I\u00f1igo Go\u00f1i\"},\"url\":\"https:\/\/oriamendi.eus\/es\/author\/om-berriak\/\"}]}<\/script>\n<!-- \/ Yoast SEO plugin. -->","yoast_head_json":{"title":"Ansa II ser\u00e1 el rival de Barrenetxea IV en la final del Torneo Eusko Label | Oriamendi 2010","robots":{"index":"index","follow":"follow","max-snippet":"max-snippet:-1","max-image-preview":"max-image-preview:large","max-video-preview":"max-video-preview:-1"},"canonical":"https:\/\/oriamendi.eus\/es\/2024\/09\/21\/ansa-ii-sera-el-rival-de-barrenetxea-iv-en-la-final-del-torneo-eusko-label\/","og_locale":"es_ES","og_type":"article","og_title":"Ansa II ser\u00e1 el rival de Barrenetxea IV en la final del Torneo Eusko Label | Oriamendi 2010","og_description":"El de Urnieta se impone 30-22 a Urriza en la semifinal del campeonato individual \u00a0 Imanol Ansa podr\u00e1 defender el t\u00edtulo de campe\u00f3n individual de remonte en la final del Torneo Eusko Label, despu\u00e9s de vencer 30-22 a Javier Urriza en la semifinal disputado en Galarreta. Por lo tanto, el de Urnieta ser\u00e1 el rival [&hellip;]","og_url":"https:\/\/oriamendi.eus\/es\/2024\/09\/21\/ansa-ii-sera-el-rival-de-barrenetxea-iv-en-la-final-del-torneo-eusko-label\/","og_site_name":"Oriamendi 2010","article_publisher":"https:\/\/www.facebook.com\/oriamendi2010remonte\/","article_published_time":"2024-09-21T16:23:41+00:00","og_image":[{"width":1200,"height":800,"url":"https:\/\/oriamendi.eus\/wp-content\/uploads\/2024\/09\/IMG_20240921_171542_2000_x_1333_pixel.jpg","type":"image\/jpeg"}],"author":"I\u00f1igo Go\u00f1i","twitter_card":"summary_large_image","twitter_creator":"@oriamendi2010","twitter_site":"@oriamendi2010","twitter_misc":{"Escrito por":"I\u00f1igo Go\u00f1i","Tiempo de lectura":"3 minutos"},"schema":{"@context":"https:\/\/schema.org","@graph":[{"@type":"Article","@id":"https:\/\/oriamendi.eus\/es\/2024\/09\/21\/ansa-ii-sera-el-rival-de-barrenetxea-iv-en-la-final-del-torneo-eusko-label\/#article","isPartOf":{"@id":"https:\/\/oriamendi.eus\/es\/2024\/09\/21\/ansa-ii-sera-el-rival-de-barrenetxea-iv-en-la-final-del-torneo-eusko-label\/"},"author":{"name":"I\u00f1igo Go\u00f1i","@id":"https:\/\/oriamendi.eus\/es\/#\/schema\/person\/c0bd06c6c747674306a5c82563e2339a"},"headline":"Ansa II ser\u00e1 el rival de Barrenetxea IV en la final del Torneo Eusko Label","datePublished":"2024-09-21T16:23:41+00:00","dateModified":"2024-09-21T16:23:41+00:00","mainEntityOfPage":{"@id":"https:\/\/oriamendi.eus\/es\/2024\/09\/21\/ansa-ii-sera-el-rival-de-barrenetxea-iv-en-la-final-del-torneo-eusko-label\/"},"wordCount":570,"publisher":{"@id":"https:\/\/oriamendi.eus\/es\/#organization"},"articleSection":["Sin categorizar"],"inLanguage":"es"},{"@type":"WebPage","@id":"https:\/\/oriamendi.eus\/es\/2024\/09\/21\/ansa-ii-sera-el-rival-de-barrenetxea-iv-en-la-final-del-torneo-eusko-label\/","url":"https:\/\/oriamendi.eus\/es\/2024\/09\/21\/ansa-ii-sera-el-rival-de-barrenetxea-iv-en-la-final-del-torneo-eusko-label\/","name":"Ansa II ser\u00e1 el rival de Barrenetxea IV en la final del Torneo Eusko Label | Oriamendi 2010","isPartOf":{"@id":"https:\/\/oriamendi.eus\/es\/#website"},"datePublished":"2024-09-21T16:23:41+00:00","dateModified":"2024-09-21T16:23:41+00:00","breadcrumb":{"@id":"https:\/\/oriamendi.eus\/es\/2024\/09\/21\/ansa-ii-sera-el-rival-de-barrenetxea-iv-en-la-final-del-torneo-eusko-label\/#breadcrumb"},"inLanguage":"es","potentialAction":[{"@type":"ReadAction","target":["https:\/\/oriamendi.eus\/es\/2024\/09\/21\/ansa-ii-sera-el-rival-de-barrenetxea-iv-en-la-final-del-torneo-eusko-label\/"]}]},{"@type":"BreadcrumbList","@id":"https:\/\/oriamendi.eus\/es\/2024\/09\/21\/ansa-ii-sera-el-rival-de-barrenetxea-iv-en-la-final-del-torneo-eusko-label\/#breadcrumb","itemListElement":[{"@type":"ListItem","position":1,"name":"Portada","item":"https:\/\/oriamendi.eus\/es\/"},{"@type":"ListItem","position":2,"name":"Ansa II ser\u00e1 el rival de Barrenetxea IV en la final del Torneo Eusko Label"}]},{"@type":"WebSite","@id":"https:\/\/oriamendi.eus\/es\/#website","url":"https:\/\/oriamendi.eus\/es\/","name":"Oriamendi","description":"Remonte en Galarreta. Hernani. Gipuzkoa","publisher":{"@id":"https:\/\/oriamendi.eus\/es\/#organization"},"potentialAction":[{"@type":"SearchAction","target":{"@type":"EntryPoint","urlTemplate":"https:\/\/oriamendi.eus\/es\/?s={search_term_string}"},"query-input":"required name=search_term_string"}],"inLanguage":"es"},{"@type":"Organization","@id":"https:\/\/oriamendi.eus\/es\/#organization","name":"Oriamendi","url":"https:\/\/oriamendi.eus\/es\/","logo":{"@type":"ImageObject","inLanguage":"es","@id":"https:\/\/oriamendi.eus\/es\/#\/schema\/logo\/image\/","url":"https:\/\/oriamendi.eus\/wp-content\/uploads\/2020\/06\/logo-oriamendi.png","contentUrl":"https:\/\/oriamendi.eus\/wp-content\/uploads\/2020\/06\/logo-oriamendi.png","width":300,"height":90,"caption":"Oriamendi"},"image":{"@id":"https:\/\/oriamendi.eus\/es\/#\/schema\/logo\/image\/"},"sameAs":["https:\/\/www.facebook.com\/oriamendi2010remonte\/","https:\/\/twitter.com\/oriamendi2010","https:\/\/www.instagram.com\/galarretajaialai\/","https:\/\/www.youtube.com\/channel\/UC8gVNzQqB1iwnC-_rI-ihmA\/featured"]},{"@type":"Person","@id":"https:\/\/oriamendi.eus\/es\/#\/schema\/person\/c0bd06c6c747674306a5c82563e2339a","name":"I\u00f1igo Go\u00f1i","image":{"@type":"ImageObject","inLanguage":"es","@id":"https:\/\/oriamendi.eus\/es\/#\/schema\/person\/image\/","url":"https:\/\/secure.gravatar.com\/avatar\/fbb07ffc7b803bbfcc2b6419c06abd3a?s=96&d=mm&r=g","contentUrl":"https:\/\/secure.gravatar.com\/avatar\/fbb07ffc7b803bbfcc2b6419c06abd3a?s=96&d=mm&r=g","caption":"I\u00f1igo Go\u00f1i"},"url":"https:\/\/oriamendi.eus\/es\/author\/om-berriak\/"}]}},"_links":{"self":[{"href":"https:\/\/oriamendi.eus\/es\/wp-json\/wp\/v2\/posts\/8336"}],"collection":[{"href":"https:\/\/oriamendi.eus\/es\/wp-json\/wp\/v2\/posts"}],"about":[{"href":"https:\/\/oriamendi.eus\/es\/wp-json\/wp\/v2\/types\/post"}],"author":[{"embeddable":true,"href":"https:\/\/oriamendi.eus\/es\/wp-json\/wp\/v2\/users\/5"}],"replies":[{"embeddable":true,"href":"https:\/\/oriamendi.eus\/es\/wp-json\/wp\/v2\/comments?post=8336"}],"version-history":[{"count":1,"href":"https:\/\/oriamendi.eus\/es\/wp-json\/wp\/v2\/posts\/8336\/revisions"}],"predecessor-version":[{"id":8339,"href":"https:\/\/oriamendi.eus\/es\/wp-json\/wp\/v2\/posts\/8336\/revisions\/8339"}],"wp:featuredmedia":[{"embeddable":true,"href":"https:\/\/oriamendi.eus\/es\/wp-json\/wp\/v2\/media\/8337"}],"wp:attachment":[{"href":"https:\/\/oriamendi.eus\/es\/wp-json\/wp\/v2\/media?parent=8336"}],"wp:term":[{"taxonomy":"category","embeddable":true,"href":"https:\/\/oriamendi.eus\/es\/wp-json\/wp\/v2\/categories?post=8336"},{"taxonomy":"post_tag","embeddable":true,"href":"https:\/\/oriamendi.eus\/es\/wp-json\/wp\/v2\/tags?post=8336"}],"curies":[{"name":"wp","href":"https:\/\/api.w.org\/{rel}","templated":true}]}}