                                        
                                        
                                        
                                        
                                        
                                        
                                        
                                        
                                        
                                        
                                        
                                        
                                        
                                        
                                        
                                        
                                        
                                        
{"id":8333,"date":"2024-09-14T18:57:33","date_gmt":"2024-09-14T16:57:33","guid":{"rendered":"https:\/\/oriamendi.eus\/?p=8333"},"modified":"2024-09-14T18:57:33","modified_gmt":"2024-09-14T16:57:33","slug":"barrenetxea-se-clasifica-directamente-a-la-final-tras-superar-a-ansa","status":"publish","type":"post","link":"https:\/\/oriamendi.eus\/es\/2024\/09\/14\/barrenetxea-se-clasifica-directamente-a-la-final-tras-superar-a-ansa\/","title":{"rendered":"Barrenetxea se clasifica directamente a la final tras superar a Ansa"},"content":{"rendered":"<p><strong>El hernaniarra necesitaba 27 tantos, pero no s\u00f3lo eso, tambi\u00e9n ha ganado el partido 24-30. Urriza-Ansa ser\u00e1 la semifinal de la pr\u00f3xima semana<\/strong><\/p>\n<p>Endika Barrenetxea se ha clasificado para la final del Manomanista Eusko Label tras superar al Ansa, 24-30, en el \u00faltimo partido de la liguilla. El hernaniarra necesitaba 27 tantos para clasificarse directamente a la final y no s\u00f3lo eso, tambi\u00e9n gan\u00f3 el partido. Por lo tanto, la pr\u00f3xima semana Urriza y Ansa jugar\u00e1n la semifinal para saber qui\u00e9n se enfrentar\u00e1 a Barrenetxea en la final.<\/p>\n<p>Barrenetxea hizo mucho da\u00f1o de saque, con doce tantos en total, y los \u00faltimos cuatro los hizo con el primer pelotazo. Ansa estaba 24-23 por delante, pero al final se desesper\u00f3 ante el saque de Barrenetxea. El \u00faltimo parcial de 0-7 fue decisivo.<\/p>\n<p><strong>Partido r\u00e1pido y espectacular<\/strong><\/p>\n<p>Fue un partido r\u00e1pido y espectacular el vivido en Galarreta. Hubo mucha igualdad y aunque los tantos no fueron largos, fueron jugados a una velocidad vertiginosa. El tanto m\u00e1s largo y el mejor del d\u00eda fue el primero. Fue duro y al final se lo llev\u00f3 Ansa. Notaron el cansancio al finalizar el primer tanto y a Barrenetxea le cost\u00f3 m\u00e1s darle la vuelta al cuerpo. As\u00ed, Ansa hizo valer perfectamente su frescura y se adelant\u00f3 6-0.<\/p>\n<p>Sin embargo, el zaguero hernaniarra se fue recuperando poco a poco. Gracias a los dos paredes elegantes y con su temido saque dio la vuelta al marcador. Se puso por delante por primera vez en el 10 -11. Tuvo dos tantos de ventaja en el 10-12, pero de nuevo el urnietarra tom\u00f3 la delantera en el 15-12.<\/p>\n<p>A partir de ah\u00ed la igualdad fue m\u00e1xima. Nadie cog\u00eda demasiadas ventajas. Ansa estuvo m\u00e1s veces por delante, salvo en el 17-18, y tras empatar a 24, Barrenetxea hizo los 27 tantos que necesitaba. El tanto 27, 28, 29 y 30 consecutivos los hizo de saque. Ha ganado los tres partidos de la liguilla y ha terminado con doce puntos.<\/p>\n<p>El partido tuvo una duraci\u00f3n de 57 minutos y Barrenetxea hizo 15 tantos en el peloteo, doce de saque y cometi\u00f3 un error en el peloteo y cometi\u00f3 dos faltas de saque. Ansa, sin embargo, marc\u00f3 17 tantos en el peloteo, cuatro de saque y s\u00f3lo cometi\u00f3 un error.<\/p>\n<p>&nbsp;<\/p>\n<p><strong>Clasificaci\u00f3n<\/strong><\/p>\n<ol>\n<li>Barrenetxea IV 12 puntos<\/li>\n<li>Urriza 10 puntos<\/li>\n<li>Ansa II 4 puntos<\/li>\n<li>Juanenea 1 punto<\/li>\n<\/ol>\n","protected":false},"excerpt":{"rendered":"<p>El hernaniarra necesitaba 27 tantos, pero no s\u00f3lo eso, tambi\u00e9n ha ganado el partido 24-30. Urriza-Ansa ser\u00e1 la semifinal de la pr\u00f3xima semana Endika Barrenetxea se ha clasificado para la final del Manomanista Eusko Label tras superar al Ansa, 24-30, en el \u00faltimo partido de la liguilla. El hernaniarra necesitaba 27 tantos para clasificarse directamente [&hellip;]<\/p>\n","protected":false},"author":5,"featured_media":7312,"comment_status":"closed","ping_status":"open","sticky":false,"template":"","format":"standard","meta":{"_et_pb_use_builder":"","_et_pb_old_content":"","_et_gb_content_width":"","footnotes":""},"categories":[1],"tags":[],"yoast_head":"<!-- This site is optimized with the Yoast SEO plugin v21.8 - https:\/\/yoast.com\/wordpress\/plugins\/seo\/ -->\n<title>Barrenetxea se clasifica directamente a la final tras superar a Ansa | Oriamendi 2010<\/title>\n<meta name=\"robots\" content=\"index, follow, max-snippet:-1, max-image-preview:large, max-video-preview:-1\" \/>\n<link rel=\"canonical\" href=\"https:\/\/oriamendi.eus\/es\/2024\/09\/14\/barrenetxea-se-clasifica-directamente-a-la-final-tras-superar-a-ansa\/\" \/>\n<meta property=\"og:locale\" content=\"es_ES\" \/>\n<meta property=\"og:type\" content=\"article\" \/>\n<meta property=\"og:title\" content=\"Barrenetxea se clasifica directamente a la final tras superar a Ansa | Oriamendi 2010\" \/>\n<meta property=\"og:description\" content=\"El hernaniarra necesitaba 27 tantos, pero no s\u00f3lo eso, tambi\u00e9n ha ganado el partido 24-30. Urriza-Ansa ser\u00e1 la semifinal de la pr\u00f3xima semana Endika Barrenetxea se ha clasificado para la final del Manomanista Eusko Label tras superar al Ansa, 24-30, en el \u00faltimo partido de la liguilla. El hernaniarra necesitaba 27 tantos para clasificarse directamente [&hellip;]\" \/>\n<meta property=\"og:url\" content=\"https:\/\/oriamendi.eus\/es\/2024\/09\/14\/barrenetxea-se-clasifica-directamente-a-la-final-tras-superar-a-ansa\/\" \/>\n<meta property=\"og:site_name\" content=\"Oriamendi 2010\" \/>\n<meta property=\"article:publisher\" content=\"https:\/\/www.facebook.com\/oriamendi2010remonte\/\" \/>\n<meta property=\"article:published_time\" content=\"2024-09-14T16:57:33+00:00\" \/>\n<meta property=\"og:image\" content=\"https:\/\/oriamendi.eus\/wp-content\/uploads\/2023\/07\/IMG_20230715_224646_2000_x_1333_pixel.jpg\" \/>\n\t<meta property=\"og:image:width\" content=\"1200\" \/>\n\t<meta property=\"og:image:height\" content=\"800\" \/>\n\t<meta property=\"og:image:type\" content=\"image\/jpeg\" \/>\n<meta name=\"author\" content=\"I\u00f1igo Go\u00f1i\" \/>\n<meta name=\"twitter:card\" content=\"summary_large_image\" \/>\n<meta name=\"twitter:creator\" content=\"@oriamendi2010\" \/>\n<meta name=\"twitter:site\" content=\"@oriamendi2010\" \/>\n<meta name=\"twitter:label1\" content=\"Escrito por\" \/>\n\t<meta name=\"twitter:data1\" content=\"I\u00f1igo Go\u00f1i\" \/>\n\t<meta name=\"twitter:label2\" content=\"Tiempo de lectura\" \/>\n\t<meta name=\"twitter:data2\" content=\"3 minutos\" \/>\n<script type=\"application\/ld+json\" class=\"yoast-schema-graph\">{\"@context\":\"https:\/\/schema.org\",\"@graph\":[{\"@type\":\"Article\",\"@id\":\"https:\/\/oriamendi.eus\/es\/2024\/09\/14\/barrenetxea-se-clasifica-directamente-a-la-final-tras-superar-a-ansa\/#article\",\"isPartOf\":{\"@id\":\"https:\/\/oriamendi.eus\/es\/2024\/09\/14\/barrenetxea-se-clasifica-directamente-a-la-final-tras-superar-a-ansa\/\"},\"author\":{\"name\":\"I\u00f1igo Go\u00f1i\",\"@id\":\"https:\/\/oriamendi.eus\/es\/#\/schema\/person\/c0bd06c6c747674306a5c82563e2339a\"},\"headline\":\"Barrenetxea se clasifica directamente a la final tras superar a Ansa\",\"datePublished\":\"2024-09-14T16:57:33+00:00\",\"dateModified\":\"2024-09-14T16:57:33+00:00\",\"mainEntityOfPage\":{\"@id\":\"https:\/\/oriamendi.eus\/es\/2024\/09\/14\/barrenetxea-se-clasifica-directamente-a-la-final-tras-superar-a-ansa\/\"},\"wordCount\":409,\"publisher\":{\"@id\":\"https:\/\/oriamendi.eus\/es\/#organization\"},\"articleSection\":[\"Sin categorizar\"],\"inLanguage\":\"es\"},{\"@type\":\"WebPage\",\"@id\":\"https:\/\/oriamendi.eus\/es\/2024\/09\/14\/barrenetxea-se-clasifica-directamente-a-la-final-tras-superar-a-ansa\/\",\"url\":\"https:\/\/oriamendi.eus\/es\/2024\/09\/14\/barrenetxea-se-clasifica-directamente-a-la-final-tras-superar-a-ansa\/\",\"name\":\"Barrenetxea se clasifica directamente a la final tras superar a Ansa | Oriamendi 2010\",\"isPartOf\":{\"@id\":\"https:\/\/oriamendi.eus\/es\/#website\"},\"datePublished\":\"2024-09-14T16:57:33+00:00\",\"dateModified\":\"2024-09-14T16:57:33+00:00\",\"breadcrumb\":{\"@id\":\"https:\/\/oriamendi.eus\/es\/2024\/09\/14\/barrenetxea-se-clasifica-directamente-a-la-final-tras-superar-a-ansa\/#breadcrumb\"},\"inLanguage\":\"es\",\"potentialAction\":[{\"@type\":\"ReadAction\",\"target\":[\"https:\/\/oriamendi.eus\/es\/2024\/09\/14\/barrenetxea-se-clasifica-directamente-a-la-final-tras-superar-a-ansa\/\"]}]},{\"@type\":\"BreadcrumbList\",\"@id\":\"https:\/\/oriamendi.eus\/es\/2024\/09\/14\/barrenetxea-se-clasifica-directamente-a-la-final-tras-superar-a-ansa\/#breadcrumb\",\"itemListElement\":[{\"@type\":\"ListItem\",\"position\":1,\"name\":\"Portada\",\"item\":\"https:\/\/oriamendi.eus\/es\/\"},{\"@type\":\"ListItem\",\"position\":2,\"name\":\"Barrenetxea se clasifica directamente a la final tras superar a Ansa\"}]},{\"@type\":\"WebSite\",\"@id\":\"https:\/\/oriamendi.eus\/es\/#website\",\"url\":\"https:\/\/oriamendi.eus\/es\/\",\"name\":\"Oriamendi\",\"description\":\"Remonte en Galarreta. Hernani. Gipuzkoa\",\"publisher\":{\"@id\":\"https:\/\/oriamendi.eus\/es\/#organization\"},\"potentialAction\":[{\"@type\":\"SearchAction\",\"target\":{\"@type\":\"EntryPoint\",\"urlTemplate\":\"https:\/\/oriamendi.eus\/es\/?s={search_term_string}\"},\"query-input\":\"required name=search_term_string\"}],\"inLanguage\":\"es\"},{\"@type\":\"Organization\",\"@id\":\"https:\/\/oriamendi.eus\/es\/#organization\",\"name\":\"Oriamendi\",\"url\":\"https:\/\/oriamendi.eus\/es\/\",\"logo\":{\"@type\":\"ImageObject\",\"inLanguage\":\"es\",\"@id\":\"https:\/\/oriamendi.eus\/es\/#\/schema\/logo\/image\/\",\"url\":\"https:\/\/oriamendi.eus\/wp-content\/uploads\/2020\/06\/logo-oriamendi.png\",\"contentUrl\":\"https:\/\/oriamendi.eus\/wp-content\/uploads\/2020\/06\/logo-oriamendi.png\",\"width\":300,\"height\":90,\"caption\":\"Oriamendi\"},\"image\":{\"@id\":\"https:\/\/oriamendi.eus\/es\/#\/schema\/logo\/image\/\"},\"sameAs\":[\"https:\/\/www.facebook.com\/oriamendi2010remonte\/\",\"https:\/\/twitter.com\/oriamendi2010\",\"https:\/\/www.instagram.com\/galarretajaialai\/\",\"https:\/\/www.youtube.com\/channel\/UC8gVNzQqB1iwnC-_rI-ihmA\/featured\"]},{\"@type\":\"Person\",\"@id\":\"https:\/\/oriamendi.eus\/es\/#\/schema\/person\/c0bd06c6c747674306a5c82563e2339a\",\"name\":\"I\u00f1igo Go\u00f1i\",\"image\":{\"@type\":\"ImageObject\",\"inLanguage\":\"es\",\"@id\":\"https:\/\/oriamendi.eus\/es\/#\/schema\/person\/image\/\",\"url\":\"https:\/\/secure.gravatar.com\/avatar\/fbb07ffc7b803bbfcc2b6419c06abd3a?s=96&d=mm&r=g\",\"contentUrl\":\"https:\/\/secure.gravatar.com\/avatar\/fbb07ffc7b803bbfcc2b6419c06abd3a?s=96&d=mm&r=g\",\"caption\":\"I\u00f1igo Go\u00f1i\"},\"url\":\"https:\/\/oriamendi.eus\/es\/author\/om-berriak\/\"}]}<\/script>\n<!-- \/ Yoast SEO plugin. -->","yoast_head_json":{"title":"Barrenetxea se clasifica directamente a la final tras superar a Ansa | Oriamendi 2010","robots":{"index":"index","follow":"follow","max-snippet":"max-snippet:-1","max-image-preview":"max-image-preview:large","max-video-preview":"max-video-preview:-1"},"canonical":"https:\/\/oriamendi.eus\/es\/2024\/09\/14\/barrenetxea-se-clasifica-directamente-a-la-final-tras-superar-a-ansa\/","og_locale":"es_ES","og_type":"article","og_title":"Barrenetxea se clasifica directamente a la final tras superar a Ansa | Oriamendi 2010","og_description":"El hernaniarra necesitaba 27 tantos, pero no s\u00f3lo eso, tambi\u00e9n ha ganado el partido 24-30. Urriza-Ansa ser\u00e1 la semifinal de la pr\u00f3xima semana Endika Barrenetxea se ha clasificado para la final del Manomanista Eusko Label tras superar al Ansa, 24-30, en el \u00faltimo partido de la liguilla. El hernaniarra necesitaba 27 tantos para clasificarse directamente [&hellip;]","og_url":"https:\/\/oriamendi.eus\/es\/2024\/09\/14\/barrenetxea-se-clasifica-directamente-a-la-final-tras-superar-a-ansa\/","og_site_name":"Oriamendi 2010","article_publisher":"https:\/\/www.facebook.com\/oriamendi2010remonte\/","article_published_time":"2024-09-14T16:57:33+00:00","og_image":[{"width":1200,"height":800,"url":"https:\/\/oriamendi.eus\/wp-content\/uploads\/2023\/07\/IMG_20230715_224646_2000_x_1333_pixel.jpg","type":"image\/jpeg"}],"author":"I\u00f1igo Go\u00f1i","twitter_card":"summary_large_image","twitter_creator":"@oriamendi2010","twitter_site":"@oriamendi2010","twitter_misc":{"Escrito por":"I\u00f1igo Go\u00f1i","Tiempo de lectura":"3 minutos"},"schema":{"@context":"https:\/\/schema.org","@graph":[{"@type":"Article","@id":"https:\/\/oriamendi.eus\/es\/2024\/09\/14\/barrenetxea-se-clasifica-directamente-a-la-final-tras-superar-a-ansa\/#article","isPartOf":{"@id":"https:\/\/oriamendi.eus\/es\/2024\/09\/14\/barrenetxea-se-clasifica-directamente-a-la-final-tras-superar-a-ansa\/"},"author":{"name":"I\u00f1igo Go\u00f1i","@id":"https:\/\/oriamendi.eus\/es\/#\/schema\/person\/c0bd06c6c747674306a5c82563e2339a"},"headline":"Barrenetxea se clasifica directamente a la final tras superar a Ansa","datePublished":"2024-09-14T16:57:33+00:00","dateModified":"2024-09-14T16:57:33+00:00","mainEntityOfPage":{"@id":"https:\/\/oriamendi.eus\/es\/2024\/09\/14\/barrenetxea-se-clasifica-directamente-a-la-final-tras-superar-a-ansa\/"},"wordCount":409,"publisher":{"@id":"https:\/\/oriamendi.eus\/es\/#organization"},"articleSection":["Sin categorizar"],"inLanguage":"es"},{"@type":"WebPage","@id":"https:\/\/oriamendi.eus\/es\/2024\/09\/14\/barrenetxea-se-clasifica-directamente-a-la-final-tras-superar-a-ansa\/","url":"https:\/\/oriamendi.eus\/es\/2024\/09\/14\/barrenetxea-se-clasifica-directamente-a-la-final-tras-superar-a-ansa\/","name":"Barrenetxea se clasifica directamente a la final tras superar a Ansa | Oriamendi 2010","isPartOf":{"@id":"https:\/\/oriamendi.eus\/es\/#website"},"datePublished":"2024-09-14T16:57:33+00:00","dateModified":"2024-09-14T16:57:33+00:00","breadcrumb":{"@id":"https:\/\/oriamendi.eus\/es\/2024\/09\/14\/barrenetxea-se-clasifica-directamente-a-la-final-tras-superar-a-ansa\/#breadcrumb"},"inLanguage":"es","potentialAction":[{"@type":"ReadAction","target":["https:\/\/oriamendi.eus\/es\/2024\/09\/14\/barrenetxea-se-clasifica-directamente-a-la-final-tras-superar-a-ansa\/"]}]},{"@type":"BreadcrumbList","@id":"https:\/\/oriamendi.eus\/es\/2024\/09\/14\/barrenetxea-se-clasifica-directamente-a-la-final-tras-superar-a-ansa\/#breadcrumb","itemListElement":[{"@type":"ListItem","position":1,"name":"Portada","item":"https:\/\/oriamendi.eus\/es\/"},{"@type":"ListItem","position":2,"name":"Barrenetxea se clasifica directamente a la final tras superar a Ansa"}]},{"@type":"WebSite","@id":"https:\/\/oriamendi.eus\/es\/#website","url":"https:\/\/oriamendi.eus\/es\/","name":"Oriamendi","description":"Remonte en Galarreta. Hernani. Gipuzkoa","publisher":{"@id":"https:\/\/oriamendi.eus\/es\/#organization"},"potentialAction":[{"@type":"SearchAction","target":{"@type":"EntryPoint","urlTemplate":"https:\/\/oriamendi.eus\/es\/?s={search_term_string}"},"query-input":"required name=search_term_string"}],"inLanguage":"es"},{"@type":"Organization","@id":"https:\/\/oriamendi.eus\/es\/#organization","name":"Oriamendi","url":"https:\/\/oriamendi.eus\/es\/","logo":{"@type":"ImageObject","inLanguage":"es","@id":"https:\/\/oriamendi.eus\/es\/#\/schema\/logo\/image\/","url":"https:\/\/oriamendi.eus\/wp-content\/uploads\/2020\/06\/logo-oriamendi.png","contentUrl":"https:\/\/oriamendi.eus\/wp-content\/uploads\/2020\/06\/logo-oriamendi.png","width":300,"height":90,"caption":"Oriamendi"},"image":{"@id":"https:\/\/oriamendi.eus\/es\/#\/schema\/logo\/image\/"},"sameAs":["https:\/\/www.facebook.com\/oriamendi2010remonte\/","https:\/\/twitter.com\/oriamendi2010","https:\/\/www.instagram.com\/galarretajaialai\/","https:\/\/www.youtube.com\/channel\/UC8gVNzQqB1iwnC-_rI-ihmA\/featured"]},{"@type":"Person","@id":"https:\/\/oriamendi.eus\/es\/#\/schema\/person\/c0bd06c6c747674306a5c82563e2339a","name":"I\u00f1igo Go\u00f1i","image":{"@type":"ImageObject","inLanguage":"es","@id":"https:\/\/oriamendi.eus\/es\/#\/schema\/person\/image\/","url":"https:\/\/secure.gravatar.com\/avatar\/fbb07ffc7b803bbfcc2b6419c06abd3a?s=96&d=mm&r=g","contentUrl":"https:\/\/secure.gravatar.com\/avatar\/fbb07ffc7b803bbfcc2b6419c06abd3a?s=96&d=mm&r=g","caption":"I\u00f1igo Go\u00f1i"},"url":"https:\/\/oriamendi.eus\/es\/author\/om-berriak\/"}]}},"_links":{"self":[{"href":"https:\/\/oriamendi.eus\/es\/wp-json\/wp\/v2\/posts\/8333"}],"collection":[{"href":"https:\/\/oriamendi.eus\/es\/wp-json\/wp\/v2\/posts"}],"about":[{"href":"https:\/\/oriamendi.eus\/es\/wp-json\/wp\/v2\/types\/post"}],"author":[{"embeddable":true,"href":"https:\/\/oriamendi.eus\/es\/wp-json\/wp\/v2\/users\/5"}],"replies":[{"embeddable":true,"href":"https:\/\/oriamendi.eus\/es\/wp-json\/wp\/v2\/comments?post=8333"}],"version-history":[{"count":1,"href":"https:\/\/oriamendi.eus\/es\/wp-json\/wp\/v2\/posts\/8333\/revisions"}],"predecessor-version":[{"id":8334,"href":"https:\/\/oriamendi.eus\/es\/wp-json\/wp\/v2\/posts\/8333\/revisions\/8334"}],"wp:featuredmedia":[{"embeddable":true,"href":"https:\/\/oriamendi.eus\/es\/wp-json\/wp\/v2\/media\/7312"}],"wp:attachment":[{"href":"https:\/\/oriamendi.eus\/es\/wp-json\/wp\/v2\/media?parent=8333"}],"wp:term":[{"taxonomy":"category","embeddable":true,"href":"https:\/\/oriamendi.eus\/es\/wp-json\/wp\/v2\/categories?post=8333"},{"taxonomy":"post_tag","embeddable":true,"href":"https:\/\/oriamendi.eus\/es\/wp-json\/wp\/v2\/tags?post=8333"}],"curies":[{"name":"wp","href":"https:\/\/api.w.org\/{rel}","templated":true}]}}