                                        
                                        
                                        
                                        
                                        
                                        
                                        
                                        
                                        
                                        
                                        
                                        
                                        
                                        
                                        
                                        
                                        
                                        
{"id":8235,"date":"2024-09-07T18:28:51","date_gmt":"2024-09-07T16:28:51","guid":{"rendered":"https:\/\/oriamendi.eus\/?p=8235"},"modified":"2024-09-07T18:28:51","modified_gmt":"2024-09-07T16:28:51","slug":"urriza-dobla-en-el-marcador-a-juanenea-y-se-mete-como-minimo-a-semifinales","status":"publish","type":"post","link":"https:\/\/oriamendi.eus\/es\/2024\/09\/07\/urriza-dobla-en-el-marcador-a-juanenea-y-se-mete-como-minimo-a-semifinales\/","title":{"rendered":"Urriza dobla en el marcador a Juanenea y se mete como m\u00ednimo a semifinales"},"content":{"rendered":"<div><b>Un parcial de 18-1 a favor del delantero de Pamplona le lleva a la victoria tras ir perdiendo 12-14<\/b><\/div>\n<div><b>\u00a0<\/b><\/div>\n<div>Javier Urriza se impuso 30-15 a Aritz Juanenea y ya est\u00e1 clasificado para la semifinal del Torneo Eusko Label Individual con diez puntos tras finalizar su participaci\u00f3n en la liguilla. Adem\u00e1s, todav\u00eda sigue con opciones de clasificarse a la final de forma directa, pero para eso Barrenetxea IV no puede llegar a 27 tantos en el partido que cierra la liguilla entre el hernaniarra y Ansa. Juanenea sum\u00f3 punto negativo y ya est\u00e1 eliminado de forma directa del campeonato. Eso quiere decir que Ansa II ser\u00e1 uno de los contendientes en la semifinal del pr\u00f3ximo s\u00e1bado 14 de setiembre, independientemente del resultado del \u00faltimo partido de la liguilla. Su rival ser\u00e1 Urriza o Barrenetxea IV.<\/div>\n<div>El partido entre Urriza y Juanenea tuvo dos fases muy muy diferentes. En la primera parte se vio un partido muy disputado e igualado. Eso ocurri\u00f3 hasta el 12-14. Hubo hasta nueve empates cuando empataron a 14, pero Juanenea desapareci\u00f3 del encuentro y Urriza se fue directo al cart\u00f3n 30. El parcial a favor del ocho veces campe\u00f3n fue de 18-1 a su favor. Empez\u00f3 a sacar mejor e hizo varios tantos de saque sacando al ancho, pero Juanenea baj\u00f3 mucho sus prestaciones. Cuando se vio unos tantos por detr\u00e1s baj\u00f3 los brazos y no tuvo reacci\u00f3n. El final del partido fue un coser y cantar para Urriza, que necesit\u00f3 solo 45 minutos para ganar el partido.<\/div>\n<div>El ganador hizo 17 tantos en el peloteo por diez tantos m\u00e1s con el saque. Cometi\u00f3 dos fallos en el peloteo, los dos al inicio del partido, y tambi\u00e9n cometi\u00f3 dos faltas de saque. Juanenea se qued\u00f3 en siete tantos en el peloteo, cuatro de saque e hizo dos fallos en el peloteo y una falta de saque.<\/div>\n<div><b>\u00a0<\/b><\/div>\n<div><b>Clasificaci\u00f3n<\/b><\/div>\n<div>1. Urriza 10 puntos tres partidos<b><br \/>\n<\/b><\/div>\n<div>2. Barrenetxea IV 8 puntos dos partidos<\/div>\n<div>3. Ansa II 3 puntos dos partidos<\/div>\n<div>4. Juanenea 1 punto tres partidos<\/div>\n","protected":false},"excerpt":{"rendered":"<p>Un parcial de 18-1 a favor del delantero de Pamplona le lleva a la victoria tras ir perdiendo 12-14 \u00a0 Javier Urriza se impuso 30-15 a Aritz Juanenea y ya est\u00e1 clasificado para la semifinal del Torneo Eusko Label Individual con diez puntos tras finalizar su participaci\u00f3n en la liguilla. Adem\u00e1s, todav\u00eda sigue con opciones [&hellip;]<\/p>\n","protected":false},"author":5,"featured_media":7236,"comment_status":"closed","ping_status":"open","sticky":false,"template":"","format":"standard","meta":{"_et_pb_use_builder":"","_et_pb_old_content":"","_et_gb_content_width":"","footnotes":""},"categories":[1],"tags":[],"yoast_head":"<!-- This site is optimized with the Yoast SEO plugin v21.8 - https:\/\/yoast.com\/wordpress\/plugins\/seo\/ -->\n<title>Urriza dobla en el marcador a Juanenea y se mete como m\u00ednimo a semifinales | Oriamendi 2010<\/title>\n<meta name=\"robots\" content=\"index, follow, max-snippet:-1, max-image-preview:large, max-video-preview:-1\" \/>\n<link rel=\"canonical\" href=\"https:\/\/oriamendi.eus\/es\/2024\/09\/07\/urriza-dobla-en-el-marcador-a-juanenea-y-se-mete-como-minimo-a-semifinales\/\" \/>\n<meta property=\"og:locale\" content=\"es_ES\" \/>\n<meta property=\"og:type\" content=\"article\" \/>\n<meta property=\"og:title\" content=\"Urriza dobla en el marcador a Juanenea y se mete como m\u00ednimo a semifinales | Oriamendi 2010\" \/>\n<meta property=\"og:description\" content=\"Un parcial de 18-1 a favor del delantero de Pamplona le lleva a la victoria tras ir perdiendo 12-14 \u00a0 Javier Urriza se impuso 30-15 a Aritz Juanenea y ya est\u00e1 clasificado para la semifinal del Torneo Eusko Label Individual con diez puntos tras finalizar su participaci\u00f3n en la liguilla. Adem\u00e1s, todav\u00eda sigue con opciones [&hellip;]\" \/>\n<meta property=\"og:url\" content=\"https:\/\/oriamendi.eus\/es\/2024\/09\/07\/urriza-dobla-en-el-marcador-a-juanenea-y-se-mete-como-minimo-a-semifinales\/\" \/>\n<meta property=\"og:site_name\" content=\"Oriamendi 2010\" \/>\n<meta property=\"article:publisher\" content=\"https:\/\/www.facebook.com\/oriamendi2010remonte\/\" \/>\n<meta property=\"article:published_time\" content=\"2024-09-07T16:28:51+00:00\" \/>\n<meta property=\"og:image\" content=\"https:\/\/oriamendi.eus\/wp-content\/uploads\/2023\/06\/IMG_20230605_190838_2000_x_1333_pixel.jpg\" \/>\n\t<meta property=\"og:image:width\" content=\"1200\" \/>\n\t<meta property=\"og:image:height\" content=\"800\" \/>\n\t<meta property=\"og:image:type\" content=\"image\/jpeg\" \/>\n<meta name=\"author\" content=\"I\u00f1igo Go\u00f1i\" \/>\n<meta name=\"twitter:card\" content=\"summary_large_image\" \/>\n<meta name=\"twitter:creator\" content=\"@oriamendi2010\" \/>\n<meta name=\"twitter:site\" content=\"@oriamendi2010\" \/>\n<meta name=\"twitter:label1\" content=\"Escrito por\" \/>\n\t<meta name=\"twitter:data1\" content=\"I\u00f1igo Go\u00f1i\" \/>\n\t<meta name=\"twitter:label2\" content=\"Tiempo de lectura\" \/>\n\t<meta name=\"twitter:data2\" content=\"2 minutos\" \/>\n<script type=\"application\/ld+json\" class=\"yoast-schema-graph\">{\"@context\":\"https:\/\/schema.org\",\"@graph\":[{\"@type\":\"Article\",\"@id\":\"https:\/\/oriamendi.eus\/es\/2024\/09\/07\/urriza-dobla-en-el-marcador-a-juanenea-y-se-mete-como-minimo-a-semifinales\/#article\",\"isPartOf\":{\"@id\":\"https:\/\/oriamendi.eus\/es\/2024\/09\/07\/urriza-dobla-en-el-marcador-a-juanenea-y-se-mete-como-minimo-a-semifinales\/\"},\"author\":{\"name\":\"I\u00f1igo Go\u00f1i\",\"@id\":\"https:\/\/oriamendi.eus\/es\/#\/schema\/person\/c0bd06c6c747674306a5c82563e2339a\"},\"headline\":\"Urriza dobla en el marcador a Juanenea y se mete como m\u00ednimo a semifinales\",\"datePublished\":\"2024-09-07T16:28:51+00:00\",\"dateModified\":\"2024-09-07T16:28:51+00:00\",\"mainEntityOfPage\":{\"@id\":\"https:\/\/oriamendi.eus\/es\/2024\/09\/07\/urriza-dobla-en-el-marcador-a-juanenea-y-se-mete-como-minimo-a-semifinales\/\"},\"wordCount\":349,\"publisher\":{\"@id\":\"https:\/\/oriamendi.eus\/es\/#organization\"},\"articleSection\":[\"Sin categorizar\"],\"inLanguage\":\"es\"},{\"@type\":\"WebPage\",\"@id\":\"https:\/\/oriamendi.eus\/es\/2024\/09\/07\/urriza-dobla-en-el-marcador-a-juanenea-y-se-mete-como-minimo-a-semifinales\/\",\"url\":\"https:\/\/oriamendi.eus\/es\/2024\/09\/07\/urriza-dobla-en-el-marcador-a-juanenea-y-se-mete-como-minimo-a-semifinales\/\",\"name\":\"Urriza dobla en el marcador a Juanenea y se mete como m\u00ednimo a semifinales | Oriamendi 2010\",\"isPartOf\":{\"@id\":\"https:\/\/oriamendi.eus\/es\/#website\"},\"datePublished\":\"2024-09-07T16:28:51+00:00\",\"dateModified\":\"2024-09-07T16:28:51+00:00\",\"breadcrumb\":{\"@id\":\"https:\/\/oriamendi.eus\/es\/2024\/09\/07\/urriza-dobla-en-el-marcador-a-juanenea-y-se-mete-como-minimo-a-semifinales\/#breadcrumb\"},\"inLanguage\":\"es\",\"potentialAction\":[{\"@type\":\"ReadAction\",\"target\":[\"https:\/\/oriamendi.eus\/es\/2024\/09\/07\/urriza-dobla-en-el-marcador-a-juanenea-y-se-mete-como-minimo-a-semifinales\/\"]}]},{\"@type\":\"BreadcrumbList\",\"@id\":\"https:\/\/oriamendi.eus\/es\/2024\/09\/07\/urriza-dobla-en-el-marcador-a-juanenea-y-se-mete-como-minimo-a-semifinales\/#breadcrumb\",\"itemListElement\":[{\"@type\":\"ListItem\",\"position\":1,\"name\":\"Portada\",\"item\":\"https:\/\/oriamendi.eus\/es\/\"},{\"@type\":\"ListItem\",\"position\":2,\"name\":\"Urriza dobla en el marcador a Juanenea y se mete como m\u00ednimo a semifinales\"}]},{\"@type\":\"WebSite\",\"@id\":\"https:\/\/oriamendi.eus\/es\/#website\",\"url\":\"https:\/\/oriamendi.eus\/es\/\",\"name\":\"Oriamendi\",\"description\":\"Remonte en Galarreta. Hernani. Gipuzkoa\",\"publisher\":{\"@id\":\"https:\/\/oriamendi.eus\/es\/#organization\"},\"potentialAction\":[{\"@type\":\"SearchAction\",\"target\":{\"@type\":\"EntryPoint\",\"urlTemplate\":\"https:\/\/oriamendi.eus\/es\/?s={search_term_string}\"},\"query-input\":\"required name=search_term_string\"}],\"inLanguage\":\"es\"},{\"@type\":\"Organization\",\"@id\":\"https:\/\/oriamendi.eus\/es\/#organization\",\"name\":\"Oriamendi\",\"url\":\"https:\/\/oriamendi.eus\/es\/\",\"logo\":{\"@type\":\"ImageObject\",\"inLanguage\":\"es\",\"@id\":\"https:\/\/oriamendi.eus\/es\/#\/schema\/logo\/image\/\",\"url\":\"https:\/\/oriamendi.eus\/wp-content\/uploads\/2020\/06\/logo-oriamendi.png\",\"contentUrl\":\"https:\/\/oriamendi.eus\/wp-content\/uploads\/2020\/06\/logo-oriamendi.png\",\"width\":300,\"height\":90,\"caption\":\"Oriamendi\"},\"image\":{\"@id\":\"https:\/\/oriamendi.eus\/es\/#\/schema\/logo\/image\/\"},\"sameAs\":[\"https:\/\/www.facebook.com\/oriamendi2010remonte\/\",\"https:\/\/twitter.com\/oriamendi2010\",\"https:\/\/www.instagram.com\/galarretajaialai\/\",\"https:\/\/www.youtube.com\/channel\/UC8gVNzQqB1iwnC-_rI-ihmA\/featured\"]},{\"@type\":\"Person\",\"@id\":\"https:\/\/oriamendi.eus\/es\/#\/schema\/person\/c0bd06c6c747674306a5c82563e2339a\",\"name\":\"I\u00f1igo Go\u00f1i\",\"image\":{\"@type\":\"ImageObject\",\"inLanguage\":\"es\",\"@id\":\"https:\/\/oriamendi.eus\/es\/#\/schema\/person\/image\/\",\"url\":\"https:\/\/secure.gravatar.com\/avatar\/fbb07ffc7b803bbfcc2b6419c06abd3a?s=96&d=mm&r=g\",\"contentUrl\":\"https:\/\/secure.gravatar.com\/avatar\/fbb07ffc7b803bbfcc2b6419c06abd3a?s=96&d=mm&r=g\",\"caption\":\"I\u00f1igo Go\u00f1i\"},\"url\":\"https:\/\/oriamendi.eus\/es\/author\/om-berriak\/\"}]}<\/script>\n<!-- \/ Yoast SEO plugin. -->","yoast_head_json":{"title":"Urriza dobla en el marcador a Juanenea y se mete como m\u00ednimo a semifinales | Oriamendi 2010","robots":{"index":"index","follow":"follow","max-snippet":"max-snippet:-1","max-image-preview":"max-image-preview:large","max-video-preview":"max-video-preview:-1"},"canonical":"https:\/\/oriamendi.eus\/es\/2024\/09\/07\/urriza-dobla-en-el-marcador-a-juanenea-y-se-mete-como-minimo-a-semifinales\/","og_locale":"es_ES","og_type":"article","og_title":"Urriza dobla en el marcador a Juanenea y se mete como m\u00ednimo a semifinales | Oriamendi 2010","og_description":"Un parcial de 18-1 a favor del delantero de Pamplona le lleva a la victoria tras ir perdiendo 12-14 \u00a0 Javier Urriza se impuso 30-15 a Aritz Juanenea y ya est\u00e1 clasificado para la semifinal del Torneo Eusko Label Individual con diez puntos tras finalizar su participaci\u00f3n en la liguilla. Adem\u00e1s, todav\u00eda sigue con opciones [&hellip;]","og_url":"https:\/\/oriamendi.eus\/es\/2024\/09\/07\/urriza-dobla-en-el-marcador-a-juanenea-y-se-mete-como-minimo-a-semifinales\/","og_site_name":"Oriamendi 2010","article_publisher":"https:\/\/www.facebook.com\/oriamendi2010remonte\/","article_published_time":"2024-09-07T16:28:51+00:00","og_image":[{"width":1200,"height":800,"url":"https:\/\/oriamendi.eus\/wp-content\/uploads\/2023\/06\/IMG_20230605_190838_2000_x_1333_pixel.jpg","type":"image\/jpeg"}],"author":"I\u00f1igo Go\u00f1i","twitter_card":"summary_large_image","twitter_creator":"@oriamendi2010","twitter_site":"@oriamendi2010","twitter_misc":{"Escrito por":"I\u00f1igo Go\u00f1i","Tiempo de lectura":"2 minutos"},"schema":{"@context":"https:\/\/schema.org","@graph":[{"@type":"Article","@id":"https:\/\/oriamendi.eus\/es\/2024\/09\/07\/urriza-dobla-en-el-marcador-a-juanenea-y-se-mete-como-minimo-a-semifinales\/#article","isPartOf":{"@id":"https:\/\/oriamendi.eus\/es\/2024\/09\/07\/urriza-dobla-en-el-marcador-a-juanenea-y-se-mete-como-minimo-a-semifinales\/"},"author":{"name":"I\u00f1igo Go\u00f1i","@id":"https:\/\/oriamendi.eus\/es\/#\/schema\/person\/c0bd06c6c747674306a5c82563e2339a"},"headline":"Urriza dobla en el marcador a Juanenea y se mete como m\u00ednimo a semifinales","datePublished":"2024-09-07T16:28:51+00:00","dateModified":"2024-09-07T16:28:51+00:00","mainEntityOfPage":{"@id":"https:\/\/oriamendi.eus\/es\/2024\/09\/07\/urriza-dobla-en-el-marcador-a-juanenea-y-se-mete-como-minimo-a-semifinales\/"},"wordCount":349,"publisher":{"@id":"https:\/\/oriamendi.eus\/es\/#organization"},"articleSection":["Sin categorizar"],"inLanguage":"es"},{"@type":"WebPage","@id":"https:\/\/oriamendi.eus\/es\/2024\/09\/07\/urriza-dobla-en-el-marcador-a-juanenea-y-se-mete-como-minimo-a-semifinales\/","url":"https:\/\/oriamendi.eus\/es\/2024\/09\/07\/urriza-dobla-en-el-marcador-a-juanenea-y-se-mete-como-minimo-a-semifinales\/","name":"Urriza dobla en el marcador a Juanenea y se mete como m\u00ednimo a semifinales | Oriamendi 2010","isPartOf":{"@id":"https:\/\/oriamendi.eus\/es\/#website"},"datePublished":"2024-09-07T16:28:51+00:00","dateModified":"2024-09-07T16:28:51+00:00","breadcrumb":{"@id":"https:\/\/oriamendi.eus\/es\/2024\/09\/07\/urriza-dobla-en-el-marcador-a-juanenea-y-se-mete-como-minimo-a-semifinales\/#breadcrumb"},"inLanguage":"es","potentialAction":[{"@type":"ReadAction","target":["https:\/\/oriamendi.eus\/es\/2024\/09\/07\/urriza-dobla-en-el-marcador-a-juanenea-y-se-mete-como-minimo-a-semifinales\/"]}]},{"@type":"BreadcrumbList","@id":"https:\/\/oriamendi.eus\/es\/2024\/09\/07\/urriza-dobla-en-el-marcador-a-juanenea-y-se-mete-como-minimo-a-semifinales\/#breadcrumb","itemListElement":[{"@type":"ListItem","position":1,"name":"Portada","item":"https:\/\/oriamendi.eus\/es\/"},{"@type":"ListItem","position":2,"name":"Urriza dobla en el marcador a Juanenea y se mete como m\u00ednimo a semifinales"}]},{"@type":"WebSite","@id":"https:\/\/oriamendi.eus\/es\/#website","url":"https:\/\/oriamendi.eus\/es\/","name":"Oriamendi","description":"Remonte en Galarreta. Hernani. Gipuzkoa","publisher":{"@id":"https:\/\/oriamendi.eus\/es\/#organization"},"potentialAction":[{"@type":"SearchAction","target":{"@type":"EntryPoint","urlTemplate":"https:\/\/oriamendi.eus\/es\/?s={search_term_string}"},"query-input":"required name=search_term_string"}],"inLanguage":"es"},{"@type":"Organization","@id":"https:\/\/oriamendi.eus\/es\/#organization","name":"Oriamendi","url":"https:\/\/oriamendi.eus\/es\/","logo":{"@type":"ImageObject","inLanguage":"es","@id":"https:\/\/oriamendi.eus\/es\/#\/schema\/logo\/image\/","url":"https:\/\/oriamendi.eus\/wp-content\/uploads\/2020\/06\/logo-oriamendi.png","contentUrl":"https:\/\/oriamendi.eus\/wp-content\/uploads\/2020\/06\/logo-oriamendi.png","width":300,"height":90,"caption":"Oriamendi"},"image":{"@id":"https:\/\/oriamendi.eus\/es\/#\/schema\/logo\/image\/"},"sameAs":["https:\/\/www.facebook.com\/oriamendi2010remonte\/","https:\/\/twitter.com\/oriamendi2010","https:\/\/www.instagram.com\/galarretajaialai\/","https:\/\/www.youtube.com\/channel\/UC8gVNzQqB1iwnC-_rI-ihmA\/featured"]},{"@type":"Person","@id":"https:\/\/oriamendi.eus\/es\/#\/schema\/person\/c0bd06c6c747674306a5c82563e2339a","name":"I\u00f1igo Go\u00f1i","image":{"@type":"ImageObject","inLanguage":"es","@id":"https:\/\/oriamendi.eus\/es\/#\/schema\/person\/image\/","url":"https:\/\/secure.gravatar.com\/avatar\/fbb07ffc7b803bbfcc2b6419c06abd3a?s=96&d=mm&r=g","contentUrl":"https:\/\/secure.gravatar.com\/avatar\/fbb07ffc7b803bbfcc2b6419c06abd3a?s=96&d=mm&r=g","caption":"I\u00f1igo Go\u00f1i"},"url":"https:\/\/oriamendi.eus\/es\/author\/om-berriak\/"}]}},"_links":{"self":[{"href":"https:\/\/oriamendi.eus\/es\/wp-json\/wp\/v2\/posts\/8235"}],"collection":[{"href":"https:\/\/oriamendi.eus\/es\/wp-json\/wp\/v2\/posts"}],"about":[{"href":"https:\/\/oriamendi.eus\/es\/wp-json\/wp\/v2\/types\/post"}],"author":[{"embeddable":true,"href":"https:\/\/oriamendi.eus\/es\/wp-json\/wp\/v2\/users\/5"}],"replies":[{"embeddable":true,"href":"https:\/\/oriamendi.eus\/es\/wp-json\/wp\/v2\/comments?post=8235"}],"version-history":[{"count":1,"href":"https:\/\/oriamendi.eus\/es\/wp-json\/wp\/v2\/posts\/8235\/revisions"}],"predecessor-version":[{"id":8236,"href":"https:\/\/oriamendi.eus\/es\/wp-json\/wp\/v2\/posts\/8235\/revisions\/8236"}],"wp:featuredmedia":[{"embeddable":true,"href":"https:\/\/oriamendi.eus\/es\/wp-json\/wp\/v2\/media\/7236"}],"wp:attachment":[{"href":"https:\/\/oriamendi.eus\/es\/wp-json\/wp\/v2\/media?parent=8235"}],"wp:term":[{"taxonomy":"category","embeddable":true,"href":"https:\/\/oriamendi.eus\/es\/wp-json\/wp\/v2\/categories?post=8235"},{"taxonomy":"post_tag","embeddable":true,"href":"https:\/\/oriamendi.eus\/es\/wp-json\/wp\/v2\/tags?post=8235"}],"curies":[{"name":"wp","href":"https:\/\/api.w.org\/{rel}","templated":true}]}}