                                        
                                        
                                        
                                        
                                        
                                        
                                        
                                        
                                        
                                        
                                        
                                        
                                        
                                        
                                        
                                        
                                        
                                        
{"id":8225,"date":"2024-08-29T19:06:42","date_gmt":"2024-08-29T17:06:42","guid":{"rendered":"https:\/\/oriamendi.eus\/?p=8225"},"modified":"2024-08-29T19:07:18","modified_gmt":"2024-08-29T17:07:18","slug":"ansa-ii-sigue-vivo-en-el-campeonato-tras-ganar-30-23-a-juanenea","status":"publish","type":"post","link":"https:\/\/oriamendi.eus\/es\/2024\/08\/29\/ansa-ii-sigue-vivo-en-el-campeonato-tras-ganar-30-23-a-juanenea\/","title":{"rendered":"Ansa II sigue vivo en el campeonato tras ganar 30-23 a Juanenea"},"content":{"rendered":"<div><b>El de Urnieta remont\u00f3 un marcador adverso y deja sin puntos al de Saldias<\/b><\/div>\n<div><\/div>\n<div>El Torneo Individual Eusko Label de remonte vivi\u00f3 una nueva jornada con victoria de Ansa II sobre Juanenea por 30-23. Un resultado que deja a Ansa II con tres puntos y a Juanenea con dos. El delantero de Urnieta se la jugaba, ya que una derrota lo dejaba al borde del abismo, pero supo rehacerse a un inicio adverso y remont\u00f3 hasta seis tantos de desventaja, despu\u00e9s de ir perdiendo 9-15 o 12-17. El zaguero de Saldias termin\u00f3 f\u00edsicamente m\u00e1s justo y peg\u00f3 un baj\u00f3n de piernas que se not\u00f3 en el juego. Juanenea llevaba controlado el marcador hasta el 12-17, pero primero apoyado en el saque y luego en su f\u00edsico,\u00a0 Ansa remont\u00f3 hasta ponerse por delante 21-20 y terminar m\u00e1s fuerte y acertado para dejar en 23 a su rival.<\/div>\n<div>El partido fue muy peloteado y largo. El choque comenz\u00f3 muy igualado con cuatro empates hasta el cuatro iguales, pero ah\u00ed Juanenea comenz\u00f3 a irse en el marcador ante un Ansa que fallaba m\u00e1s de la cuenta. Imprim\u00eda mucha velocidad a la pelota, pero sin dirigirla y eso lo aprovechaba bien el zaguero navarro. Abri\u00f3 una brecha de cinco tantos, en el 4-9 y mantuvo la ventaja hasta el 12-17, a pesar de que Ansa hizo un amago de remontada en el 9-11.<\/div>\n<div>A partir del 12-17 cambi\u00f3 la decoraci\u00f3n del partido. Ansa comenz\u00f3 a sacar mejor y a cometer menos fallos. Por el contrario, era Juanenea quien comenzaba a fallar m\u00e1s, incluso varias pelotas a la mano. El partido se puso empate a 18 y a 19 y si Ansa no se puso por delante fue por un fallo en la mano y una falta de saque. Eso s\u00ed, tras el empate a 20, no fall\u00f3 a la tercera y con un tanto de saque se adelant\u00f3 21-20. Su marcha ya era imparable y fue aumentando la ventaja hasta el 27-21. Juanenea no quer\u00eda irse sin puntos y se puso a un tanto de sumar uno, en el 27-23, pero un fallo en la mano, un tanto peloteado de Ansa y un gran saque cerraron el choque 30-23 y dejaron sin el ansiado punto a Juanenea.<\/div>\n<div>Ansa hizo 16 tantos en el peloteo y siete de saque, por cinco fallos en el peloteo y dos faltas de saque. Juanenea se qued\u00f3 en 13 tantos en el peloteo por seis fallos en el peloteo y con el saque hizo tres tantos.<\/div>\n<div><\/div>\n<div>\n<div><b>Clasificaci\u00f3n<\/b><\/div>\n<div><\/div>\n<div>1. Urriza 4 puntos un partido<\/div>\n<div>2. Barrenetxea IV 4 puntos un partido<\/div>\n<div>3. Ansa II 3 puntos dos partidos<\/div>\n<div>4. Juanenea 2 puntos dos partidos<\/div>\n<\/div>\n","protected":false},"excerpt":{"rendered":"<p>El de Urnieta remont\u00f3 un marcador adverso y deja sin puntos al de Saldias El Torneo Individual Eusko Label de remonte vivi\u00f3 una nueva jornada con victoria de Ansa II sobre Juanenea por 30-23. Un resultado que deja a Ansa II con tres puntos y a Juanenea con dos. El delantero de Urnieta se la [&hellip;]<\/p>\n","protected":false},"author":5,"featured_media":8189,"comment_status":"closed","ping_status":"open","sticky":false,"template":"","format":"standard","meta":{"_et_pb_use_builder":"","_et_pb_old_content":"","_et_gb_content_width":"","footnotes":""},"categories":[1],"tags":[],"yoast_head":"<!-- This site is optimized with the Yoast SEO plugin v21.8 - https:\/\/yoast.com\/wordpress\/plugins\/seo\/ -->\n<title>Ansa II sigue vivo en el campeonato tras ganar 30-23 a Juanenea | Oriamendi 2010<\/title>\n<meta name=\"robots\" content=\"index, follow, max-snippet:-1, max-image-preview:large, max-video-preview:-1\" \/>\n<link rel=\"canonical\" href=\"https:\/\/oriamendi.eus\/es\/2024\/08\/29\/ansa-ii-sigue-vivo-en-el-campeonato-tras-ganar-30-23-a-juanenea\/\" \/>\n<meta property=\"og:locale\" content=\"es_ES\" \/>\n<meta property=\"og:type\" content=\"article\" \/>\n<meta property=\"og:title\" content=\"Ansa II sigue vivo en el campeonato tras ganar 30-23 a Juanenea | Oriamendi 2010\" \/>\n<meta property=\"og:description\" content=\"El de Urnieta remont\u00f3 un marcador adverso y deja sin puntos al de Saldias El Torneo Individual Eusko Label de remonte vivi\u00f3 una nueva jornada con victoria de Ansa II sobre Juanenea por 30-23. Un resultado que deja a Ansa II con tres puntos y a Juanenea con dos. El delantero de Urnieta se la [&hellip;]\" \/>\n<meta property=\"og:url\" content=\"https:\/\/oriamendi.eus\/es\/2024\/08\/29\/ansa-ii-sigue-vivo-en-el-campeonato-tras-ganar-30-23-a-juanenea\/\" \/>\n<meta property=\"og:site_name\" content=\"Oriamendi 2010\" \/>\n<meta property=\"article:publisher\" content=\"https:\/\/www.facebook.com\/oriamendi2010remonte\/\" \/>\n<meta property=\"article:published_time\" content=\"2024-08-29T17:06:42+00:00\" \/>\n<meta property=\"article:modified_time\" content=\"2024-08-29T17:07:18+00:00\" \/>\n<meta property=\"og:image\" content=\"https:\/\/oriamendi.eus\/wp-content\/uploads\/2024\/08\/erremontea-2-1.jpg\" \/>\n\t<meta property=\"og:image:width\" content=\"1200\" \/>\n\t<meta property=\"og:image:height\" content=\"800\" \/>\n\t<meta property=\"og:image:type\" content=\"image\/jpeg\" \/>\n<meta name=\"author\" content=\"I\u00f1igo Go\u00f1i\" \/>\n<meta name=\"twitter:card\" content=\"summary_large_image\" \/>\n<meta name=\"twitter:creator\" content=\"@oriamendi2010\" \/>\n<meta name=\"twitter:site\" content=\"@oriamendi2010\" \/>\n<meta name=\"twitter:label1\" content=\"Escrito por\" \/>\n\t<meta name=\"twitter:data1\" content=\"I\u00f1igo Go\u00f1i\" \/>\n\t<meta name=\"twitter:label2\" content=\"Tiempo de lectura\" \/>\n\t<meta name=\"twitter:data2\" content=\"3 minutos\" \/>\n<script type=\"application\/ld+json\" class=\"yoast-schema-graph\">{\"@context\":\"https:\/\/schema.org\",\"@graph\":[{\"@type\":\"Article\",\"@id\":\"https:\/\/oriamendi.eus\/es\/2024\/08\/29\/ansa-ii-sigue-vivo-en-el-campeonato-tras-ganar-30-23-a-juanenea\/#article\",\"isPartOf\":{\"@id\":\"https:\/\/oriamendi.eus\/es\/2024\/08\/29\/ansa-ii-sigue-vivo-en-el-campeonato-tras-ganar-30-23-a-juanenea\/\"},\"author\":{\"name\":\"I\u00f1igo Go\u00f1i\",\"@id\":\"https:\/\/oriamendi.eus\/es\/#\/schema\/person\/c0bd06c6c747674306a5c82563e2339a\"},\"headline\":\"Ansa II sigue vivo en el campeonato tras ganar 30-23 a Juanenea\",\"datePublished\":\"2024-08-29T17:06:42+00:00\",\"dateModified\":\"2024-08-29T17:07:18+00:00\",\"mainEntityOfPage\":{\"@id\":\"https:\/\/oriamendi.eus\/es\/2024\/08\/29\/ansa-ii-sigue-vivo-en-el-campeonato-tras-ganar-30-23-a-juanenea\/\"},\"wordCount\":454,\"publisher\":{\"@id\":\"https:\/\/oriamendi.eus\/es\/#organization\"},\"articleSection\":[\"Sin categorizar\"],\"inLanguage\":\"es\"},{\"@type\":\"WebPage\",\"@id\":\"https:\/\/oriamendi.eus\/es\/2024\/08\/29\/ansa-ii-sigue-vivo-en-el-campeonato-tras-ganar-30-23-a-juanenea\/\",\"url\":\"https:\/\/oriamendi.eus\/es\/2024\/08\/29\/ansa-ii-sigue-vivo-en-el-campeonato-tras-ganar-30-23-a-juanenea\/\",\"name\":\"Ansa II sigue vivo en el campeonato tras ganar 30-23 a Juanenea | Oriamendi 2010\",\"isPartOf\":{\"@id\":\"https:\/\/oriamendi.eus\/es\/#website\"},\"datePublished\":\"2024-08-29T17:06:42+00:00\",\"dateModified\":\"2024-08-29T17:07:18+00:00\",\"breadcrumb\":{\"@id\":\"https:\/\/oriamendi.eus\/es\/2024\/08\/29\/ansa-ii-sigue-vivo-en-el-campeonato-tras-ganar-30-23-a-juanenea\/#breadcrumb\"},\"inLanguage\":\"es\",\"potentialAction\":[{\"@type\":\"ReadAction\",\"target\":[\"https:\/\/oriamendi.eus\/es\/2024\/08\/29\/ansa-ii-sigue-vivo-en-el-campeonato-tras-ganar-30-23-a-juanenea\/\"]}]},{\"@type\":\"BreadcrumbList\",\"@id\":\"https:\/\/oriamendi.eus\/es\/2024\/08\/29\/ansa-ii-sigue-vivo-en-el-campeonato-tras-ganar-30-23-a-juanenea\/#breadcrumb\",\"itemListElement\":[{\"@type\":\"ListItem\",\"position\":1,\"name\":\"Portada\",\"item\":\"https:\/\/oriamendi.eus\/es\/\"},{\"@type\":\"ListItem\",\"position\":2,\"name\":\"Ansa II sigue vivo en el campeonato tras ganar 30-23 a Juanenea\"}]},{\"@type\":\"WebSite\",\"@id\":\"https:\/\/oriamendi.eus\/es\/#website\",\"url\":\"https:\/\/oriamendi.eus\/es\/\",\"name\":\"Oriamendi\",\"description\":\"Remonte en Galarreta. Hernani. Gipuzkoa\",\"publisher\":{\"@id\":\"https:\/\/oriamendi.eus\/es\/#organization\"},\"potentialAction\":[{\"@type\":\"SearchAction\",\"target\":{\"@type\":\"EntryPoint\",\"urlTemplate\":\"https:\/\/oriamendi.eus\/es\/?s={search_term_string}\"},\"query-input\":\"required name=search_term_string\"}],\"inLanguage\":\"es\"},{\"@type\":\"Organization\",\"@id\":\"https:\/\/oriamendi.eus\/es\/#organization\",\"name\":\"Oriamendi\",\"url\":\"https:\/\/oriamendi.eus\/es\/\",\"logo\":{\"@type\":\"ImageObject\",\"inLanguage\":\"es\",\"@id\":\"https:\/\/oriamendi.eus\/es\/#\/schema\/logo\/image\/\",\"url\":\"https:\/\/oriamendi.eus\/wp-content\/uploads\/2020\/06\/logo-oriamendi.png\",\"contentUrl\":\"https:\/\/oriamendi.eus\/wp-content\/uploads\/2020\/06\/logo-oriamendi.png\",\"width\":300,\"height\":90,\"caption\":\"Oriamendi\"},\"image\":{\"@id\":\"https:\/\/oriamendi.eus\/es\/#\/schema\/logo\/image\/\"},\"sameAs\":[\"https:\/\/www.facebook.com\/oriamendi2010remonte\/\",\"https:\/\/twitter.com\/oriamendi2010\",\"https:\/\/www.instagram.com\/galarretajaialai\/\",\"https:\/\/www.youtube.com\/channel\/UC8gVNzQqB1iwnC-_rI-ihmA\/featured\"]},{\"@type\":\"Person\",\"@id\":\"https:\/\/oriamendi.eus\/es\/#\/schema\/person\/c0bd06c6c747674306a5c82563e2339a\",\"name\":\"I\u00f1igo Go\u00f1i\",\"image\":{\"@type\":\"ImageObject\",\"inLanguage\":\"es\",\"@id\":\"https:\/\/oriamendi.eus\/es\/#\/schema\/person\/image\/\",\"url\":\"https:\/\/secure.gravatar.com\/avatar\/fbb07ffc7b803bbfcc2b6419c06abd3a?s=96&d=mm&r=g\",\"contentUrl\":\"https:\/\/secure.gravatar.com\/avatar\/fbb07ffc7b803bbfcc2b6419c06abd3a?s=96&d=mm&r=g\",\"caption\":\"I\u00f1igo Go\u00f1i\"},\"url\":\"https:\/\/oriamendi.eus\/es\/author\/om-berriak\/\"}]}<\/script>\n<!-- \/ Yoast SEO plugin. -->","yoast_head_json":{"title":"Ansa II sigue vivo en el campeonato tras ganar 30-23 a Juanenea | Oriamendi 2010","robots":{"index":"index","follow":"follow","max-snippet":"max-snippet:-1","max-image-preview":"max-image-preview:large","max-video-preview":"max-video-preview:-1"},"canonical":"https:\/\/oriamendi.eus\/es\/2024\/08\/29\/ansa-ii-sigue-vivo-en-el-campeonato-tras-ganar-30-23-a-juanenea\/","og_locale":"es_ES","og_type":"article","og_title":"Ansa II sigue vivo en el campeonato tras ganar 30-23 a Juanenea | Oriamendi 2010","og_description":"El de Urnieta remont\u00f3 un marcador adverso y deja sin puntos al de Saldias El Torneo Individual Eusko Label de remonte vivi\u00f3 una nueva jornada con victoria de Ansa II sobre Juanenea por 30-23. Un resultado que deja a Ansa II con tres puntos y a Juanenea con dos. El delantero de Urnieta se la [&hellip;]","og_url":"https:\/\/oriamendi.eus\/es\/2024\/08\/29\/ansa-ii-sigue-vivo-en-el-campeonato-tras-ganar-30-23-a-juanenea\/","og_site_name":"Oriamendi 2010","article_publisher":"https:\/\/www.facebook.com\/oriamendi2010remonte\/","article_published_time":"2024-08-29T17:06:42+00:00","article_modified_time":"2024-08-29T17:07:18+00:00","og_image":[{"width":1200,"height":800,"url":"https:\/\/oriamendi.eus\/wp-content\/uploads\/2024\/08\/erremontea-2-1.jpg","type":"image\/jpeg"}],"author":"I\u00f1igo Go\u00f1i","twitter_card":"summary_large_image","twitter_creator":"@oriamendi2010","twitter_site":"@oriamendi2010","twitter_misc":{"Escrito por":"I\u00f1igo Go\u00f1i","Tiempo de lectura":"3 minutos"},"schema":{"@context":"https:\/\/schema.org","@graph":[{"@type":"Article","@id":"https:\/\/oriamendi.eus\/es\/2024\/08\/29\/ansa-ii-sigue-vivo-en-el-campeonato-tras-ganar-30-23-a-juanenea\/#article","isPartOf":{"@id":"https:\/\/oriamendi.eus\/es\/2024\/08\/29\/ansa-ii-sigue-vivo-en-el-campeonato-tras-ganar-30-23-a-juanenea\/"},"author":{"name":"I\u00f1igo Go\u00f1i","@id":"https:\/\/oriamendi.eus\/es\/#\/schema\/person\/c0bd06c6c747674306a5c82563e2339a"},"headline":"Ansa II sigue vivo en el campeonato tras ganar 30-23 a Juanenea","datePublished":"2024-08-29T17:06:42+00:00","dateModified":"2024-08-29T17:07:18+00:00","mainEntityOfPage":{"@id":"https:\/\/oriamendi.eus\/es\/2024\/08\/29\/ansa-ii-sigue-vivo-en-el-campeonato-tras-ganar-30-23-a-juanenea\/"},"wordCount":454,"publisher":{"@id":"https:\/\/oriamendi.eus\/es\/#organization"},"articleSection":["Sin categorizar"],"inLanguage":"es"},{"@type":"WebPage","@id":"https:\/\/oriamendi.eus\/es\/2024\/08\/29\/ansa-ii-sigue-vivo-en-el-campeonato-tras-ganar-30-23-a-juanenea\/","url":"https:\/\/oriamendi.eus\/es\/2024\/08\/29\/ansa-ii-sigue-vivo-en-el-campeonato-tras-ganar-30-23-a-juanenea\/","name":"Ansa II sigue vivo en el campeonato tras ganar 30-23 a Juanenea | Oriamendi 2010","isPartOf":{"@id":"https:\/\/oriamendi.eus\/es\/#website"},"datePublished":"2024-08-29T17:06:42+00:00","dateModified":"2024-08-29T17:07:18+00:00","breadcrumb":{"@id":"https:\/\/oriamendi.eus\/es\/2024\/08\/29\/ansa-ii-sigue-vivo-en-el-campeonato-tras-ganar-30-23-a-juanenea\/#breadcrumb"},"inLanguage":"es","potentialAction":[{"@type":"ReadAction","target":["https:\/\/oriamendi.eus\/es\/2024\/08\/29\/ansa-ii-sigue-vivo-en-el-campeonato-tras-ganar-30-23-a-juanenea\/"]}]},{"@type":"BreadcrumbList","@id":"https:\/\/oriamendi.eus\/es\/2024\/08\/29\/ansa-ii-sigue-vivo-en-el-campeonato-tras-ganar-30-23-a-juanenea\/#breadcrumb","itemListElement":[{"@type":"ListItem","position":1,"name":"Portada","item":"https:\/\/oriamendi.eus\/es\/"},{"@type":"ListItem","position":2,"name":"Ansa II sigue vivo en el campeonato tras ganar 30-23 a Juanenea"}]},{"@type":"WebSite","@id":"https:\/\/oriamendi.eus\/es\/#website","url":"https:\/\/oriamendi.eus\/es\/","name":"Oriamendi","description":"Remonte en Galarreta. Hernani. Gipuzkoa","publisher":{"@id":"https:\/\/oriamendi.eus\/es\/#organization"},"potentialAction":[{"@type":"SearchAction","target":{"@type":"EntryPoint","urlTemplate":"https:\/\/oriamendi.eus\/es\/?s={search_term_string}"},"query-input":"required name=search_term_string"}],"inLanguage":"es"},{"@type":"Organization","@id":"https:\/\/oriamendi.eus\/es\/#organization","name":"Oriamendi","url":"https:\/\/oriamendi.eus\/es\/","logo":{"@type":"ImageObject","inLanguage":"es","@id":"https:\/\/oriamendi.eus\/es\/#\/schema\/logo\/image\/","url":"https:\/\/oriamendi.eus\/wp-content\/uploads\/2020\/06\/logo-oriamendi.png","contentUrl":"https:\/\/oriamendi.eus\/wp-content\/uploads\/2020\/06\/logo-oriamendi.png","width":300,"height":90,"caption":"Oriamendi"},"image":{"@id":"https:\/\/oriamendi.eus\/es\/#\/schema\/logo\/image\/"},"sameAs":["https:\/\/www.facebook.com\/oriamendi2010remonte\/","https:\/\/twitter.com\/oriamendi2010","https:\/\/www.instagram.com\/galarretajaialai\/","https:\/\/www.youtube.com\/channel\/UC8gVNzQqB1iwnC-_rI-ihmA\/featured"]},{"@type":"Person","@id":"https:\/\/oriamendi.eus\/es\/#\/schema\/person\/c0bd06c6c747674306a5c82563e2339a","name":"I\u00f1igo Go\u00f1i","image":{"@type":"ImageObject","inLanguage":"es","@id":"https:\/\/oriamendi.eus\/es\/#\/schema\/person\/image\/","url":"https:\/\/secure.gravatar.com\/avatar\/fbb07ffc7b803bbfcc2b6419c06abd3a?s=96&d=mm&r=g","contentUrl":"https:\/\/secure.gravatar.com\/avatar\/fbb07ffc7b803bbfcc2b6419c06abd3a?s=96&d=mm&r=g","caption":"I\u00f1igo Go\u00f1i"},"url":"https:\/\/oriamendi.eus\/es\/author\/om-berriak\/"}]}},"_links":{"self":[{"href":"https:\/\/oriamendi.eus\/es\/wp-json\/wp\/v2\/posts\/8225"}],"collection":[{"href":"https:\/\/oriamendi.eus\/es\/wp-json\/wp\/v2\/posts"}],"about":[{"href":"https:\/\/oriamendi.eus\/es\/wp-json\/wp\/v2\/types\/post"}],"author":[{"embeddable":true,"href":"https:\/\/oriamendi.eus\/es\/wp-json\/wp\/v2\/users\/5"}],"replies":[{"embeddable":true,"href":"https:\/\/oriamendi.eus\/es\/wp-json\/wp\/v2\/comments?post=8225"}],"version-history":[{"count":2,"href":"https:\/\/oriamendi.eus\/es\/wp-json\/wp\/v2\/posts\/8225\/revisions"}],"predecessor-version":[{"id":8227,"href":"https:\/\/oriamendi.eus\/es\/wp-json\/wp\/v2\/posts\/8225\/revisions\/8227"}],"wp:featuredmedia":[{"embeddable":true,"href":"https:\/\/oriamendi.eus\/es\/wp-json\/wp\/v2\/media\/8189"}],"wp:attachment":[{"href":"https:\/\/oriamendi.eus\/es\/wp-json\/wp\/v2\/media?parent=8225"}],"wp:term":[{"taxonomy":"category","embeddable":true,"href":"https:\/\/oriamendi.eus\/es\/wp-json\/wp\/v2\/categories?post=8225"},{"taxonomy":"post_tag","embeddable":true,"href":"https:\/\/oriamendi.eus\/es\/wp-json\/wp\/v2\/tags?post=8225"}],"curies":[{"name":"wp","href":"https:\/\/api.w.org\/{rel}","templated":true}]}}