                                        
                                        
                                        
                                        
                                        
                                        
                                        
                                        
                                        
                                        
                                        
                                        
                                        
                                        
                                        
                                        
                                        
                                        
{"id":8220,"date":"2024-08-24T18:02:17","date_gmt":"2024-08-24T16:02:17","guid":{"rendered":"https:\/\/oriamendi.eus\/?p=8220"},"modified":"2024-08-24T18:02:17","modified_gmt":"2024-08-24T16:02:17","slug":"barrenetxea-vuelve-a-ganar-por-la-minima-a-juanenea","status":"publish","type":"post","link":"https:\/\/oriamendi.eus\/es\/2024\/08\/24\/barrenetxea-vuelve-a-ganar-por-la-minima-a-juanenea\/","title":{"rendered":"Barrenetxea vuelve a ganar por la m\u00ednima a Juanenea"},"content":{"rendered":"<div><b>En un partido duro y peloteado gana 29-30 y suma cuatro puntos por dos del perdedor<\/b><\/div>\n<div><b>\u00a0<\/b><\/div>\n<div>Como ya ocurriera hace dos a\u00f1os Barrenetxea IV ha ganado por la m\u00ednima 29-30 a Juanenea en el primer partido de ambos en la liguilla del Torneo Individual de remonte-Eusko Label. El a\u00f1o pasado uno u otro se impusieron con facilidad, pero este a\u00f1o ha vuelto la igualdad. Barrenetxea suma cuatro puntos y Juanenea no se va con las manos vac\u00edas, ya que suma dos puntos importantes.<\/div>\n<div>El partido fue dur\u00edsimo y con unas condiciones clim\u00e1ticas duras. La humedad era grande y el calor al inicio del partido tambi\u00e9n. Eso hizo que los pelotaris hayan sudado mucho y al final terminaron con lo justo. El partido pod\u00eda caer de un lado u otro, tras mucho peloteo, y cay\u00f3 a favor de Barrenetxea tras un resto arrimado a la pared izquierda.<\/div>\n<div>El partido comenz\u00f3 con una ligera ventaja de Barrenetxea IV, 3-6, pero un parcial de 11-0 de Juanenea le dio una ventaja importante de ocho tantos. En el peloteo era superior a Barrenetxea y estaba jugando de maravilla. Barrenetxea no se encontraba en la cancha, pero acudi\u00f3 al rescate su saque. Sacando bien, poco a poco, el hernaniarra comenz\u00f3 a remontar y tras un parcial de 2-12 el marcador pas\u00f3 a un 16-18 a favor de Barrenetxea. Juanenea aguant\u00f3 gracias a su \u00edmpetu y sus condiciones para el individual.\u00a0 El marcador ya no tuvo grandes ventajas y la igualdad era constante. Barrenetxea tuvo su m\u00e1xima en el 18-22, pero Juanenea volvi\u00f3 a igualar el marcador a 25. Cualquier detalle iba a decidir el partido. El saque ya no era decisivo con apenas tantos o faltas y el peloteo decid\u00eda casi todos los tantos. Barrenetxea no perdi\u00f3 nunca la delantera, a pesar de los empates a 25, 27, 28 y 29. El empate a 29 fue un tantazo de Juanenea a dos paredes de un rebote que parec\u00eda complicado de llegar. Lo celebr\u00f3 como una victoria en el suelo, pero el \u00faltimo tanto cay\u00f3 del lado de Barrenetxea IV. Juanenea estuvo m\u00e1s seguro e hizo menos errores, pero a pesar de tres faltas de saque, el saque de Barrenetxea fue al final la clave del encuentro.<\/div>\n","protected":false},"excerpt":{"rendered":"<p>En un partido duro y peloteado gana 29-30 y suma cuatro puntos por dos del perdedor \u00a0 Como ya ocurriera hace dos a\u00f1os Barrenetxea IV ha ganado por la m\u00ednima 29-30 a Juanenea en el primer partido de ambos en la liguilla del Torneo Individual de remonte-Eusko Label. El a\u00f1o pasado uno u otro se [&hellip;]<\/p>\n","protected":false},"author":5,"featured_media":8187,"comment_status":"closed","ping_status":"open","sticky":false,"template":"","format":"standard","meta":{"_et_pb_use_builder":"","_et_pb_old_content":"","_et_gb_content_width":"","footnotes":""},"categories":[1],"tags":[],"yoast_head":"<!-- This site is optimized with the Yoast SEO plugin v21.8 - https:\/\/yoast.com\/wordpress\/plugins\/seo\/ -->\n<title>Barrenetxea vuelve a ganar por la m\u00ednima a Juanenea | Oriamendi 2010<\/title>\n<meta name=\"robots\" content=\"index, follow, max-snippet:-1, max-image-preview:large, max-video-preview:-1\" \/>\n<link rel=\"canonical\" href=\"https:\/\/oriamendi.eus\/es\/2024\/08\/24\/barrenetxea-vuelve-a-ganar-por-la-minima-a-juanenea\/\" \/>\n<meta property=\"og:locale\" content=\"es_ES\" \/>\n<meta property=\"og:type\" content=\"article\" \/>\n<meta property=\"og:title\" content=\"Barrenetxea vuelve a ganar por la m\u00ednima a Juanenea | Oriamendi 2010\" \/>\n<meta property=\"og:description\" content=\"En un partido duro y peloteado gana 29-30 y suma cuatro puntos por dos del perdedor \u00a0 Como ya ocurriera hace dos a\u00f1os Barrenetxea IV ha ganado por la m\u00ednima 29-30 a Juanenea en el primer partido de ambos en la liguilla del Torneo Individual de remonte-Eusko Label. El a\u00f1o pasado uno u otro se [&hellip;]\" \/>\n<meta property=\"og:url\" content=\"https:\/\/oriamendi.eus\/es\/2024\/08\/24\/barrenetxea-vuelve-a-ganar-por-la-minima-a-juanenea\/\" \/>\n<meta property=\"og:site_name\" content=\"Oriamendi 2010\" \/>\n<meta property=\"article:publisher\" content=\"https:\/\/www.facebook.com\/oriamendi2010remonte\/\" \/>\n<meta property=\"article:published_time\" content=\"2024-08-24T16:02:17+00:00\" \/>\n<meta property=\"og:image\" content=\"https:\/\/oriamendi.eus\/wp-content\/uploads\/2024\/08\/erremontea-2.jpg\" \/>\n\t<meta property=\"og:image:width\" content=\"1200\" \/>\n\t<meta property=\"og:image:height\" content=\"800\" \/>\n\t<meta property=\"og:image:type\" content=\"image\/jpeg\" \/>\n<meta name=\"author\" content=\"I\u00f1igo Go\u00f1i\" \/>\n<meta name=\"twitter:card\" content=\"summary_large_image\" \/>\n<meta name=\"twitter:creator\" content=\"@oriamendi2010\" \/>\n<meta name=\"twitter:site\" content=\"@oriamendi2010\" \/>\n<meta name=\"twitter:label1\" content=\"Escrito por\" \/>\n\t<meta name=\"twitter:data1\" content=\"I\u00f1igo Go\u00f1i\" \/>\n\t<meta name=\"twitter:label2\" content=\"Tiempo de lectura\" \/>\n\t<meta name=\"twitter:data2\" content=\"2 minutos\" \/>\n<script type=\"application\/ld+json\" class=\"yoast-schema-graph\">{\"@context\":\"https:\/\/schema.org\",\"@graph\":[{\"@type\":\"Article\",\"@id\":\"https:\/\/oriamendi.eus\/es\/2024\/08\/24\/barrenetxea-vuelve-a-ganar-por-la-minima-a-juanenea\/#article\",\"isPartOf\":{\"@id\":\"https:\/\/oriamendi.eus\/es\/2024\/08\/24\/barrenetxea-vuelve-a-ganar-por-la-minima-a-juanenea\/\"},\"author\":{\"name\":\"I\u00f1igo Go\u00f1i\",\"@id\":\"https:\/\/oriamendi.eus\/es\/#\/schema\/person\/c0bd06c6c747674306a5c82563e2339a\"},\"headline\":\"Barrenetxea vuelve a ganar por la m\u00ednima a Juanenea\",\"datePublished\":\"2024-08-24T16:02:17+00:00\",\"dateModified\":\"2024-08-24T16:02:17+00:00\",\"mainEntityOfPage\":{\"@id\":\"https:\/\/oriamendi.eus\/es\/2024\/08\/24\/barrenetxea-vuelve-a-ganar-por-la-minima-a-juanenea\/\"},\"wordCount\":388,\"publisher\":{\"@id\":\"https:\/\/oriamendi.eus\/es\/#organization\"},\"articleSection\":[\"Sin categorizar\"],\"inLanguage\":\"es\"},{\"@type\":\"WebPage\",\"@id\":\"https:\/\/oriamendi.eus\/es\/2024\/08\/24\/barrenetxea-vuelve-a-ganar-por-la-minima-a-juanenea\/\",\"url\":\"https:\/\/oriamendi.eus\/es\/2024\/08\/24\/barrenetxea-vuelve-a-ganar-por-la-minima-a-juanenea\/\",\"name\":\"Barrenetxea vuelve a ganar por la m\u00ednima a Juanenea | Oriamendi 2010\",\"isPartOf\":{\"@id\":\"https:\/\/oriamendi.eus\/es\/#website\"},\"datePublished\":\"2024-08-24T16:02:17+00:00\",\"dateModified\":\"2024-08-24T16:02:17+00:00\",\"breadcrumb\":{\"@id\":\"https:\/\/oriamendi.eus\/es\/2024\/08\/24\/barrenetxea-vuelve-a-ganar-por-la-minima-a-juanenea\/#breadcrumb\"},\"inLanguage\":\"es\",\"potentialAction\":[{\"@type\":\"ReadAction\",\"target\":[\"https:\/\/oriamendi.eus\/es\/2024\/08\/24\/barrenetxea-vuelve-a-ganar-por-la-minima-a-juanenea\/\"]}]},{\"@type\":\"BreadcrumbList\",\"@id\":\"https:\/\/oriamendi.eus\/es\/2024\/08\/24\/barrenetxea-vuelve-a-ganar-por-la-minima-a-juanenea\/#breadcrumb\",\"itemListElement\":[{\"@type\":\"ListItem\",\"position\":1,\"name\":\"Portada\",\"item\":\"https:\/\/oriamendi.eus\/es\/\"},{\"@type\":\"ListItem\",\"position\":2,\"name\":\"Barrenetxea vuelve a ganar por la m\u00ednima a Juanenea\"}]},{\"@type\":\"WebSite\",\"@id\":\"https:\/\/oriamendi.eus\/es\/#website\",\"url\":\"https:\/\/oriamendi.eus\/es\/\",\"name\":\"Oriamendi\",\"description\":\"Remonte en Galarreta. Hernani. Gipuzkoa\",\"publisher\":{\"@id\":\"https:\/\/oriamendi.eus\/es\/#organization\"},\"potentialAction\":[{\"@type\":\"SearchAction\",\"target\":{\"@type\":\"EntryPoint\",\"urlTemplate\":\"https:\/\/oriamendi.eus\/es\/?s={search_term_string}\"},\"query-input\":\"required name=search_term_string\"}],\"inLanguage\":\"es\"},{\"@type\":\"Organization\",\"@id\":\"https:\/\/oriamendi.eus\/es\/#organization\",\"name\":\"Oriamendi\",\"url\":\"https:\/\/oriamendi.eus\/es\/\",\"logo\":{\"@type\":\"ImageObject\",\"inLanguage\":\"es\",\"@id\":\"https:\/\/oriamendi.eus\/es\/#\/schema\/logo\/image\/\",\"url\":\"https:\/\/oriamendi.eus\/wp-content\/uploads\/2020\/06\/logo-oriamendi.png\",\"contentUrl\":\"https:\/\/oriamendi.eus\/wp-content\/uploads\/2020\/06\/logo-oriamendi.png\",\"width\":300,\"height\":90,\"caption\":\"Oriamendi\"},\"image\":{\"@id\":\"https:\/\/oriamendi.eus\/es\/#\/schema\/logo\/image\/\"},\"sameAs\":[\"https:\/\/www.facebook.com\/oriamendi2010remonte\/\",\"https:\/\/twitter.com\/oriamendi2010\",\"https:\/\/www.instagram.com\/galarretajaialai\/\",\"https:\/\/www.youtube.com\/channel\/UC8gVNzQqB1iwnC-_rI-ihmA\/featured\"]},{\"@type\":\"Person\",\"@id\":\"https:\/\/oriamendi.eus\/es\/#\/schema\/person\/c0bd06c6c747674306a5c82563e2339a\",\"name\":\"I\u00f1igo Go\u00f1i\",\"image\":{\"@type\":\"ImageObject\",\"inLanguage\":\"es\",\"@id\":\"https:\/\/oriamendi.eus\/es\/#\/schema\/person\/image\/\",\"url\":\"https:\/\/secure.gravatar.com\/avatar\/fbb07ffc7b803bbfcc2b6419c06abd3a?s=96&d=mm&r=g\",\"contentUrl\":\"https:\/\/secure.gravatar.com\/avatar\/fbb07ffc7b803bbfcc2b6419c06abd3a?s=96&d=mm&r=g\",\"caption\":\"I\u00f1igo Go\u00f1i\"},\"url\":\"https:\/\/oriamendi.eus\/es\/author\/om-berriak\/\"}]}<\/script>\n<!-- \/ Yoast SEO plugin. -->","yoast_head_json":{"title":"Barrenetxea vuelve a ganar por la m\u00ednima a Juanenea | Oriamendi 2010","robots":{"index":"index","follow":"follow","max-snippet":"max-snippet:-1","max-image-preview":"max-image-preview:large","max-video-preview":"max-video-preview:-1"},"canonical":"https:\/\/oriamendi.eus\/es\/2024\/08\/24\/barrenetxea-vuelve-a-ganar-por-la-minima-a-juanenea\/","og_locale":"es_ES","og_type":"article","og_title":"Barrenetxea vuelve a ganar por la m\u00ednima a Juanenea | Oriamendi 2010","og_description":"En un partido duro y peloteado gana 29-30 y suma cuatro puntos por dos del perdedor \u00a0 Como ya ocurriera hace dos a\u00f1os Barrenetxea IV ha ganado por la m\u00ednima 29-30 a Juanenea en el primer partido de ambos en la liguilla del Torneo Individual de remonte-Eusko Label. El a\u00f1o pasado uno u otro se [&hellip;]","og_url":"https:\/\/oriamendi.eus\/es\/2024\/08\/24\/barrenetxea-vuelve-a-ganar-por-la-minima-a-juanenea\/","og_site_name":"Oriamendi 2010","article_publisher":"https:\/\/www.facebook.com\/oriamendi2010remonte\/","article_published_time":"2024-08-24T16:02:17+00:00","og_image":[{"width":1200,"height":800,"url":"https:\/\/oriamendi.eus\/wp-content\/uploads\/2024\/08\/erremontea-2.jpg","type":"image\/jpeg"}],"author":"I\u00f1igo Go\u00f1i","twitter_card":"summary_large_image","twitter_creator":"@oriamendi2010","twitter_site":"@oriamendi2010","twitter_misc":{"Escrito por":"I\u00f1igo Go\u00f1i","Tiempo de lectura":"2 minutos"},"schema":{"@context":"https:\/\/schema.org","@graph":[{"@type":"Article","@id":"https:\/\/oriamendi.eus\/es\/2024\/08\/24\/barrenetxea-vuelve-a-ganar-por-la-minima-a-juanenea\/#article","isPartOf":{"@id":"https:\/\/oriamendi.eus\/es\/2024\/08\/24\/barrenetxea-vuelve-a-ganar-por-la-minima-a-juanenea\/"},"author":{"name":"I\u00f1igo Go\u00f1i","@id":"https:\/\/oriamendi.eus\/es\/#\/schema\/person\/c0bd06c6c747674306a5c82563e2339a"},"headline":"Barrenetxea vuelve a ganar por la m\u00ednima a Juanenea","datePublished":"2024-08-24T16:02:17+00:00","dateModified":"2024-08-24T16:02:17+00:00","mainEntityOfPage":{"@id":"https:\/\/oriamendi.eus\/es\/2024\/08\/24\/barrenetxea-vuelve-a-ganar-por-la-minima-a-juanenea\/"},"wordCount":388,"publisher":{"@id":"https:\/\/oriamendi.eus\/es\/#organization"},"articleSection":["Sin categorizar"],"inLanguage":"es"},{"@type":"WebPage","@id":"https:\/\/oriamendi.eus\/es\/2024\/08\/24\/barrenetxea-vuelve-a-ganar-por-la-minima-a-juanenea\/","url":"https:\/\/oriamendi.eus\/es\/2024\/08\/24\/barrenetxea-vuelve-a-ganar-por-la-minima-a-juanenea\/","name":"Barrenetxea vuelve a ganar por la m\u00ednima a Juanenea | Oriamendi 2010","isPartOf":{"@id":"https:\/\/oriamendi.eus\/es\/#website"},"datePublished":"2024-08-24T16:02:17+00:00","dateModified":"2024-08-24T16:02:17+00:00","breadcrumb":{"@id":"https:\/\/oriamendi.eus\/es\/2024\/08\/24\/barrenetxea-vuelve-a-ganar-por-la-minima-a-juanenea\/#breadcrumb"},"inLanguage":"es","potentialAction":[{"@type":"ReadAction","target":["https:\/\/oriamendi.eus\/es\/2024\/08\/24\/barrenetxea-vuelve-a-ganar-por-la-minima-a-juanenea\/"]}]},{"@type":"BreadcrumbList","@id":"https:\/\/oriamendi.eus\/es\/2024\/08\/24\/barrenetxea-vuelve-a-ganar-por-la-minima-a-juanenea\/#breadcrumb","itemListElement":[{"@type":"ListItem","position":1,"name":"Portada","item":"https:\/\/oriamendi.eus\/es\/"},{"@type":"ListItem","position":2,"name":"Barrenetxea vuelve a ganar por la m\u00ednima a Juanenea"}]},{"@type":"WebSite","@id":"https:\/\/oriamendi.eus\/es\/#website","url":"https:\/\/oriamendi.eus\/es\/","name":"Oriamendi","description":"Remonte en Galarreta. Hernani. Gipuzkoa","publisher":{"@id":"https:\/\/oriamendi.eus\/es\/#organization"},"potentialAction":[{"@type":"SearchAction","target":{"@type":"EntryPoint","urlTemplate":"https:\/\/oriamendi.eus\/es\/?s={search_term_string}"},"query-input":"required name=search_term_string"}],"inLanguage":"es"},{"@type":"Organization","@id":"https:\/\/oriamendi.eus\/es\/#organization","name":"Oriamendi","url":"https:\/\/oriamendi.eus\/es\/","logo":{"@type":"ImageObject","inLanguage":"es","@id":"https:\/\/oriamendi.eus\/es\/#\/schema\/logo\/image\/","url":"https:\/\/oriamendi.eus\/wp-content\/uploads\/2020\/06\/logo-oriamendi.png","contentUrl":"https:\/\/oriamendi.eus\/wp-content\/uploads\/2020\/06\/logo-oriamendi.png","width":300,"height":90,"caption":"Oriamendi"},"image":{"@id":"https:\/\/oriamendi.eus\/es\/#\/schema\/logo\/image\/"},"sameAs":["https:\/\/www.facebook.com\/oriamendi2010remonte\/","https:\/\/twitter.com\/oriamendi2010","https:\/\/www.instagram.com\/galarretajaialai\/","https:\/\/www.youtube.com\/channel\/UC8gVNzQqB1iwnC-_rI-ihmA\/featured"]},{"@type":"Person","@id":"https:\/\/oriamendi.eus\/es\/#\/schema\/person\/c0bd06c6c747674306a5c82563e2339a","name":"I\u00f1igo Go\u00f1i","image":{"@type":"ImageObject","inLanguage":"es","@id":"https:\/\/oriamendi.eus\/es\/#\/schema\/person\/image\/","url":"https:\/\/secure.gravatar.com\/avatar\/fbb07ffc7b803bbfcc2b6419c06abd3a?s=96&d=mm&r=g","contentUrl":"https:\/\/secure.gravatar.com\/avatar\/fbb07ffc7b803bbfcc2b6419c06abd3a?s=96&d=mm&r=g","caption":"I\u00f1igo Go\u00f1i"},"url":"https:\/\/oriamendi.eus\/es\/author\/om-berriak\/"}]}},"_links":{"self":[{"href":"https:\/\/oriamendi.eus\/es\/wp-json\/wp\/v2\/posts\/8220"}],"collection":[{"href":"https:\/\/oriamendi.eus\/es\/wp-json\/wp\/v2\/posts"}],"about":[{"href":"https:\/\/oriamendi.eus\/es\/wp-json\/wp\/v2\/types\/post"}],"author":[{"embeddable":true,"href":"https:\/\/oriamendi.eus\/es\/wp-json\/wp\/v2\/users\/5"}],"replies":[{"embeddable":true,"href":"https:\/\/oriamendi.eus\/es\/wp-json\/wp\/v2\/comments?post=8220"}],"version-history":[{"count":1,"href":"https:\/\/oriamendi.eus\/es\/wp-json\/wp\/v2\/posts\/8220\/revisions"}],"predecessor-version":[{"id":8221,"href":"https:\/\/oriamendi.eus\/es\/wp-json\/wp\/v2\/posts\/8220\/revisions\/8221"}],"wp:featuredmedia":[{"embeddable":true,"href":"https:\/\/oriamendi.eus\/es\/wp-json\/wp\/v2\/media\/8187"}],"wp:attachment":[{"href":"https:\/\/oriamendi.eus\/es\/wp-json\/wp\/v2\/media?parent=8220"}],"wp:term":[{"taxonomy":"category","embeddable":true,"href":"https:\/\/oriamendi.eus\/es\/wp-json\/wp\/v2\/categories?post=8220"},{"taxonomy":"post_tag","embeddable":true,"href":"https:\/\/oriamendi.eus\/es\/wp-json\/wp\/v2\/tags?post=8220"}],"curies":[{"name":"wp","href":"https:\/\/api.w.org\/{rel}","templated":true}]}}