                                        
                                        
                                        
                                        
                                        
                                        
                                        
                                        
                                        
                                        
                                        
                                        
                                        
                                        
                                        
                                        
                                        
                                        
{"id":8208,"date":"2024-08-17T18:50:25","date_gmt":"2024-08-17T16:50:25","guid":{"rendered":"https:\/\/oriamendi.eus\/?p=8208"},"modified":"2024-08-18T17:58:46","modified_gmt":"2024-08-18T15:58:46","slug":"urriza-pasa-a-la-liguilla-del-torneo-individual-eusko-label-con-sufrimiento","status":"publish","type":"post","link":"https:\/\/oriamendi.eus\/es\/2024\/08\/17\/urriza-pasa-a-la-liguilla-del-torneo-individual-eusko-label-con-sufrimiento\/","title":{"rendered":"Urriza pasa a la liguilla del Torneo Individual-Eusko Label con sufrimiento"},"content":{"rendered":"<div><b>Se impone 30-25 a Azpiroz que remont\u00f3 y se puso por delante 24-25, pero un parcial final de 6-0 decide el partido<\/b><\/div>\n<div><b>\u00a0<\/b><\/div>\n<div>Javier Urriza se ha unido a Barrenetxea IV, Juanenea y Ansa II para jugar la liguilla del Torneo Individual de remonte-Eusko Label despu\u00e9s de imponerse 30-25 a Xabier Azpiroz. El partido fue igualado y aunque Urriza llev\u00f3 la delantera en la mayor\u00eda del tiempo, tuvo que realizar un parcial de 6-0 despu\u00e9s de que Azpiroz se adelantara 24-25 en el marcador.<\/div>\n<div>El partido se decidi\u00f3 al final y fue clave el saque. Urriza realiz\u00f3 hasta doce tantos de saque y tres de los \u00faltimos seis tantos fueron de saque. Azpiroz se movi\u00f3 de adelante atr\u00e1s en el resto constantemente, pero no pudo parar la sangr\u00eda en el saque. Eso s\u00ed, el zaguero de Uitzi estuvo por encima de Urriza en el peloteo. Se movi\u00f3 muy bien en la cancha e hizo mucho da\u00f1o con sus pelotazos. termin\u00f3 con 17 tantos en el peloteo por 15 de Urriza.<\/div>\n<div>El delantero de Pamplona llev\u00f3 la iniciativa en el marcador con muchas idas y vueltas. Comenz\u00f3 Urriza por delante 4-1 y la ventaja aument\u00f3 hasta el 11-4, m\u00e1xima del partido. Azpiroz pas\u00f3 a restar a los cuadros de atr\u00e1s en el 11-5 y eso le ayud\u00f3 a remontar hasta el empate a 15. A pesar de la igualada no logr\u00f3 ponerse por delante y volvi\u00f3 una ventaja de cinco tantos, 21-16 para el delantero. No hab\u00eda mucho peloteo y el saque era el que mandaba en Galarreta. Azpiroz comenz\u00f3 a sacar mejor y poco a poco volvi\u00f3 a recortar la desventaja hasta ponerse con un empate a 23 que dejaba todo por decidir.<\/div>\n<div>La sensaci\u00f3n del juego era que Azpiroz se sent\u00eda c\u00f3modo en el peloteo y sufr\u00eda Urriza. Tras el empate a 24 lleg\u00f3 la primera y \u00fanica ventaja de Azpiroz, 24-25 tras su s\u00e9ptimo tanto de saque. Urriza recuper\u00f3 el saque con un buen pelotazo en el empate a 25 y el saque lo rescat\u00f3 con dos tantos seguidos de saque para ponerse 27-25 por delante. Eso lanz\u00f3 a Urriza, que mejor\u00f3 en el peloteo en ese tramo final y tras los tantos 28 y 29, cerr\u00f3 el partido con otro saque, 30-25.<\/div>\n","protected":false},"excerpt":{"rendered":"<p>Se impone 30-25 a Azpiroz que remont\u00f3 y se puso por delante 24-25, pero un parcial final de 6-0 decide el partido \u00a0 Javier Urriza se ha unido a Barrenetxea IV, Juanenea y Ansa II para jugar la liguilla del Torneo Individual de remonte-Eusko Label despu\u00e9s de imponerse 30-25 a Xabier Azpiroz. El partido fue [&hellip;]<\/p>\n","protected":false},"author":5,"featured_media":8185,"comment_status":"closed","ping_status":"open","sticky":false,"template":"","format":"standard","meta":{"_et_pb_use_builder":"","_et_pb_old_content":"","_et_gb_content_width":"","footnotes":""},"categories":[1],"tags":[],"yoast_head":"<!-- This site is optimized with the Yoast SEO plugin v21.8 - https:\/\/yoast.com\/wordpress\/plugins\/seo\/ -->\n<title>Urriza pasa a la liguilla del Torneo Individual-Eusko Label con sufrimiento | Oriamendi 2010<\/title>\n<meta name=\"robots\" content=\"index, follow, max-snippet:-1, max-image-preview:large, max-video-preview:-1\" \/>\n<link rel=\"canonical\" href=\"https:\/\/oriamendi.eus\/es\/2024\/08\/17\/urriza-pasa-a-la-liguilla-del-torneo-individual-eusko-label-con-sufrimiento\/\" \/>\n<meta property=\"og:locale\" content=\"es_ES\" \/>\n<meta property=\"og:type\" content=\"article\" \/>\n<meta property=\"og:title\" content=\"Urriza pasa a la liguilla del Torneo Individual-Eusko Label con sufrimiento | Oriamendi 2010\" \/>\n<meta property=\"og:description\" content=\"Se impone 30-25 a Azpiroz que remont\u00f3 y se puso por delante 24-25, pero un parcial final de 6-0 decide el partido \u00a0 Javier Urriza se ha unido a Barrenetxea IV, Juanenea y Ansa II para jugar la liguilla del Torneo Individual de remonte-Eusko Label despu\u00e9s de imponerse 30-25 a Xabier Azpiroz. El partido fue [&hellip;]\" \/>\n<meta property=\"og:url\" content=\"https:\/\/oriamendi.eus\/es\/2024\/08\/17\/urriza-pasa-a-la-liguilla-del-torneo-individual-eusko-label-con-sufrimiento\/\" \/>\n<meta property=\"og:site_name\" content=\"Oriamendi 2010\" \/>\n<meta property=\"article:publisher\" content=\"https:\/\/www.facebook.com\/oriamendi2010remonte\/\" \/>\n<meta property=\"article:published_time\" content=\"2024-08-17T16:50:25+00:00\" \/>\n<meta property=\"article:modified_time\" content=\"2024-08-18T15:58:46+00:00\" \/>\n<meta property=\"og:image\" content=\"https:\/\/oriamendi.eus\/wp-content\/uploads\/2024\/08\/Erremontea.jpg\" \/>\n\t<meta property=\"og:image:width\" content=\"1200\" \/>\n\t<meta property=\"og:image:height\" content=\"800\" \/>\n\t<meta property=\"og:image:type\" content=\"image\/jpeg\" \/>\n<meta name=\"author\" content=\"I\u00f1igo Go\u00f1i\" \/>\n<meta name=\"twitter:card\" content=\"summary_large_image\" \/>\n<meta name=\"twitter:creator\" content=\"@oriamendi2010\" \/>\n<meta name=\"twitter:site\" content=\"@oriamendi2010\" \/>\n<meta name=\"twitter:label1\" content=\"Escrito por\" \/>\n\t<meta name=\"twitter:data1\" content=\"I\u00f1igo Go\u00f1i\" \/>\n\t<meta name=\"twitter:label2\" content=\"Tiempo de lectura\" \/>\n\t<meta name=\"twitter:data2\" content=\"2 minutos\" \/>\n<script type=\"application\/ld+json\" class=\"yoast-schema-graph\">{\"@context\":\"https:\/\/schema.org\",\"@graph\":[{\"@type\":\"Article\",\"@id\":\"https:\/\/oriamendi.eus\/es\/2024\/08\/17\/urriza-pasa-a-la-liguilla-del-torneo-individual-eusko-label-con-sufrimiento\/#article\",\"isPartOf\":{\"@id\":\"https:\/\/oriamendi.eus\/es\/2024\/08\/17\/urriza-pasa-a-la-liguilla-del-torneo-individual-eusko-label-con-sufrimiento\/\"},\"author\":{\"name\":\"I\u00f1igo Go\u00f1i\",\"@id\":\"https:\/\/oriamendi.eus\/es\/#\/schema\/person\/c0bd06c6c747674306a5c82563e2339a\"},\"headline\":\"Urriza pasa a la liguilla del Torneo Individual-Eusko Label con sufrimiento\",\"datePublished\":\"2024-08-17T16:50:25+00:00\",\"dateModified\":\"2024-08-18T15:58:46+00:00\",\"mainEntityOfPage\":{\"@id\":\"https:\/\/oriamendi.eus\/es\/2024\/08\/17\/urriza-pasa-a-la-liguilla-del-torneo-individual-eusko-label-con-sufrimiento\/\"},\"wordCount\":391,\"publisher\":{\"@id\":\"https:\/\/oriamendi.eus\/es\/#organization\"},\"articleSection\":[\"Sin categorizar\"],\"inLanguage\":\"es\"},{\"@type\":\"WebPage\",\"@id\":\"https:\/\/oriamendi.eus\/es\/2024\/08\/17\/urriza-pasa-a-la-liguilla-del-torneo-individual-eusko-label-con-sufrimiento\/\",\"url\":\"https:\/\/oriamendi.eus\/es\/2024\/08\/17\/urriza-pasa-a-la-liguilla-del-torneo-individual-eusko-label-con-sufrimiento\/\",\"name\":\"Urriza pasa a la liguilla del Torneo Individual-Eusko Label con sufrimiento | Oriamendi 2010\",\"isPartOf\":{\"@id\":\"https:\/\/oriamendi.eus\/es\/#website\"},\"datePublished\":\"2024-08-17T16:50:25+00:00\",\"dateModified\":\"2024-08-18T15:58:46+00:00\",\"breadcrumb\":{\"@id\":\"https:\/\/oriamendi.eus\/es\/2024\/08\/17\/urriza-pasa-a-la-liguilla-del-torneo-individual-eusko-label-con-sufrimiento\/#breadcrumb\"},\"inLanguage\":\"es\",\"potentialAction\":[{\"@type\":\"ReadAction\",\"target\":[\"https:\/\/oriamendi.eus\/es\/2024\/08\/17\/urriza-pasa-a-la-liguilla-del-torneo-individual-eusko-label-con-sufrimiento\/\"]}]},{\"@type\":\"BreadcrumbList\",\"@id\":\"https:\/\/oriamendi.eus\/es\/2024\/08\/17\/urriza-pasa-a-la-liguilla-del-torneo-individual-eusko-label-con-sufrimiento\/#breadcrumb\",\"itemListElement\":[{\"@type\":\"ListItem\",\"position\":1,\"name\":\"Portada\",\"item\":\"https:\/\/oriamendi.eus\/es\/\"},{\"@type\":\"ListItem\",\"position\":2,\"name\":\"Urriza pasa a la liguilla del Torneo Individual-Eusko Label con sufrimiento\"}]},{\"@type\":\"WebSite\",\"@id\":\"https:\/\/oriamendi.eus\/es\/#website\",\"url\":\"https:\/\/oriamendi.eus\/es\/\",\"name\":\"Oriamendi\",\"description\":\"Remonte en Galarreta. Hernani. Gipuzkoa\",\"publisher\":{\"@id\":\"https:\/\/oriamendi.eus\/es\/#organization\"},\"potentialAction\":[{\"@type\":\"SearchAction\",\"target\":{\"@type\":\"EntryPoint\",\"urlTemplate\":\"https:\/\/oriamendi.eus\/es\/?s={search_term_string}\"},\"query-input\":\"required name=search_term_string\"}],\"inLanguage\":\"es\"},{\"@type\":\"Organization\",\"@id\":\"https:\/\/oriamendi.eus\/es\/#organization\",\"name\":\"Oriamendi\",\"url\":\"https:\/\/oriamendi.eus\/es\/\",\"logo\":{\"@type\":\"ImageObject\",\"inLanguage\":\"es\",\"@id\":\"https:\/\/oriamendi.eus\/es\/#\/schema\/logo\/image\/\",\"url\":\"https:\/\/oriamendi.eus\/wp-content\/uploads\/2020\/06\/logo-oriamendi.png\",\"contentUrl\":\"https:\/\/oriamendi.eus\/wp-content\/uploads\/2020\/06\/logo-oriamendi.png\",\"width\":300,\"height\":90,\"caption\":\"Oriamendi\"},\"image\":{\"@id\":\"https:\/\/oriamendi.eus\/es\/#\/schema\/logo\/image\/\"},\"sameAs\":[\"https:\/\/www.facebook.com\/oriamendi2010remonte\/\",\"https:\/\/twitter.com\/oriamendi2010\",\"https:\/\/www.instagram.com\/galarretajaialai\/\",\"https:\/\/www.youtube.com\/channel\/UC8gVNzQqB1iwnC-_rI-ihmA\/featured\"]},{\"@type\":\"Person\",\"@id\":\"https:\/\/oriamendi.eus\/es\/#\/schema\/person\/c0bd06c6c747674306a5c82563e2339a\",\"name\":\"I\u00f1igo Go\u00f1i\",\"image\":{\"@type\":\"ImageObject\",\"inLanguage\":\"es\",\"@id\":\"https:\/\/oriamendi.eus\/es\/#\/schema\/person\/image\/\",\"url\":\"https:\/\/secure.gravatar.com\/avatar\/fbb07ffc7b803bbfcc2b6419c06abd3a?s=96&d=mm&r=g\",\"contentUrl\":\"https:\/\/secure.gravatar.com\/avatar\/fbb07ffc7b803bbfcc2b6419c06abd3a?s=96&d=mm&r=g\",\"caption\":\"I\u00f1igo Go\u00f1i\"},\"url\":\"https:\/\/oriamendi.eus\/es\/author\/om-berriak\/\"}]}<\/script>\n<!-- \/ Yoast SEO plugin. -->","yoast_head_json":{"title":"Urriza pasa a la liguilla del Torneo Individual-Eusko Label con sufrimiento | Oriamendi 2010","robots":{"index":"index","follow":"follow","max-snippet":"max-snippet:-1","max-image-preview":"max-image-preview:large","max-video-preview":"max-video-preview:-1"},"canonical":"https:\/\/oriamendi.eus\/es\/2024\/08\/17\/urriza-pasa-a-la-liguilla-del-torneo-individual-eusko-label-con-sufrimiento\/","og_locale":"es_ES","og_type":"article","og_title":"Urriza pasa a la liguilla del Torneo Individual-Eusko Label con sufrimiento | Oriamendi 2010","og_description":"Se impone 30-25 a Azpiroz que remont\u00f3 y se puso por delante 24-25, pero un parcial final de 6-0 decide el partido \u00a0 Javier Urriza se ha unido a Barrenetxea IV, Juanenea y Ansa II para jugar la liguilla del Torneo Individual de remonte-Eusko Label despu\u00e9s de imponerse 30-25 a Xabier Azpiroz. El partido fue [&hellip;]","og_url":"https:\/\/oriamendi.eus\/es\/2024\/08\/17\/urriza-pasa-a-la-liguilla-del-torneo-individual-eusko-label-con-sufrimiento\/","og_site_name":"Oriamendi 2010","article_publisher":"https:\/\/www.facebook.com\/oriamendi2010remonte\/","article_published_time":"2024-08-17T16:50:25+00:00","article_modified_time":"2024-08-18T15:58:46+00:00","og_image":[{"width":1200,"height":800,"url":"https:\/\/oriamendi.eus\/wp-content\/uploads\/2024\/08\/Erremontea.jpg","type":"image\/jpeg"}],"author":"I\u00f1igo Go\u00f1i","twitter_card":"summary_large_image","twitter_creator":"@oriamendi2010","twitter_site":"@oriamendi2010","twitter_misc":{"Escrito por":"I\u00f1igo Go\u00f1i","Tiempo de lectura":"2 minutos"},"schema":{"@context":"https:\/\/schema.org","@graph":[{"@type":"Article","@id":"https:\/\/oriamendi.eus\/es\/2024\/08\/17\/urriza-pasa-a-la-liguilla-del-torneo-individual-eusko-label-con-sufrimiento\/#article","isPartOf":{"@id":"https:\/\/oriamendi.eus\/es\/2024\/08\/17\/urriza-pasa-a-la-liguilla-del-torneo-individual-eusko-label-con-sufrimiento\/"},"author":{"name":"I\u00f1igo Go\u00f1i","@id":"https:\/\/oriamendi.eus\/es\/#\/schema\/person\/c0bd06c6c747674306a5c82563e2339a"},"headline":"Urriza pasa a la liguilla del Torneo Individual-Eusko Label con sufrimiento","datePublished":"2024-08-17T16:50:25+00:00","dateModified":"2024-08-18T15:58:46+00:00","mainEntityOfPage":{"@id":"https:\/\/oriamendi.eus\/es\/2024\/08\/17\/urriza-pasa-a-la-liguilla-del-torneo-individual-eusko-label-con-sufrimiento\/"},"wordCount":391,"publisher":{"@id":"https:\/\/oriamendi.eus\/es\/#organization"},"articleSection":["Sin categorizar"],"inLanguage":"es"},{"@type":"WebPage","@id":"https:\/\/oriamendi.eus\/es\/2024\/08\/17\/urriza-pasa-a-la-liguilla-del-torneo-individual-eusko-label-con-sufrimiento\/","url":"https:\/\/oriamendi.eus\/es\/2024\/08\/17\/urriza-pasa-a-la-liguilla-del-torneo-individual-eusko-label-con-sufrimiento\/","name":"Urriza pasa a la liguilla del Torneo Individual-Eusko Label con sufrimiento | Oriamendi 2010","isPartOf":{"@id":"https:\/\/oriamendi.eus\/es\/#website"},"datePublished":"2024-08-17T16:50:25+00:00","dateModified":"2024-08-18T15:58:46+00:00","breadcrumb":{"@id":"https:\/\/oriamendi.eus\/es\/2024\/08\/17\/urriza-pasa-a-la-liguilla-del-torneo-individual-eusko-label-con-sufrimiento\/#breadcrumb"},"inLanguage":"es","potentialAction":[{"@type":"ReadAction","target":["https:\/\/oriamendi.eus\/es\/2024\/08\/17\/urriza-pasa-a-la-liguilla-del-torneo-individual-eusko-label-con-sufrimiento\/"]}]},{"@type":"BreadcrumbList","@id":"https:\/\/oriamendi.eus\/es\/2024\/08\/17\/urriza-pasa-a-la-liguilla-del-torneo-individual-eusko-label-con-sufrimiento\/#breadcrumb","itemListElement":[{"@type":"ListItem","position":1,"name":"Portada","item":"https:\/\/oriamendi.eus\/es\/"},{"@type":"ListItem","position":2,"name":"Urriza pasa a la liguilla del Torneo Individual-Eusko Label con sufrimiento"}]},{"@type":"WebSite","@id":"https:\/\/oriamendi.eus\/es\/#website","url":"https:\/\/oriamendi.eus\/es\/","name":"Oriamendi","description":"Remonte en Galarreta. Hernani. Gipuzkoa","publisher":{"@id":"https:\/\/oriamendi.eus\/es\/#organization"},"potentialAction":[{"@type":"SearchAction","target":{"@type":"EntryPoint","urlTemplate":"https:\/\/oriamendi.eus\/es\/?s={search_term_string}"},"query-input":"required name=search_term_string"}],"inLanguage":"es"},{"@type":"Organization","@id":"https:\/\/oriamendi.eus\/es\/#organization","name":"Oriamendi","url":"https:\/\/oriamendi.eus\/es\/","logo":{"@type":"ImageObject","inLanguage":"es","@id":"https:\/\/oriamendi.eus\/es\/#\/schema\/logo\/image\/","url":"https:\/\/oriamendi.eus\/wp-content\/uploads\/2020\/06\/logo-oriamendi.png","contentUrl":"https:\/\/oriamendi.eus\/wp-content\/uploads\/2020\/06\/logo-oriamendi.png","width":300,"height":90,"caption":"Oriamendi"},"image":{"@id":"https:\/\/oriamendi.eus\/es\/#\/schema\/logo\/image\/"},"sameAs":["https:\/\/www.facebook.com\/oriamendi2010remonte\/","https:\/\/twitter.com\/oriamendi2010","https:\/\/www.instagram.com\/galarretajaialai\/","https:\/\/www.youtube.com\/channel\/UC8gVNzQqB1iwnC-_rI-ihmA\/featured"]},{"@type":"Person","@id":"https:\/\/oriamendi.eus\/es\/#\/schema\/person\/c0bd06c6c747674306a5c82563e2339a","name":"I\u00f1igo Go\u00f1i","image":{"@type":"ImageObject","inLanguage":"es","@id":"https:\/\/oriamendi.eus\/es\/#\/schema\/person\/image\/","url":"https:\/\/secure.gravatar.com\/avatar\/fbb07ffc7b803bbfcc2b6419c06abd3a?s=96&d=mm&r=g","contentUrl":"https:\/\/secure.gravatar.com\/avatar\/fbb07ffc7b803bbfcc2b6419c06abd3a?s=96&d=mm&r=g","caption":"I\u00f1igo Go\u00f1i"},"url":"https:\/\/oriamendi.eus\/es\/author\/om-berriak\/"}]}},"_links":{"self":[{"href":"https:\/\/oriamendi.eus\/es\/wp-json\/wp\/v2\/posts\/8208"}],"collection":[{"href":"https:\/\/oriamendi.eus\/es\/wp-json\/wp\/v2\/posts"}],"about":[{"href":"https:\/\/oriamendi.eus\/es\/wp-json\/wp\/v2\/types\/post"}],"author":[{"embeddable":true,"href":"https:\/\/oriamendi.eus\/es\/wp-json\/wp\/v2\/users\/5"}],"replies":[{"embeddable":true,"href":"https:\/\/oriamendi.eus\/es\/wp-json\/wp\/v2\/comments?post=8208"}],"version-history":[{"count":1,"href":"https:\/\/oriamendi.eus\/es\/wp-json\/wp\/v2\/posts\/8208\/revisions"}],"predecessor-version":[{"id":8209,"href":"https:\/\/oriamendi.eus\/es\/wp-json\/wp\/v2\/posts\/8208\/revisions\/8209"}],"wp:featuredmedia":[{"embeddable":true,"href":"https:\/\/oriamendi.eus\/es\/wp-json\/wp\/v2\/media\/8185"}],"wp:attachment":[{"href":"https:\/\/oriamendi.eus\/es\/wp-json\/wp\/v2\/media?parent=8208"}],"wp:term":[{"taxonomy":"category","embeddable":true,"href":"https:\/\/oriamendi.eus\/es\/wp-json\/wp\/v2\/categories?post=8208"},{"taxonomy":"post_tag","embeddable":true,"href":"https:\/\/oriamendi.eus\/es\/wp-json\/wp\/v2\/tags?post=8208"}],"curies":[{"name":"wp","href":"https:\/\/api.w.org\/{rel}","templated":true}]}}