                                        
                                        
                                        
                                        
                                        
                                        
                                        
                                        
                                        
                                        
                                        
                                        
                                        
                                        
                                        
                                        
                                        
                                        
{"id":8199,"date":"2024-08-10T19:06:36","date_gmt":"2024-08-10T17:06:36","guid":{"rendered":"https:\/\/oriamendi.eus\/?p=8199"},"modified":"2024-08-15T19:43:20","modified_gmt":"2024-08-15T17:43:20","slug":"azpiroz-no-da-ninguna-opcion-a-jabalera-y-se-cita-con-urriza","status":"publish","type":"post","link":"https:\/\/oriamendi.eus\/es\/2024\/08\/10\/azpiroz-no-da-ninguna-opcion-a-jabalera-y-se-cita-con-urriza\/","title":{"rendered":"Azpiroz no da ninguna opci\u00f3n a Jabalera y se cita con Urriza"},"content":{"rendered":"<div>Xabier Azpiroz elimin\u00f3 a Jabalera del Torneo Individual-Eusko Label despu\u00e9s de imponerse con facilidad por 30-15. El zaguero no dio ninguna opci\u00f3n al delantero y fue muy superior a lo largo de todo el encuentro. El de Uitzi se cita, por lo tanto, con Urriza el pr\u00f3ximo s\u00e1bado 17 de agosto.<\/div>\n<div>Azpiroz estuvo impecable a lo largo de todo el encuentro, domin\u00f3 todas las facetas del juego y arroll\u00f3 a un Jabalera que no pudo entrar en el partido, debido al acierto del rival. Sac\u00f3 bien, peloteo mejor y defendi\u00f3 de maravilla, como siempre. Es un remontista con muchos recursos y lo volvi\u00f3 a demostrar.<\/div>\n<div>Jabalera necesitaba un inicio enchufado, pero Azpiroz se le march\u00f3 desde el inicio. Contra rivales de la talla de Azpiroz no se puede empezar fr\u00edo y aunque esta vez fue m\u00e1s acierto del rival, el 9-1 de salida conden\u00f3 al joven delantero. Esa renta rond\u00f3 los diez tantos hasta el 20-10 y un nuevo parcial de 8-2 llev\u00f3 al marcador a un 28-12 insalvable. Al final Jabalera hizo tres tantos seguidos, pero Azpiroz cerr\u00f3 el partido por 30-15.<\/div>\n<div>Hizo hasta 21 tantos en el peloteo y solo cometi\u00f3 un error. De saque hizo cuatro tantos, pero siempre dificult\u00f3 el resto de Jabalera, que hizo\u00a0 once tantos y cuatro fallos m\u00e1s tres tantos de saque. Se acaba el sue\u00f1o de Jabalera.<\/div>\n<div><\/div>\n<div>En el estelar del parejas Ezkurra y Barrenetxea fueron muy superiores y ganaron 9-15 y 4-15 a Urriza y Juanenea. El marcador lo dice todo. Algo parecido sucedi\u00f3 en el primer partido donde Goikoetxea y Apezetxea se impusieron 15-11, 15-7 a Gurrutxaga y Zubiri.<\/div>\n","protected":false},"excerpt":{"rendered":"<p>Xabier Azpiroz elimin\u00f3 a Jabalera del Torneo Individual-Eusko Label despu\u00e9s de imponerse con facilidad por 30-15. El zaguero no dio ninguna opci\u00f3n al delantero y fue muy superior a lo largo de todo el encuentro. El de Uitzi se cita, por lo tanto, con Urriza el pr\u00f3ximo s\u00e1bado 17 de agosto. Azpiroz estuvo impecable a [&hellip;]<\/p>\n","protected":false},"author":5,"featured_media":8205,"comment_status":"closed","ping_status":"open","sticky":false,"template":"","format":"standard","meta":{"_et_pb_use_builder":"","_et_pb_old_content":"","_et_gb_content_width":"","footnotes":""},"categories":[1],"tags":[],"yoast_head":"<!-- This site is optimized with the Yoast SEO plugin v21.8 - https:\/\/yoast.com\/wordpress\/plugins\/seo\/ -->\n<title>Azpiroz no da ninguna opci\u00f3n a Jabalera y se cita con Urriza | Oriamendi 2010<\/title>\n<meta name=\"robots\" content=\"index, follow, max-snippet:-1, max-image-preview:large, max-video-preview:-1\" \/>\n<link rel=\"canonical\" href=\"https:\/\/oriamendi.eus\/es\/2024\/08\/10\/azpiroz-no-da-ninguna-opcion-a-jabalera-y-se-cita-con-urriza\/\" \/>\n<meta property=\"og:locale\" content=\"es_ES\" \/>\n<meta property=\"og:type\" content=\"article\" \/>\n<meta property=\"og:title\" content=\"Azpiroz no da ninguna opci\u00f3n a Jabalera y se cita con Urriza | Oriamendi 2010\" \/>\n<meta property=\"og:description\" content=\"Xabier Azpiroz elimin\u00f3 a Jabalera del Torneo Individual-Eusko Label despu\u00e9s de imponerse con facilidad por 30-15. El zaguero no dio ninguna opci\u00f3n al delantero y fue muy superior a lo largo de todo el encuentro. El de Uitzi se cita, por lo tanto, con Urriza el pr\u00f3ximo s\u00e1bado 17 de agosto. Azpiroz estuvo impecable a [&hellip;]\" \/>\n<meta property=\"og:url\" content=\"https:\/\/oriamendi.eus\/es\/2024\/08\/10\/azpiroz-no-da-ninguna-opcion-a-jabalera-y-se-cita-con-urriza\/\" \/>\n<meta property=\"og:site_name\" content=\"Oriamendi 2010\" \/>\n<meta property=\"article:publisher\" content=\"https:\/\/www.facebook.com\/oriamendi2010remonte\/\" \/>\n<meta property=\"article:published_time\" content=\"2024-08-10T17:06:36+00:00\" \/>\n<meta property=\"article:modified_time\" content=\"2024-08-15T17:43:20+00:00\" \/>\n<meta property=\"og:image\" content=\"https:\/\/oriamendi.eus\/wp-content\/uploads\/2024\/08\/Azpiroz.jpg\" \/>\n\t<meta property=\"og:image:width\" content=\"1200\" \/>\n\t<meta property=\"og:image:height\" content=\"800\" \/>\n\t<meta property=\"og:image:type\" content=\"image\/jpeg\" \/>\n<meta name=\"author\" content=\"I\u00f1igo Go\u00f1i\" \/>\n<meta name=\"twitter:card\" content=\"summary_large_image\" \/>\n<meta name=\"twitter:creator\" content=\"@oriamendi2010\" \/>\n<meta name=\"twitter:site\" content=\"@oriamendi2010\" \/>\n<meta name=\"twitter:label1\" content=\"Escrito por\" \/>\n\t<meta name=\"twitter:data1\" content=\"I\u00f1igo Go\u00f1i\" \/>\n\t<meta name=\"twitter:label2\" content=\"Tiempo de lectura\" \/>\n\t<meta name=\"twitter:data2\" content=\"2 minutos\" \/>\n<script type=\"application\/ld+json\" class=\"yoast-schema-graph\">{\"@context\":\"https:\/\/schema.org\",\"@graph\":[{\"@type\":\"Article\",\"@id\":\"https:\/\/oriamendi.eus\/es\/2024\/08\/10\/azpiroz-no-da-ninguna-opcion-a-jabalera-y-se-cita-con-urriza\/#article\",\"isPartOf\":{\"@id\":\"https:\/\/oriamendi.eus\/es\/2024\/08\/10\/azpiroz-no-da-ninguna-opcion-a-jabalera-y-se-cita-con-urriza\/\"},\"author\":{\"name\":\"I\u00f1igo Go\u00f1i\",\"@id\":\"https:\/\/oriamendi.eus\/es\/#\/schema\/person\/c0bd06c6c747674306a5c82563e2339a\"},\"headline\":\"Azpiroz no da ninguna opci\u00f3n a Jabalera y se cita con Urriza\",\"datePublished\":\"2024-08-10T17:06:36+00:00\",\"dateModified\":\"2024-08-15T17:43:20+00:00\",\"mainEntityOfPage\":{\"@id\":\"https:\/\/oriamendi.eus\/es\/2024\/08\/10\/azpiroz-no-da-ninguna-opcion-a-jabalera-y-se-cita-con-urriza\/\"},\"wordCount\":288,\"publisher\":{\"@id\":\"https:\/\/oriamendi.eus\/es\/#organization\"},\"articleSection\":[\"Sin categorizar\"],\"inLanguage\":\"es\"},{\"@type\":\"WebPage\",\"@id\":\"https:\/\/oriamendi.eus\/es\/2024\/08\/10\/azpiroz-no-da-ninguna-opcion-a-jabalera-y-se-cita-con-urriza\/\",\"url\":\"https:\/\/oriamendi.eus\/es\/2024\/08\/10\/azpiroz-no-da-ninguna-opcion-a-jabalera-y-se-cita-con-urriza\/\",\"name\":\"Azpiroz no da ninguna opci\u00f3n a Jabalera y se cita con Urriza | Oriamendi 2010\",\"isPartOf\":{\"@id\":\"https:\/\/oriamendi.eus\/es\/#website\"},\"datePublished\":\"2024-08-10T17:06:36+00:00\",\"dateModified\":\"2024-08-15T17:43:20+00:00\",\"breadcrumb\":{\"@id\":\"https:\/\/oriamendi.eus\/es\/2024\/08\/10\/azpiroz-no-da-ninguna-opcion-a-jabalera-y-se-cita-con-urriza\/#breadcrumb\"},\"inLanguage\":\"es\",\"potentialAction\":[{\"@type\":\"ReadAction\",\"target\":[\"https:\/\/oriamendi.eus\/es\/2024\/08\/10\/azpiroz-no-da-ninguna-opcion-a-jabalera-y-se-cita-con-urriza\/\"]}]},{\"@type\":\"BreadcrumbList\",\"@id\":\"https:\/\/oriamendi.eus\/es\/2024\/08\/10\/azpiroz-no-da-ninguna-opcion-a-jabalera-y-se-cita-con-urriza\/#breadcrumb\",\"itemListElement\":[{\"@type\":\"ListItem\",\"position\":1,\"name\":\"Portada\",\"item\":\"https:\/\/oriamendi.eus\/es\/\"},{\"@type\":\"ListItem\",\"position\":2,\"name\":\"Azpiroz no da ninguna opci\u00f3n a Jabalera y se cita con Urriza\"}]},{\"@type\":\"WebSite\",\"@id\":\"https:\/\/oriamendi.eus\/es\/#website\",\"url\":\"https:\/\/oriamendi.eus\/es\/\",\"name\":\"Oriamendi\",\"description\":\"Remonte en Galarreta. Hernani. Gipuzkoa\",\"publisher\":{\"@id\":\"https:\/\/oriamendi.eus\/es\/#organization\"},\"potentialAction\":[{\"@type\":\"SearchAction\",\"target\":{\"@type\":\"EntryPoint\",\"urlTemplate\":\"https:\/\/oriamendi.eus\/es\/?s={search_term_string}\"},\"query-input\":\"required name=search_term_string\"}],\"inLanguage\":\"es\"},{\"@type\":\"Organization\",\"@id\":\"https:\/\/oriamendi.eus\/es\/#organization\",\"name\":\"Oriamendi\",\"url\":\"https:\/\/oriamendi.eus\/es\/\",\"logo\":{\"@type\":\"ImageObject\",\"inLanguage\":\"es\",\"@id\":\"https:\/\/oriamendi.eus\/es\/#\/schema\/logo\/image\/\",\"url\":\"https:\/\/oriamendi.eus\/wp-content\/uploads\/2020\/06\/logo-oriamendi.png\",\"contentUrl\":\"https:\/\/oriamendi.eus\/wp-content\/uploads\/2020\/06\/logo-oriamendi.png\",\"width\":300,\"height\":90,\"caption\":\"Oriamendi\"},\"image\":{\"@id\":\"https:\/\/oriamendi.eus\/es\/#\/schema\/logo\/image\/\"},\"sameAs\":[\"https:\/\/www.facebook.com\/oriamendi2010remonte\/\",\"https:\/\/twitter.com\/oriamendi2010\",\"https:\/\/www.instagram.com\/galarretajaialai\/\",\"https:\/\/www.youtube.com\/channel\/UC8gVNzQqB1iwnC-_rI-ihmA\/featured\"]},{\"@type\":\"Person\",\"@id\":\"https:\/\/oriamendi.eus\/es\/#\/schema\/person\/c0bd06c6c747674306a5c82563e2339a\",\"name\":\"I\u00f1igo Go\u00f1i\",\"image\":{\"@type\":\"ImageObject\",\"inLanguage\":\"es\",\"@id\":\"https:\/\/oriamendi.eus\/es\/#\/schema\/person\/image\/\",\"url\":\"https:\/\/secure.gravatar.com\/avatar\/fbb07ffc7b803bbfcc2b6419c06abd3a?s=96&d=mm&r=g\",\"contentUrl\":\"https:\/\/secure.gravatar.com\/avatar\/fbb07ffc7b803bbfcc2b6419c06abd3a?s=96&d=mm&r=g\",\"caption\":\"I\u00f1igo Go\u00f1i\"},\"url\":\"https:\/\/oriamendi.eus\/es\/author\/om-berriak\/\"}]}<\/script>\n<!-- \/ Yoast SEO plugin. -->","yoast_head_json":{"title":"Azpiroz no da ninguna opci\u00f3n a Jabalera y se cita con Urriza | Oriamendi 2010","robots":{"index":"index","follow":"follow","max-snippet":"max-snippet:-1","max-image-preview":"max-image-preview:large","max-video-preview":"max-video-preview:-1"},"canonical":"https:\/\/oriamendi.eus\/es\/2024\/08\/10\/azpiroz-no-da-ninguna-opcion-a-jabalera-y-se-cita-con-urriza\/","og_locale":"es_ES","og_type":"article","og_title":"Azpiroz no da ninguna opci\u00f3n a Jabalera y se cita con Urriza | Oriamendi 2010","og_description":"Xabier Azpiroz elimin\u00f3 a Jabalera del Torneo Individual-Eusko Label despu\u00e9s de imponerse con facilidad por 30-15. El zaguero no dio ninguna opci\u00f3n al delantero y fue muy superior a lo largo de todo el encuentro. El de Uitzi se cita, por lo tanto, con Urriza el pr\u00f3ximo s\u00e1bado 17 de agosto. Azpiroz estuvo impecable a [&hellip;]","og_url":"https:\/\/oriamendi.eus\/es\/2024\/08\/10\/azpiroz-no-da-ninguna-opcion-a-jabalera-y-se-cita-con-urriza\/","og_site_name":"Oriamendi 2010","article_publisher":"https:\/\/www.facebook.com\/oriamendi2010remonte\/","article_published_time":"2024-08-10T17:06:36+00:00","article_modified_time":"2024-08-15T17:43:20+00:00","og_image":[{"width":1200,"height":800,"url":"https:\/\/oriamendi.eus\/wp-content\/uploads\/2024\/08\/Azpiroz.jpg","type":"image\/jpeg"}],"author":"I\u00f1igo Go\u00f1i","twitter_card":"summary_large_image","twitter_creator":"@oriamendi2010","twitter_site":"@oriamendi2010","twitter_misc":{"Escrito por":"I\u00f1igo Go\u00f1i","Tiempo de lectura":"2 minutos"},"schema":{"@context":"https:\/\/schema.org","@graph":[{"@type":"Article","@id":"https:\/\/oriamendi.eus\/es\/2024\/08\/10\/azpiroz-no-da-ninguna-opcion-a-jabalera-y-se-cita-con-urriza\/#article","isPartOf":{"@id":"https:\/\/oriamendi.eus\/es\/2024\/08\/10\/azpiroz-no-da-ninguna-opcion-a-jabalera-y-se-cita-con-urriza\/"},"author":{"name":"I\u00f1igo Go\u00f1i","@id":"https:\/\/oriamendi.eus\/es\/#\/schema\/person\/c0bd06c6c747674306a5c82563e2339a"},"headline":"Azpiroz no da ninguna opci\u00f3n a Jabalera y se cita con Urriza","datePublished":"2024-08-10T17:06:36+00:00","dateModified":"2024-08-15T17:43:20+00:00","mainEntityOfPage":{"@id":"https:\/\/oriamendi.eus\/es\/2024\/08\/10\/azpiroz-no-da-ninguna-opcion-a-jabalera-y-se-cita-con-urriza\/"},"wordCount":288,"publisher":{"@id":"https:\/\/oriamendi.eus\/es\/#organization"},"articleSection":["Sin categorizar"],"inLanguage":"es"},{"@type":"WebPage","@id":"https:\/\/oriamendi.eus\/es\/2024\/08\/10\/azpiroz-no-da-ninguna-opcion-a-jabalera-y-se-cita-con-urriza\/","url":"https:\/\/oriamendi.eus\/es\/2024\/08\/10\/azpiroz-no-da-ninguna-opcion-a-jabalera-y-se-cita-con-urriza\/","name":"Azpiroz no da ninguna opci\u00f3n a Jabalera y se cita con Urriza | Oriamendi 2010","isPartOf":{"@id":"https:\/\/oriamendi.eus\/es\/#website"},"datePublished":"2024-08-10T17:06:36+00:00","dateModified":"2024-08-15T17:43:20+00:00","breadcrumb":{"@id":"https:\/\/oriamendi.eus\/es\/2024\/08\/10\/azpiroz-no-da-ninguna-opcion-a-jabalera-y-se-cita-con-urriza\/#breadcrumb"},"inLanguage":"es","potentialAction":[{"@type":"ReadAction","target":["https:\/\/oriamendi.eus\/es\/2024\/08\/10\/azpiroz-no-da-ninguna-opcion-a-jabalera-y-se-cita-con-urriza\/"]}]},{"@type":"BreadcrumbList","@id":"https:\/\/oriamendi.eus\/es\/2024\/08\/10\/azpiroz-no-da-ninguna-opcion-a-jabalera-y-se-cita-con-urriza\/#breadcrumb","itemListElement":[{"@type":"ListItem","position":1,"name":"Portada","item":"https:\/\/oriamendi.eus\/es\/"},{"@type":"ListItem","position":2,"name":"Azpiroz no da ninguna opci\u00f3n a Jabalera y se cita con Urriza"}]},{"@type":"WebSite","@id":"https:\/\/oriamendi.eus\/es\/#website","url":"https:\/\/oriamendi.eus\/es\/","name":"Oriamendi","description":"Remonte en Galarreta. Hernani. Gipuzkoa","publisher":{"@id":"https:\/\/oriamendi.eus\/es\/#organization"},"potentialAction":[{"@type":"SearchAction","target":{"@type":"EntryPoint","urlTemplate":"https:\/\/oriamendi.eus\/es\/?s={search_term_string}"},"query-input":"required name=search_term_string"}],"inLanguage":"es"},{"@type":"Organization","@id":"https:\/\/oriamendi.eus\/es\/#organization","name":"Oriamendi","url":"https:\/\/oriamendi.eus\/es\/","logo":{"@type":"ImageObject","inLanguage":"es","@id":"https:\/\/oriamendi.eus\/es\/#\/schema\/logo\/image\/","url":"https:\/\/oriamendi.eus\/wp-content\/uploads\/2020\/06\/logo-oriamendi.png","contentUrl":"https:\/\/oriamendi.eus\/wp-content\/uploads\/2020\/06\/logo-oriamendi.png","width":300,"height":90,"caption":"Oriamendi"},"image":{"@id":"https:\/\/oriamendi.eus\/es\/#\/schema\/logo\/image\/"},"sameAs":["https:\/\/www.facebook.com\/oriamendi2010remonte\/","https:\/\/twitter.com\/oriamendi2010","https:\/\/www.instagram.com\/galarretajaialai\/","https:\/\/www.youtube.com\/channel\/UC8gVNzQqB1iwnC-_rI-ihmA\/featured"]},{"@type":"Person","@id":"https:\/\/oriamendi.eus\/es\/#\/schema\/person\/c0bd06c6c747674306a5c82563e2339a","name":"I\u00f1igo Go\u00f1i","image":{"@type":"ImageObject","inLanguage":"es","@id":"https:\/\/oriamendi.eus\/es\/#\/schema\/person\/image\/","url":"https:\/\/secure.gravatar.com\/avatar\/fbb07ffc7b803bbfcc2b6419c06abd3a?s=96&d=mm&r=g","contentUrl":"https:\/\/secure.gravatar.com\/avatar\/fbb07ffc7b803bbfcc2b6419c06abd3a?s=96&d=mm&r=g","caption":"I\u00f1igo Go\u00f1i"},"url":"https:\/\/oriamendi.eus\/es\/author\/om-berriak\/"}]}},"_links":{"self":[{"href":"https:\/\/oriamendi.eus\/es\/wp-json\/wp\/v2\/posts\/8199"}],"collection":[{"href":"https:\/\/oriamendi.eus\/es\/wp-json\/wp\/v2\/posts"}],"about":[{"href":"https:\/\/oriamendi.eus\/es\/wp-json\/wp\/v2\/types\/post"}],"author":[{"embeddable":true,"href":"https:\/\/oriamendi.eus\/es\/wp-json\/wp\/v2\/users\/5"}],"replies":[{"embeddable":true,"href":"https:\/\/oriamendi.eus\/es\/wp-json\/wp\/v2\/comments?post=8199"}],"version-history":[{"count":1,"href":"https:\/\/oriamendi.eus\/es\/wp-json\/wp\/v2\/posts\/8199\/revisions"}],"predecessor-version":[{"id":8200,"href":"https:\/\/oriamendi.eus\/es\/wp-json\/wp\/v2\/posts\/8199\/revisions\/8200"}],"wp:featuredmedia":[{"embeddable":true,"href":"https:\/\/oriamendi.eus\/es\/wp-json\/wp\/v2\/media\/8205"}],"wp:attachment":[{"href":"https:\/\/oriamendi.eus\/es\/wp-json\/wp\/v2\/media?parent=8199"}],"wp:term":[{"taxonomy":"category","embeddable":true,"href":"https:\/\/oriamendi.eus\/es\/wp-json\/wp\/v2\/categories?post=8199"},{"taxonomy":"post_tag","embeddable":true,"href":"https:\/\/oriamendi.eus\/es\/wp-json\/wp\/v2\/tags?post=8199"}],"curies":[{"name":"wp","href":"https:\/\/api.w.org\/{rel}","templated":true}]}}