                                        
                                        
                                        
                                        
                                        
                                        
                                        
                                        
                                        
                                        
                                        
                                        
                                        
                                        
                                        
                                        
                                        
                                        
{"id":8191,"date":"2024-08-06T12:27:50","date_gmt":"2024-08-06T10:27:50","guid":{"rendered":"https:\/\/oriamendi.eus\/?p=8191"},"modified":"2024-08-06T12:27:50","modified_gmt":"2024-08-06T10:27:50","slug":"el-ultimo-sabado-de-septiembre-se-disputara-la-final-del-individual-de-este-ano","status":"publish","type":"post","link":"https:\/\/oriamendi.eus\/es\/2024\/08\/06\/el-ultimo-sabado-de-septiembre-se-disputara-la-final-del-individual-de-este-ano\/","title":{"rendered":"El \u00faltimo s\u00e1bado de septiembre se disputar\u00e1 la final del Individual de este a\u00f1o"},"content":{"rendered":"<p><b>En Chillida Leku se ha presentado el campeonato que comenzar\u00e1 pasado ma\u00f1ana y la principal novedad es que los partidos se retrasar\u00e1n dos semanas desde el calendario habitual. El campeonato lo abrir\u00e1 pasado ma\u00f1ana el Martirena-Jabalera, en un festival que comenzar\u00e1 a las 16:30 horas.<\/b><\/p>\n<p>Hoy se ha presentado, en el museo Chillida Leku, el campeonato de remonte m\u00e1s importante del a\u00f1o; 42. Campeonato Individual de remonte-Eusko Label. Los mejores remontistas del momento se enfrentar\u00e1n en este torneo con la intenci\u00f3n de ponerse la txapela en la final del 28 de septiembre. La novedad de este a\u00f1o es que el calendario del campeonato se ha retrasado dos semanas. En la historia del torneo siempre se disputaba la final el segundo s\u00e1bado de septiembre, pero este a\u00f1o se disputar\u00e1 el \u00faltimo s\u00e1bado de septiembre.<\/p>\n<p>En la presentaci\u00f3n estuvieron presentes representantes de Chillida Leku y de la empresa Oriamendi 2010, y adem\u00e1s de recibir a los protagonistas, Xabier Gonz\u00e1lez destac\u00f3 la importancia del campeonato: \u00abEs el campeonato m\u00e1s importante del a\u00f1o. Afortunadamente no tenemos bajas, y jugar\u00e1n los mejores \u00ab.<\/p>\n<p>El torneo arranc\u00f3 el 16 de julio con los partidos de la primera fase. Los remontistas entraron en juego en funci\u00f3n de los resultados del campeonato del a\u00f1o pasado, y desde la primera fase Jabalera y Martirena han conseguido pasar a la Preliga. Jabalera gan\u00f3 30-14 a Eskudero, 21-30 a Segurola, 28-30 a Aldabe, y 14-30 a Larra\u00f1aga. Por su parte, Martirena se impuso 30-23 a Zaldua y 29-30 a Goikoetxea V.<\/p>\n<p><b>Con la preliga comienza pasado ma\u00f1ana el campeonato<\/b><\/p>\n<p>Pasado ma\u00f1ana mismo, 8 de agosto, comenzar\u00e1 el primer partido de la Preliga para clasificarse para el Campeonato Individual Eusko Label. Se jugar\u00e1n tres en total. Martirena y Jabalera se ver\u00e1n las caras para lograr el billete para el pr\u00f3ximo partido. El remontista que gane jugar\u00e1 el partido decisivo el s\u00e1bado, 10 de agosto, ante Azp\u00edroz. Al vencedor le espera Urriza en la escalera, el 17 de agosto.<\/p>\n<p>Ah\u00ed terminar\u00e1 la fase previa. Y es que quien gane el partido del 17 de agosto tendr\u00e1 el honor de disputar la Liguilla junto a los tres mejores remontistas del a\u00f1o anterior. Ya est\u00e1n a la espera Barrenetxea IV, Juanenea y Ansa II, los tres primeros clasificados de 2023.<\/p>\n<p>La liguilla constar\u00e1 de seis jornadas en las que todos los pelotaris se enfrentar\u00e1n entre s\u00ed y utilizar\u00e1n el sistema de puntuaci\u00f3n habitual para realizar las clasificaciones; el remontista que alcance los 30 tantos, es decir, el vencedor, sumar\u00e1 4 puntos; el que haga de 29 a 27 tantos recibir\u00e1 2 puntos; el que quede entre 26 y 24 sumar\u00e1 un solo punto; el que haga entre 23 y 17 tantos no sumar\u00e1 puntos; y al que haga menos de 16 puntos, se le restar\u00e1 un punto. El pelotari que quede \u00faltimo en esta fase se quedar\u00e1 fuera del campeonato.<\/p>\n<p><img fetchpriority=\"high\" fetchpriority=\"high\" decoding=\"async\" class=\"alignnone size-medium wp-image-8189\" src=\"https:\/\/oriamendi.eus\/wp-content\/uploads\/2024\/08\/erremontea-2-1-300x200.jpg\" alt=\"\" width=\"300\" height=\"200\" \/><\/p>\n<p><b>La liguilla comenzar\u00e1 el 22 de agosto<\/b><\/p>\n<p>La liguilla comenzar\u00e1 el 22 de agosto y las siguientes jornadas se disputar\u00e1n los d\u00edas 24, 29 y 31 de agosto. Para septiembre quedar\u00e1n las dos \u00faltimas jornadas; los d\u00edas 7 y 14 de septiembre. Si hay empate de puntos entre dos remontistas, el pelotari que ha ganado el partido entre estos dos pelotaris se clasificar\u00e1 para la siguiente fase. En el caso de que tres o cuatro remontistas empataran, se tendr\u00e1 en cuenta el tanteo global. En el caso de que un remontista abandone el partido antes de su finalizaci\u00f3n, la empresa ser\u00e1 competente para decidir si juega o no el siguiente partido.<\/p>\n<p>Entre los dos remontistas que se clasifican en segunda y tercera posici\u00f3n en la liguilla disputar\u00e1n el partido de semifinal. Jugar\u00e1n la semifinal a 30 tantos, el 21 de septiembre. Por \u00faltimo, el 28 de septiembre jugar\u00e1n la gran final. Galarreta acoger\u00e1 el duelo entre el primer clasificado de la liguilla y el pelotari que gane el partido de semifinal.<\/p>\n<p>Ansa II tratar\u00e1 de mantener el trofeo en el campeonato de este a\u00f1o, manteniendo el nivel del a\u00f1o pasado. Sin embargo, no lo tendr\u00e1 f\u00e1cil el delantero urnietarra, sobre todo con la competencia de Juanenea, Barrenetxea IV y Urriza.<\/p>\n","protected":false},"excerpt":{"rendered":"<p>En Chillida Leku se ha presentado el campeonato que comenzar\u00e1 pasado ma\u00f1ana y la principal novedad es que los partidos se retrasar\u00e1n dos semanas desde el calendario habitual. El campeonato lo abrir\u00e1 pasado ma\u00f1ana el Martirena-Jabalera, en un festival que comenzar\u00e1 a las 16:30 horas. Hoy se ha presentado, en el museo Chillida Leku, el [&hellip;]<\/p>\n","protected":false},"author":5,"featured_media":8185,"comment_status":"closed","ping_status":"open","sticky":false,"template":"","format":"standard","meta":{"_et_pb_use_builder":"","_et_pb_old_content":"","_et_gb_content_width":"","footnotes":""},"categories":[1],"tags":[],"yoast_head":"<!-- This site is optimized with the Yoast SEO plugin v21.8 - https:\/\/yoast.com\/wordpress\/plugins\/seo\/ -->\n<title>El \u00faltimo s\u00e1bado de septiembre se disputar\u00e1 la final del Individual de este a\u00f1o | Oriamendi 2010<\/title>\n<meta name=\"robots\" content=\"index, follow, max-snippet:-1, max-image-preview:large, max-video-preview:-1\" \/>\n<link rel=\"canonical\" href=\"https:\/\/oriamendi.eus\/es\/2024\/08\/06\/el-ultimo-sabado-de-septiembre-se-disputara-la-final-del-individual-de-este-ano\/\" \/>\n<meta property=\"og:locale\" content=\"es_ES\" \/>\n<meta property=\"og:type\" content=\"article\" \/>\n<meta property=\"og:title\" content=\"El \u00faltimo s\u00e1bado de septiembre se disputar\u00e1 la final del Individual de este a\u00f1o | Oriamendi 2010\" \/>\n<meta property=\"og:description\" content=\"En Chillida Leku se ha presentado el campeonato que comenzar\u00e1 pasado ma\u00f1ana y la principal novedad es que los partidos se retrasar\u00e1n dos semanas desde el calendario habitual. El campeonato lo abrir\u00e1 pasado ma\u00f1ana el Martirena-Jabalera, en un festival que comenzar\u00e1 a las 16:30 horas. Hoy se ha presentado, en el museo Chillida Leku, el [&hellip;]\" \/>\n<meta property=\"og:url\" content=\"https:\/\/oriamendi.eus\/es\/2024\/08\/06\/el-ultimo-sabado-de-septiembre-se-disputara-la-final-del-individual-de-este-ano\/\" \/>\n<meta property=\"og:site_name\" content=\"Oriamendi 2010\" \/>\n<meta property=\"article:publisher\" content=\"https:\/\/www.facebook.com\/oriamendi2010remonte\/\" \/>\n<meta property=\"article:published_time\" content=\"2024-08-06T10:27:50+00:00\" \/>\n<meta property=\"og:image\" content=\"https:\/\/oriamendi.eus\/wp-content\/uploads\/2024\/08\/Erremontea.jpg\" \/>\n\t<meta property=\"og:image:width\" content=\"1200\" \/>\n\t<meta property=\"og:image:height\" content=\"800\" \/>\n\t<meta property=\"og:image:type\" content=\"image\/jpeg\" \/>\n<meta name=\"author\" content=\"I\u00f1igo Go\u00f1i\" \/>\n<meta name=\"twitter:card\" content=\"summary_large_image\" \/>\n<meta name=\"twitter:creator\" content=\"@oriamendi2010\" \/>\n<meta name=\"twitter:site\" content=\"@oriamendi2010\" \/>\n<meta name=\"twitter:label1\" content=\"Escrito por\" \/>\n\t<meta name=\"twitter:data1\" content=\"I\u00f1igo Go\u00f1i\" \/>\n\t<meta name=\"twitter:label2\" content=\"Tiempo de lectura\" \/>\n\t<meta name=\"twitter:data2\" content=\"4 minutos\" \/>\n<script type=\"application\/ld+json\" class=\"yoast-schema-graph\">{\"@context\":\"https:\/\/schema.org\",\"@graph\":[{\"@type\":\"Article\",\"@id\":\"https:\/\/oriamendi.eus\/es\/2024\/08\/06\/el-ultimo-sabado-de-septiembre-se-disputara-la-final-del-individual-de-este-ano\/#article\",\"isPartOf\":{\"@id\":\"https:\/\/oriamendi.eus\/es\/2024\/08\/06\/el-ultimo-sabado-de-septiembre-se-disputara-la-final-del-individual-de-este-ano\/\"},\"author\":{\"name\":\"I\u00f1igo Go\u00f1i\",\"@id\":\"https:\/\/oriamendi.eus\/es\/#\/schema\/person\/c0bd06c6c747674306a5c82563e2339a\"},\"headline\":\"El \u00faltimo s\u00e1bado de septiembre se disputar\u00e1 la final del Individual de este a\u00f1o\",\"datePublished\":\"2024-08-06T10:27:50+00:00\",\"dateModified\":\"2024-08-06T10:27:50+00:00\",\"mainEntityOfPage\":{\"@id\":\"https:\/\/oriamendi.eus\/es\/2024\/08\/06\/el-ultimo-sabado-de-septiembre-se-disputara-la-final-del-individual-de-este-ano\/\"},\"wordCount\":714,\"publisher\":{\"@id\":\"https:\/\/oriamendi.eus\/es\/#organization\"},\"articleSection\":[\"Sin categorizar\"],\"inLanguage\":\"es\"},{\"@type\":\"WebPage\",\"@id\":\"https:\/\/oriamendi.eus\/es\/2024\/08\/06\/el-ultimo-sabado-de-septiembre-se-disputara-la-final-del-individual-de-este-ano\/\",\"url\":\"https:\/\/oriamendi.eus\/es\/2024\/08\/06\/el-ultimo-sabado-de-septiembre-se-disputara-la-final-del-individual-de-este-ano\/\",\"name\":\"El \u00faltimo s\u00e1bado de septiembre se disputar\u00e1 la final del Individual de este a\u00f1o | Oriamendi 2010\",\"isPartOf\":{\"@id\":\"https:\/\/oriamendi.eus\/es\/#website\"},\"datePublished\":\"2024-08-06T10:27:50+00:00\",\"dateModified\":\"2024-08-06T10:27:50+00:00\",\"breadcrumb\":{\"@id\":\"https:\/\/oriamendi.eus\/es\/2024\/08\/06\/el-ultimo-sabado-de-septiembre-se-disputara-la-final-del-individual-de-este-ano\/#breadcrumb\"},\"inLanguage\":\"es\",\"potentialAction\":[{\"@type\":\"ReadAction\",\"target\":[\"https:\/\/oriamendi.eus\/es\/2024\/08\/06\/el-ultimo-sabado-de-septiembre-se-disputara-la-final-del-individual-de-este-ano\/\"]}]},{\"@type\":\"BreadcrumbList\",\"@id\":\"https:\/\/oriamendi.eus\/es\/2024\/08\/06\/el-ultimo-sabado-de-septiembre-se-disputara-la-final-del-individual-de-este-ano\/#breadcrumb\",\"itemListElement\":[{\"@type\":\"ListItem\",\"position\":1,\"name\":\"Portada\",\"item\":\"https:\/\/oriamendi.eus\/es\/\"},{\"@type\":\"ListItem\",\"position\":2,\"name\":\"El \u00faltimo s\u00e1bado de septiembre se disputar\u00e1 la final del Individual de este a\u00f1o\"}]},{\"@type\":\"WebSite\",\"@id\":\"https:\/\/oriamendi.eus\/es\/#website\",\"url\":\"https:\/\/oriamendi.eus\/es\/\",\"name\":\"Oriamendi\",\"description\":\"Remonte en Galarreta. Hernani. Gipuzkoa\",\"publisher\":{\"@id\":\"https:\/\/oriamendi.eus\/es\/#organization\"},\"potentialAction\":[{\"@type\":\"SearchAction\",\"target\":{\"@type\":\"EntryPoint\",\"urlTemplate\":\"https:\/\/oriamendi.eus\/es\/?s={search_term_string}\"},\"query-input\":\"required name=search_term_string\"}],\"inLanguage\":\"es\"},{\"@type\":\"Organization\",\"@id\":\"https:\/\/oriamendi.eus\/es\/#organization\",\"name\":\"Oriamendi\",\"url\":\"https:\/\/oriamendi.eus\/es\/\",\"logo\":{\"@type\":\"ImageObject\",\"inLanguage\":\"es\",\"@id\":\"https:\/\/oriamendi.eus\/es\/#\/schema\/logo\/image\/\",\"url\":\"https:\/\/oriamendi.eus\/wp-content\/uploads\/2020\/06\/logo-oriamendi.png\",\"contentUrl\":\"https:\/\/oriamendi.eus\/wp-content\/uploads\/2020\/06\/logo-oriamendi.png\",\"width\":300,\"height\":90,\"caption\":\"Oriamendi\"},\"image\":{\"@id\":\"https:\/\/oriamendi.eus\/es\/#\/schema\/logo\/image\/\"},\"sameAs\":[\"https:\/\/www.facebook.com\/oriamendi2010remonte\/\",\"https:\/\/twitter.com\/oriamendi2010\",\"https:\/\/www.instagram.com\/galarretajaialai\/\",\"https:\/\/www.youtube.com\/channel\/UC8gVNzQqB1iwnC-_rI-ihmA\/featured\"]},{\"@type\":\"Person\",\"@id\":\"https:\/\/oriamendi.eus\/es\/#\/schema\/person\/c0bd06c6c747674306a5c82563e2339a\",\"name\":\"I\u00f1igo Go\u00f1i\",\"image\":{\"@type\":\"ImageObject\",\"inLanguage\":\"es\",\"@id\":\"https:\/\/oriamendi.eus\/es\/#\/schema\/person\/image\/\",\"url\":\"https:\/\/secure.gravatar.com\/avatar\/fbb07ffc7b803bbfcc2b6419c06abd3a?s=96&d=mm&r=g\",\"contentUrl\":\"https:\/\/secure.gravatar.com\/avatar\/fbb07ffc7b803bbfcc2b6419c06abd3a?s=96&d=mm&r=g\",\"caption\":\"I\u00f1igo Go\u00f1i\"},\"url\":\"https:\/\/oriamendi.eus\/es\/author\/om-berriak\/\"}]}<\/script>\n<!-- \/ Yoast SEO plugin. -->","yoast_head_json":{"title":"El \u00faltimo s\u00e1bado de septiembre se disputar\u00e1 la final del Individual de este a\u00f1o | Oriamendi 2010","robots":{"index":"index","follow":"follow","max-snippet":"max-snippet:-1","max-image-preview":"max-image-preview:large","max-video-preview":"max-video-preview:-1"},"canonical":"https:\/\/oriamendi.eus\/es\/2024\/08\/06\/el-ultimo-sabado-de-septiembre-se-disputara-la-final-del-individual-de-este-ano\/","og_locale":"es_ES","og_type":"article","og_title":"El \u00faltimo s\u00e1bado de septiembre se disputar\u00e1 la final del Individual de este a\u00f1o | Oriamendi 2010","og_description":"En Chillida Leku se ha presentado el campeonato que comenzar\u00e1 pasado ma\u00f1ana y la principal novedad es que los partidos se retrasar\u00e1n dos semanas desde el calendario habitual. El campeonato lo abrir\u00e1 pasado ma\u00f1ana el Martirena-Jabalera, en un festival que comenzar\u00e1 a las 16:30 horas. Hoy se ha presentado, en el museo Chillida Leku, el [&hellip;]","og_url":"https:\/\/oriamendi.eus\/es\/2024\/08\/06\/el-ultimo-sabado-de-septiembre-se-disputara-la-final-del-individual-de-este-ano\/","og_site_name":"Oriamendi 2010","article_publisher":"https:\/\/www.facebook.com\/oriamendi2010remonte\/","article_published_time":"2024-08-06T10:27:50+00:00","og_image":[{"width":1200,"height":800,"url":"https:\/\/oriamendi.eus\/wp-content\/uploads\/2024\/08\/Erremontea.jpg","type":"image\/jpeg"}],"author":"I\u00f1igo Go\u00f1i","twitter_card":"summary_large_image","twitter_creator":"@oriamendi2010","twitter_site":"@oriamendi2010","twitter_misc":{"Escrito por":"I\u00f1igo Go\u00f1i","Tiempo de lectura":"4 minutos"},"schema":{"@context":"https:\/\/schema.org","@graph":[{"@type":"Article","@id":"https:\/\/oriamendi.eus\/es\/2024\/08\/06\/el-ultimo-sabado-de-septiembre-se-disputara-la-final-del-individual-de-este-ano\/#article","isPartOf":{"@id":"https:\/\/oriamendi.eus\/es\/2024\/08\/06\/el-ultimo-sabado-de-septiembre-se-disputara-la-final-del-individual-de-este-ano\/"},"author":{"name":"I\u00f1igo Go\u00f1i","@id":"https:\/\/oriamendi.eus\/es\/#\/schema\/person\/c0bd06c6c747674306a5c82563e2339a"},"headline":"El \u00faltimo s\u00e1bado de septiembre se disputar\u00e1 la final del Individual de este a\u00f1o","datePublished":"2024-08-06T10:27:50+00:00","dateModified":"2024-08-06T10:27:50+00:00","mainEntityOfPage":{"@id":"https:\/\/oriamendi.eus\/es\/2024\/08\/06\/el-ultimo-sabado-de-septiembre-se-disputara-la-final-del-individual-de-este-ano\/"},"wordCount":714,"publisher":{"@id":"https:\/\/oriamendi.eus\/es\/#organization"},"articleSection":["Sin categorizar"],"inLanguage":"es"},{"@type":"WebPage","@id":"https:\/\/oriamendi.eus\/es\/2024\/08\/06\/el-ultimo-sabado-de-septiembre-se-disputara-la-final-del-individual-de-este-ano\/","url":"https:\/\/oriamendi.eus\/es\/2024\/08\/06\/el-ultimo-sabado-de-septiembre-se-disputara-la-final-del-individual-de-este-ano\/","name":"El \u00faltimo s\u00e1bado de septiembre se disputar\u00e1 la final del Individual de este a\u00f1o | Oriamendi 2010","isPartOf":{"@id":"https:\/\/oriamendi.eus\/es\/#website"},"datePublished":"2024-08-06T10:27:50+00:00","dateModified":"2024-08-06T10:27:50+00:00","breadcrumb":{"@id":"https:\/\/oriamendi.eus\/es\/2024\/08\/06\/el-ultimo-sabado-de-septiembre-se-disputara-la-final-del-individual-de-este-ano\/#breadcrumb"},"inLanguage":"es","potentialAction":[{"@type":"ReadAction","target":["https:\/\/oriamendi.eus\/es\/2024\/08\/06\/el-ultimo-sabado-de-septiembre-se-disputara-la-final-del-individual-de-este-ano\/"]}]},{"@type":"BreadcrumbList","@id":"https:\/\/oriamendi.eus\/es\/2024\/08\/06\/el-ultimo-sabado-de-septiembre-se-disputara-la-final-del-individual-de-este-ano\/#breadcrumb","itemListElement":[{"@type":"ListItem","position":1,"name":"Portada","item":"https:\/\/oriamendi.eus\/es\/"},{"@type":"ListItem","position":2,"name":"El \u00faltimo s\u00e1bado de septiembre se disputar\u00e1 la final del Individual de este a\u00f1o"}]},{"@type":"WebSite","@id":"https:\/\/oriamendi.eus\/es\/#website","url":"https:\/\/oriamendi.eus\/es\/","name":"Oriamendi","description":"Remonte en Galarreta. Hernani. Gipuzkoa","publisher":{"@id":"https:\/\/oriamendi.eus\/es\/#organization"},"potentialAction":[{"@type":"SearchAction","target":{"@type":"EntryPoint","urlTemplate":"https:\/\/oriamendi.eus\/es\/?s={search_term_string}"},"query-input":"required name=search_term_string"}],"inLanguage":"es"},{"@type":"Organization","@id":"https:\/\/oriamendi.eus\/es\/#organization","name":"Oriamendi","url":"https:\/\/oriamendi.eus\/es\/","logo":{"@type":"ImageObject","inLanguage":"es","@id":"https:\/\/oriamendi.eus\/es\/#\/schema\/logo\/image\/","url":"https:\/\/oriamendi.eus\/wp-content\/uploads\/2020\/06\/logo-oriamendi.png","contentUrl":"https:\/\/oriamendi.eus\/wp-content\/uploads\/2020\/06\/logo-oriamendi.png","width":300,"height":90,"caption":"Oriamendi"},"image":{"@id":"https:\/\/oriamendi.eus\/es\/#\/schema\/logo\/image\/"},"sameAs":["https:\/\/www.facebook.com\/oriamendi2010remonte\/","https:\/\/twitter.com\/oriamendi2010","https:\/\/www.instagram.com\/galarretajaialai\/","https:\/\/www.youtube.com\/channel\/UC8gVNzQqB1iwnC-_rI-ihmA\/featured"]},{"@type":"Person","@id":"https:\/\/oriamendi.eus\/es\/#\/schema\/person\/c0bd06c6c747674306a5c82563e2339a","name":"I\u00f1igo Go\u00f1i","image":{"@type":"ImageObject","inLanguage":"es","@id":"https:\/\/oriamendi.eus\/es\/#\/schema\/person\/image\/","url":"https:\/\/secure.gravatar.com\/avatar\/fbb07ffc7b803bbfcc2b6419c06abd3a?s=96&d=mm&r=g","contentUrl":"https:\/\/secure.gravatar.com\/avatar\/fbb07ffc7b803bbfcc2b6419c06abd3a?s=96&d=mm&r=g","caption":"I\u00f1igo Go\u00f1i"},"url":"https:\/\/oriamendi.eus\/es\/author\/om-berriak\/"}]}},"_links":{"self":[{"href":"https:\/\/oriamendi.eus\/es\/wp-json\/wp\/v2\/posts\/8191"}],"collection":[{"href":"https:\/\/oriamendi.eus\/es\/wp-json\/wp\/v2\/posts"}],"about":[{"href":"https:\/\/oriamendi.eus\/es\/wp-json\/wp\/v2\/types\/post"}],"author":[{"embeddable":true,"href":"https:\/\/oriamendi.eus\/es\/wp-json\/wp\/v2\/users\/5"}],"replies":[{"embeddable":true,"href":"https:\/\/oriamendi.eus\/es\/wp-json\/wp\/v2\/comments?post=8191"}],"version-history":[{"count":1,"href":"https:\/\/oriamendi.eus\/es\/wp-json\/wp\/v2\/posts\/8191\/revisions"}],"predecessor-version":[{"id":8192,"href":"https:\/\/oriamendi.eus\/es\/wp-json\/wp\/v2\/posts\/8191\/revisions\/8192"}],"wp:featuredmedia":[{"embeddable":true,"href":"https:\/\/oriamendi.eus\/es\/wp-json\/wp\/v2\/media\/8185"}],"wp:attachment":[{"href":"https:\/\/oriamendi.eus\/es\/wp-json\/wp\/v2\/media?parent=8191"}],"wp:term":[{"taxonomy":"category","embeddable":true,"href":"https:\/\/oriamendi.eus\/es\/wp-json\/wp\/v2\/categories?post=8191"},{"taxonomy":"post_tag","embeddable":true,"href":"https:\/\/oriamendi.eus\/es\/wp-json\/wp\/v2\/tags?post=8191"}],"curies":[{"name":"wp","href":"https:\/\/api.w.org\/{rel}","templated":true}]}}