                                        
                                        
                                        
                                        
                                        
                                        
                                        
                                        
                                        
                                        
                                        
                                        
                                        
                                        
                                        
                                        
                                        
                                        
{"id":8169,"date":"2024-07-29T19:26:36","date_gmt":"2024-07-29T17:26:36","guid":{"rendered":"https:\/\/oriamendi.eus\/?p=8169"},"modified":"2024-07-29T19:26:36","modified_gmt":"2024-07-29T17:26:36","slug":"el-torneo-de-remonte-jai-alai-zarautz-se-presenta-hoy-en-zarautz","status":"publish","type":"post","link":"https:\/\/oriamendi.eus\/es\/2024\/07\/29\/el-torneo-de-remonte-jai-alai-zarautz-se-presenta-hoy-en-zarautz\/","title":{"rendered":"El Torneo de Remonte Jai Alai Zarautz se presenta hoy en Zarautz"},"content":{"rendered":"<p><strong>Se disputar\u00e1n dos campeonatos con semifinales y finales los d\u00edas 2, 3 y 4 de agosto<\/strong><\/p>\n<p>Zarautz acoger\u00e1 el viernes, s\u00e1bado y domingo el Torneo de Remonte Jai Alai Zarautz en el front\u00f3n Aritzbatalde. Se disputar\u00e1n dos torneos y cuatro parejas conformar\u00e1n cada uno de ellos. Los tres festivales comenzar\u00e1n a las 18:00 de la tarde.<\/p>\n<p>En el campeonato de categor\u00eda A jugar\u00e1n Ansa II-Juanenea, Ezkurra II-Barrenetxea IV, Urriza-Larra\u00f1aga y Aldabe-Azpiroz. El campeonato de categor\u00eda B est\u00e1 compuesto por las siguientes parejas: Jabalera-Apezetxea, Gurrutxaga-Zaldua I, Segurola-Zubiri y Goikoetxea V-Martirena. Ambos campeonatos est\u00e1n compuestos por las ocho mejores parejas que se pueden formar en la actualidad.<br \/>\nEl 2 de agosto tendr\u00e1n lugar las dos primeras semifinales. El festival comenzar\u00e1 con el partido del B. Jabalera-Apezetxea, Gurrutxaga, se enfrentan a Zaldua I. En la semifinal de la categor\u00eda A, Ansa-Juanenea se enfrentar\u00e1n a Ezkurra II-Barrenetxea IV.<\/p>\n<p>El s\u00e1bado 3 de agosto se disputar\u00e1n las otras dos semifinales. La de categor\u00eda B ser\u00e1 entre Segurola-Zubiri y Goikoetxea V-Martiren y en la de categor\u00eda A, Urriza-Larra\u00f1aga, se enfrentar\u00e1n a Aldabe-Azpiroz.<\/p>\n<p>Los ganadores de las semifinales disputar\u00e1n las finales el domingo 4 de agosto. Todos los partidos ser\u00e1n a 3 sets, a 15 tantos cada uno, y todos los festivales comenzar\u00e1n a las 18:00 de la tarde.<\/p>\n","protected":false},"excerpt":{"rendered":"<p>Se disputar\u00e1n dos campeonatos con semifinales y finales los d\u00edas 2, 3 y 4 de agosto Zarautz acoger\u00e1 el viernes, s\u00e1bado y domingo el Torneo de Remonte Jai Alai Zarautz en el front\u00f3n Aritzbatalde. Se disputar\u00e1n dos torneos y cuatro parejas conformar\u00e1n cada uno de ellos. Los tres festivales comenzar\u00e1n a las 18:00 de la [&hellip;]<\/p>\n","protected":false},"author":5,"featured_media":8167,"comment_status":"closed","ping_status":"open","sticky":false,"template":"","format":"standard","meta":{"_et_pb_use_builder":"","_et_pb_old_content":"","_et_gb_content_width":"","footnotes":""},"categories":[1],"tags":[],"yoast_head":"<!-- This site is optimized with the Yoast SEO plugin v21.8 - https:\/\/yoast.com\/wordpress\/plugins\/seo\/ -->\n<title>El Torneo de Remonte Jai Alai Zarautz se presenta hoy en Zarautz | Oriamendi 2010<\/title>\n<meta name=\"robots\" content=\"index, follow, max-snippet:-1, max-image-preview:large, max-video-preview:-1\" \/>\n<link rel=\"canonical\" href=\"https:\/\/oriamendi.eus\/es\/2024\/07\/29\/el-torneo-de-remonte-jai-alai-zarautz-se-presenta-hoy-en-zarautz\/\" \/>\n<meta property=\"og:locale\" content=\"es_ES\" \/>\n<meta property=\"og:type\" content=\"article\" \/>\n<meta property=\"og:title\" content=\"El Torneo de Remonte Jai Alai Zarautz se presenta hoy en Zarautz | Oriamendi 2010\" \/>\n<meta property=\"og:description\" content=\"Se disputar\u00e1n dos campeonatos con semifinales y finales los d\u00edas 2, 3 y 4 de agosto Zarautz acoger\u00e1 el viernes, s\u00e1bado y domingo el Torneo de Remonte Jai Alai Zarautz en el front\u00f3n Aritzbatalde. Se disputar\u00e1n dos torneos y cuatro parejas conformar\u00e1n cada uno de ellos. Los tres festivales comenzar\u00e1n a las 18:00 de la [&hellip;]\" \/>\n<meta property=\"og:url\" content=\"https:\/\/oriamendi.eus\/es\/2024\/07\/29\/el-torneo-de-remonte-jai-alai-zarautz-se-presenta-hoy-en-zarautz\/\" \/>\n<meta property=\"og:site_name\" content=\"Oriamendi 2010\" \/>\n<meta property=\"article:publisher\" content=\"https:\/\/www.facebook.com\/oriamendi2010remonte\/\" \/>\n<meta property=\"article:published_time\" content=\"2024-07-29T17:26:36+00:00\" \/>\n<meta property=\"og:image\" content=\"https:\/\/oriamendi.eus\/wp-content\/uploads\/2024\/07\/IMG_20240729_190409_2000_x_1333_pixel.jpg\" \/>\n\t<meta property=\"og:image:width\" content=\"1200\" \/>\n\t<meta property=\"og:image:height\" content=\"800\" \/>\n\t<meta property=\"og:image:type\" content=\"image\/jpeg\" \/>\n<meta name=\"author\" content=\"I\u00f1igo Go\u00f1i\" \/>\n<meta name=\"twitter:card\" content=\"summary_large_image\" \/>\n<meta name=\"twitter:creator\" content=\"@oriamendi2010\" \/>\n<meta name=\"twitter:site\" content=\"@oriamendi2010\" \/>\n<meta name=\"twitter:label1\" content=\"Escrito por\" \/>\n\t<meta name=\"twitter:data1\" content=\"I\u00f1igo Go\u00f1i\" \/>\n\t<meta name=\"twitter:label2\" content=\"Tiempo de lectura\" \/>\n\t<meta name=\"twitter:data2\" content=\"2 minutos\" \/>\n<script type=\"application\/ld+json\" class=\"yoast-schema-graph\">{\"@context\":\"https:\/\/schema.org\",\"@graph\":[{\"@type\":\"Article\",\"@id\":\"https:\/\/oriamendi.eus\/es\/2024\/07\/29\/el-torneo-de-remonte-jai-alai-zarautz-se-presenta-hoy-en-zarautz\/#article\",\"isPartOf\":{\"@id\":\"https:\/\/oriamendi.eus\/es\/2024\/07\/29\/el-torneo-de-remonte-jai-alai-zarautz-se-presenta-hoy-en-zarautz\/\"},\"author\":{\"name\":\"I\u00f1igo Go\u00f1i\",\"@id\":\"https:\/\/oriamendi.eus\/es\/#\/schema\/person\/c0bd06c6c747674306a5c82563e2339a\"},\"headline\":\"El Torneo de Remonte Jai Alai Zarautz se presenta hoy en Zarautz\",\"datePublished\":\"2024-07-29T17:26:36+00:00\",\"dateModified\":\"2024-07-29T17:26:36+00:00\",\"mainEntityOfPage\":{\"@id\":\"https:\/\/oriamendi.eus\/es\/2024\/07\/29\/el-torneo-de-remonte-jai-alai-zarautz-se-presenta-hoy-en-zarautz\/\"},\"wordCount\":238,\"publisher\":{\"@id\":\"https:\/\/oriamendi.eus\/es\/#organization\"},\"articleSection\":[\"Sin categorizar\"],\"inLanguage\":\"es\"},{\"@type\":\"WebPage\",\"@id\":\"https:\/\/oriamendi.eus\/es\/2024\/07\/29\/el-torneo-de-remonte-jai-alai-zarautz-se-presenta-hoy-en-zarautz\/\",\"url\":\"https:\/\/oriamendi.eus\/es\/2024\/07\/29\/el-torneo-de-remonte-jai-alai-zarautz-se-presenta-hoy-en-zarautz\/\",\"name\":\"El Torneo de Remonte Jai Alai Zarautz se presenta hoy en Zarautz | Oriamendi 2010\",\"isPartOf\":{\"@id\":\"https:\/\/oriamendi.eus\/es\/#website\"},\"datePublished\":\"2024-07-29T17:26:36+00:00\",\"dateModified\":\"2024-07-29T17:26:36+00:00\",\"breadcrumb\":{\"@id\":\"https:\/\/oriamendi.eus\/es\/2024\/07\/29\/el-torneo-de-remonte-jai-alai-zarautz-se-presenta-hoy-en-zarautz\/#breadcrumb\"},\"inLanguage\":\"es\",\"potentialAction\":[{\"@type\":\"ReadAction\",\"target\":[\"https:\/\/oriamendi.eus\/es\/2024\/07\/29\/el-torneo-de-remonte-jai-alai-zarautz-se-presenta-hoy-en-zarautz\/\"]}]},{\"@type\":\"BreadcrumbList\",\"@id\":\"https:\/\/oriamendi.eus\/es\/2024\/07\/29\/el-torneo-de-remonte-jai-alai-zarautz-se-presenta-hoy-en-zarautz\/#breadcrumb\",\"itemListElement\":[{\"@type\":\"ListItem\",\"position\":1,\"name\":\"Portada\",\"item\":\"https:\/\/oriamendi.eus\/es\/\"},{\"@type\":\"ListItem\",\"position\":2,\"name\":\"El Torneo de Remonte Jai Alai Zarautz se presenta hoy en Zarautz\"}]},{\"@type\":\"WebSite\",\"@id\":\"https:\/\/oriamendi.eus\/es\/#website\",\"url\":\"https:\/\/oriamendi.eus\/es\/\",\"name\":\"Oriamendi\",\"description\":\"Remonte en Galarreta. Hernani. Gipuzkoa\",\"publisher\":{\"@id\":\"https:\/\/oriamendi.eus\/es\/#organization\"},\"potentialAction\":[{\"@type\":\"SearchAction\",\"target\":{\"@type\":\"EntryPoint\",\"urlTemplate\":\"https:\/\/oriamendi.eus\/es\/?s={search_term_string}\"},\"query-input\":\"required name=search_term_string\"}],\"inLanguage\":\"es\"},{\"@type\":\"Organization\",\"@id\":\"https:\/\/oriamendi.eus\/es\/#organization\",\"name\":\"Oriamendi\",\"url\":\"https:\/\/oriamendi.eus\/es\/\",\"logo\":{\"@type\":\"ImageObject\",\"inLanguage\":\"es\",\"@id\":\"https:\/\/oriamendi.eus\/es\/#\/schema\/logo\/image\/\",\"url\":\"https:\/\/oriamendi.eus\/wp-content\/uploads\/2020\/06\/logo-oriamendi.png\",\"contentUrl\":\"https:\/\/oriamendi.eus\/wp-content\/uploads\/2020\/06\/logo-oriamendi.png\",\"width\":300,\"height\":90,\"caption\":\"Oriamendi\"},\"image\":{\"@id\":\"https:\/\/oriamendi.eus\/es\/#\/schema\/logo\/image\/\"},\"sameAs\":[\"https:\/\/www.facebook.com\/oriamendi2010remonte\/\",\"https:\/\/twitter.com\/oriamendi2010\",\"https:\/\/www.instagram.com\/galarretajaialai\/\",\"https:\/\/www.youtube.com\/channel\/UC8gVNzQqB1iwnC-_rI-ihmA\/featured\"]},{\"@type\":\"Person\",\"@id\":\"https:\/\/oriamendi.eus\/es\/#\/schema\/person\/c0bd06c6c747674306a5c82563e2339a\",\"name\":\"I\u00f1igo Go\u00f1i\",\"image\":{\"@type\":\"ImageObject\",\"inLanguage\":\"es\",\"@id\":\"https:\/\/oriamendi.eus\/es\/#\/schema\/person\/image\/\",\"url\":\"https:\/\/secure.gravatar.com\/avatar\/fbb07ffc7b803bbfcc2b6419c06abd3a?s=96&d=mm&r=g\",\"contentUrl\":\"https:\/\/secure.gravatar.com\/avatar\/fbb07ffc7b803bbfcc2b6419c06abd3a?s=96&d=mm&r=g\",\"caption\":\"I\u00f1igo Go\u00f1i\"},\"url\":\"https:\/\/oriamendi.eus\/es\/author\/om-berriak\/\"}]}<\/script>\n<!-- \/ Yoast SEO plugin. -->","yoast_head_json":{"title":"El Torneo de Remonte Jai Alai Zarautz se presenta hoy en Zarautz | Oriamendi 2010","robots":{"index":"index","follow":"follow","max-snippet":"max-snippet:-1","max-image-preview":"max-image-preview:large","max-video-preview":"max-video-preview:-1"},"canonical":"https:\/\/oriamendi.eus\/es\/2024\/07\/29\/el-torneo-de-remonte-jai-alai-zarautz-se-presenta-hoy-en-zarautz\/","og_locale":"es_ES","og_type":"article","og_title":"El Torneo de Remonte Jai Alai Zarautz se presenta hoy en Zarautz | Oriamendi 2010","og_description":"Se disputar\u00e1n dos campeonatos con semifinales y finales los d\u00edas 2, 3 y 4 de agosto Zarautz acoger\u00e1 el viernes, s\u00e1bado y domingo el Torneo de Remonte Jai Alai Zarautz en el front\u00f3n Aritzbatalde. Se disputar\u00e1n dos torneos y cuatro parejas conformar\u00e1n cada uno de ellos. Los tres festivales comenzar\u00e1n a las 18:00 de la [&hellip;]","og_url":"https:\/\/oriamendi.eus\/es\/2024\/07\/29\/el-torneo-de-remonte-jai-alai-zarautz-se-presenta-hoy-en-zarautz\/","og_site_name":"Oriamendi 2010","article_publisher":"https:\/\/www.facebook.com\/oriamendi2010remonte\/","article_published_time":"2024-07-29T17:26:36+00:00","og_image":[{"width":1200,"height":800,"url":"https:\/\/oriamendi.eus\/wp-content\/uploads\/2024\/07\/IMG_20240729_190409_2000_x_1333_pixel.jpg","type":"image\/jpeg"}],"author":"I\u00f1igo Go\u00f1i","twitter_card":"summary_large_image","twitter_creator":"@oriamendi2010","twitter_site":"@oriamendi2010","twitter_misc":{"Escrito por":"I\u00f1igo Go\u00f1i","Tiempo de lectura":"2 minutos"},"schema":{"@context":"https:\/\/schema.org","@graph":[{"@type":"Article","@id":"https:\/\/oriamendi.eus\/es\/2024\/07\/29\/el-torneo-de-remonte-jai-alai-zarautz-se-presenta-hoy-en-zarautz\/#article","isPartOf":{"@id":"https:\/\/oriamendi.eus\/es\/2024\/07\/29\/el-torneo-de-remonte-jai-alai-zarautz-se-presenta-hoy-en-zarautz\/"},"author":{"name":"I\u00f1igo Go\u00f1i","@id":"https:\/\/oriamendi.eus\/es\/#\/schema\/person\/c0bd06c6c747674306a5c82563e2339a"},"headline":"El Torneo de Remonte Jai Alai Zarautz se presenta hoy en Zarautz","datePublished":"2024-07-29T17:26:36+00:00","dateModified":"2024-07-29T17:26:36+00:00","mainEntityOfPage":{"@id":"https:\/\/oriamendi.eus\/es\/2024\/07\/29\/el-torneo-de-remonte-jai-alai-zarautz-se-presenta-hoy-en-zarautz\/"},"wordCount":238,"publisher":{"@id":"https:\/\/oriamendi.eus\/es\/#organization"},"articleSection":["Sin categorizar"],"inLanguage":"es"},{"@type":"WebPage","@id":"https:\/\/oriamendi.eus\/es\/2024\/07\/29\/el-torneo-de-remonte-jai-alai-zarautz-se-presenta-hoy-en-zarautz\/","url":"https:\/\/oriamendi.eus\/es\/2024\/07\/29\/el-torneo-de-remonte-jai-alai-zarautz-se-presenta-hoy-en-zarautz\/","name":"El Torneo de Remonte Jai Alai Zarautz se presenta hoy en Zarautz | Oriamendi 2010","isPartOf":{"@id":"https:\/\/oriamendi.eus\/es\/#website"},"datePublished":"2024-07-29T17:26:36+00:00","dateModified":"2024-07-29T17:26:36+00:00","breadcrumb":{"@id":"https:\/\/oriamendi.eus\/es\/2024\/07\/29\/el-torneo-de-remonte-jai-alai-zarautz-se-presenta-hoy-en-zarautz\/#breadcrumb"},"inLanguage":"es","potentialAction":[{"@type":"ReadAction","target":["https:\/\/oriamendi.eus\/es\/2024\/07\/29\/el-torneo-de-remonte-jai-alai-zarautz-se-presenta-hoy-en-zarautz\/"]}]},{"@type":"BreadcrumbList","@id":"https:\/\/oriamendi.eus\/es\/2024\/07\/29\/el-torneo-de-remonte-jai-alai-zarautz-se-presenta-hoy-en-zarautz\/#breadcrumb","itemListElement":[{"@type":"ListItem","position":1,"name":"Portada","item":"https:\/\/oriamendi.eus\/es\/"},{"@type":"ListItem","position":2,"name":"El Torneo de Remonte Jai Alai Zarautz se presenta hoy en Zarautz"}]},{"@type":"WebSite","@id":"https:\/\/oriamendi.eus\/es\/#website","url":"https:\/\/oriamendi.eus\/es\/","name":"Oriamendi","description":"Remonte en Galarreta. Hernani. Gipuzkoa","publisher":{"@id":"https:\/\/oriamendi.eus\/es\/#organization"},"potentialAction":[{"@type":"SearchAction","target":{"@type":"EntryPoint","urlTemplate":"https:\/\/oriamendi.eus\/es\/?s={search_term_string}"},"query-input":"required name=search_term_string"}],"inLanguage":"es"},{"@type":"Organization","@id":"https:\/\/oriamendi.eus\/es\/#organization","name":"Oriamendi","url":"https:\/\/oriamendi.eus\/es\/","logo":{"@type":"ImageObject","inLanguage":"es","@id":"https:\/\/oriamendi.eus\/es\/#\/schema\/logo\/image\/","url":"https:\/\/oriamendi.eus\/wp-content\/uploads\/2020\/06\/logo-oriamendi.png","contentUrl":"https:\/\/oriamendi.eus\/wp-content\/uploads\/2020\/06\/logo-oriamendi.png","width":300,"height":90,"caption":"Oriamendi"},"image":{"@id":"https:\/\/oriamendi.eus\/es\/#\/schema\/logo\/image\/"},"sameAs":["https:\/\/www.facebook.com\/oriamendi2010remonte\/","https:\/\/twitter.com\/oriamendi2010","https:\/\/www.instagram.com\/galarretajaialai\/","https:\/\/www.youtube.com\/channel\/UC8gVNzQqB1iwnC-_rI-ihmA\/featured"]},{"@type":"Person","@id":"https:\/\/oriamendi.eus\/es\/#\/schema\/person\/c0bd06c6c747674306a5c82563e2339a","name":"I\u00f1igo Go\u00f1i","image":{"@type":"ImageObject","inLanguage":"es","@id":"https:\/\/oriamendi.eus\/es\/#\/schema\/person\/image\/","url":"https:\/\/secure.gravatar.com\/avatar\/fbb07ffc7b803bbfcc2b6419c06abd3a?s=96&d=mm&r=g","contentUrl":"https:\/\/secure.gravatar.com\/avatar\/fbb07ffc7b803bbfcc2b6419c06abd3a?s=96&d=mm&r=g","caption":"I\u00f1igo Go\u00f1i"},"url":"https:\/\/oriamendi.eus\/es\/author\/om-berriak\/"}]}},"_links":{"self":[{"href":"https:\/\/oriamendi.eus\/es\/wp-json\/wp\/v2\/posts\/8169"}],"collection":[{"href":"https:\/\/oriamendi.eus\/es\/wp-json\/wp\/v2\/posts"}],"about":[{"href":"https:\/\/oriamendi.eus\/es\/wp-json\/wp\/v2\/types\/post"}],"author":[{"embeddable":true,"href":"https:\/\/oriamendi.eus\/es\/wp-json\/wp\/v2\/users\/5"}],"replies":[{"embeddable":true,"href":"https:\/\/oriamendi.eus\/es\/wp-json\/wp\/v2\/comments?post=8169"}],"version-history":[{"count":1,"href":"https:\/\/oriamendi.eus\/es\/wp-json\/wp\/v2\/posts\/8169\/revisions"}],"predecessor-version":[{"id":8170,"href":"https:\/\/oriamendi.eus\/es\/wp-json\/wp\/v2\/posts\/8169\/revisions\/8170"}],"wp:featuredmedia":[{"embeddable":true,"href":"https:\/\/oriamendi.eus\/es\/wp-json\/wp\/v2\/media\/8167"}],"wp:attachment":[{"href":"https:\/\/oriamendi.eus\/es\/wp-json\/wp\/v2\/media?parent=8169"}],"wp:term":[{"taxonomy":"category","embeddable":true,"href":"https:\/\/oriamendi.eus\/es\/wp-json\/wp\/v2\/categories?post=8169"},{"taxonomy":"post_tag","embeddable":true,"href":"https:\/\/oriamendi.eus\/es\/wp-json\/wp\/v2\/tags?post=8169"}],"curies":[{"name":"wp","href":"https:\/\/api.w.org\/{rel}","templated":true}]}}