                                        
                                        
                                        
                                        
                                        
                                        
                                        
                                        
                                        
                                        
                                        
                                        
                                        
                                        
                                        
                                        
                                        
                                        
{"id":8131,"date":"2024-07-20T21:37:04","date_gmt":"2024-07-20T19:37:04","guid":{"rendered":"https:\/\/oriamendi.eus\/?p=8131"},"modified":"2024-07-20T21:37:04","modified_gmt":"2024-07-20T19:37:04","slug":"barrenetxea-urriza-y-gurrutxaga-apezetxea-pasan-a-las-finales-del-jai-alai-summer-season","status":"publish","type":"post","link":"https:\/\/oriamendi.eus\/es\/2024\/07\/20\/barrenetxea-urriza-y-gurrutxaga-apezetxea-pasan-a-las-finales-del-jai-alai-summer-season\/","title":{"rendered":"Barrenetxea-Urriza y Gurrutxaga-Apezetxea pasan a las finales del Jai Alai Summer Season"},"content":{"rendered":"<div><b>En el grupo A los ganadores se imponen 2-1 (13-15, 15-13 y 8-2) a Aldabe-Larra\u00f1aga y en el B los finalistas se imponen 15-8 y 15-7 a Zaldua y Zubiri<\/b><\/div>\n<div><b>\u00a0<\/b><\/div>\n<div>El Jai Alai Summer Season ya tiene completados las finales del pr\u00f3ximo 27 de julio en Galarreta. Juanenea y Ansa II se medir\u00e1n a Barrenetxea IV y Urriza en el campeonato A y Susperregi-Aiestaran VI se enfrentar\u00e1n a Gurrutxaga y Apezetxea, en la final B.<\/div>\n<div>Barrenetxea IV y Urriza entraron en la final despu\u00e9s de imponerse 2-1 (13-15, 15-13 y 8-2) a Aldabe y Larra\u00f1aga en un partido trabajado e igualado. Los colorados sacaron adelante el partido a base de trabajo y lucha. Fue una victoria sufrida. Los dos primeros set llegaron a 13 iguales a base de pelea, m\u00e1s que por el buen juego. En el primero Barrenetxea y Urriza ganaban 13-12, pero un dos paredes de Larra\u00f1aga puso el empate a trece y Aldabe cerr\u00f3 el set 13-15. El segundo set fue al contrario. En el empate a trece Urriza hizo el catorce y Barrenetxea el quince. En el set decisivo los colorados fueron muy superiores y ganaron 8-2. Urriza\u00a0 hizo tres tantos de saque y dos en el peloteo. Barrenetxea hizo otro tanto. Los tantos de saque fueron m\u00e1s errores al resto de Larra\u00f1aga y Aldabe que aciertos de Urriza. Urriza fue de menos a m\u00e1s, aunque no se le vio c\u00f3modo al igual que que Barrenetxea. La experiencia marc\u00f3 la diferencia. La final ante Juanenea y Ansa queda muy interesante y bonita.<\/div>\n<div><img fetchpriority=\"high\" fetchpriority=\"high\" decoding=\"async\" class=\"alignnone size-medium wp-image-8134\" src=\"https:\/\/oriamendi.eus\/wp-content\/uploads\/2024\/07\/Uztailak-20-\u2013-10-169x300.jpg\" alt=\"\" width=\"169\" height=\"300\" srcset=\"https:\/\/oriamendi.eus\/wp-content\/uploads\/2024\/07\/Uztailak-20-\u2013-10-169x300.jpg 169w, https:\/\/oriamendi.eus\/wp-content\/uploads\/2024\/07\/Uztailak-20-\u2013-10-576x1024.jpg 576w, https:\/\/oriamendi.eus\/wp-content\/uploads\/2024\/07\/Uztailak-20-\u2013-10-480x853.jpg 480w, https:\/\/oriamendi.eus\/wp-content\/uploads\/2024\/07\/Uztailak-20-\u2013-10.jpg 675w\" sizes=\"(max-width: 169px) 100vw, 169px\" \/><\/div>\n<div>En el partido del grupo B la superioridad de Gurrutxaga y Apezetxea fue absoluta. El marcador de 2-0 con parciales de 15-8 y 15-7 es fiel reflejo de lo que se vio sobre la cancha de Galarreta. Gurrutxaga se recuper\u00f3 del baj\u00f3n que tuvo el jueves y volvi\u00f3 a golpear la pelota con fuerza. Adem\u00e1s, Apezetxea le acompa\u00f1\u00f3 atr\u00e1s muy bien, ya que el de Goizueta fue el mejor del partido. Domin\u00f3 con el saque haciendo nueve tantos y llev\u00f3 el peso de la pareja. Gurrutxaga hizo siete y cinco tantos en el primer y segundo set respectivamente. Apezetxea sum\u00f3 en total 7 y seis tantos. Zaldua y Zubiri jugaron a remolque y superados en todas las facetas del juego. Ahora jugar\u00e1n la final contra Susperregi y Aiestaran VI.<\/div>\n","protected":false},"excerpt":{"rendered":"<p>En el grupo A los ganadores se imponen 2-1 (13-15, 15-13 y 8-2) a Aldabe-Larra\u00f1aga y en el B los finalistas se imponen 15-8 y 15-7 a Zaldua y Zubiri \u00a0 El Jai Alai Summer Season ya tiene completados las finales del pr\u00f3ximo 27 de julio en Galarreta. Juanenea y Ansa II se medir\u00e1n a [&hellip;]<\/p>\n","protected":false},"author":5,"featured_media":8132,"comment_status":"closed","ping_status":"open","sticky":false,"template":"","format":"standard","meta":{"_et_pb_use_builder":"","_et_pb_old_content":"","_et_gb_content_width":"","footnotes":""},"categories":[1],"tags":[],"yoast_head":"<!-- This site is optimized with the Yoast SEO plugin v21.8 - https:\/\/yoast.com\/wordpress\/plugins\/seo\/ -->\n<title>Barrenetxea-Urriza y Gurrutxaga-Apezetxea pasan a las finales del Jai Alai Summer Season | Oriamendi 2010<\/title>\n<meta name=\"robots\" content=\"index, follow, max-snippet:-1, max-image-preview:large, max-video-preview:-1\" \/>\n<link rel=\"canonical\" href=\"https:\/\/oriamendi.eus\/es\/2024\/07\/20\/barrenetxea-urriza-y-gurrutxaga-apezetxea-pasan-a-las-finales-del-jai-alai-summer-season\/\" \/>\n<meta property=\"og:locale\" content=\"es_ES\" \/>\n<meta property=\"og:type\" content=\"article\" \/>\n<meta property=\"og:title\" content=\"Barrenetxea-Urriza y Gurrutxaga-Apezetxea pasan a las finales del Jai Alai Summer Season | Oriamendi 2010\" \/>\n<meta property=\"og:description\" content=\"En el grupo A los ganadores se imponen 2-1 (13-15, 15-13 y 8-2) a Aldabe-Larra\u00f1aga y en el B los finalistas se imponen 15-8 y 15-7 a Zaldua y Zubiri \u00a0 El Jai Alai Summer Season ya tiene completados las finales del pr\u00f3ximo 27 de julio en Galarreta. Juanenea y Ansa II se medir\u00e1n a [&hellip;]\" \/>\n<meta property=\"og:url\" content=\"https:\/\/oriamendi.eus\/es\/2024\/07\/20\/barrenetxea-urriza-y-gurrutxaga-apezetxea-pasan-a-las-finales-del-jai-alai-summer-season\/\" \/>\n<meta property=\"og:site_name\" content=\"Oriamendi 2010\" \/>\n<meta property=\"article:publisher\" content=\"https:\/\/www.facebook.com\/oriamendi2010remonte\/\" \/>\n<meta property=\"article:published_time\" content=\"2024-07-20T19:37:04+00:00\" \/>\n<meta property=\"og:image\" content=\"https:\/\/oriamendi.eus\/wp-content\/uploads\/2024\/07\/Uztailak-20-\u2013-9.jpg\" \/>\n\t<meta property=\"og:image:width\" content=\"675\" \/>\n\t<meta property=\"og:image:height\" content=\"1200\" \/>\n\t<meta property=\"og:image:type\" content=\"image\/jpeg\" \/>\n<meta name=\"author\" content=\"I\u00f1igo Go\u00f1i\" \/>\n<meta name=\"twitter:card\" content=\"summary_large_image\" \/>\n<meta name=\"twitter:creator\" content=\"@oriamendi2010\" \/>\n<meta name=\"twitter:site\" content=\"@oriamendi2010\" \/>\n<meta name=\"twitter:label1\" content=\"Escrito por\" \/>\n\t<meta name=\"twitter:data1\" content=\"I\u00f1igo Go\u00f1i\" \/>\n\t<meta name=\"twitter:label2\" content=\"Tiempo de lectura\" \/>\n\t<meta name=\"twitter:data2\" content=\"3 minutos\" \/>\n<script type=\"application\/ld+json\" class=\"yoast-schema-graph\">{\"@context\":\"https:\/\/schema.org\",\"@graph\":[{\"@type\":\"Article\",\"@id\":\"https:\/\/oriamendi.eus\/es\/2024\/07\/20\/barrenetxea-urriza-y-gurrutxaga-apezetxea-pasan-a-las-finales-del-jai-alai-summer-season\/#article\",\"isPartOf\":{\"@id\":\"https:\/\/oriamendi.eus\/es\/2024\/07\/20\/barrenetxea-urriza-y-gurrutxaga-apezetxea-pasan-a-las-finales-del-jai-alai-summer-season\/\"},\"author\":{\"name\":\"I\u00f1igo Go\u00f1i\",\"@id\":\"https:\/\/oriamendi.eus\/es\/#\/schema\/person\/c0bd06c6c747674306a5c82563e2339a\"},\"headline\":\"Barrenetxea-Urriza y Gurrutxaga-Apezetxea pasan a las finales del Jai Alai Summer Season\",\"datePublished\":\"2024-07-20T19:37:04+00:00\",\"dateModified\":\"2024-07-20T19:37:04+00:00\",\"mainEntityOfPage\":{\"@id\":\"https:\/\/oriamendi.eus\/es\/2024\/07\/20\/barrenetxea-urriza-y-gurrutxaga-apezetxea-pasan-a-las-finales-del-jai-alai-summer-season\/\"},\"wordCount\":410,\"publisher\":{\"@id\":\"https:\/\/oriamendi.eus\/es\/#organization\"},\"articleSection\":[\"Sin categorizar\"],\"inLanguage\":\"es\"},{\"@type\":\"WebPage\",\"@id\":\"https:\/\/oriamendi.eus\/es\/2024\/07\/20\/barrenetxea-urriza-y-gurrutxaga-apezetxea-pasan-a-las-finales-del-jai-alai-summer-season\/\",\"url\":\"https:\/\/oriamendi.eus\/es\/2024\/07\/20\/barrenetxea-urriza-y-gurrutxaga-apezetxea-pasan-a-las-finales-del-jai-alai-summer-season\/\",\"name\":\"Barrenetxea-Urriza y Gurrutxaga-Apezetxea pasan a las finales del Jai Alai Summer Season | Oriamendi 2010\",\"isPartOf\":{\"@id\":\"https:\/\/oriamendi.eus\/es\/#website\"},\"datePublished\":\"2024-07-20T19:37:04+00:00\",\"dateModified\":\"2024-07-20T19:37:04+00:00\",\"breadcrumb\":{\"@id\":\"https:\/\/oriamendi.eus\/es\/2024\/07\/20\/barrenetxea-urriza-y-gurrutxaga-apezetxea-pasan-a-las-finales-del-jai-alai-summer-season\/#breadcrumb\"},\"inLanguage\":\"es\",\"potentialAction\":[{\"@type\":\"ReadAction\",\"target\":[\"https:\/\/oriamendi.eus\/es\/2024\/07\/20\/barrenetxea-urriza-y-gurrutxaga-apezetxea-pasan-a-las-finales-del-jai-alai-summer-season\/\"]}]},{\"@type\":\"BreadcrumbList\",\"@id\":\"https:\/\/oriamendi.eus\/es\/2024\/07\/20\/barrenetxea-urriza-y-gurrutxaga-apezetxea-pasan-a-las-finales-del-jai-alai-summer-season\/#breadcrumb\",\"itemListElement\":[{\"@type\":\"ListItem\",\"position\":1,\"name\":\"Portada\",\"item\":\"https:\/\/oriamendi.eus\/es\/\"},{\"@type\":\"ListItem\",\"position\":2,\"name\":\"Barrenetxea-Urriza y Gurrutxaga-Apezetxea pasan a las finales del Jai Alai Summer Season\"}]},{\"@type\":\"WebSite\",\"@id\":\"https:\/\/oriamendi.eus\/es\/#website\",\"url\":\"https:\/\/oriamendi.eus\/es\/\",\"name\":\"Oriamendi\",\"description\":\"Remonte en Galarreta. Hernani. Gipuzkoa\",\"publisher\":{\"@id\":\"https:\/\/oriamendi.eus\/es\/#organization\"},\"potentialAction\":[{\"@type\":\"SearchAction\",\"target\":{\"@type\":\"EntryPoint\",\"urlTemplate\":\"https:\/\/oriamendi.eus\/es\/?s={search_term_string}\"},\"query-input\":\"required name=search_term_string\"}],\"inLanguage\":\"es\"},{\"@type\":\"Organization\",\"@id\":\"https:\/\/oriamendi.eus\/es\/#organization\",\"name\":\"Oriamendi\",\"url\":\"https:\/\/oriamendi.eus\/es\/\",\"logo\":{\"@type\":\"ImageObject\",\"inLanguage\":\"es\",\"@id\":\"https:\/\/oriamendi.eus\/es\/#\/schema\/logo\/image\/\",\"url\":\"https:\/\/oriamendi.eus\/wp-content\/uploads\/2020\/06\/logo-oriamendi.png\",\"contentUrl\":\"https:\/\/oriamendi.eus\/wp-content\/uploads\/2020\/06\/logo-oriamendi.png\",\"width\":300,\"height\":90,\"caption\":\"Oriamendi\"},\"image\":{\"@id\":\"https:\/\/oriamendi.eus\/es\/#\/schema\/logo\/image\/\"},\"sameAs\":[\"https:\/\/www.facebook.com\/oriamendi2010remonte\/\",\"https:\/\/twitter.com\/oriamendi2010\",\"https:\/\/www.instagram.com\/galarretajaialai\/\",\"https:\/\/www.youtube.com\/channel\/UC8gVNzQqB1iwnC-_rI-ihmA\/featured\"]},{\"@type\":\"Person\",\"@id\":\"https:\/\/oriamendi.eus\/es\/#\/schema\/person\/c0bd06c6c747674306a5c82563e2339a\",\"name\":\"I\u00f1igo Go\u00f1i\",\"image\":{\"@type\":\"ImageObject\",\"inLanguage\":\"es\",\"@id\":\"https:\/\/oriamendi.eus\/es\/#\/schema\/person\/image\/\",\"url\":\"https:\/\/secure.gravatar.com\/avatar\/fbb07ffc7b803bbfcc2b6419c06abd3a?s=96&d=mm&r=g\",\"contentUrl\":\"https:\/\/secure.gravatar.com\/avatar\/fbb07ffc7b803bbfcc2b6419c06abd3a?s=96&d=mm&r=g\",\"caption\":\"I\u00f1igo Go\u00f1i\"},\"url\":\"https:\/\/oriamendi.eus\/es\/author\/om-berriak\/\"}]}<\/script>\n<!-- \/ Yoast SEO plugin. -->","yoast_head_json":{"title":"Barrenetxea-Urriza y Gurrutxaga-Apezetxea pasan a las finales del Jai Alai Summer Season | Oriamendi 2010","robots":{"index":"index","follow":"follow","max-snippet":"max-snippet:-1","max-image-preview":"max-image-preview:large","max-video-preview":"max-video-preview:-1"},"canonical":"https:\/\/oriamendi.eus\/es\/2024\/07\/20\/barrenetxea-urriza-y-gurrutxaga-apezetxea-pasan-a-las-finales-del-jai-alai-summer-season\/","og_locale":"es_ES","og_type":"article","og_title":"Barrenetxea-Urriza y Gurrutxaga-Apezetxea pasan a las finales del Jai Alai Summer Season | Oriamendi 2010","og_description":"En el grupo A los ganadores se imponen 2-1 (13-15, 15-13 y 8-2) a Aldabe-Larra\u00f1aga y en el B los finalistas se imponen 15-8 y 15-7 a Zaldua y Zubiri \u00a0 El Jai Alai Summer Season ya tiene completados las finales del pr\u00f3ximo 27 de julio en Galarreta. Juanenea y Ansa II se medir\u00e1n a [&hellip;]","og_url":"https:\/\/oriamendi.eus\/es\/2024\/07\/20\/barrenetxea-urriza-y-gurrutxaga-apezetxea-pasan-a-las-finales-del-jai-alai-summer-season\/","og_site_name":"Oriamendi 2010","article_publisher":"https:\/\/www.facebook.com\/oriamendi2010remonte\/","article_published_time":"2024-07-20T19:37:04+00:00","og_image":[{"width":675,"height":1200,"url":"https:\/\/oriamendi.eus\/wp-content\/uploads\/2024\/07\/Uztailak-20-\u2013-9.jpg","type":"image\/jpeg"}],"author":"I\u00f1igo Go\u00f1i","twitter_card":"summary_large_image","twitter_creator":"@oriamendi2010","twitter_site":"@oriamendi2010","twitter_misc":{"Escrito por":"I\u00f1igo Go\u00f1i","Tiempo de lectura":"3 minutos"},"schema":{"@context":"https:\/\/schema.org","@graph":[{"@type":"Article","@id":"https:\/\/oriamendi.eus\/es\/2024\/07\/20\/barrenetxea-urriza-y-gurrutxaga-apezetxea-pasan-a-las-finales-del-jai-alai-summer-season\/#article","isPartOf":{"@id":"https:\/\/oriamendi.eus\/es\/2024\/07\/20\/barrenetxea-urriza-y-gurrutxaga-apezetxea-pasan-a-las-finales-del-jai-alai-summer-season\/"},"author":{"name":"I\u00f1igo Go\u00f1i","@id":"https:\/\/oriamendi.eus\/es\/#\/schema\/person\/c0bd06c6c747674306a5c82563e2339a"},"headline":"Barrenetxea-Urriza y Gurrutxaga-Apezetxea pasan a las finales del Jai Alai Summer Season","datePublished":"2024-07-20T19:37:04+00:00","dateModified":"2024-07-20T19:37:04+00:00","mainEntityOfPage":{"@id":"https:\/\/oriamendi.eus\/es\/2024\/07\/20\/barrenetxea-urriza-y-gurrutxaga-apezetxea-pasan-a-las-finales-del-jai-alai-summer-season\/"},"wordCount":410,"publisher":{"@id":"https:\/\/oriamendi.eus\/es\/#organization"},"articleSection":["Sin categorizar"],"inLanguage":"es"},{"@type":"WebPage","@id":"https:\/\/oriamendi.eus\/es\/2024\/07\/20\/barrenetxea-urriza-y-gurrutxaga-apezetxea-pasan-a-las-finales-del-jai-alai-summer-season\/","url":"https:\/\/oriamendi.eus\/es\/2024\/07\/20\/barrenetxea-urriza-y-gurrutxaga-apezetxea-pasan-a-las-finales-del-jai-alai-summer-season\/","name":"Barrenetxea-Urriza y Gurrutxaga-Apezetxea pasan a las finales del Jai Alai Summer Season | Oriamendi 2010","isPartOf":{"@id":"https:\/\/oriamendi.eus\/es\/#website"},"datePublished":"2024-07-20T19:37:04+00:00","dateModified":"2024-07-20T19:37:04+00:00","breadcrumb":{"@id":"https:\/\/oriamendi.eus\/es\/2024\/07\/20\/barrenetxea-urriza-y-gurrutxaga-apezetxea-pasan-a-las-finales-del-jai-alai-summer-season\/#breadcrumb"},"inLanguage":"es","potentialAction":[{"@type":"ReadAction","target":["https:\/\/oriamendi.eus\/es\/2024\/07\/20\/barrenetxea-urriza-y-gurrutxaga-apezetxea-pasan-a-las-finales-del-jai-alai-summer-season\/"]}]},{"@type":"BreadcrumbList","@id":"https:\/\/oriamendi.eus\/es\/2024\/07\/20\/barrenetxea-urriza-y-gurrutxaga-apezetxea-pasan-a-las-finales-del-jai-alai-summer-season\/#breadcrumb","itemListElement":[{"@type":"ListItem","position":1,"name":"Portada","item":"https:\/\/oriamendi.eus\/es\/"},{"@type":"ListItem","position":2,"name":"Barrenetxea-Urriza y Gurrutxaga-Apezetxea pasan a las finales del Jai Alai Summer Season"}]},{"@type":"WebSite","@id":"https:\/\/oriamendi.eus\/es\/#website","url":"https:\/\/oriamendi.eus\/es\/","name":"Oriamendi","description":"Remonte en Galarreta. Hernani. Gipuzkoa","publisher":{"@id":"https:\/\/oriamendi.eus\/es\/#organization"},"potentialAction":[{"@type":"SearchAction","target":{"@type":"EntryPoint","urlTemplate":"https:\/\/oriamendi.eus\/es\/?s={search_term_string}"},"query-input":"required name=search_term_string"}],"inLanguage":"es"},{"@type":"Organization","@id":"https:\/\/oriamendi.eus\/es\/#organization","name":"Oriamendi","url":"https:\/\/oriamendi.eus\/es\/","logo":{"@type":"ImageObject","inLanguage":"es","@id":"https:\/\/oriamendi.eus\/es\/#\/schema\/logo\/image\/","url":"https:\/\/oriamendi.eus\/wp-content\/uploads\/2020\/06\/logo-oriamendi.png","contentUrl":"https:\/\/oriamendi.eus\/wp-content\/uploads\/2020\/06\/logo-oriamendi.png","width":300,"height":90,"caption":"Oriamendi"},"image":{"@id":"https:\/\/oriamendi.eus\/es\/#\/schema\/logo\/image\/"},"sameAs":["https:\/\/www.facebook.com\/oriamendi2010remonte\/","https:\/\/twitter.com\/oriamendi2010","https:\/\/www.instagram.com\/galarretajaialai\/","https:\/\/www.youtube.com\/channel\/UC8gVNzQqB1iwnC-_rI-ihmA\/featured"]},{"@type":"Person","@id":"https:\/\/oriamendi.eus\/es\/#\/schema\/person\/c0bd06c6c747674306a5c82563e2339a","name":"I\u00f1igo Go\u00f1i","image":{"@type":"ImageObject","inLanguage":"es","@id":"https:\/\/oriamendi.eus\/es\/#\/schema\/person\/image\/","url":"https:\/\/secure.gravatar.com\/avatar\/fbb07ffc7b803bbfcc2b6419c06abd3a?s=96&d=mm&r=g","contentUrl":"https:\/\/secure.gravatar.com\/avatar\/fbb07ffc7b803bbfcc2b6419c06abd3a?s=96&d=mm&r=g","caption":"I\u00f1igo Go\u00f1i"},"url":"https:\/\/oriamendi.eus\/es\/author\/om-berriak\/"}]}},"_links":{"self":[{"href":"https:\/\/oriamendi.eus\/es\/wp-json\/wp\/v2\/posts\/8131"}],"collection":[{"href":"https:\/\/oriamendi.eus\/es\/wp-json\/wp\/v2\/posts"}],"about":[{"href":"https:\/\/oriamendi.eus\/es\/wp-json\/wp\/v2\/types\/post"}],"author":[{"embeddable":true,"href":"https:\/\/oriamendi.eus\/es\/wp-json\/wp\/v2\/users\/5"}],"replies":[{"embeddable":true,"href":"https:\/\/oriamendi.eus\/es\/wp-json\/wp\/v2\/comments?post=8131"}],"version-history":[{"count":1,"href":"https:\/\/oriamendi.eus\/es\/wp-json\/wp\/v2\/posts\/8131\/revisions"}],"predecessor-version":[{"id":8136,"href":"https:\/\/oriamendi.eus\/es\/wp-json\/wp\/v2\/posts\/8131\/revisions\/8136"}],"wp:featuredmedia":[{"embeddable":true,"href":"https:\/\/oriamendi.eus\/es\/wp-json\/wp\/v2\/media\/8132"}],"wp:attachment":[{"href":"https:\/\/oriamendi.eus\/es\/wp-json\/wp\/v2\/media?parent=8131"}],"wp:term":[{"taxonomy":"category","embeddable":true,"href":"https:\/\/oriamendi.eus\/es\/wp-json\/wp\/v2\/categories?post=8131"},{"taxonomy":"post_tag","embeddable":true,"href":"https:\/\/oriamendi.eus\/es\/wp-json\/wp\/v2\/tags?post=8131"}],"curies":[{"name":"wp","href":"https:\/\/api.w.org\/{rel}","templated":true}]}}