                                        
                                        
                                        
                                        
                                        
                                        
                                        
                                        
                                        
                                        
                                        
                                        
                                        
                                        
                                        
                                        
                                        
                                        
{"id":8119,"date":"2024-07-18T20:20:26","date_gmt":"2024-07-18T18:20:26","guid":{"rendered":"https:\/\/oriamendi.eus\/?p=8119"},"modified":"2024-07-18T20:28:33","modified_gmt":"2024-07-18T18:28:33","slug":"juanenea-y-ansa-son-los-primeros-finalistas-del-jai-alai-summer-season","status":"publish","type":"post","link":"https:\/\/oriamendi.eus\/es\/2024\/07\/18\/juanenea-y-ansa-son-los-primeros-finalistas-del-jai-alai-summer-season\/","title":{"rendered":"Juanenea y Ansa son los primeros finalistas del Jai Alai Summer Season"},"content":{"rendered":"<div><b>Se han impuesto 15-9, 15-9 a Barrenetxea y Urriza. Susperregi y Aiestaran tambi\u00e9n se han clasificado a la final del campeonato B<\/b><\/div>\n<div><b>\u00a0<\/b><\/div>\n<div>El Jai Alai Summer Season ya conoce los dos primeros finalistas de los dos campeonatos en disputa. En el campeonato principal Juanenea y Ansa se han clasificado a la final tras imponerse a Barrenetxea IV y Urriza por 2-0 (15-9 y 15-9). Barrenetxea y Urriza se disputar\u00e1n la \u00faltima plaza de finalista contra Aldabe y Larra\u00f1aga el pr\u00f3ximo 20 de julio.<\/div>\n<div>En el campeonato B Susperregi y Aiestaran han conseguido el pase tras ganar tambi\u00e9n por dos a cero (15-11 y 15-10) a Gurrutxaga y Apezetxea. Precisamente los perdedores deber\u00e1n jugar contra Zaldua y Zubiri la otra plaza de finalista en el B despu\u00e9s de que hoy hayan ganado 1-2 (15-9, 12-15 y 7-8) a Goikoetxea V y Eskudero, que quedan eliminados.<\/div>\n<div>En el estelar Juanenea y Ansa formaron m\u00e1s pareja que Barrenetxea y Urriza siendo superiores. Se complementaron muy bien los colorados en un partido de buen juego con jugadas y tantos brillantes. Ansa fue determinante con seis tantos en el primer set y diez en el segundo. Sac\u00f3 con acierto realizando hasta nueve tantos fallando solo dos pelotas. Peg\u00f3 muy fuerte a la pelota dominando en el peloteo. Juanenea le acompa\u00f1\u00f3 muy bien sin apenas errores. El de Doneztebe estuvo trabajador. Barrenetxea y Urriza eran los favoritos para la c\u00e1tedra pero se les vio superados. Urriza meti\u00f3 mucha pelota, pero hac\u00eda falta m\u00e1s con un Ansa dominante. Urriza hizo solo un tanto de saque. Barrenetxea peg\u00f3 fuerte a la pelota, hizo jugadas, pero la diferencia en los cuadros de atr\u00e1s fue mayor que adelante. Juanenea hizo seis y tres tantos en cada set, por cinco y tres de Barrenetxea. Ansa lo hizo todo bien y eso fue decisivo.<\/div>\n<div><\/div>\n<div><img fetchpriority=\"high\" fetchpriority=\"high\" decoding=\"async\" class=\"alignnone size-medium wp-image-8122\" src=\"https:\/\/oriamendi.eus\/wp-content\/uploads\/2024\/07\/Uztailak-18-\u2013-8-169x300.jpg\" alt=\"\" width=\"169\" height=\"300\" srcset=\"https:\/\/oriamendi.eus\/wp-content\/uploads\/2024\/07\/Uztailak-18-\u2013-8-169x300.jpg 169w, https:\/\/oriamendi.eus\/wp-content\/uploads\/2024\/07\/Uztailak-18-\u2013-8-576x1024.jpg 576w, https:\/\/oriamendi.eus\/wp-content\/uploads\/2024\/07\/Uztailak-18-\u2013-8-480x853.jpg 480w, https:\/\/oriamendi.eus\/wp-content\/uploads\/2024\/07\/Uztailak-18-\u2013-8.jpg 675w\" sizes=\"(max-width: 169px) 100vw, 169px\" \/><\/div>\n<div>En el partido de los perdedores del B ganaron Zaldua y Zubiri a pesar de hacer dos tantos menos en total. En el primer set perdieron 15-9, pero reaccionaron en el segundo, 15-12. Al final del segundo set les pasaron los azules a los colorados. En el set decisivo Zaldua hizo cuatro tantos por otros cuatro de Zubiri. Pasaron de perder 7-5 a ganar 7-8 con un tanto de Zaldua y dos tantos de saque de Zubiri arrimados a la pared.<\/div>\n<div>En el duelo de ganadores, que decid\u00eda el primer finalista ganaron Susperregi y Aiestaran en dos set. Gurrutxaga estuvo falto de pegada. Susperregi daba m\u00e1s velocidad a la pelota apoyado en un gran saque de Aiestaran, que hizo hasta nueve tantos de saque. Susperregi hizo ocho tantos en el primer set, para ganarlo por 15-11. En el segundo set el delantero azul hizo otros cinco tantos. Apezetxea trabaj\u00f3 mucho, pero no pudo hacer m\u00e1s para perder 15-10.<\/div>\n","protected":false},"excerpt":{"rendered":"<p>Se han impuesto 15-9, 15-9 a Barrenetxea y Urriza. Susperregi y Aiestaran tambi\u00e9n se han clasificado a la final del campeonato B \u00a0 El Jai Alai Summer Season ya conoce los dos primeros finalistas de los dos campeonatos en disputa. En el campeonato principal Juanenea y Ansa se han clasificado a la final tras imponerse [&hellip;]<\/p>\n","protected":false},"author":5,"featured_media":8120,"comment_status":"closed","ping_status":"open","sticky":false,"template":"","format":"standard","meta":{"_et_pb_use_builder":"","_et_pb_old_content":"","_et_gb_content_width":"","footnotes":""},"categories":[1],"tags":[],"yoast_head":"<!-- This site is optimized with the Yoast SEO plugin v21.8 - https:\/\/yoast.com\/wordpress\/plugins\/seo\/ -->\n<title>Juanenea y Ansa son los primeros finalistas del Jai Alai Summer Season | Oriamendi 2010<\/title>\n<meta name=\"robots\" content=\"index, follow, max-snippet:-1, max-image-preview:large, max-video-preview:-1\" \/>\n<link rel=\"canonical\" href=\"https:\/\/oriamendi.eus\/es\/2024\/07\/18\/juanenea-y-ansa-son-los-primeros-finalistas-del-jai-alai-summer-season\/\" \/>\n<meta property=\"og:locale\" content=\"es_ES\" \/>\n<meta property=\"og:type\" content=\"article\" \/>\n<meta property=\"og:title\" content=\"Juanenea y Ansa son los primeros finalistas del Jai Alai Summer Season | Oriamendi 2010\" \/>\n<meta property=\"og:description\" content=\"Se han impuesto 15-9, 15-9 a Barrenetxea y Urriza. Susperregi y Aiestaran tambi\u00e9n se han clasificado a la final del campeonato B \u00a0 El Jai Alai Summer Season ya conoce los dos primeros finalistas de los dos campeonatos en disputa. En el campeonato principal Juanenea y Ansa se han clasificado a la final tras imponerse [&hellip;]\" \/>\n<meta property=\"og:url\" content=\"https:\/\/oriamendi.eus\/es\/2024\/07\/18\/juanenea-y-ansa-son-los-primeros-finalistas-del-jai-alai-summer-season\/\" \/>\n<meta property=\"og:site_name\" content=\"Oriamendi 2010\" \/>\n<meta property=\"article:publisher\" content=\"https:\/\/www.facebook.com\/oriamendi2010remonte\/\" \/>\n<meta property=\"article:published_time\" content=\"2024-07-18T18:20:26+00:00\" \/>\n<meta property=\"article:modified_time\" content=\"2024-07-18T18:28:33+00:00\" \/>\n<meta property=\"og:image\" content=\"https:\/\/oriamendi.eus\/wp-content\/uploads\/2024\/07\/Uztailak-18-\u2013-7.jpg\" \/>\n\t<meta property=\"og:image:width\" content=\"675\" \/>\n\t<meta property=\"og:image:height\" content=\"1200\" \/>\n\t<meta property=\"og:image:type\" content=\"image\/jpeg\" \/>\n<meta name=\"author\" content=\"I\u00f1igo Go\u00f1i\" \/>\n<meta name=\"twitter:card\" content=\"summary_large_image\" \/>\n<meta name=\"twitter:creator\" content=\"@oriamendi2010\" \/>\n<meta name=\"twitter:site\" content=\"@oriamendi2010\" \/>\n<meta name=\"twitter:label1\" content=\"Escrito por\" \/>\n\t<meta name=\"twitter:data1\" content=\"I\u00f1igo Go\u00f1i\" \/>\n\t<meta name=\"twitter:label2\" content=\"Tiempo de lectura\" \/>\n\t<meta name=\"twitter:data2\" content=\"3 minutos\" \/>\n<script type=\"application\/ld+json\" class=\"yoast-schema-graph\">{\"@context\":\"https:\/\/schema.org\",\"@graph\":[{\"@type\":\"Article\",\"@id\":\"https:\/\/oriamendi.eus\/es\/2024\/07\/18\/juanenea-y-ansa-son-los-primeros-finalistas-del-jai-alai-summer-season\/#article\",\"isPartOf\":{\"@id\":\"https:\/\/oriamendi.eus\/es\/2024\/07\/18\/juanenea-y-ansa-son-los-primeros-finalistas-del-jai-alai-summer-season\/\"},\"author\":{\"name\":\"I\u00f1igo Go\u00f1i\",\"@id\":\"https:\/\/oriamendi.eus\/es\/#\/schema\/person\/c0bd06c6c747674306a5c82563e2339a\"},\"headline\":\"Juanenea y Ansa son los primeros finalistas del Jai Alai Summer Season\",\"datePublished\":\"2024-07-18T18:20:26+00:00\",\"dateModified\":\"2024-07-18T18:28:33+00:00\",\"mainEntityOfPage\":{\"@id\":\"https:\/\/oriamendi.eus\/es\/2024\/07\/18\/juanenea-y-ansa-son-los-primeros-finalistas-del-jai-alai-summer-season\/\"},\"wordCount\":486,\"publisher\":{\"@id\":\"https:\/\/oriamendi.eus\/es\/#organization\"},\"articleSection\":[\"Sin categorizar\"],\"inLanguage\":\"es\"},{\"@type\":\"WebPage\",\"@id\":\"https:\/\/oriamendi.eus\/es\/2024\/07\/18\/juanenea-y-ansa-son-los-primeros-finalistas-del-jai-alai-summer-season\/\",\"url\":\"https:\/\/oriamendi.eus\/es\/2024\/07\/18\/juanenea-y-ansa-son-los-primeros-finalistas-del-jai-alai-summer-season\/\",\"name\":\"Juanenea y Ansa son los primeros finalistas del Jai Alai Summer Season | Oriamendi 2010\",\"isPartOf\":{\"@id\":\"https:\/\/oriamendi.eus\/es\/#website\"},\"datePublished\":\"2024-07-18T18:20:26+00:00\",\"dateModified\":\"2024-07-18T18:28:33+00:00\",\"breadcrumb\":{\"@id\":\"https:\/\/oriamendi.eus\/es\/2024\/07\/18\/juanenea-y-ansa-son-los-primeros-finalistas-del-jai-alai-summer-season\/#breadcrumb\"},\"inLanguage\":\"es\",\"potentialAction\":[{\"@type\":\"ReadAction\",\"target\":[\"https:\/\/oriamendi.eus\/es\/2024\/07\/18\/juanenea-y-ansa-son-los-primeros-finalistas-del-jai-alai-summer-season\/\"]}]},{\"@type\":\"BreadcrumbList\",\"@id\":\"https:\/\/oriamendi.eus\/es\/2024\/07\/18\/juanenea-y-ansa-son-los-primeros-finalistas-del-jai-alai-summer-season\/#breadcrumb\",\"itemListElement\":[{\"@type\":\"ListItem\",\"position\":1,\"name\":\"Portada\",\"item\":\"https:\/\/oriamendi.eus\/es\/\"},{\"@type\":\"ListItem\",\"position\":2,\"name\":\"Juanenea y Ansa son los primeros finalistas del Jai Alai Summer Season\"}]},{\"@type\":\"WebSite\",\"@id\":\"https:\/\/oriamendi.eus\/es\/#website\",\"url\":\"https:\/\/oriamendi.eus\/es\/\",\"name\":\"Oriamendi\",\"description\":\"Remonte en Galarreta. Hernani. Gipuzkoa\",\"publisher\":{\"@id\":\"https:\/\/oriamendi.eus\/es\/#organization\"},\"potentialAction\":[{\"@type\":\"SearchAction\",\"target\":{\"@type\":\"EntryPoint\",\"urlTemplate\":\"https:\/\/oriamendi.eus\/es\/?s={search_term_string}\"},\"query-input\":\"required name=search_term_string\"}],\"inLanguage\":\"es\"},{\"@type\":\"Organization\",\"@id\":\"https:\/\/oriamendi.eus\/es\/#organization\",\"name\":\"Oriamendi\",\"url\":\"https:\/\/oriamendi.eus\/es\/\",\"logo\":{\"@type\":\"ImageObject\",\"inLanguage\":\"es\",\"@id\":\"https:\/\/oriamendi.eus\/es\/#\/schema\/logo\/image\/\",\"url\":\"https:\/\/oriamendi.eus\/wp-content\/uploads\/2020\/06\/logo-oriamendi.png\",\"contentUrl\":\"https:\/\/oriamendi.eus\/wp-content\/uploads\/2020\/06\/logo-oriamendi.png\",\"width\":300,\"height\":90,\"caption\":\"Oriamendi\"},\"image\":{\"@id\":\"https:\/\/oriamendi.eus\/es\/#\/schema\/logo\/image\/\"},\"sameAs\":[\"https:\/\/www.facebook.com\/oriamendi2010remonte\/\",\"https:\/\/twitter.com\/oriamendi2010\",\"https:\/\/www.instagram.com\/galarretajaialai\/\",\"https:\/\/www.youtube.com\/channel\/UC8gVNzQqB1iwnC-_rI-ihmA\/featured\"]},{\"@type\":\"Person\",\"@id\":\"https:\/\/oriamendi.eus\/es\/#\/schema\/person\/c0bd06c6c747674306a5c82563e2339a\",\"name\":\"I\u00f1igo Go\u00f1i\",\"image\":{\"@type\":\"ImageObject\",\"inLanguage\":\"es\",\"@id\":\"https:\/\/oriamendi.eus\/es\/#\/schema\/person\/image\/\",\"url\":\"https:\/\/secure.gravatar.com\/avatar\/fbb07ffc7b803bbfcc2b6419c06abd3a?s=96&d=mm&r=g\",\"contentUrl\":\"https:\/\/secure.gravatar.com\/avatar\/fbb07ffc7b803bbfcc2b6419c06abd3a?s=96&d=mm&r=g\",\"caption\":\"I\u00f1igo Go\u00f1i\"},\"url\":\"https:\/\/oriamendi.eus\/es\/author\/om-berriak\/\"}]}<\/script>\n<!-- \/ Yoast SEO plugin. -->","yoast_head_json":{"title":"Juanenea y Ansa son los primeros finalistas del Jai Alai Summer Season | Oriamendi 2010","robots":{"index":"index","follow":"follow","max-snippet":"max-snippet:-1","max-image-preview":"max-image-preview:large","max-video-preview":"max-video-preview:-1"},"canonical":"https:\/\/oriamendi.eus\/es\/2024\/07\/18\/juanenea-y-ansa-son-los-primeros-finalistas-del-jai-alai-summer-season\/","og_locale":"es_ES","og_type":"article","og_title":"Juanenea y Ansa son los primeros finalistas del Jai Alai Summer Season | Oriamendi 2010","og_description":"Se han impuesto 15-9, 15-9 a Barrenetxea y Urriza. Susperregi y Aiestaran tambi\u00e9n se han clasificado a la final del campeonato B \u00a0 El Jai Alai Summer Season ya conoce los dos primeros finalistas de los dos campeonatos en disputa. En el campeonato principal Juanenea y Ansa se han clasificado a la final tras imponerse [&hellip;]","og_url":"https:\/\/oriamendi.eus\/es\/2024\/07\/18\/juanenea-y-ansa-son-los-primeros-finalistas-del-jai-alai-summer-season\/","og_site_name":"Oriamendi 2010","article_publisher":"https:\/\/www.facebook.com\/oriamendi2010remonte\/","article_published_time":"2024-07-18T18:20:26+00:00","article_modified_time":"2024-07-18T18:28:33+00:00","og_image":[{"width":675,"height":1200,"url":"https:\/\/oriamendi.eus\/wp-content\/uploads\/2024\/07\/Uztailak-18-\u2013-7.jpg","type":"image\/jpeg"}],"author":"I\u00f1igo Go\u00f1i","twitter_card":"summary_large_image","twitter_creator":"@oriamendi2010","twitter_site":"@oriamendi2010","twitter_misc":{"Escrito por":"I\u00f1igo Go\u00f1i","Tiempo de lectura":"3 minutos"},"schema":{"@context":"https:\/\/schema.org","@graph":[{"@type":"Article","@id":"https:\/\/oriamendi.eus\/es\/2024\/07\/18\/juanenea-y-ansa-son-los-primeros-finalistas-del-jai-alai-summer-season\/#article","isPartOf":{"@id":"https:\/\/oriamendi.eus\/es\/2024\/07\/18\/juanenea-y-ansa-son-los-primeros-finalistas-del-jai-alai-summer-season\/"},"author":{"name":"I\u00f1igo Go\u00f1i","@id":"https:\/\/oriamendi.eus\/es\/#\/schema\/person\/c0bd06c6c747674306a5c82563e2339a"},"headline":"Juanenea y Ansa son los primeros finalistas del Jai Alai Summer Season","datePublished":"2024-07-18T18:20:26+00:00","dateModified":"2024-07-18T18:28:33+00:00","mainEntityOfPage":{"@id":"https:\/\/oriamendi.eus\/es\/2024\/07\/18\/juanenea-y-ansa-son-los-primeros-finalistas-del-jai-alai-summer-season\/"},"wordCount":486,"publisher":{"@id":"https:\/\/oriamendi.eus\/es\/#organization"},"articleSection":["Sin categorizar"],"inLanguage":"es"},{"@type":"WebPage","@id":"https:\/\/oriamendi.eus\/es\/2024\/07\/18\/juanenea-y-ansa-son-los-primeros-finalistas-del-jai-alai-summer-season\/","url":"https:\/\/oriamendi.eus\/es\/2024\/07\/18\/juanenea-y-ansa-son-los-primeros-finalistas-del-jai-alai-summer-season\/","name":"Juanenea y Ansa son los primeros finalistas del Jai Alai Summer Season | Oriamendi 2010","isPartOf":{"@id":"https:\/\/oriamendi.eus\/es\/#website"},"datePublished":"2024-07-18T18:20:26+00:00","dateModified":"2024-07-18T18:28:33+00:00","breadcrumb":{"@id":"https:\/\/oriamendi.eus\/es\/2024\/07\/18\/juanenea-y-ansa-son-los-primeros-finalistas-del-jai-alai-summer-season\/#breadcrumb"},"inLanguage":"es","potentialAction":[{"@type":"ReadAction","target":["https:\/\/oriamendi.eus\/es\/2024\/07\/18\/juanenea-y-ansa-son-los-primeros-finalistas-del-jai-alai-summer-season\/"]}]},{"@type":"BreadcrumbList","@id":"https:\/\/oriamendi.eus\/es\/2024\/07\/18\/juanenea-y-ansa-son-los-primeros-finalistas-del-jai-alai-summer-season\/#breadcrumb","itemListElement":[{"@type":"ListItem","position":1,"name":"Portada","item":"https:\/\/oriamendi.eus\/es\/"},{"@type":"ListItem","position":2,"name":"Juanenea y Ansa son los primeros finalistas del Jai Alai Summer Season"}]},{"@type":"WebSite","@id":"https:\/\/oriamendi.eus\/es\/#website","url":"https:\/\/oriamendi.eus\/es\/","name":"Oriamendi","description":"Remonte en Galarreta. Hernani. Gipuzkoa","publisher":{"@id":"https:\/\/oriamendi.eus\/es\/#organization"},"potentialAction":[{"@type":"SearchAction","target":{"@type":"EntryPoint","urlTemplate":"https:\/\/oriamendi.eus\/es\/?s={search_term_string}"},"query-input":"required name=search_term_string"}],"inLanguage":"es"},{"@type":"Organization","@id":"https:\/\/oriamendi.eus\/es\/#organization","name":"Oriamendi","url":"https:\/\/oriamendi.eus\/es\/","logo":{"@type":"ImageObject","inLanguage":"es","@id":"https:\/\/oriamendi.eus\/es\/#\/schema\/logo\/image\/","url":"https:\/\/oriamendi.eus\/wp-content\/uploads\/2020\/06\/logo-oriamendi.png","contentUrl":"https:\/\/oriamendi.eus\/wp-content\/uploads\/2020\/06\/logo-oriamendi.png","width":300,"height":90,"caption":"Oriamendi"},"image":{"@id":"https:\/\/oriamendi.eus\/es\/#\/schema\/logo\/image\/"},"sameAs":["https:\/\/www.facebook.com\/oriamendi2010remonte\/","https:\/\/twitter.com\/oriamendi2010","https:\/\/www.instagram.com\/galarretajaialai\/","https:\/\/www.youtube.com\/channel\/UC8gVNzQqB1iwnC-_rI-ihmA\/featured"]},{"@type":"Person","@id":"https:\/\/oriamendi.eus\/es\/#\/schema\/person\/c0bd06c6c747674306a5c82563e2339a","name":"I\u00f1igo Go\u00f1i","image":{"@type":"ImageObject","inLanguage":"es","@id":"https:\/\/oriamendi.eus\/es\/#\/schema\/person\/image\/","url":"https:\/\/secure.gravatar.com\/avatar\/fbb07ffc7b803bbfcc2b6419c06abd3a?s=96&d=mm&r=g","contentUrl":"https:\/\/secure.gravatar.com\/avatar\/fbb07ffc7b803bbfcc2b6419c06abd3a?s=96&d=mm&r=g","caption":"I\u00f1igo Go\u00f1i"},"url":"https:\/\/oriamendi.eus\/es\/author\/om-berriak\/"}]}},"_links":{"self":[{"href":"https:\/\/oriamendi.eus\/es\/wp-json\/wp\/v2\/posts\/8119"}],"collection":[{"href":"https:\/\/oriamendi.eus\/es\/wp-json\/wp\/v2\/posts"}],"about":[{"href":"https:\/\/oriamendi.eus\/es\/wp-json\/wp\/v2\/types\/post"}],"author":[{"embeddable":true,"href":"https:\/\/oriamendi.eus\/es\/wp-json\/wp\/v2\/users\/5"}],"replies":[{"embeddable":true,"href":"https:\/\/oriamendi.eus\/es\/wp-json\/wp\/v2\/comments?post=8119"}],"version-history":[{"count":3,"href":"https:\/\/oriamendi.eus\/es\/wp-json\/wp\/v2\/posts\/8119\/revisions"}],"predecessor-version":[{"id":8129,"href":"https:\/\/oriamendi.eus\/es\/wp-json\/wp\/v2\/posts\/8119\/revisions\/8129"}],"wp:featuredmedia":[{"embeddable":true,"href":"https:\/\/oriamendi.eus\/es\/wp-json\/wp\/v2\/media\/8120"}],"wp:attachment":[{"href":"https:\/\/oriamendi.eus\/es\/wp-json\/wp\/v2\/media?parent=8119"}],"wp:term":[{"taxonomy":"category","embeddable":true,"href":"https:\/\/oriamendi.eus\/es\/wp-json\/wp\/v2\/categories?post=8119"},{"taxonomy":"post_tag","embeddable":true,"href":"https:\/\/oriamendi.eus\/es\/wp-json\/wp\/v2\/tags?post=8119"}],"curies":[{"name":"wp","href":"https:\/\/api.w.org\/{rel}","templated":true}]}}