                                        
                                        
                                        
                                        
                                        
                                        
                                        
                                        
                                        
                                        
                                        
                                        
                                        
                                        
                                        
                                        
                                        
                                        
{"id":8107,"date":"2024-07-13T20:43:42","date_gmt":"2024-07-13T18:43:42","guid":{"rendered":"https:\/\/oriamendi.eus\/?p=8107"},"modified":"2024-07-13T20:43:42","modified_gmt":"2024-07-13T18:43:42","slug":"la-victoria-de-aldabe-y-larranaga-marca-la-segunda-jornada-del-jai-alai-summer-season","status":"publish","type":"post","link":"https:\/\/oriamendi.eus\/es\/2024\/07\/13\/la-victoria-de-aldabe-y-larranaga-marca-la-segunda-jornada-del-jai-alai-summer-season\/","title":{"rendered":"La Victoria de Aldabe y Larra\u00f1aga Marca la Segunda Jornada del Jai-Alai Summer Season"},"content":{"rendered":"<p style=\"font-weight: 400\">El Jai-Alai Summer Season contin\u00faa su emocionante andadura, y la segunda jornada ha dejado una mezcla de tensiones y sorpresas. Las expectativas estaban al m\u00e1ximo, y la jornada no decepcion\u00f3, especialmente con la destacada actuaci\u00f3n de Aldabe y Larra\u00f1aga en el segundo partido. Esta victoria tambi\u00e9n significa la eliminaci\u00f3n de Azpiroz y Ezkurra II del campeonato tras haber sufrido dos derrotas consecutivas.<\/p>\n<p style=\"font-weight: 400\"><strong>Segundo Partido: Aldabe y Larra\u00f1aga vs Azpiroz y Martirena<\/strong><\/p>\n<p style=\"font-weight: 400\">El enfrentamiento m\u00e1s esperado de la tarde fue, sin duda, el de Aldabe y Larra\u00f1aga contra Azpiroz y Martirena, quien reemplaz\u00f3 a Ezkurra II debido a su lesi\u00f3n. Desde el inicio, Aldabe y Larra\u00f1aga demostraron su superioridad llev\u00e1ndose el primer set con un contundente 4-15. Azpiroz y Martirena comenzaron m\u00e1s fuertes en el segundo set, llegando a liderar hasta el tanto 10, pero Aldabe y Larra\u00f1aga reaccionaron y remontaron, ganando finalmente 11-15. Aldabe fue el jugador m\u00e1s destacado del partido, tanto por sus tantos como por la velocidad que imprimi\u00f3 a la pelota, aprovechando la incomodidad de Martirena en la cancha. Con esta derrota, Azpiroz y Martirena quedan fuera del campeonato, habiendo sufrido dos derrotas consecutivas.<strong>\u00a0<\/strong><\/p>\n<p style=\"font-weight: 400\"><strong>Primer Partido: Susperregi y Aiestaran VI vs Arluziaga y Zaldua I<\/strong><\/p>\n<p style=\"font-weight: 400\">La jornada comenz\u00f3 con el enfrentamiento entre Susperregi y Aiestaran VI contra Arluziaga y Zaldua I. El primer set fue muy igualado, terminando 14-15 a favor de Arluziaga y Zaldua I. Desafortunadamente, en el inicio del segundo set, Arluziaga sufri\u00f3 una lesi\u00f3n en el tobillo, lo que llev\u00f3 a la suspensi\u00f3n del partido. Finalmente, el marcador qued\u00f3 14-15 en el primer set, 15-0 en el segundo y 8-0 en el tercero, dando la victoria a Susperregi y Aiestaran VI. Esta pareja seguir\u00e1 activa en el campeonato y se enfrentar\u00e1 a Gurrutxaga y Apezetxea el pr\u00f3ximo jueves. Por otro lado, Arluziaga y Zaldua I jugar\u00e1n contra Goikoetxea V y Eskudero, siendo un partido decisivo ya que el perdedor ser\u00e1 eliminado del campeonato. Zubiri sustituir\u00e1 a Arluziaga debido a su lesi\u00f3n.<\/p>\n<p style=\"font-weight: 400\"><strong>Tercer Partido: Segurola y Goikoetxea VI vs Jabalera y Zubiri<\/strong><\/p>\n<p style=\"font-weight: 400\">El tercer partido, aunque no formaba parte del campeonato principal, fue el m\u00e1s entretenido de la tarde. Segurola y Goikoetxea VI se enfrentaron a Jabalera y Zubiri en un emocionante encuentro a tres sets. La pareja azul gan\u00f3 el primer set 13-15, pero la pareja colorada respondi\u00f3 dominando el segundo set 15-4. En el tercer set, Segurola y Goikoetxea VI se impusieron 8-6. Segurola destac\u00f3 por su agresividad y precisi\u00f3n en el juego, mientras que Goikoetxea VI apoy\u00f3 eficazmente con su saque. Jabalera y Zubiri mostraron un buen nivel, especialmente al remontar en el primer set, pero no pudieron mantener el mismo rendimiento en los sets siguientes.<\/p>\n<p style=\"font-weight: 400\"><strong>Conclusi\u00f3n<\/strong><\/p>\n<p style=\"font-weight: 400\">El campeonato Jai-Alai Summer Season se encuentra en la mitad de su trayectoria, con los pelotaris mostrando un nivel muy alto y partidos excepcionales en el front\u00f3n Galarreta. La expectativa para el avance del campeonato es muy positiva. El pr\u00f3ximo jueves veremos enfrentarse a los vencedores de la semana pasada, con la gran final del campeonato en el horizonte.<\/p>\n<p style=\"font-weight: 400\">\u00a1Esperamos con expectaci\u00f3n la pr\u00f3xima jornada y los resultados que nos deparar\u00e1!<\/p>\n<p style=\"font-weight: 400\">\n","protected":false},"excerpt":{"rendered":"<p>El Jai-Alai Summer Season contin\u00faa su emocionante andadura, y la segunda jornada ha dejado una mezcla de tensiones y sorpresas. Las expectativas estaban al m\u00e1ximo, y la jornada no decepcion\u00f3, especialmente con la destacada actuaci\u00f3n de Aldabe y Larra\u00f1aga en el segundo partido. Esta victoria tambi\u00e9n significa la eliminaci\u00f3n de Azpiroz y Ezkurra II del [&hellip;]<\/p>\n","protected":false},"author":3,"featured_media":8108,"comment_status":"closed","ping_status":"open","sticky":false,"template":"","format":"standard","meta":{"_et_pb_use_builder":"","_et_pb_old_content":"","_et_gb_content_width":"","footnotes":""},"categories":[1],"tags":[],"yoast_head":"<!-- This site is optimized with the Yoast SEO plugin v21.8 - https:\/\/yoast.com\/wordpress\/plugins\/seo\/ -->\n<title>La Victoria de Aldabe y Larra\u00f1aga Marca la Segunda Jornada del Jai-Alai Summer Season | Oriamendi 2010<\/title>\n<meta name=\"robots\" content=\"index, follow, max-snippet:-1, max-image-preview:large, max-video-preview:-1\" \/>\n<link rel=\"canonical\" href=\"https:\/\/oriamendi.eus\/es\/2024\/07\/13\/la-victoria-de-aldabe-y-larranaga-marca-la-segunda-jornada-del-jai-alai-summer-season\/\" \/>\n<meta property=\"og:locale\" content=\"es_ES\" \/>\n<meta property=\"og:type\" content=\"article\" \/>\n<meta property=\"og:title\" content=\"La Victoria de Aldabe y Larra\u00f1aga Marca la Segunda Jornada del Jai-Alai Summer Season | Oriamendi 2010\" \/>\n<meta property=\"og:description\" content=\"El Jai-Alai Summer Season contin\u00faa su emocionante andadura, y la segunda jornada ha dejado una mezcla de tensiones y sorpresas. Las expectativas estaban al m\u00e1ximo, y la jornada no decepcion\u00f3, especialmente con la destacada actuaci\u00f3n de Aldabe y Larra\u00f1aga en el segundo partido. Esta victoria tambi\u00e9n significa la eliminaci\u00f3n de Azpiroz y Ezkurra II del [&hellip;]\" \/>\n<meta property=\"og:url\" content=\"https:\/\/oriamendi.eus\/es\/2024\/07\/13\/la-victoria-de-aldabe-y-larranaga-marca-la-segunda-jornada-del-jai-alai-summer-season\/\" \/>\n<meta property=\"og:site_name\" content=\"Oriamendi 2010\" \/>\n<meta property=\"article:publisher\" content=\"https:\/\/www.facebook.com\/oriamendi2010remonte\/\" \/>\n<meta property=\"article:published_time\" content=\"2024-07-13T18:43:42+00:00\" \/>\n<meta property=\"og:image\" content=\"https:\/\/oriamendi.eus\/wp-content\/uploads\/2024\/07\/IMG_1317_1.jpg\" \/>\n\t<meta property=\"og:image:width\" content=\"1200\" \/>\n\t<meta property=\"og:image:height\" content=\"800\" \/>\n\t<meta property=\"og:image:type\" content=\"image\/jpeg\" \/>\n<meta name=\"author\" content=\"Endika Barrenetxea\" \/>\n<meta name=\"twitter:card\" content=\"summary_large_image\" \/>\n<meta name=\"twitter:creator\" content=\"@oriamendi2010\" \/>\n<meta name=\"twitter:site\" content=\"@oriamendi2010\" \/>\n<meta name=\"twitter:label1\" content=\"Escrito por\" \/>\n\t<meta name=\"twitter:data1\" content=\"Endika Barrenetxea\" \/>\n\t<meta name=\"twitter:label2\" content=\"Tiempo de lectura\" \/>\n\t<meta name=\"twitter:data2\" content=\"3 minutos\" \/>\n<script type=\"application\/ld+json\" class=\"yoast-schema-graph\">{\"@context\":\"https:\/\/schema.org\",\"@graph\":[{\"@type\":\"Article\",\"@id\":\"https:\/\/oriamendi.eus\/es\/2024\/07\/13\/la-victoria-de-aldabe-y-larranaga-marca-la-segunda-jornada-del-jai-alai-summer-season\/#article\",\"isPartOf\":{\"@id\":\"https:\/\/oriamendi.eus\/es\/2024\/07\/13\/la-victoria-de-aldabe-y-larranaga-marca-la-segunda-jornada-del-jai-alai-summer-season\/\"},\"author\":{\"name\":\"Endika Barrenetxea\",\"@id\":\"https:\/\/oriamendi.eus\/es\/#\/schema\/person\/d50c13df7440d84706fe7d03941cc92f\"},\"headline\":\"La Victoria de Aldabe y Larra\u00f1aga Marca la Segunda Jornada del Jai-Alai Summer Season\",\"datePublished\":\"2024-07-13T18:43:42+00:00\",\"dateModified\":\"2024-07-13T18:43:42+00:00\",\"mainEntityOfPage\":{\"@id\":\"https:\/\/oriamendi.eus\/es\/2024\/07\/13\/la-victoria-de-aldabe-y-larranaga-marca-la-segunda-jornada-del-jai-alai-summer-season\/\"},\"wordCount\":557,\"publisher\":{\"@id\":\"https:\/\/oriamendi.eus\/es\/#organization\"},\"articleSection\":[\"Sin categorizar\"],\"inLanguage\":\"es\"},{\"@type\":\"WebPage\",\"@id\":\"https:\/\/oriamendi.eus\/es\/2024\/07\/13\/la-victoria-de-aldabe-y-larranaga-marca-la-segunda-jornada-del-jai-alai-summer-season\/\",\"url\":\"https:\/\/oriamendi.eus\/es\/2024\/07\/13\/la-victoria-de-aldabe-y-larranaga-marca-la-segunda-jornada-del-jai-alai-summer-season\/\",\"name\":\"La Victoria de Aldabe y Larra\u00f1aga Marca la Segunda Jornada del Jai-Alai Summer Season | Oriamendi 2010\",\"isPartOf\":{\"@id\":\"https:\/\/oriamendi.eus\/es\/#website\"},\"datePublished\":\"2024-07-13T18:43:42+00:00\",\"dateModified\":\"2024-07-13T18:43:42+00:00\",\"breadcrumb\":{\"@id\":\"https:\/\/oriamendi.eus\/es\/2024\/07\/13\/la-victoria-de-aldabe-y-larranaga-marca-la-segunda-jornada-del-jai-alai-summer-season\/#breadcrumb\"},\"inLanguage\":\"es\",\"potentialAction\":[{\"@type\":\"ReadAction\",\"target\":[\"https:\/\/oriamendi.eus\/es\/2024\/07\/13\/la-victoria-de-aldabe-y-larranaga-marca-la-segunda-jornada-del-jai-alai-summer-season\/\"]}]},{\"@type\":\"BreadcrumbList\",\"@id\":\"https:\/\/oriamendi.eus\/es\/2024\/07\/13\/la-victoria-de-aldabe-y-larranaga-marca-la-segunda-jornada-del-jai-alai-summer-season\/#breadcrumb\",\"itemListElement\":[{\"@type\":\"ListItem\",\"position\":1,\"name\":\"Portada\",\"item\":\"https:\/\/oriamendi.eus\/es\/\"},{\"@type\":\"ListItem\",\"position\":2,\"name\":\"La Victoria de Aldabe y Larra\u00f1aga Marca la Segunda Jornada del Jai-Alai Summer Season\"}]},{\"@type\":\"WebSite\",\"@id\":\"https:\/\/oriamendi.eus\/es\/#website\",\"url\":\"https:\/\/oriamendi.eus\/es\/\",\"name\":\"Oriamendi\",\"description\":\"Remonte en Galarreta. Hernani. Gipuzkoa\",\"publisher\":{\"@id\":\"https:\/\/oriamendi.eus\/es\/#organization\"},\"potentialAction\":[{\"@type\":\"SearchAction\",\"target\":{\"@type\":\"EntryPoint\",\"urlTemplate\":\"https:\/\/oriamendi.eus\/es\/?s={search_term_string}\"},\"query-input\":\"required name=search_term_string\"}],\"inLanguage\":\"es\"},{\"@type\":\"Organization\",\"@id\":\"https:\/\/oriamendi.eus\/es\/#organization\",\"name\":\"Oriamendi\",\"url\":\"https:\/\/oriamendi.eus\/es\/\",\"logo\":{\"@type\":\"ImageObject\",\"inLanguage\":\"es\",\"@id\":\"https:\/\/oriamendi.eus\/es\/#\/schema\/logo\/image\/\",\"url\":\"https:\/\/oriamendi.eus\/wp-content\/uploads\/2020\/06\/logo-oriamendi.png\",\"contentUrl\":\"https:\/\/oriamendi.eus\/wp-content\/uploads\/2020\/06\/logo-oriamendi.png\",\"width\":300,\"height\":90,\"caption\":\"Oriamendi\"},\"image\":{\"@id\":\"https:\/\/oriamendi.eus\/es\/#\/schema\/logo\/image\/\"},\"sameAs\":[\"https:\/\/www.facebook.com\/oriamendi2010remonte\/\",\"https:\/\/twitter.com\/oriamendi2010\",\"https:\/\/www.instagram.com\/galarretajaialai\/\",\"https:\/\/www.youtube.com\/channel\/UC8gVNzQqB1iwnC-_rI-ihmA\/featured\"]},{\"@type\":\"Person\",\"@id\":\"https:\/\/oriamendi.eus\/es\/#\/schema\/person\/d50c13df7440d84706fe7d03941cc92f\",\"name\":\"Endika Barrenetxea\",\"image\":{\"@type\":\"ImageObject\",\"inLanguage\":\"es\",\"@id\":\"https:\/\/oriamendi.eus\/es\/#\/schema\/person\/image\/\",\"url\":\"https:\/\/secure.gravatar.com\/avatar\/26a16205d858e579d56d8adc8addd712?s=96&d=mm&r=g\",\"contentUrl\":\"https:\/\/secure.gravatar.com\/avatar\/26a16205d858e579d56d8adc8addd712?s=96&d=mm&r=g\",\"caption\":\"Endika Barrenetxea\"},\"url\":\"https:\/\/oriamendi.eus\/es\/author\/om-kudeaketa\/\"}]}<\/script>\n<!-- \/ Yoast SEO plugin. -->","yoast_head_json":{"title":"La Victoria de Aldabe y Larra\u00f1aga Marca la Segunda Jornada del Jai-Alai Summer Season | Oriamendi 2010","robots":{"index":"index","follow":"follow","max-snippet":"max-snippet:-1","max-image-preview":"max-image-preview:large","max-video-preview":"max-video-preview:-1"},"canonical":"https:\/\/oriamendi.eus\/es\/2024\/07\/13\/la-victoria-de-aldabe-y-larranaga-marca-la-segunda-jornada-del-jai-alai-summer-season\/","og_locale":"es_ES","og_type":"article","og_title":"La Victoria de Aldabe y Larra\u00f1aga Marca la Segunda Jornada del Jai-Alai Summer Season | Oriamendi 2010","og_description":"El Jai-Alai Summer Season contin\u00faa su emocionante andadura, y la segunda jornada ha dejado una mezcla de tensiones y sorpresas. Las expectativas estaban al m\u00e1ximo, y la jornada no decepcion\u00f3, especialmente con la destacada actuaci\u00f3n de Aldabe y Larra\u00f1aga en el segundo partido. Esta victoria tambi\u00e9n significa la eliminaci\u00f3n de Azpiroz y Ezkurra II del [&hellip;]","og_url":"https:\/\/oriamendi.eus\/es\/2024\/07\/13\/la-victoria-de-aldabe-y-larranaga-marca-la-segunda-jornada-del-jai-alai-summer-season\/","og_site_name":"Oriamendi 2010","article_publisher":"https:\/\/www.facebook.com\/oriamendi2010remonte\/","article_published_time":"2024-07-13T18:43:42+00:00","og_image":[{"width":1200,"height":800,"url":"https:\/\/oriamendi.eus\/wp-content\/uploads\/2024\/07\/IMG_1317_1.jpg","type":"image\/jpeg"}],"author":"Endika Barrenetxea","twitter_card":"summary_large_image","twitter_creator":"@oriamendi2010","twitter_site":"@oriamendi2010","twitter_misc":{"Escrito por":"Endika Barrenetxea","Tiempo de lectura":"3 minutos"},"schema":{"@context":"https:\/\/schema.org","@graph":[{"@type":"Article","@id":"https:\/\/oriamendi.eus\/es\/2024\/07\/13\/la-victoria-de-aldabe-y-larranaga-marca-la-segunda-jornada-del-jai-alai-summer-season\/#article","isPartOf":{"@id":"https:\/\/oriamendi.eus\/es\/2024\/07\/13\/la-victoria-de-aldabe-y-larranaga-marca-la-segunda-jornada-del-jai-alai-summer-season\/"},"author":{"name":"Endika Barrenetxea","@id":"https:\/\/oriamendi.eus\/es\/#\/schema\/person\/d50c13df7440d84706fe7d03941cc92f"},"headline":"La Victoria de Aldabe y Larra\u00f1aga Marca la Segunda Jornada del Jai-Alai Summer Season","datePublished":"2024-07-13T18:43:42+00:00","dateModified":"2024-07-13T18:43:42+00:00","mainEntityOfPage":{"@id":"https:\/\/oriamendi.eus\/es\/2024\/07\/13\/la-victoria-de-aldabe-y-larranaga-marca-la-segunda-jornada-del-jai-alai-summer-season\/"},"wordCount":557,"publisher":{"@id":"https:\/\/oriamendi.eus\/es\/#organization"},"articleSection":["Sin categorizar"],"inLanguage":"es"},{"@type":"WebPage","@id":"https:\/\/oriamendi.eus\/es\/2024\/07\/13\/la-victoria-de-aldabe-y-larranaga-marca-la-segunda-jornada-del-jai-alai-summer-season\/","url":"https:\/\/oriamendi.eus\/es\/2024\/07\/13\/la-victoria-de-aldabe-y-larranaga-marca-la-segunda-jornada-del-jai-alai-summer-season\/","name":"La Victoria de Aldabe y Larra\u00f1aga Marca la Segunda Jornada del Jai-Alai Summer Season | Oriamendi 2010","isPartOf":{"@id":"https:\/\/oriamendi.eus\/es\/#website"},"datePublished":"2024-07-13T18:43:42+00:00","dateModified":"2024-07-13T18:43:42+00:00","breadcrumb":{"@id":"https:\/\/oriamendi.eus\/es\/2024\/07\/13\/la-victoria-de-aldabe-y-larranaga-marca-la-segunda-jornada-del-jai-alai-summer-season\/#breadcrumb"},"inLanguage":"es","potentialAction":[{"@type":"ReadAction","target":["https:\/\/oriamendi.eus\/es\/2024\/07\/13\/la-victoria-de-aldabe-y-larranaga-marca-la-segunda-jornada-del-jai-alai-summer-season\/"]}]},{"@type":"BreadcrumbList","@id":"https:\/\/oriamendi.eus\/es\/2024\/07\/13\/la-victoria-de-aldabe-y-larranaga-marca-la-segunda-jornada-del-jai-alai-summer-season\/#breadcrumb","itemListElement":[{"@type":"ListItem","position":1,"name":"Portada","item":"https:\/\/oriamendi.eus\/es\/"},{"@type":"ListItem","position":2,"name":"La Victoria de Aldabe y Larra\u00f1aga Marca la Segunda Jornada del Jai-Alai Summer Season"}]},{"@type":"WebSite","@id":"https:\/\/oriamendi.eus\/es\/#website","url":"https:\/\/oriamendi.eus\/es\/","name":"Oriamendi","description":"Remonte en Galarreta. Hernani. Gipuzkoa","publisher":{"@id":"https:\/\/oriamendi.eus\/es\/#organization"},"potentialAction":[{"@type":"SearchAction","target":{"@type":"EntryPoint","urlTemplate":"https:\/\/oriamendi.eus\/es\/?s={search_term_string}"},"query-input":"required name=search_term_string"}],"inLanguage":"es"},{"@type":"Organization","@id":"https:\/\/oriamendi.eus\/es\/#organization","name":"Oriamendi","url":"https:\/\/oriamendi.eus\/es\/","logo":{"@type":"ImageObject","inLanguage":"es","@id":"https:\/\/oriamendi.eus\/es\/#\/schema\/logo\/image\/","url":"https:\/\/oriamendi.eus\/wp-content\/uploads\/2020\/06\/logo-oriamendi.png","contentUrl":"https:\/\/oriamendi.eus\/wp-content\/uploads\/2020\/06\/logo-oriamendi.png","width":300,"height":90,"caption":"Oriamendi"},"image":{"@id":"https:\/\/oriamendi.eus\/es\/#\/schema\/logo\/image\/"},"sameAs":["https:\/\/www.facebook.com\/oriamendi2010remonte\/","https:\/\/twitter.com\/oriamendi2010","https:\/\/www.instagram.com\/galarretajaialai\/","https:\/\/www.youtube.com\/channel\/UC8gVNzQqB1iwnC-_rI-ihmA\/featured"]},{"@type":"Person","@id":"https:\/\/oriamendi.eus\/es\/#\/schema\/person\/d50c13df7440d84706fe7d03941cc92f","name":"Endika Barrenetxea","image":{"@type":"ImageObject","inLanguage":"es","@id":"https:\/\/oriamendi.eus\/es\/#\/schema\/person\/image\/","url":"https:\/\/secure.gravatar.com\/avatar\/26a16205d858e579d56d8adc8addd712?s=96&d=mm&r=g","contentUrl":"https:\/\/secure.gravatar.com\/avatar\/26a16205d858e579d56d8adc8addd712?s=96&d=mm&r=g","caption":"Endika Barrenetxea"},"url":"https:\/\/oriamendi.eus\/es\/author\/om-kudeaketa\/"}]}},"_links":{"self":[{"href":"https:\/\/oriamendi.eus\/es\/wp-json\/wp\/v2\/posts\/8107"}],"collection":[{"href":"https:\/\/oriamendi.eus\/es\/wp-json\/wp\/v2\/posts"}],"about":[{"href":"https:\/\/oriamendi.eus\/es\/wp-json\/wp\/v2\/types\/post"}],"author":[{"embeddable":true,"href":"https:\/\/oriamendi.eus\/es\/wp-json\/wp\/v2\/users\/3"}],"replies":[{"embeddable":true,"href":"https:\/\/oriamendi.eus\/es\/wp-json\/wp\/v2\/comments?post=8107"}],"version-history":[{"count":1,"href":"https:\/\/oriamendi.eus\/es\/wp-json\/wp\/v2\/posts\/8107\/revisions"}],"predecessor-version":[{"id":8110,"href":"https:\/\/oriamendi.eus\/es\/wp-json\/wp\/v2\/posts\/8107\/revisions\/8110"}],"wp:featuredmedia":[{"embeddable":true,"href":"https:\/\/oriamendi.eus\/es\/wp-json\/wp\/v2\/media\/8108"}],"wp:attachment":[{"href":"https:\/\/oriamendi.eus\/es\/wp-json\/wp\/v2\/media?parent=8107"}],"wp:term":[{"taxonomy":"category","embeddable":true,"href":"https:\/\/oriamendi.eus\/es\/wp-json\/wp\/v2\/categories?post=8107"},{"taxonomy":"post_tag","embeddable":true,"href":"https:\/\/oriamendi.eus\/es\/wp-json\/wp\/v2\/tags?post=8107"}],"curies":[{"name":"wp","href":"https:\/\/api.w.org\/{rel}","templated":true}]}}