                                        
                                        
                                        
                                        
                                        
                                        
                                        
                                        
                                        
                                        
                                        
                                        
                                        
                                        
                                        
                                        
                                        
                                        
{"id":8101,"date":"2024-07-12T13:40:27","date_gmt":"2024-07-12T11:40:27","guid":{"rendered":"https:\/\/oriamendi.eus\/?p=8101"},"modified":"2024-07-12T13:41:55","modified_gmt":"2024-07-12T11:41:55","slug":"la-lesion-de-ezkurra-ii-marca-la-segunda-jornada-del-jai-alai-summer-season","status":"publish","type":"post","link":"https:\/\/oriamendi.eus\/es\/2024\/07\/12\/la-lesion-de-ezkurra-ii-marca-la-segunda-jornada-del-jai-alai-summer-season\/","title":{"rendered":"La Lesi\u00f3n de Ezkurra II Marca la Segunda Jornada del Jai-Alai Summer Season"},"content":{"rendered":"<p style=\"font-weight: 400\">El campeonato Jai-Alai Summer Season contin\u00faa con su emocionante andadura y se prepara para una segunda jornada que promete grandes emociones y tensi\u00f3n al m\u00e1ximo. Las expectativas est\u00e1n en su punto m\u00e1s alto, especialmente tras los intensos partidos de la primera jornada.<\/p>\n<p style=\"font-weight: 400\"><strong>Lesi\u00f3n y Cambio de Jugador<\/strong><\/p>\n<p style=\"font-weight: 400\">La primera noticia impactante es la lesi\u00f3n de Ezkurra II, quien sufri\u00f3 una lesi\u00f3n en la rodilla derecha en el \u00faltimo tanto de su partido, al intentar salvar un rebote. Lamentablemente, esta lesi\u00f3n le impedir\u00e1 continuar en el torneo. En su lugar, ser\u00e1 sustituido por Martirena, el campe\u00f3n del \u00faltimo torneo Erremontari. Martirena asumir\u00e1 el papel de zaguero junto a Azpiroz para el resto del campeonato, a\u00f1adiendo un nuevo elemento de incertidumbre y emoci\u00f3n a los partidos venideros.<\/p>\n<p style=\"font-weight: 400\"><strong>Programa de la Segunda Jornada<\/strong><\/p>\n<p style=\"font-weight: 400\"><strong>Primer Partido: Torneo B<\/strong><\/p>\n<ul style=\"font-weight: 400\">\n<li><strong>Encuentro:<\/strong> Susperregi y Aiestaran VI vs Arluziada y Zaldua I<\/li>\n<li><strong>Contexto:<\/strong> Los vencedores de este partido se enfrentar\u00e1n a Gurrutxaga y Apezetxea, ganadores de la primera jornada. Los perdedores, por otro lado, jugar\u00e1n contra Goikoetxea V y Eskudero. Este enfrentamiento inicial es crucial para determinar las oportunidades futuras de cada equipo en el torneo B.<\/li>\n<\/ul>\n<p style=\"font-weight: 400\"><strong>Segundo Partido: Campeonato de Primera<\/strong><\/p>\n<ul style=\"font-weight: 400\">\n<li><strong>Encuentro:<\/strong> Azpiroz y Martirena vs Aldabe y Larra\u00f1aga<\/li>\n<li><strong>Contexto:<\/strong> Este partido es decisivo ya que los perdedores ser\u00e1n eliminados del campeonato. La presi\u00f3n es m\u00e1xima, y la incorporaci\u00f3n de Martirena en lugar de Ezkurra II a\u00f1ade un elemento de imprevisibilidad. Este duelo promete ser extremadamente re\u00f1ido y lleno de tensi\u00f3n, con ambos equipos luchando por su supervivencia en el torneo.<\/li>\n<\/ul>\n<p style=\"font-weight: 400\"><strong>Tercer Partido: Encuentro Adicional<\/strong><\/p>\n<ul style=\"font-weight: 400\">\n<li><strong>Encuentro:<\/strong> Segurola y Goikoetxea VI vs Jabalera y Zubiri<\/li>\n<li><strong>Contexto:<\/strong> Este partido cerrar\u00e1 la jornada, ofreciendo otra oportunidad de ver en acci\u00f3n a algunos de los mejores pelotaris del campeonato. La calidad y el nivel de juego prometen mantener a los aficionados al borde de sus asientos hasta el \u00faltimo pelotazo.<\/li>\n<\/ul>\n<p style=\"font-weight: 400\">El campeonato est\u00e1 demostrando ser extremadamente competitivo y emocionante. La primera jornada ya ofreci\u00f3 enfrentamientos re\u00f1idos y espectaculares, y se espera que la segunda jornada contin\u00fae con la misma intensidad. Los jugadores est\u00e1n dejando todo en la cancha, y cada partido es una muestra del alto nivel de habilidad y determinaci\u00f3n presentes en este torneo.<\/p>\n<p style=\"font-weight: 400\">\u00a1Esperamos con ansias los resultados de la segunda jornada y estamos seguros de que seguir\u00e1 superando nuestras expectativas!<\/p>\n","protected":false},"excerpt":{"rendered":"<p>El campeonato Jai-Alai Summer Season contin\u00faa con su emocionante andadura y se prepara para una segunda jornada que promete grandes emociones y tensi\u00f3n al m\u00e1ximo. Las expectativas est\u00e1n en su punto m\u00e1s alto, especialmente tras los intensos partidos de la primera jornada. Lesi\u00f3n y Cambio de Jugador La primera noticia impactante es la lesi\u00f3n de [&hellip;]<\/p>\n","protected":false},"author":3,"featured_media":8102,"comment_status":"closed","ping_status":"open","sticky":false,"template":"","format":"standard","meta":{"_et_pb_use_builder":"","_et_pb_old_content":"","_et_gb_content_width":"","footnotes":""},"categories":[1],"tags":[],"yoast_head":"<!-- This site is optimized with the Yoast SEO plugin v21.8 - https:\/\/yoast.com\/wordpress\/plugins\/seo\/ -->\n<title>La Lesi\u00f3n de Ezkurra II Marca la Segunda Jornada del Jai-Alai Summer Season | Oriamendi 2010<\/title>\n<meta name=\"robots\" content=\"index, follow, max-snippet:-1, max-image-preview:large, max-video-preview:-1\" \/>\n<link rel=\"canonical\" href=\"https:\/\/oriamendi.eus\/es\/2024\/07\/12\/la-lesion-de-ezkurra-ii-marca-la-segunda-jornada-del-jai-alai-summer-season\/\" \/>\n<meta property=\"og:locale\" content=\"es_ES\" \/>\n<meta property=\"og:type\" content=\"article\" \/>\n<meta property=\"og:title\" content=\"La Lesi\u00f3n de Ezkurra II Marca la Segunda Jornada del Jai-Alai Summer Season | Oriamendi 2010\" \/>\n<meta property=\"og:description\" content=\"El campeonato Jai-Alai Summer Season contin\u00faa con su emocionante andadura y se prepara para una segunda jornada que promete grandes emociones y tensi\u00f3n al m\u00e1ximo. Las expectativas est\u00e1n en su punto m\u00e1s alto, especialmente tras los intensos partidos de la primera jornada. Lesi\u00f3n y Cambio de Jugador La primera noticia impactante es la lesi\u00f3n de [&hellip;]\" \/>\n<meta property=\"og:url\" content=\"https:\/\/oriamendi.eus\/es\/2024\/07\/12\/la-lesion-de-ezkurra-ii-marca-la-segunda-jornada-del-jai-alai-summer-season\/\" \/>\n<meta property=\"og:site_name\" content=\"Oriamendi 2010\" \/>\n<meta property=\"article:publisher\" content=\"https:\/\/www.facebook.com\/oriamendi2010remonte\/\" \/>\n<meta property=\"article:published_time\" content=\"2024-07-12T11:40:27+00:00\" \/>\n<meta property=\"article:modified_time\" content=\"2024-07-12T11:41:55+00:00\" \/>\n<meta property=\"og:image\" content=\"https:\/\/oriamendi.eus\/wp-content\/uploads\/2024\/07\/20240624195436__52A8072.jpg\" \/>\n\t<meta property=\"og:image:width\" content=\"1200\" \/>\n\t<meta property=\"og:image:height\" content=\"800\" \/>\n\t<meta property=\"og:image:type\" content=\"image\/jpeg\" \/>\n<meta name=\"author\" content=\"Endika Barrenetxea\" \/>\n<meta name=\"twitter:card\" content=\"summary_large_image\" \/>\n<meta name=\"twitter:creator\" content=\"@oriamendi2010\" \/>\n<meta name=\"twitter:site\" content=\"@oriamendi2010\" \/>\n<meta name=\"twitter:label1\" content=\"Escrito por\" \/>\n\t<meta name=\"twitter:data1\" content=\"Endika Barrenetxea\" \/>\n\t<meta name=\"twitter:label2\" content=\"Tiempo de lectura\" \/>\n\t<meta name=\"twitter:data2\" content=\"2 minutos\" \/>\n<script type=\"application\/ld+json\" class=\"yoast-schema-graph\">{\"@context\":\"https:\/\/schema.org\",\"@graph\":[{\"@type\":\"Article\",\"@id\":\"https:\/\/oriamendi.eus\/es\/2024\/07\/12\/la-lesion-de-ezkurra-ii-marca-la-segunda-jornada-del-jai-alai-summer-season\/#article\",\"isPartOf\":{\"@id\":\"https:\/\/oriamendi.eus\/es\/2024\/07\/12\/la-lesion-de-ezkurra-ii-marca-la-segunda-jornada-del-jai-alai-summer-season\/\"},\"author\":{\"name\":\"Endika Barrenetxea\",\"@id\":\"https:\/\/oriamendi.eus\/es\/#\/schema\/person\/d50c13df7440d84706fe7d03941cc92f\"},\"headline\":\"La Lesi\u00f3n de Ezkurra II Marca la Segunda Jornada del Jai-Alai Summer Season\",\"datePublished\":\"2024-07-12T11:40:27+00:00\",\"dateModified\":\"2024-07-12T11:41:55+00:00\",\"mainEntityOfPage\":{\"@id\":\"https:\/\/oriamendi.eus\/es\/2024\/07\/12\/la-lesion-de-ezkurra-ii-marca-la-segunda-jornada-del-jai-alai-summer-season\/\"},\"wordCount\":423,\"publisher\":{\"@id\":\"https:\/\/oriamendi.eus\/es\/#organization\"},\"articleSection\":[\"Sin categorizar\"],\"inLanguage\":\"es\"},{\"@type\":\"WebPage\",\"@id\":\"https:\/\/oriamendi.eus\/es\/2024\/07\/12\/la-lesion-de-ezkurra-ii-marca-la-segunda-jornada-del-jai-alai-summer-season\/\",\"url\":\"https:\/\/oriamendi.eus\/es\/2024\/07\/12\/la-lesion-de-ezkurra-ii-marca-la-segunda-jornada-del-jai-alai-summer-season\/\",\"name\":\"La Lesi\u00f3n de Ezkurra II Marca la Segunda Jornada del Jai-Alai Summer Season | Oriamendi 2010\",\"isPartOf\":{\"@id\":\"https:\/\/oriamendi.eus\/es\/#website\"},\"datePublished\":\"2024-07-12T11:40:27+00:00\",\"dateModified\":\"2024-07-12T11:41:55+00:00\",\"breadcrumb\":{\"@id\":\"https:\/\/oriamendi.eus\/es\/2024\/07\/12\/la-lesion-de-ezkurra-ii-marca-la-segunda-jornada-del-jai-alai-summer-season\/#breadcrumb\"},\"inLanguage\":\"es\",\"potentialAction\":[{\"@type\":\"ReadAction\",\"target\":[\"https:\/\/oriamendi.eus\/es\/2024\/07\/12\/la-lesion-de-ezkurra-ii-marca-la-segunda-jornada-del-jai-alai-summer-season\/\"]}]},{\"@type\":\"BreadcrumbList\",\"@id\":\"https:\/\/oriamendi.eus\/es\/2024\/07\/12\/la-lesion-de-ezkurra-ii-marca-la-segunda-jornada-del-jai-alai-summer-season\/#breadcrumb\",\"itemListElement\":[{\"@type\":\"ListItem\",\"position\":1,\"name\":\"Portada\",\"item\":\"https:\/\/oriamendi.eus\/es\/\"},{\"@type\":\"ListItem\",\"position\":2,\"name\":\"La Lesi\u00f3n de Ezkurra II Marca la Segunda Jornada del Jai-Alai Summer Season\"}]},{\"@type\":\"WebSite\",\"@id\":\"https:\/\/oriamendi.eus\/es\/#website\",\"url\":\"https:\/\/oriamendi.eus\/es\/\",\"name\":\"Oriamendi\",\"description\":\"Remonte en Galarreta. Hernani. Gipuzkoa\",\"publisher\":{\"@id\":\"https:\/\/oriamendi.eus\/es\/#organization\"},\"potentialAction\":[{\"@type\":\"SearchAction\",\"target\":{\"@type\":\"EntryPoint\",\"urlTemplate\":\"https:\/\/oriamendi.eus\/es\/?s={search_term_string}\"},\"query-input\":\"required name=search_term_string\"}],\"inLanguage\":\"es\"},{\"@type\":\"Organization\",\"@id\":\"https:\/\/oriamendi.eus\/es\/#organization\",\"name\":\"Oriamendi\",\"url\":\"https:\/\/oriamendi.eus\/es\/\",\"logo\":{\"@type\":\"ImageObject\",\"inLanguage\":\"es\",\"@id\":\"https:\/\/oriamendi.eus\/es\/#\/schema\/logo\/image\/\",\"url\":\"https:\/\/oriamendi.eus\/wp-content\/uploads\/2020\/06\/logo-oriamendi.png\",\"contentUrl\":\"https:\/\/oriamendi.eus\/wp-content\/uploads\/2020\/06\/logo-oriamendi.png\",\"width\":300,\"height\":90,\"caption\":\"Oriamendi\"},\"image\":{\"@id\":\"https:\/\/oriamendi.eus\/es\/#\/schema\/logo\/image\/\"},\"sameAs\":[\"https:\/\/www.facebook.com\/oriamendi2010remonte\/\",\"https:\/\/twitter.com\/oriamendi2010\",\"https:\/\/www.instagram.com\/galarretajaialai\/\",\"https:\/\/www.youtube.com\/channel\/UC8gVNzQqB1iwnC-_rI-ihmA\/featured\"]},{\"@type\":\"Person\",\"@id\":\"https:\/\/oriamendi.eus\/es\/#\/schema\/person\/d50c13df7440d84706fe7d03941cc92f\",\"name\":\"Endika Barrenetxea\",\"image\":{\"@type\":\"ImageObject\",\"inLanguage\":\"es\",\"@id\":\"https:\/\/oriamendi.eus\/es\/#\/schema\/person\/image\/\",\"url\":\"https:\/\/secure.gravatar.com\/avatar\/26a16205d858e579d56d8adc8addd712?s=96&d=mm&r=g\",\"contentUrl\":\"https:\/\/secure.gravatar.com\/avatar\/26a16205d858e579d56d8adc8addd712?s=96&d=mm&r=g\",\"caption\":\"Endika Barrenetxea\"},\"url\":\"https:\/\/oriamendi.eus\/es\/author\/om-kudeaketa\/\"}]}<\/script>\n<!-- \/ Yoast SEO plugin. -->","yoast_head_json":{"title":"La Lesi\u00f3n de Ezkurra II Marca la Segunda Jornada del Jai-Alai Summer Season | Oriamendi 2010","robots":{"index":"index","follow":"follow","max-snippet":"max-snippet:-1","max-image-preview":"max-image-preview:large","max-video-preview":"max-video-preview:-1"},"canonical":"https:\/\/oriamendi.eus\/es\/2024\/07\/12\/la-lesion-de-ezkurra-ii-marca-la-segunda-jornada-del-jai-alai-summer-season\/","og_locale":"es_ES","og_type":"article","og_title":"La Lesi\u00f3n de Ezkurra II Marca la Segunda Jornada del Jai-Alai Summer Season | Oriamendi 2010","og_description":"El campeonato Jai-Alai Summer Season contin\u00faa con su emocionante andadura y se prepara para una segunda jornada que promete grandes emociones y tensi\u00f3n al m\u00e1ximo. Las expectativas est\u00e1n en su punto m\u00e1s alto, especialmente tras los intensos partidos de la primera jornada. Lesi\u00f3n y Cambio de Jugador La primera noticia impactante es la lesi\u00f3n de [&hellip;]","og_url":"https:\/\/oriamendi.eus\/es\/2024\/07\/12\/la-lesion-de-ezkurra-ii-marca-la-segunda-jornada-del-jai-alai-summer-season\/","og_site_name":"Oriamendi 2010","article_publisher":"https:\/\/www.facebook.com\/oriamendi2010remonte\/","article_published_time":"2024-07-12T11:40:27+00:00","article_modified_time":"2024-07-12T11:41:55+00:00","og_image":[{"width":1200,"height":800,"url":"https:\/\/oriamendi.eus\/wp-content\/uploads\/2024\/07\/20240624195436__52A8072.jpg","type":"image\/jpeg"}],"author":"Endika Barrenetxea","twitter_card":"summary_large_image","twitter_creator":"@oriamendi2010","twitter_site":"@oriamendi2010","twitter_misc":{"Escrito por":"Endika Barrenetxea","Tiempo de lectura":"2 minutos"},"schema":{"@context":"https:\/\/schema.org","@graph":[{"@type":"Article","@id":"https:\/\/oriamendi.eus\/es\/2024\/07\/12\/la-lesion-de-ezkurra-ii-marca-la-segunda-jornada-del-jai-alai-summer-season\/#article","isPartOf":{"@id":"https:\/\/oriamendi.eus\/es\/2024\/07\/12\/la-lesion-de-ezkurra-ii-marca-la-segunda-jornada-del-jai-alai-summer-season\/"},"author":{"name":"Endika Barrenetxea","@id":"https:\/\/oriamendi.eus\/es\/#\/schema\/person\/d50c13df7440d84706fe7d03941cc92f"},"headline":"La Lesi\u00f3n de Ezkurra II Marca la Segunda Jornada del Jai-Alai Summer Season","datePublished":"2024-07-12T11:40:27+00:00","dateModified":"2024-07-12T11:41:55+00:00","mainEntityOfPage":{"@id":"https:\/\/oriamendi.eus\/es\/2024\/07\/12\/la-lesion-de-ezkurra-ii-marca-la-segunda-jornada-del-jai-alai-summer-season\/"},"wordCount":423,"publisher":{"@id":"https:\/\/oriamendi.eus\/es\/#organization"},"articleSection":["Sin categorizar"],"inLanguage":"es"},{"@type":"WebPage","@id":"https:\/\/oriamendi.eus\/es\/2024\/07\/12\/la-lesion-de-ezkurra-ii-marca-la-segunda-jornada-del-jai-alai-summer-season\/","url":"https:\/\/oriamendi.eus\/es\/2024\/07\/12\/la-lesion-de-ezkurra-ii-marca-la-segunda-jornada-del-jai-alai-summer-season\/","name":"La Lesi\u00f3n de Ezkurra II Marca la Segunda Jornada del Jai-Alai Summer Season | Oriamendi 2010","isPartOf":{"@id":"https:\/\/oriamendi.eus\/es\/#website"},"datePublished":"2024-07-12T11:40:27+00:00","dateModified":"2024-07-12T11:41:55+00:00","breadcrumb":{"@id":"https:\/\/oriamendi.eus\/es\/2024\/07\/12\/la-lesion-de-ezkurra-ii-marca-la-segunda-jornada-del-jai-alai-summer-season\/#breadcrumb"},"inLanguage":"es","potentialAction":[{"@type":"ReadAction","target":["https:\/\/oriamendi.eus\/es\/2024\/07\/12\/la-lesion-de-ezkurra-ii-marca-la-segunda-jornada-del-jai-alai-summer-season\/"]}]},{"@type":"BreadcrumbList","@id":"https:\/\/oriamendi.eus\/es\/2024\/07\/12\/la-lesion-de-ezkurra-ii-marca-la-segunda-jornada-del-jai-alai-summer-season\/#breadcrumb","itemListElement":[{"@type":"ListItem","position":1,"name":"Portada","item":"https:\/\/oriamendi.eus\/es\/"},{"@type":"ListItem","position":2,"name":"La Lesi\u00f3n de Ezkurra II Marca la Segunda Jornada del Jai-Alai Summer Season"}]},{"@type":"WebSite","@id":"https:\/\/oriamendi.eus\/es\/#website","url":"https:\/\/oriamendi.eus\/es\/","name":"Oriamendi","description":"Remonte en Galarreta. Hernani. Gipuzkoa","publisher":{"@id":"https:\/\/oriamendi.eus\/es\/#organization"},"potentialAction":[{"@type":"SearchAction","target":{"@type":"EntryPoint","urlTemplate":"https:\/\/oriamendi.eus\/es\/?s={search_term_string}"},"query-input":"required name=search_term_string"}],"inLanguage":"es"},{"@type":"Organization","@id":"https:\/\/oriamendi.eus\/es\/#organization","name":"Oriamendi","url":"https:\/\/oriamendi.eus\/es\/","logo":{"@type":"ImageObject","inLanguage":"es","@id":"https:\/\/oriamendi.eus\/es\/#\/schema\/logo\/image\/","url":"https:\/\/oriamendi.eus\/wp-content\/uploads\/2020\/06\/logo-oriamendi.png","contentUrl":"https:\/\/oriamendi.eus\/wp-content\/uploads\/2020\/06\/logo-oriamendi.png","width":300,"height":90,"caption":"Oriamendi"},"image":{"@id":"https:\/\/oriamendi.eus\/es\/#\/schema\/logo\/image\/"},"sameAs":["https:\/\/www.facebook.com\/oriamendi2010remonte\/","https:\/\/twitter.com\/oriamendi2010","https:\/\/www.instagram.com\/galarretajaialai\/","https:\/\/www.youtube.com\/channel\/UC8gVNzQqB1iwnC-_rI-ihmA\/featured"]},{"@type":"Person","@id":"https:\/\/oriamendi.eus\/es\/#\/schema\/person\/d50c13df7440d84706fe7d03941cc92f","name":"Endika Barrenetxea","image":{"@type":"ImageObject","inLanguage":"es","@id":"https:\/\/oriamendi.eus\/es\/#\/schema\/person\/image\/","url":"https:\/\/secure.gravatar.com\/avatar\/26a16205d858e579d56d8adc8addd712?s=96&d=mm&r=g","contentUrl":"https:\/\/secure.gravatar.com\/avatar\/26a16205d858e579d56d8adc8addd712?s=96&d=mm&r=g","caption":"Endika Barrenetxea"},"url":"https:\/\/oriamendi.eus\/es\/author\/om-kudeaketa\/"}]}},"_links":{"self":[{"href":"https:\/\/oriamendi.eus\/es\/wp-json\/wp\/v2\/posts\/8101"}],"collection":[{"href":"https:\/\/oriamendi.eus\/es\/wp-json\/wp\/v2\/posts"}],"about":[{"href":"https:\/\/oriamendi.eus\/es\/wp-json\/wp\/v2\/types\/post"}],"author":[{"embeddable":true,"href":"https:\/\/oriamendi.eus\/es\/wp-json\/wp\/v2\/users\/3"}],"replies":[{"embeddable":true,"href":"https:\/\/oriamendi.eus\/es\/wp-json\/wp\/v2\/comments?post=8101"}],"version-history":[{"count":1,"href":"https:\/\/oriamendi.eus\/es\/wp-json\/wp\/v2\/posts\/8101\/revisions"}],"predecessor-version":[{"id":8104,"href":"https:\/\/oriamendi.eus\/es\/wp-json\/wp\/v2\/posts\/8101\/revisions\/8104"}],"wp:featuredmedia":[{"embeddable":true,"href":"https:\/\/oriamendi.eus\/es\/wp-json\/wp\/v2\/media\/8102"}],"wp:attachment":[{"href":"https:\/\/oriamendi.eus\/es\/wp-json\/wp\/v2\/media?parent=8101"}],"wp:term":[{"taxonomy":"category","embeddable":true,"href":"https:\/\/oriamendi.eus\/es\/wp-json\/wp\/v2\/categories?post=8101"},{"taxonomy":"post_tag","embeddable":true,"href":"https:\/\/oriamendi.eus\/es\/wp-json\/wp\/v2\/tags?post=8101"}],"curies":[{"name":"wp","href":"https:\/\/api.w.org\/{rel}","templated":true}]}}