                                        
                                        
                                        
                                        
                                        
                                        
                                        
                                        
                                        
                                        
                                        
                                        
                                        
                                        
                                        
                                        
                                        
                                        
{"id":8029,"date":"2024-06-18T17:09:21","date_gmt":"2024-06-18T15:09:21","guid":{"rendered":"https:\/\/oriamendi.eus\/?p=8029"},"modified":"2024-06-18T17:09:21","modified_gmt":"2024-06-18T15:09:21","slug":"los-semifinalistas-del-sagardoaren-txapelketa-eligen-una-pelota-viva-salvo-urriza-y-martirena","status":"publish","type":"post","link":"https:\/\/oriamendi.eus\/es\/2024\/06\/18\/los-semifinalistas-del-sagardoaren-txapelketa-eligen-una-pelota-viva-salvo-urriza-y-martirena\/","title":{"rendered":"Los semifinalistas del Sagardoaren Txapelketa eligen una pelota viva salvo Urriza y Martirena"},"content":{"rendered":"<div><b>Ansa II-Zubiri quieren que no entre Urriza en juego. Ezkurra II-Azpiroz separan un material parecido a sus contrincantes Jabalera-Barrenetxea IV<\/b><\/div>\n<div><\/div>\n<div>Galarreta acogi\u00f3 el lunes la elecci\u00f3n del material para las semifinales del Sagardoaren Txapelketa que se disputar\u00e1 el jueves en el front\u00f3n hernaniarra.<\/div>\n<div>Los primeros en saltar a la cancha fueron los cuatro pelotaris que disputar\u00e1n la primera semifinal. Ezkurra II-Azpiroz y Jabalera-Barrenetxea IV. No hubo apenas diferencia en las pelotas que separaron unos y otros. Siete de las ocho pelotas elegidas son de parecidas caracter\u00edsticas, vivas y r\u00e1pidas.<\/div>\n<div><img fetchpriority=\"high\" fetchpriority=\"high\" decoding=\"async\" class=\"alignnone size-medium wp-image-8030\" src=\"https:\/\/oriamendi.eus\/wp-content\/uploads\/2024\/06\/IMG_20240617_190551_1333_x_2000_pixel-200x300.jpg\" alt=\"\" width=\"200\" height=\"300\" \/><\/div>\n<div>Jabalera y Barrenetxea buscaron las m\u00e1s botonas. No tocaron apenas pelotas m\u00e1s secas. Quieren hacer da\u00f1o con el saque. Ezkurra y Azpiroz tambi\u00e9n eligieron casi el mismo material salvo una de ellas, que era algo m\u00e1s seca y no tan botona. A ambas parejas les gusta la pelota r\u00e1pida y que bote. Los pesos apenas var\u00edan de unas a otras. Dos pelotas de Ezkurra y Azpiroz pesan 126 gramos y 127 gramos, respectivamente. Las de Jabalera y Barrenetxea pesaron 125 gramos, dos de 126 gramos y otra de 127 gramos.<\/div>\n<div><img decoding=\"async\" class=\"alignnone size-medium wp-image-8034\" src=\"https:\/\/oriamendi.eus\/wp-content\/uploads\/2024\/06\/IMG_20240617_184655_1333_x_2000_pixel-200x300.jpg\" alt=\"\" width=\"200\" height=\"300\" \/><\/div>\n<div>Entre los protagonistas de la segunda semifinal si que hubo variantes. Urriza y Martirena separaron dos pelotas m\u00e1s secas y que andan m\u00e1s por abajo que por arriba. Solo una de sus pelotas es algo viva. Ansa y Martirena siguieron la l\u00ednea de los de la primera semifinal separando tres pelotas vivas y botonas. Otra es m\u00e1s lenta o corta. Urriza y Martirena quieren que Urriza llevo el ritmo del partido. Sus pelotas pesaron dos 128 gramos, una 125 y otra de 124 gramos. Las pelotas de Ansa y Zubiri pesaron 128 gramos, dos 127 gramos y otra de 126 gramos.<\/div>\n","protected":false},"excerpt":{"rendered":"<p>Ansa II-Zubiri quieren que no entre Urriza en juego. Ezkurra II-Azpiroz separan un material parecido a sus contrincantes Jabalera-Barrenetxea IV Galarreta acogi\u00f3 el lunes la elecci\u00f3n del material para las semifinales del Sagardoaren Txapelketa que se disputar\u00e1 el jueves en el front\u00f3n hernaniarra. Los primeros en saltar a la cancha fueron los cuatro pelotaris que [&hellip;]<\/p>\n","protected":false},"author":5,"featured_media":8036,"comment_status":"closed","ping_status":"open","sticky":false,"template":"","format":"standard","meta":{"_et_pb_use_builder":"","_et_pb_old_content":"","_et_gb_content_width":"","footnotes":""},"categories":[1],"tags":[],"yoast_head":"<!-- This site is optimized with the Yoast SEO plugin v21.8 - https:\/\/yoast.com\/wordpress\/plugins\/seo\/ -->\n<title>Los semifinalistas del Sagardoaren Txapelketa eligen una pelota viva salvo Urriza y Martirena | Oriamendi 2010<\/title>\n<meta name=\"robots\" content=\"index, follow, max-snippet:-1, max-image-preview:large, max-video-preview:-1\" \/>\n<link rel=\"canonical\" href=\"https:\/\/oriamendi.eus\/es\/2024\/06\/18\/los-semifinalistas-del-sagardoaren-txapelketa-eligen-una-pelota-viva-salvo-urriza-y-martirena\/\" \/>\n<meta property=\"og:locale\" content=\"es_ES\" \/>\n<meta property=\"og:type\" content=\"article\" \/>\n<meta property=\"og:title\" content=\"Los semifinalistas del Sagardoaren Txapelketa eligen una pelota viva salvo Urriza y Martirena | Oriamendi 2010\" \/>\n<meta property=\"og:description\" content=\"Ansa II-Zubiri quieren que no entre Urriza en juego. Ezkurra II-Azpiroz separan un material parecido a sus contrincantes Jabalera-Barrenetxea IV Galarreta acogi\u00f3 el lunes la elecci\u00f3n del material para las semifinales del Sagardoaren Txapelketa que se disputar\u00e1 el jueves en el front\u00f3n hernaniarra. Los primeros en saltar a la cancha fueron los cuatro pelotaris que [&hellip;]\" \/>\n<meta property=\"og:url\" content=\"https:\/\/oriamendi.eus\/es\/2024\/06\/18\/los-semifinalistas-del-sagardoaren-txapelketa-eligen-una-pelota-viva-salvo-urriza-y-martirena\/\" \/>\n<meta property=\"og:site_name\" content=\"Oriamendi 2010\" \/>\n<meta property=\"article:publisher\" content=\"https:\/\/www.facebook.com\/oriamendi2010remonte\/\" \/>\n<meta property=\"article:published_time\" content=\"2024-06-18T15:09:21+00:00\" \/>\n<meta property=\"og:image\" content=\"https:\/\/oriamendi.eus\/wp-content\/uploads\/2024\/06\/IMG_20240617_184709_2000_x_1333_pixel.jpg\" \/>\n\t<meta property=\"og:image:width\" content=\"1200\" \/>\n\t<meta property=\"og:image:height\" content=\"800\" \/>\n\t<meta property=\"og:image:type\" content=\"image\/jpeg\" \/>\n<meta name=\"author\" content=\"I\u00f1igo Go\u00f1i\" \/>\n<meta name=\"twitter:card\" content=\"summary_large_image\" \/>\n<meta name=\"twitter:creator\" content=\"@oriamendi2010\" \/>\n<meta name=\"twitter:site\" content=\"@oriamendi2010\" \/>\n<meta name=\"twitter:label1\" content=\"Escrito por\" \/>\n\t<meta name=\"twitter:data1\" content=\"I\u00f1igo Go\u00f1i\" \/>\n\t<meta name=\"twitter:label2\" content=\"Tiempo de lectura\" \/>\n\t<meta name=\"twitter:data2\" content=\"2 minutos\" \/>\n<script type=\"application\/ld+json\" class=\"yoast-schema-graph\">{\"@context\":\"https:\/\/schema.org\",\"@graph\":[{\"@type\":\"Article\",\"@id\":\"https:\/\/oriamendi.eus\/es\/2024\/06\/18\/los-semifinalistas-del-sagardoaren-txapelketa-eligen-una-pelota-viva-salvo-urriza-y-martirena\/#article\",\"isPartOf\":{\"@id\":\"https:\/\/oriamendi.eus\/es\/2024\/06\/18\/los-semifinalistas-del-sagardoaren-txapelketa-eligen-una-pelota-viva-salvo-urriza-y-martirena\/\"},\"author\":{\"name\":\"I\u00f1igo Go\u00f1i\",\"@id\":\"https:\/\/oriamendi.eus\/es\/#\/schema\/person\/c0bd06c6c747674306a5c82563e2339a\"},\"headline\":\"Los semifinalistas del Sagardoaren Txapelketa eligen una pelota viva salvo Urriza y Martirena\",\"datePublished\":\"2024-06-18T15:09:21+00:00\",\"dateModified\":\"2024-06-18T15:09:21+00:00\",\"mainEntityOfPage\":{\"@id\":\"https:\/\/oriamendi.eus\/es\/2024\/06\/18\/los-semifinalistas-del-sagardoaren-txapelketa-eligen-una-pelota-viva-salvo-urriza-y-martirena\/\"},\"wordCount\":298,\"publisher\":{\"@id\":\"https:\/\/oriamendi.eus\/es\/#organization\"},\"articleSection\":[\"Sin categorizar\"],\"inLanguage\":\"es\"},{\"@type\":\"WebPage\",\"@id\":\"https:\/\/oriamendi.eus\/es\/2024\/06\/18\/los-semifinalistas-del-sagardoaren-txapelketa-eligen-una-pelota-viva-salvo-urriza-y-martirena\/\",\"url\":\"https:\/\/oriamendi.eus\/es\/2024\/06\/18\/los-semifinalistas-del-sagardoaren-txapelketa-eligen-una-pelota-viva-salvo-urriza-y-martirena\/\",\"name\":\"Los semifinalistas del Sagardoaren Txapelketa eligen una pelota viva salvo Urriza y Martirena | Oriamendi 2010\",\"isPartOf\":{\"@id\":\"https:\/\/oriamendi.eus\/es\/#website\"},\"datePublished\":\"2024-06-18T15:09:21+00:00\",\"dateModified\":\"2024-06-18T15:09:21+00:00\",\"breadcrumb\":{\"@id\":\"https:\/\/oriamendi.eus\/es\/2024\/06\/18\/los-semifinalistas-del-sagardoaren-txapelketa-eligen-una-pelota-viva-salvo-urriza-y-martirena\/#breadcrumb\"},\"inLanguage\":\"es\",\"potentialAction\":[{\"@type\":\"ReadAction\",\"target\":[\"https:\/\/oriamendi.eus\/es\/2024\/06\/18\/los-semifinalistas-del-sagardoaren-txapelketa-eligen-una-pelota-viva-salvo-urriza-y-martirena\/\"]}]},{\"@type\":\"BreadcrumbList\",\"@id\":\"https:\/\/oriamendi.eus\/es\/2024\/06\/18\/los-semifinalistas-del-sagardoaren-txapelketa-eligen-una-pelota-viva-salvo-urriza-y-martirena\/#breadcrumb\",\"itemListElement\":[{\"@type\":\"ListItem\",\"position\":1,\"name\":\"Portada\",\"item\":\"https:\/\/oriamendi.eus\/es\/\"},{\"@type\":\"ListItem\",\"position\":2,\"name\":\"Los semifinalistas del Sagardoaren Txapelketa eligen una pelota viva salvo Urriza y Martirena\"}]},{\"@type\":\"WebSite\",\"@id\":\"https:\/\/oriamendi.eus\/es\/#website\",\"url\":\"https:\/\/oriamendi.eus\/es\/\",\"name\":\"Oriamendi\",\"description\":\"Remonte en Galarreta. Hernani. Gipuzkoa\",\"publisher\":{\"@id\":\"https:\/\/oriamendi.eus\/es\/#organization\"},\"potentialAction\":[{\"@type\":\"SearchAction\",\"target\":{\"@type\":\"EntryPoint\",\"urlTemplate\":\"https:\/\/oriamendi.eus\/es\/?s={search_term_string}\"},\"query-input\":\"required name=search_term_string\"}],\"inLanguage\":\"es\"},{\"@type\":\"Organization\",\"@id\":\"https:\/\/oriamendi.eus\/es\/#organization\",\"name\":\"Oriamendi\",\"url\":\"https:\/\/oriamendi.eus\/es\/\",\"logo\":{\"@type\":\"ImageObject\",\"inLanguage\":\"es\",\"@id\":\"https:\/\/oriamendi.eus\/es\/#\/schema\/logo\/image\/\",\"url\":\"https:\/\/oriamendi.eus\/wp-content\/uploads\/2020\/06\/logo-oriamendi.png\",\"contentUrl\":\"https:\/\/oriamendi.eus\/wp-content\/uploads\/2020\/06\/logo-oriamendi.png\",\"width\":300,\"height\":90,\"caption\":\"Oriamendi\"},\"image\":{\"@id\":\"https:\/\/oriamendi.eus\/es\/#\/schema\/logo\/image\/\"},\"sameAs\":[\"https:\/\/www.facebook.com\/oriamendi2010remonte\/\",\"https:\/\/twitter.com\/oriamendi2010\",\"https:\/\/www.instagram.com\/galarretajaialai\/\",\"https:\/\/www.youtube.com\/channel\/UC8gVNzQqB1iwnC-_rI-ihmA\/featured\"]},{\"@type\":\"Person\",\"@id\":\"https:\/\/oriamendi.eus\/es\/#\/schema\/person\/c0bd06c6c747674306a5c82563e2339a\",\"name\":\"I\u00f1igo Go\u00f1i\",\"image\":{\"@type\":\"ImageObject\",\"inLanguage\":\"es\",\"@id\":\"https:\/\/oriamendi.eus\/es\/#\/schema\/person\/image\/\",\"url\":\"https:\/\/secure.gravatar.com\/avatar\/fbb07ffc7b803bbfcc2b6419c06abd3a?s=96&d=mm&r=g\",\"contentUrl\":\"https:\/\/secure.gravatar.com\/avatar\/fbb07ffc7b803bbfcc2b6419c06abd3a?s=96&d=mm&r=g\",\"caption\":\"I\u00f1igo Go\u00f1i\"},\"url\":\"https:\/\/oriamendi.eus\/es\/author\/om-berriak\/\"}]}<\/script>\n<!-- \/ Yoast SEO plugin. -->","yoast_head_json":{"title":"Los semifinalistas del Sagardoaren Txapelketa eligen una pelota viva salvo Urriza y Martirena | Oriamendi 2010","robots":{"index":"index","follow":"follow","max-snippet":"max-snippet:-1","max-image-preview":"max-image-preview:large","max-video-preview":"max-video-preview:-1"},"canonical":"https:\/\/oriamendi.eus\/es\/2024\/06\/18\/los-semifinalistas-del-sagardoaren-txapelketa-eligen-una-pelota-viva-salvo-urriza-y-martirena\/","og_locale":"es_ES","og_type":"article","og_title":"Los semifinalistas del Sagardoaren Txapelketa eligen una pelota viva salvo Urriza y Martirena | Oriamendi 2010","og_description":"Ansa II-Zubiri quieren que no entre Urriza en juego. Ezkurra II-Azpiroz separan un material parecido a sus contrincantes Jabalera-Barrenetxea IV Galarreta acogi\u00f3 el lunes la elecci\u00f3n del material para las semifinales del Sagardoaren Txapelketa que se disputar\u00e1 el jueves en el front\u00f3n hernaniarra. Los primeros en saltar a la cancha fueron los cuatro pelotaris que [&hellip;]","og_url":"https:\/\/oriamendi.eus\/es\/2024\/06\/18\/los-semifinalistas-del-sagardoaren-txapelketa-eligen-una-pelota-viva-salvo-urriza-y-martirena\/","og_site_name":"Oriamendi 2010","article_publisher":"https:\/\/www.facebook.com\/oriamendi2010remonte\/","article_published_time":"2024-06-18T15:09:21+00:00","og_image":[{"width":1200,"height":800,"url":"https:\/\/oriamendi.eus\/wp-content\/uploads\/2024\/06\/IMG_20240617_184709_2000_x_1333_pixel.jpg","type":"image\/jpeg"}],"author":"I\u00f1igo Go\u00f1i","twitter_card":"summary_large_image","twitter_creator":"@oriamendi2010","twitter_site":"@oriamendi2010","twitter_misc":{"Escrito por":"I\u00f1igo Go\u00f1i","Tiempo de lectura":"2 minutos"},"schema":{"@context":"https:\/\/schema.org","@graph":[{"@type":"Article","@id":"https:\/\/oriamendi.eus\/es\/2024\/06\/18\/los-semifinalistas-del-sagardoaren-txapelketa-eligen-una-pelota-viva-salvo-urriza-y-martirena\/#article","isPartOf":{"@id":"https:\/\/oriamendi.eus\/es\/2024\/06\/18\/los-semifinalistas-del-sagardoaren-txapelketa-eligen-una-pelota-viva-salvo-urriza-y-martirena\/"},"author":{"name":"I\u00f1igo Go\u00f1i","@id":"https:\/\/oriamendi.eus\/es\/#\/schema\/person\/c0bd06c6c747674306a5c82563e2339a"},"headline":"Los semifinalistas del Sagardoaren Txapelketa eligen una pelota viva salvo Urriza y Martirena","datePublished":"2024-06-18T15:09:21+00:00","dateModified":"2024-06-18T15:09:21+00:00","mainEntityOfPage":{"@id":"https:\/\/oriamendi.eus\/es\/2024\/06\/18\/los-semifinalistas-del-sagardoaren-txapelketa-eligen-una-pelota-viva-salvo-urriza-y-martirena\/"},"wordCount":298,"publisher":{"@id":"https:\/\/oriamendi.eus\/es\/#organization"},"articleSection":["Sin categorizar"],"inLanguage":"es"},{"@type":"WebPage","@id":"https:\/\/oriamendi.eus\/es\/2024\/06\/18\/los-semifinalistas-del-sagardoaren-txapelketa-eligen-una-pelota-viva-salvo-urriza-y-martirena\/","url":"https:\/\/oriamendi.eus\/es\/2024\/06\/18\/los-semifinalistas-del-sagardoaren-txapelketa-eligen-una-pelota-viva-salvo-urriza-y-martirena\/","name":"Los semifinalistas del Sagardoaren Txapelketa eligen una pelota viva salvo Urriza y Martirena | Oriamendi 2010","isPartOf":{"@id":"https:\/\/oriamendi.eus\/es\/#website"},"datePublished":"2024-06-18T15:09:21+00:00","dateModified":"2024-06-18T15:09:21+00:00","breadcrumb":{"@id":"https:\/\/oriamendi.eus\/es\/2024\/06\/18\/los-semifinalistas-del-sagardoaren-txapelketa-eligen-una-pelota-viva-salvo-urriza-y-martirena\/#breadcrumb"},"inLanguage":"es","potentialAction":[{"@type":"ReadAction","target":["https:\/\/oriamendi.eus\/es\/2024\/06\/18\/los-semifinalistas-del-sagardoaren-txapelketa-eligen-una-pelota-viva-salvo-urriza-y-martirena\/"]}]},{"@type":"BreadcrumbList","@id":"https:\/\/oriamendi.eus\/es\/2024\/06\/18\/los-semifinalistas-del-sagardoaren-txapelketa-eligen-una-pelota-viva-salvo-urriza-y-martirena\/#breadcrumb","itemListElement":[{"@type":"ListItem","position":1,"name":"Portada","item":"https:\/\/oriamendi.eus\/es\/"},{"@type":"ListItem","position":2,"name":"Los semifinalistas del Sagardoaren Txapelketa eligen una pelota viva salvo Urriza y Martirena"}]},{"@type":"WebSite","@id":"https:\/\/oriamendi.eus\/es\/#website","url":"https:\/\/oriamendi.eus\/es\/","name":"Oriamendi","description":"Remonte en Galarreta. Hernani. Gipuzkoa","publisher":{"@id":"https:\/\/oriamendi.eus\/es\/#organization"},"potentialAction":[{"@type":"SearchAction","target":{"@type":"EntryPoint","urlTemplate":"https:\/\/oriamendi.eus\/es\/?s={search_term_string}"},"query-input":"required name=search_term_string"}],"inLanguage":"es"},{"@type":"Organization","@id":"https:\/\/oriamendi.eus\/es\/#organization","name":"Oriamendi","url":"https:\/\/oriamendi.eus\/es\/","logo":{"@type":"ImageObject","inLanguage":"es","@id":"https:\/\/oriamendi.eus\/es\/#\/schema\/logo\/image\/","url":"https:\/\/oriamendi.eus\/wp-content\/uploads\/2020\/06\/logo-oriamendi.png","contentUrl":"https:\/\/oriamendi.eus\/wp-content\/uploads\/2020\/06\/logo-oriamendi.png","width":300,"height":90,"caption":"Oriamendi"},"image":{"@id":"https:\/\/oriamendi.eus\/es\/#\/schema\/logo\/image\/"},"sameAs":["https:\/\/www.facebook.com\/oriamendi2010remonte\/","https:\/\/twitter.com\/oriamendi2010","https:\/\/www.instagram.com\/galarretajaialai\/","https:\/\/www.youtube.com\/channel\/UC8gVNzQqB1iwnC-_rI-ihmA\/featured"]},{"@type":"Person","@id":"https:\/\/oriamendi.eus\/es\/#\/schema\/person\/c0bd06c6c747674306a5c82563e2339a","name":"I\u00f1igo Go\u00f1i","image":{"@type":"ImageObject","inLanguage":"es","@id":"https:\/\/oriamendi.eus\/es\/#\/schema\/person\/image\/","url":"https:\/\/secure.gravatar.com\/avatar\/fbb07ffc7b803bbfcc2b6419c06abd3a?s=96&d=mm&r=g","contentUrl":"https:\/\/secure.gravatar.com\/avatar\/fbb07ffc7b803bbfcc2b6419c06abd3a?s=96&d=mm&r=g","caption":"I\u00f1igo Go\u00f1i"},"url":"https:\/\/oriamendi.eus\/es\/author\/om-berriak\/"}]}},"_links":{"self":[{"href":"https:\/\/oriamendi.eus\/es\/wp-json\/wp\/v2\/posts\/8029"}],"collection":[{"href":"https:\/\/oriamendi.eus\/es\/wp-json\/wp\/v2\/posts"}],"about":[{"href":"https:\/\/oriamendi.eus\/es\/wp-json\/wp\/v2\/types\/post"}],"author":[{"embeddable":true,"href":"https:\/\/oriamendi.eus\/es\/wp-json\/wp\/v2\/users\/5"}],"replies":[{"embeddable":true,"href":"https:\/\/oriamendi.eus\/es\/wp-json\/wp\/v2\/comments?post=8029"}],"version-history":[{"count":1,"href":"https:\/\/oriamendi.eus\/es\/wp-json\/wp\/v2\/posts\/8029\/revisions"}],"predecessor-version":[{"id":8038,"href":"https:\/\/oriamendi.eus\/es\/wp-json\/wp\/v2\/posts\/8029\/revisions\/8038"}],"wp:featuredmedia":[{"embeddable":true,"href":"https:\/\/oriamendi.eus\/es\/wp-json\/wp\/v2\/media\/8036"}],"wp:attachment":[{"href":"https:\/\/oriamendi.eus\/es\/wp-json\/wp\/v2\/media?parent=8029"}],"wp:term":[{"taxonomy":"category","embeddable":true,"href":"https:\/\/oriamendi.eus\/es\/wp-json\/wp\/v2\/categories?post=8029"},{"taxonomy":"post_tag","embeddable":true,"href":"https:\/\/oriamendi.eus\/es\/wp-json\/wp\/v2\/tags?post=8029"}],"curies":[{"name":"wp","href":"https:\/\/api.w.org\/{rel}","templated":true}]}}