                                        
                                        
                                        
                                        
                                        
                                        
                                        
                                        
                                        
                                        
                                        
                                        
                                        
                                        
                                        
                                        
                                        
                                        
{"id":7901,"date":"2024-03-04T19:39:36","date_gmt":"2024-03-04T18:39:36","guid":{"rendered":"https:\/\/oriamendi.eus\/?p=7901"},"modified":"2024-03-04T19:39:36","modified_gmt":"2024-03-04T18:39:36","slug":"el-berria-erremonte-txapelketa-2024-se-ha-presentado-en-el-parque-cultural-martin-ugalde","status":"publish","type":"post","link":"https:\/\/oriamendi.eus\/es\/2024\/03\/04\/el-berria-erremonte-txapelketa-2024-se-ha-presentado-en-el-parque-cultural-martin-ugalde\/","title":{"rendered":"El Berria Erremonte Txapelketa 2024 se ha presentado en el parque cultural Mart\u00edn Ugalde"},"content":{"rendered":"<p><strong>Seis parejas participar\u00e1n en el torneo que comienza el s\u00e1bado<\/strong><\/p>\n<p><strong>Las parejas est\u00e1n formadas por remontistas con experiencia y juventud<\/strong><\/p>\n<p>El parque cultural Martin Ugalde de Andoain ha acogido hoy la presentaci\u00f3n del Torneo de Remonte Berria 2024. Futuros y experimentados remontistas disputan el campeonato divididos en seis parejas. El torneo comenzar\u00e1 el s\u00e1bado 9 de marzo y la final se disputar\u00e1 el 20 de abril. Todos los partidos se jugar\u00e1n en Galarreta.<br \/>\nLas seis parejas se dividir\u00e1n en dos grupos y los dos primeros de cada grupo se clasificar\u00e1n para las semifinales que se disputar\u00e1n el 13 de abril. Los ganadores de las semifinales se medir\u00e1n en la final el 20 de abril.<\/p>\n<p><img fetchpriority=\"high\" fetchpriority=\"high\" decoding=\"async\" class=\"alignnone size-medium wp-image-7899\" src=\"https:\/\/oriamendi.eus\/wp-content\/uploads\/2024\/03\/DSC07210-300x200.jpg\" alt=\"\" width=\"300\" height=\"200\" \/><br \/>\nLas tres parejas del grupo A son las siguientes: Susperregi-Apezetxea; Irazu-Zaldua I; y Jabalera-Goikoetxea VI. Son las parejas del B: Arluziaga-Zubiri; Gurrutxaga-Aiestaran VI; y Zaldua II-Eskudero.<br \/>\nLos partidos de la liguilla se disputar\u00e1n los d\u00edas 9 de marzo, 16 de marzo, 22 de marzo, 29 de marzo y 6 de abril. La clasificaci\u00f3n se completar\u00e1 con puntos. Los partidos ser\u00e1n a tres set. Los dos primeros set ser\u00e1n a 15 tantos y el tercer set o juego, si es necesario, se jugar\u00e1 a ocho tantos.<br \/>\nTras ganar los dos primeros sets (2-0) se sumar\u00e1n cuatro puntos. Si el partido termina 2-1 el ganador tendr\u00e1 dos puntos y el perdedor s\u00f3lo uno. Si una pareja pierde 0-2 el partido no sumar\u00e1 ning\u00fan punto y al final del encuentro el que no llegue a los 15 tantos tendr\u00e1 un punto negativo.<br \/>\nLa primera jornada de la liguilla se disputar\u00e1 este s\u00e1bado, 9 de marzo, a partir de las 16:30 horas, y tendr\u00e1 como protagonistas a las parejas Irazu-Zaldua I y Jabalera-Goikoetxea VI. Servir\u00e1 para abrir el grupo A.<\/p>\n<p><img decoding=\"async\" class=\"alignnone size-medium wp-image-7897\" src=\"https:\/\/oriamendi.eus\/wp-content\/uploads\/2024\/03\/DSC07161-300x200.jpg\" alt=\"\" width=\"300\" height=\"200\" \/><br \/>\nLas parejas que hayan quedado entre los dos primeros de cada grupo se clasificar\u00e1n para las semifinales. En caso de empate entre dos parejas, se clasificar\u00e1 el ganador del partido entre ambas. En el empate entre las tres parejas, el tanteo de todos los partidos decidir\u00e1 cu\u00e1l se clasifica antes.<br \/>\nEl 13 de abril se disputar\u00e1n las dos semifinales y la pareja clasificada en primer lugar en el grupo A se enfrentar\u00e1 al segundo del grupo B. En la segunda semifinal jugar\u00e1 el primero del B contra el segundo del A. Estos tambi\u00e9n se disputar\u00e1n en formato set en el festival que comenzar\u00e1 a partir de las 16:30 horas.<br \/>\nLos dos ganadores se clasificar\u00e1n para la gran final del 20 de abril, donde se conocer\u00e1 al nuevo campe\u00f3n del Torneo Berria de Remonte 2024.<br \/>\nEn este campeonato se apuesta por los futuros remontistas y antes, han jugado grandes campeones.<\/p>\n","protected":false},"excerpt":{"rendered":"<p>Seis parejas participar\u00e1n en el torneo que comienza el s\u00e1bado Las parejas est\u00e1n formadas por remontistas con experiencia y juventud El parque cultural Martin Ugalde de Andoain ha acogido hoy la presentaci\u00f3n del Torneo de Remonte Berria 2024. Futuros y experimentados remontistas disputan el campeonato divididos en seis parejas. El torneo comenzar\u00e1 el s\u00e1bado 9 [&hellip;]<\/p>\n","protected":false},"author":5,"featured_media":7895,"comment_status":"closed","ping_status":"open","sticky":false,"template":"","format":"standard","meta":{"_et_pb_use_builder":"","_et_pb_old_content":"","_et_gb_content_width":"","footnotes":""},"categories":[1],"tags":[],"yoast_head":"<!-- This site is optimized with the Yoast SEO plugin v21.8 - https:\/\/yoast.com\/wordpress\/plugins\/seo\/ -->\n<title>El Berria Erremonte Txapelketa 2024 se ha presentado en el parque cultural Mart\u00edn Ugalde | Oriamendi 2010<\/title>\n<meta name=\"robots\" content=\"index, follow, max-snippet:-1, max-image-preview:large, max-video-preview:-1\" \/>\n<link rel=\"canonical\" href=\"https:\/\/oriamendi.eus\/es\/2024\/03\/04\/el-berria-erremonte-txapelketa-2024-se-ha-presentado-en-el-parque-cultural-martin-ugalde\/\" \/>\n<meta property=\"og:locale\" content=\"es_ES\" \/>\n<meta property=\"og:type\" content=\"article\" \/>\n<meta property=\"og:title\" content=\"El Berria Erremonte Txapelketa 2024 se ha presentado en el parque cultural Mart\u00edn Ugalde | Oriamendi 2010\" \/>\n<meta property=\"og:description\" content=\"Seis parejas participar\u00e1n en el torneo que comienza el s\u00e1bado Las parejas est\u00e1n formadas por remontistas con experiencia y juventud El parque cultural Martin Ugalde de Andoain ha acogido hoy la presentaci\u00f3n del Torneo de Remonte Berria 2024. Futuros y experimentados remontistas disputan el campeonato divididos en seis parejas. El torneo comenzar\u00e1 el s\u00e1bado 9 [&hellip;]\" \/>\n<meta property=\"og:url\" content=\"https:\/\/oriamendi.eus\/es\/2024\/03\/04\/el-berria-erremonte-txapelketa-2024-se-ha-presentado-en-el-parque-cultural-martin-ugalde\/\" \/>\n<meta property=\"og:site_name\" content=\"Oriamendi 2010\" \/>\n<meta property=\"article:publisher\" content=\"https:\/\/www.facebook.com\/oriamendi2010remonte\/\" \/>\n<meta property=\"article:published_time\" content=\"2024-03-04T18:39:36+00:00\" \/>\n<meta property=\"og:image\" content=\"https:\/\/oriamendi.eus\/wp-content\/uploads\/2024\/03\/DSC07216.jpg\" \/>\n\t<meta property=\"og:image:width\" content=\"1200\" \/>\n\t<meta property=\"og:image:height\" content=\"800\" \/>\n\t<meta property=\"og:image:type\" content=\"image\/jpeg\" \/>\n<meta name=\"author\" content=\"I\u00f1igo Go\u00f1i\" \/>\n<meta name=\"twitter:card\" content=\"summary_large_image\" \/>\n<meta name=\"twitter:creator\" content=\"@oriamendi2010\" \/>\n<meta name=\"twitter:site\" content=\"@oriamendi2010\" \/>\n<meta name=\"twitter:label1\" content=\"Escrito por\" \/>\n\t<meta name=\"twitter:data1\" content=\"I\u00f1igo Go\u00f1i\" \/>\n\t<meta name=\"twitter:label2\" content=\"Tiempo de lectura\" \/>\n\t<meta name=\"twitter:data2\" content=\"3 minutos\" \/>\n<script type=\"application\/ld+json\" class=\"yoast-schema-graph\">{\"@context\":\"https:\/\/schema.org\",\"@graph\":[{\"@type\":\"Article\",\"@id\":\"https:\/\/oriamendi.eus\/es\/2024\/03\/04\/el-berria-erremonte-txapelketa-2024-se-ha-presentado-en-el-parque-cultural-martin-ugalde\/#article\",\"isPartOf\":{\"@id\":\"https:\/\/oriamendi.eus\/es\/2024\/03\/04\/el-berria-erremonte-txapelketa-2024-se-ha-presentado-en-el-parque-cultural-martin-ugalde\/\"},\"author\":{\"name\":\"I\u00f1igo Go\u00f1i\",\"@id\":\"https:\/\/oriamendi.eus\/es\/#\/schema\/person\/c0bd06c6c747674306a5c82563e2339a\"},\"headline\":\"El Berria Erremonte Txapelketa 2024 se ha presentado en el parque cultural Mart\u00edn Ugalde\",\"datePublished\":\"2024-03-04T18:39:36+00:00\",\"dateModified\":\"2024-03-04T18:39:36+00:00\",\"mainEntityOfPage\":{\"@id\":\"https:\/\/oriamendi.eus\/es\/2024\/03\/04\/el-berria-erremonte-txapelketa-2024-se-ha-presentado-en-el-parque-cultural-martin-ugalde\/\"},\"wordCount\":461,\"publisher\":{\"@id\":\"https:\/\/oriamendi.eus\/es\/#organization\"},\"articleSection\":[\"Sin categorizar\"],\"inLanguage\":\"es\"},{\"@type\":\"WebPage\",\"@id\":\"https:\/\/oriamendi.eus\/es\/2024\/03\/04\/el-berria-erremonte-txapelketa-2024-se-ha-presentado-en-el-parque-cultural-martin-ugalde\/\",\"url\":\"https:\/\/oriamendi.eus\/es\/2024\/03\/04\/el-berria-erremonte-txapelketa-2024-se-ha-presentado-en-el-parque-cultural-martin-ugalde\/\",\"name\":\"El Berria Erremonte Txapelketa 2024 se ha presentado en el parque cultural Mart\u00edn Ugalde | Oriamendi 2010\",\"isPartOf\":{\"@id\":\"https:\/\/oriamendi.eus\/es\/#website\"},\"datePublished\":\"2024-03-04T18:39:36+00:00\",\"dateModified\":\"2024-03-04T18:39:36+00:00\",\"breadcrumb\":{\"@id\":\"https:\/\/oriamendi.eus\/es\/2024\/03\/04\/el-berria-erremonte-txapelketa-2024-se-ha-presentado-en-el-parque-cultural-martin-ugalde\/#breadcrumb\"},\"inLanguage\":\"es\",\"potentialAction\":[{\"@type\":\"ReadAction\",\"target\":[\"https:\/\/oriamendi.eus\/es\/2024\/03\/04\/el-berria-erremonte-txapelketa-2024-se-ha-presentado-en-el-parque-cultural-martin-ugalde\/\"]}]},{\"@type\":\"BreadcrumbList\",\"@id\":\"https:\/\/oriamendi.eus\/es\/2024\/03\/04\/el-berria-erremonte-txapelketa-2024-se-ha-presentado-en-el-parque-cultural-martin-ugalde\/#breadcrumb\",\"itemListElement\":[{\"@type\":\"ListItem\",\"position\":1,\"name\":\"Portada\",\"item\":\"https:\/\/oriamendi.eus\/es\/\"},{\"@type\":\"ListItem\",\"position\":2,\"name\":\"El Berria Erremonte Txapelketa 2024 se ha presentado en el parque cultural Mart\u00edn Ugalde\"}]},{\"@type\":\"WebSite\",\"@id\":\"https:\/\/oriamendi.eus\/es\/#website\",\"url\":\"https:\/\/oriamendi.eus\/es\/\",\"name\":\"Oriamendi\",\"description\":\"Remonte en Galarreta. Hernani. Gipuzkoa\",\"publisher\":{\"@id\":\"https:\/\/oriamendi.eus\/es\/#organization\"},\"potentialAction\":[{\"@type\":\"SearchAction\",\"target\":{\"@type\":\"EntryPoint\",\"urlTemplate\":\"https:\/\/oriamendi.eus\/es\/?s={search_term_string}\"},\"query-input\":\"required name=search_term_string\"}],\"inLanguage\":\"es\"},{\"@type\":\"Organization\",\"@id\":\"https:\/\/oriamendi.eus\/es\/#organization\",\"name\":\"Oriamendi\",\"url\":\"https:\/\/oriamendi.eus\/es\/\",\"logo\":{\"@type\":\"ImageObject\",\"inLanguage\":\"es\",\"@id\":\"https:\/\/oriamendi.eus\/es\/#\/schema\/logo\/image\/\",\"url\":\"https:\/\/oriamendi.eus\/wp-content\/uploads\/2020\/06\/logo-oriamendi.png\",\"contentUrl\":\"https:\/\/oriamendi.eus\/wp-content\/uploads\/2020\/06\/logo-oriamendi.png\",\"width\":300,\"height\":90,\"caption\":\"Oriamendi\"},\"image\":{\"@id\":\"https:\/\/oriamendi.eus\/es\/#\/schema\/logo\/image\/\"},\"sameAs\":[\"https:\/\/www.facebook.com\/oriamendi2010remonte\/\",\"https:\/\/twitter.com\/oriamendi2010\",\"https:\/\/www.instagram.com\/galarretajaialai\/\",\"https:\/\/www.youtube.com\/channel\/UC8gVNzQqB1iwnC-_rI-ihmA\/featured\"]},{\"@type\":\"Person\",\"@id\":\"https:\/\/oriamendi.eus\/es\/#\/schema\/person\/c0bd06c6c747674306a5c82563e2339a\",\"name\":\"I\u00f1igo Go\u00f1i\",\"image\":{\"@type\":\"ImageObject\",\"inLanguage\":\"es\",\"@id\":\"https:\/\/oriamendi.eus\/es\/#\/schema\/person\/image\/\",\"url\":\"https:\/\/secure.gravatar.com\/avatar\/fbb07ffc7b803bbfcc2b6419c06abd3a?s=96&d=mm&r=g\",\"contentUrl\":\"https:\/\/secure.gravatar.com\/avatar\/fbb07ffc7b803bbfcc2b6419c06abd3a?s=96&d=mm&r=g\",\"caption\":\"I\u00f1igo Go\u00f1i\"},\"url\":\"https:\/\/oriamendi.eus\/es\/author\/om-berriak\/\"}]}<\/script>\n<!-- \/ Yoast SEO plugin. -->","yoast_head_json":{"title":"El Berria Erremonte Txapelketa 2024 se ha presentado en el parque cultural Mart\u00edn Ugalde | Oriamendi 2010","robots":{"index":"index","follow":"follow","max-snippet":"max-snippet:-1","max-image-preview":"max-image-preview:large","max-video-preview":"max-video-preview:-1"},"canonical":"https:\/\/oriamendi.eus\/es\/2024\/03\/04\/el-berria-erremonte-txapelketa-2024-se-ha-presentado-en-el-parque-cultural-martin-ugalde\/","og_locale":"es_ES","og_type":"article","og_title":"El Berria Erremonte Txapelketa 2024 se ha presentado en el parque cultural Mart\u00edn Ugalde | Oriamendi 2010","og_description":"Seis parejas participar\u00e1n en el torneo que comienza el s\u00e1bado Las parejas est\u00e1n formadas por remontistas con experiencia y juventud El parque cultural Martin Ugalde de Andoain ha acogido hoy la presentaci\u00f3n del Torneo de Remonte Berria 2024. Futuros y experimentados remontistas disputan el campeonato divididos en seis parejas. El torneo comenzar\u00e1 el s\u00e1bado 9 [&hellip;]","og_url":"https:\/\/oriamendi.eus\/es\/2024\/03\/04\/el-berria-erremonte-txapelketa-2024-se-ha-presentado-en-el-parque-cultural-martin-ugalde\/","og_site_name":"Oriamendi 2010","article_publisher":"https:\/\/www.facebook.com\/oriamendi2010remonte\/","article_published_time":"2024-03-04T18:39:36+00:00","og_image":[{"width":1200,"height":800,"url":"https:\/\/oriamendi.eus\/wp-content\/uploads\/2024\/03\/DSC07216.jpg","type":"image\/jpeg"}],"author":"I\u00f1igo Go\u00f1i","twitter_card":"summary_large_image","twitter_creator":"@oriamendi2010","twitter_site":"@oriamendi2010","twitter_misc":{"Escrito por":"I\u00f1igo Go\u00f1i","Tiempo de lectura":"3 minutos"},"schema":{"@context":"https:\/\/schema.org","@graph":[{"@type":"Article","@id":"https:\/\/oriamendi.eus\/es\/2024\/03\/04\/el-berria-erremonte-txapelketa-2024-se-ha-presentado-en-el-parque-cultural-martin-ugalde\/#article","isPartOf":{"@id":"https:\/\/oriamendi.eus\/es\/2024\/03\/04\/el-berria-erremonte-txapelketa-2024-se-ha-presentado-en-el-parque-cultural-martin-ugalde\/"},"author":{"name":"I\u00f1igo Go\u00f1i","@id":"https:\/\/oriamendi.eus\/es\/#\/schema\/person\/c0bd06c6c747674306a5c82563e2339a"},"headline":"El Berria Erremonte Txapelketa 2024 se ha presentado en el parque cultural Mart\u00edn Ugalde","datePublished":"2024-03-04T18:39:36+00:00","dateModified":"2024-03-04T18:39:36+00:00","mainEntityOfPage":{"@id":"https:\/\/oriamendi.eus\/es\/2024\/03\/04\/el-berria-erremonte-txapelketa-2024-se-ha-presentado-en-el-parque-cultural-martin-ugalde\/"},"wordCount":461,"publisher":{"@id":"https:\/\/oriamendi.eus\/es\/#organization"},"articleSection":["Sin categorizar"],"inLanguage":"es"},{"@type":"WebPage","@id":"https:\/\/oriamendi.eus\/es\/2024\/03\/04\/el-berria-erremonte-txapelketa-2024-se-ha-presentado-en-el-parque-cultural-martin-ugalde\/","url":"https:\/\/oriamendi.eus\/es\/2024\/03\/04\/el-berria-erremonte-txapelketa-2024-se-ha-presentado-en-el-parque-cultural-martin-ugalde\/","name":"El Berria Erremonte Txapelketa 2024 se ha presentado en el parque cultural Mart\u00edn Ugalde | Oriamendi 2010","isPartOf":{"@id":"https:\/\/oriamendi.eus\/es\/#website"},"datePublished":"2024-03-04T18:39:36+00:00","dateModified":"2024-03-04T18:39:36+00:00","breadcrumb":{"@id":"https:\/\/oriamendi.eus\/es\/2024\/03\/04\/el-berria-erremonte-txapelketa-2024-se-ha-presentado-en-el-parque-cultural-martin-ugalde\/#breadcrumb"},"inLanguage":"es","potentialAction":[{"@type":"ReadAction","target":["https:\/\/oriamendi.eus\/es\/2024\/03\/04\/el-berria-erremonte-txapelketa-2024-se-ha-presentado-en-el-parque-cultural-martin-ugalde\/"]}]},{"@type":"BreadcrumbList","@id":"https:\/\/oriamendi.eus\/es\/2024\/03\/04\/el-berria-erremonte-txapelketa-2024-se-ha-presentado-en-el-parque-cultural-martin-ugalde\/#breadcrumb","itemListElement":[{"@type":"ListItem","position":1,"name":"Portada","item":"https:\/\/oriamendi.eus\/es\/"},{"@type":"ListItem","position":2,"name":"El Berria Erremonte Txapelketa 2024 se ha presentado en el parque cultural Mart\u00edn Ugalde"}]},{"@type":"WebSite","@id":"https:\/\/oriamendi.eus\/es\/#website","url":"https:\/\/oriamendi.eus\/es\/","name":"Oriamendi","description":"Remonte en Galarreta. Hernani. Gipuzkoa","publisher":{"@id":"https:\/\/oriamendi.eus\/es\/#organization"},"potentialAction":[{"@type":"SearchAction","target":{"@type":"EntryPoint","urlTemplate":"https:\/\/oriamendi.eus\/es\/?s={search_term_string}"},"query-input":"required name=search_term_string"}],"inLanguage":"es"},{"@type":"Organization","@id":"https:\/\/oriamendi.eus\/es\/#organization","name":"Oriamendi","url":"https:\/\/oriamendi.eus\/es\/","logo":{"@type":"ImageObject","inLanguage":"es","@id":"https:\/\/oriamendi.eus\/es\/#\/schema\/logo\/image\/","url":"https:\/\/oriamendi.eus\/wp-content\/uploads\/2020\/06\/logo-oriamendi.png","contentUrl":"https:\/\/oriamendi.eus\/wp-content\/uploads\/2020\/06\/logo-oriamendi.png","width":300,"height":90,"caption":"Oriamendi"},"image":{"@id":"https:\/\/oriamendi.eus\/es\/#\/schema\/logo\/image\/"},"sameAs":["https:\/\/www.facebook.com\/oriamendi2010remonte\/","https:\/\/twitter.com\/oriamendi2010","https:\/\/www.instagram.com\/galarretajaialai\/","https:\/\/www.youtube.com\/channel\/UC8gVNzQqB1iwnC-_rI-ihmA\/featured"]},{"@type":"Person","@id":"https:\/\/oriamendi.eus\/es\/#\/schema\/person\/c0bd06c6c747674306a5c82563e2339a","name":"I\u00f1igo Go\u00f1i","image":{"@type":"ImageObject","inLanguage":"es","@id":"https:\/\/oriamendi.eus\/es\/#\/schema\/person\/image\/","url":"https:\/\/secure.gravatar.com\/avatar\/fbb07ffc7b803bbfcc2b6419c06abd3a?s=96&d=mm&r=g","contentUrl":"https:\/\/secure.gravatar.com\/avatar\/fbb07ffc7b803bbfcc2b6419c06abd3a?s=96&d=mm&r=g","caption":"I\u00f1igo Go\u00f1i"},"url":"https:\/\/oriamendi.eus\/es\/author\/om-berriak\/"}]}},"_links":{"self":[{"href":"https:\/\/oriamendi.eus\/es\/wp-json\/wp\/v2\/posts\/7901"}],"collection":[{"href":"https:\/\/oriamendi.eus\/es\/wp-json\/wp\/v2\/posts"}],"about":[{"href":"https:\/\/oriamendi.eus\/es\/wp-json\/wp\/v2\/types\/post"}],"author":[{"embeddable":true,"href":"https:\/\/oriamendi.eus\/es\/wp-json\/wp\/v2\/users\/5"}],"replies":[{"embeddable":true,"href":"https:\/\/oriamendi.eus\/es\/wp-json\/wp\/v2\/comments?post=7901"}],"version-history":[{"count":1,"href":"https:\/\/oriamendi.eus\/es\/wp-json\/wp\/v2\/posts\/7901\/revisions"}],"predecessor-version":[{"id":7902,"href":"https:\/\/oriamendi.eus\/es\/wp-json\/wp\/v2\/posts\/7901\/revisions\/7902"}],"wp:featuredmedia":[{"embeddable":true,"href":"https:\/\/oriamendi.eus\/es\/wp-json\/wp\/v2\/media\/7895"}],"wp:attachment":[{"href":"https:\/\/oriamendi.eus\/es\/wp-json\/wp\/v2\/media?parent=7901"}],"wp:term":[{"taxonomy":"category","embeddable":true,"href":"https:\/\/oriamendi.eus\/es\/wp-json\/wp\/v2\/categories?post=7901"},{"taxonomy":"post_tag","embeddable":true,"href":"https:\/\/oriamendi.eus\/es\/wp-json\/wp\/v2\/tags?post=7901"}],"curies":[{"name":"wp","href":"https:\/\/api.w.org\/{rel}","templated":true}]}}